{"id":4333,"date":"2023-10-16T21:39:12","date_gmt":"2023-10-16T19:39:12","guid":{"rendered":"https:\/\/wp.kristdemokraterna.se\/uppsala\/?p=4333"},"modified":"2024-04-05T00:39:32","modified_gmt":"2024-04-04T22:39:32","slug":"nu-mojliggors-ny-upphandling-av-tagtrafiken","status":"publish","type":"post","link":"https:\/\/wp.kristdemokraterna.se\/uppsala\/nu-mojliggors-ny-upphandling-av-tagtrafiken\/","title":{"rendered":"Nu m\u00f6jligg\u00f6rs ny upphandling av t\u00e5gtrafiken"},"content":{"rendered":"<p>Region Uppsala \u00e4ger M\u00e4lardalstrafik, tillsammans med ytterligare fem regioner i M\u00e4lardalsomr\u00e5det. S\u00e5v\u00e4l styre som opposition i Region Uppsala st\u00e5r bakom besluten som ledde till M\u00e4lardalstrafiks bildande och de avtal som bolaget sedermera tecknade med MTR som utf\u00f6rare av trafiken. Att binda ihop M\u00e4lardalen med t\u00e5gtrafik var ett viktigt v\u00e4gval som st\u00e4rker hela M\u00e4lardalen.<\/p>\n<p>Att trafiken inte rullat som vi vare sig best\u00e4llt eller \u00f6nskat \u00e4r ingen hemlighet. M\u00e5nga resen\u00e4rer i v\u00e5rt l\u00e4n har drabbats extra h\u00e5rt av s\u00e5v\u00e4l neddragen turt\u00e4thet som of\u00f6ruts\u00e4gbara \u00e4ndringar som tex inst\u00e4llda avg\u00e5ngar. Vi \u00e4r inte n\u00f6jda. Naturligtvis \u00e4r vi inte n\u00f6jda! Vi vill att resen\u00e4rer ska vara trygga med att t\u00e5gen g\u00e5r &#8211; som t\u00e5get.<\/p>\n<p>En del har fr\u00e5gat varf\u00f6r inte Region Uppsala pressat M\u00e4lardalstrafik till att s\u00e4ga upp avtalet med MTR. En rimlig fr\u00e5ga med ett komplicerat svar.<span class=\"Apple-converted-space\">\u00a0<\/span><\/p>\n<p>En viktig orsak till att t\u00e5gen inte g\u00e5tt, eller g\u00e5r, som \u00f6nskat \u00e4r bristen p\u00e5 lokf\u00f6rare. Detta \u00e4r inte n\u00e5got som \u00e4ndras \u00f6ver natt \u00e4ven om en ny utf\u00f6rare f\u00e5r uppdraget: f\u00f6r att behovet av stabil t\u00e5gtrafik ska kunna tillgodoses beh\u00f6vs det fortfarande m\u00e5nga, m\u00e5nga fler som vill arbeta som lokf\u00f6rare.<span class=\"Apple-converted-space\">\u00a0<\/span><\/p>\n<p>En annan viktig orsak \u00e4r att t\u00e5gtrafiken befinner sig i en komplex struktur med v\u00e4ldigt l\u00e5nga tidsperspektiv. Det existerar helt enkelt inga quick fix i t\u00e5gens v\u00e4rld.<\/p>\n<p>M\u00e4lardalstrafiks avtal med MTR \u00e4r tecknat till december 2029. F\u00f6r att ge bolaget m\u00f6jligheten att arbeta proaktivt beh\u00f6ver flera verktyg finnas tillg\u00e4ngliga. Ett s\u00e5dant \u00e4r att man idag, m\u00e5ndag 16 oktober, publicerats en annons i EU\u2019s webb-tidning TED. Publiceringen sker enligt EU:s g\u00e4llande regler och beh\u00f6ver ske minst ett \u00e5r innan ett eventuellt anbudsf\u00f6rfarande f\u00f6r ny trafikupphandling kan inledas. I och med dagens publicering finns m\u00f6jligheten att t\u00e5gen fr\u00e5n och med december 2026 k\u00f6rs under nya avtal.<\/p>\n<p>Dagens annons \u00e4r ett viktigt steg p\u00e5 v\u00e4gen mot en p\u00e5litlig t\u00e5gtrafik i Uppsala l\u00e4n.<\/p>\n<p><b>FRIDA BJ\u00d6RK<br \/>\n<\/b>Vice ordf. Trafik- och samh\u00e4llsutvecklingsn\u00e4mnden<br \/>\nRegion Uppsala<span class=\"Apple-converted-space\">\u00a0<\/span><\/p>\n<p><i>Fotograf Angelica Klang<\/i><\/p>\n","protected":false},"excerpt":{"rendered":"<p>Region Uppsala \u00e4ger M\u00e4lardalstrafik, tillsammans med ytterligare fem regioner i M\u00e4lardalsomr\u00e5det. S\u00e5v\u00e4l styre som opposition i Region Uppsala st\u00e5r bakom besluten som ledde till M\u00e4lardalstrafiks bildande och de avtal som bolaget sedermera tecknade med MTR som utf\u00f6rare av trafiken. Att binda ihop M\u00e4lardalen med t\u00e5gtrafik var ett viktigt v\u00e4gval som st\u00e4rker hela M\u00e4lardalen. Att trafiken <a class=\"read-more-link\" href=\"https:\/\/wp.kristdemokraterna.se\/uppsala\/nu-mojliggors-ny-upphandling-av-tagtrafiken\/\">Read More<\/a><\/p>\n","protected":false},"author":1055,"featured_media":0,"comment_status":"closed","ping_status":"closed","sticky":false,"template":"","format":"standard","meta":{"_acf_changed":false,"footnotes":""},"categories":[232],"tags":[137,235],"class_list":["post-4333","post","type-post","status-publish","format-standard","hentry","category-kollektivtrafik-o-stadsplanering","tag-kollektivtrafik","tag-malardalen"],"acf":[],"yoast_head":"<!-- This site is optimized with the Yoast SEO plugin v27.4 - https:\/\/yoast.com\/product\/yoast-seo-wordpress\/ -->\n<title>Nu m\u00f6jligg\u00f6rs ny upphandling av t\u00e5gtrafiken | Kristdemokraterna | Uppsala<\/title>\n<meta name=\"robots\" content=\"index, follow, max-snippet:-1, max-image-preview:large, max-video-preview:-1\" \/>\n<link rel=\"canonical\" href=\"https:\/\/wp.kristdemokraterna.se\/uppsala\/nu-mojliggors-ny-upphandling-av-tagtrafiken\/\" \/>\n<meta property=\"og:locale\" content=\"sv_SE\" \/>\n<meta property=\"og:type\" content=\"article\" \/>\n<meta property=\"og:title\" content=\"Nu m\u00f6jligg\u00f6rs ny upphandling av t\u00e5gtrafiken | Kristdemokraterna | Uppsala\" \/>\n<meta property=\"og:description\" content=\"Region Uppsala \u00e4ger M\u00e4lardalstrafik, tillsammans med ytterligare fem regioner i M\u00e4lardalsomr\u00e5det. S\u00e5v\u00e4l styre som opposition i Region Uppsala st\u00e5r bakom besluten som ledde till M\u00e4lardalstrafiks bildande och de avtal som bolaget sedermera tecknade med MTR som utf\u00f6rare av trafiken. Att binda ihop M\u00e4lardalen med t\u00e5gtrafik var ett viktigt v\u00e4gval som st\u00e4rker hela M\u00e4lardalen. Att trafiken Read More\" \/>\n<meta property=\"og:url\" content=\"https:\/\/wp.kristdemokraterna.se\/uppsala\/nu-mojliggors-ny-upphandling-av-tagtrafiken\/\" \/>\n<meta property=\"og:site_name\" content=\"Kristdemokraterna | Uppsala\" \/>\n<meta property=\"article:publisher\" content=\"https:\/\/www.facebook.com\/UppsalaKD\/\" \/>\n<meta property=\"article:published_time\" content=\"2023-10-16T19:39:12+00:00\" \/>\n<meta property=\"article:modified_time\" content=\"2024-04-04T22:39:32+00:00\" \/>\n<meta property=\"og:image\" content=\"https:\/\/wp.kristdemokraterna.se\/uppsala\/files\/2021\/12\/kom1.png\" \/>\n\t<meta property=\"og:image:width\" content=\"770\" \/>\n\t<meta property=\"og:image:height\" content=\"404\" \/>\n\t<meta property=\"og:image:type\" content=\"image\/png\" \/>\n<meta name=\"author\" content=\"Frida Bj\u00f6rk\" \/>\n<meta name=\"twitter:card\" content=\"summary_large_image\" \/>\n<meta name=\"twitter:label1\" content=\"Skriven av\" \/>\n\t<meta name=\"twitter:data1\" content=\"Frida Bj\u00f6rk\" \/>\n\t<meta name=\"twitter:label2\" content=\"Ber\u00e4knad l\u00e4stid\" \/>\n\t<meta name=\"twitter:data2\" content=\"2 minuter\" \/>\n<script type=\"application\/ld+json\" class=\"yoast-schema-graph\">{\"@context\":\"https:\\\/\\\/schema.org\",\"@graph\":[{\"@type\":\"Article\",\"@id\":\"https:\\\/\\\/wp.kristdemokraterna.se\\\/uppsala\\\/nu-mojliggors-ny-upphandling-av-tagtrafiken\\\/#article\",\"isPartOf\":{\"@id\":\"https:\\\/\\\/wp.kristdemokraterna.se\\\/uppsala\\\/nu-mojliggors-ny-upphandling-av-tagtrafiken\\\/\"},\"author\":{\"name\":\"Frida Bj\u00f6rk\",\"@id\":\"https:\\\/\\\/wp.kristdemokraterna.se\\\/uppsala\\\/#\\\/schema\\\/person\\\/f3d1084f00ebc70ea4372925042aa867\"},\"headline\":\"Nu m\u00f6jligg\u00f6rs ny upphandling av t\u00e5gtrafiken\",\"datePublished\":\"2023-10-16T19:39:12+00:00\",\"dateModified\":\"2024-04-04T22:39:32+00:00\",\"mainEntityOfPage\":{\"@id\":\"https:\\\/\\\/wp.kristdemokraterna.se\\\/uppsala\\\/nu-mojliggors-ny-upphandling-av-tagtrafiken\\\/\"},\"wordCount\":401,\"publisher\":{\"@id\":\"https:\\\/\\\/wp.kristdemokraterna.se\\\/uppsala\\\/#organization\"},\"keywords\":[\"kollektivtrafik\",\"M\u00e4lardalen\"],\"articleSection\":[\"Kollektivtrafik &amp; Stadsplanering\"],\"inLanguage\":\"sv-SE\"},{\"@type\":\"WebPage\",\"@id\":\"https:\\\/\\\/wp.kristdemokraterna.se\\\/uppsala\\\/nu-mojliggors-ny-upphandling-av-tagtrafiken\\\/\",\"url\":\"https:\\\/\\\/wp.kristdemokraterna.se\\\/uppsala\\\/nu-mojliggors-ny-upphandling-av-tagtrafiken\\\/\",\"name\":\"Nu m\u00f6jligg\u00f6rs ny upphandling av t\u00e5gtrafiken | Kristdemokraterna | Uppsala\",\"isPartOf\":{\"@id\":\"https:\\\/\\\/wp.kristdemokraterna.se\\\/uppsala\\\/#website\"},\"datePublished\":\"2023-10-16T19:39:12+00:00\",\"dateModified\":\"2024-04-04T22:39:32+00:00\",\"breadcrumb\":{\"@id\":\"https:\\\/\\\/wp.kristdemokraterna.se\\\/uppsala\\\/nu-mojliggors-ny-upphandling-av-tagtrafiken\\\/#breadcrumb\"},\"inLanguage\":\"sv-SE\",\"potentialAction\":[{\"@type\":\"ReadAction\",\"target\":[\"https:\\\/\\\/wp.kristdemokraterna.se\\\/uppsala\\\/nu-mojliggors-ny-upphandling-av-tagtrafiken\\\/\"]}]},{\"@type\":\"BreadcrumbList\",\"@id\":\"https:\\\/\\\/wp.kristdemokraterna.se\\\/uppsala\\\/nu-mojliggors-ny-upphandling-av-tagtrafiken\\\/#breadcrumb\",\"itemListElement\":[{\"@type\":\"ListItem\",\"position\":1,\"name\":\"Hem\",\"item\":\"https:\\\/\\\/wp.kristdemokraterna.se\\\/uppsala\\\/\"},{\"@type\":\"ListItem\",\"position\":2,\"name\":\"Nu m\u00f6jligg\u00f6rs ny upphandling av t\u00e5gtrafiken\"}]},{\"@type\":\"WebSite\",\"@id\":\"https:\\\/\\\/wp.kristdemokraterna.se\\\/uppsala\\\/#website\",\"url\":\"https:\\\/\\\/wp.kristdemokraterna.se\\\/uppsala\\\/\",\"name\":\"Kristdemokraterna Uppsala\",\"description\":\"Tryggare Uppsala\",\"publisher\":{\"@id\":\"https:\\\/\\\/wp.kristdemokraterna.se\\\/uppsala\\\/#organization\"},\"inLanguage\":\"sv-SE\"},{\"@type\":\"Organization\",\"@id\":\"https:\\\/\\\/wp.kristdemokraterna.se\\\/uppsala\\\/#organization\",\"name\":\"Kristdemokraterna Uppsala\",\"url\":\"https:\\\/\\\/wp.kristdemokraterna.se\\\/uppsala\\\/\",\"logo\":{\"@type\":\"ImageObject\",\"inLanguage\":\"sv-SE\",\"@id\":\"https:\\\/\\\/wp.kristdemokraterna.se\\\/uppsala\\\/#\\\/schema\\\/logo\\\/image\\\/\",\"url\":\"https:\\\/\\\/wp.kristdemokraterna.se\\\/uppsala\\\/files\\\/2019\\\/10\\\/kd-uppsala.png\",\"contentUrl\":\"https:\\\/\\\/wp.kristdemokraterna.se\\\/uppsala\\\/files\\\/2019\\\/10\\\/kd-uppsala.png\",\"width\":804,\"height\":421,\"caption\":\"Kristdemokraterna Uppsala\"},\"image\":{\"@id\":\"https:\\\/\\\/wp.kristdemokraterna.se\\\/uppsala\\\/#\\\/schema\\\/logo\\\/image\\\/\"},\"sameAs\":[\"https:\\\/\\\/www.facebook.com\\\/UppsalaKD\\\/\",\"https:\\\/\\\/www.instagram.com\\\/uppsalakd\\\/\"]},{\"@type\":\"Person\",\"@id\":\"https:\\\/\\\/wp.kristdemokraterna.se\\\/uppsala\\\/#\\\/schema\\\/person\\\/f3d1084f00ebc70ea4372925042aa867\",\"name\":\"Frida Bj\u00f6rk\",\"image\":{\"@type\":\"ImageObject\",\"inLanguage\":\"sv-SE\",\"@id\":\"https:\\\/\\\/secure.gravatar.com\\\/avatar\\\/c0af612f9317bbc66a2a1d63709ee4402a766e5eefbd7a7761acfb6fc3c75468?s=96&r=g\",\"url\":\"https:\\\/\\\/secure.gravatar.com\\\/avatar\\\/c0af612f9317bbc66a2a1d63709ee4402a766e5eefbd7a7761acfb6fc3c75468?s=96&r=g\",\"contentUrl\":\"https:\\\/\\\/secure.gravatar.com\\\/avatar\\\/c0af612f9317bbc66a2a1d63709ee4402a766e5eefbd7a7761acfb6fc3c75468?s=96&r=g\",\"caption\":\"Frida Bj\u00f6rk\"},\"url\":\"https:\\\/\\\/wp.kristdemokraterna.se\\\/uppsala\\\/author\\\/fridabjork\\\/\"}]}<\/script>\n<!-- \/ Yoast SEO plugin. -->","yoast_head_json":{"title":"Nu m\u00f6jligg\u00f6rs ny upphandling av t\u00e5gtrafiken | Kristdemokraterna | Uppsala","robots":{"index":"index","follow":"follow","max-snippet":"max-snippet:-1","max-image-preview":"max-image-preview:large","max-video-preview":"max-video-preview:-1"},"canonical":"https:\/\/wp.kristdemokraterna.se\/uppsala\/nu-mojliggors-ny-upphandling-av-tagtrafiken\/","og_locale":"sv_SE","og_type":"article","og_title":"Nu m\u00f6jligg\u00f6rs ny upphandling av t\u00e5gtrafiken | Kristdemokraterna | Uppsala","og_description":"Region Uppsala \u00e4ger M\u00e4lardalstrafik, tillsammans med ytterligare fem regioner i M\u00e4lardalsomr\u00e5det. S\u00e5v\u00e4l styre som opposition i Region Uppsala st\u00e5r bakom besluten som ledde till M\u00e4lardalstrafiks bildande och de avtal som bolaget sedermera tecknade med MTR som utf\u00f6rare av trafiken. Att binda ihop M\u00e4lardalen med t\u00e5gtrafik var ett viktigt v\u00e4gval som st\u00e4rker hela M\u00e4lardalen. Att trafiken Read More","og_url":"https:\/\/wp.kristdemokraterna.se\/uppsala\/nu-mojliggors-ny-upphandling-av-tagtrafiken\/","og_site_name":"Kristdemokraterna | Uppsala","article_publisher":"https:\/\/www.facebook.com\/UppsalaKD\/","article_published_time":"2023-10-16T19:39:12+00:00","article_modified_time":"2024-04-04T22:39:32+00:00","og_image":[{"width":770,"height":404,"url":"https:\/\/wp.kristdemokraterna.se\/uppsala\/files\/2021\/12\/kom1.png","type":"image\/png"}],"author":"Frida Bj\u00f6rk","twitter_card":"summary_large_image","twitter_misc":{"Skriven av":"Frida Bj\u00f6rk","Ber\u00e4knad l\u00e4stid":"2 minuter"},"schema":{"@context":"https:\/\/schema.org","@graph":[{"@type":"Article","@id":"https:\/\/wp.kristdemokraterna.se\/uppsala\/nu-mojliggors-ny-upphandling-av-tagtrafiken\/#article","isPartOf":{"@id":"https:\/\/wp.kristdemokraterna.se\/uppsala\/nu-mojliggors-ny-upphandling-av-tagtrafiken\/"},"author":{"name":"Frida Bj\u00f6rk","@id":"https:\/\/wp.kristdemokraterna.se\/uppsala\/#\/schema\/person\/f3d1084f00ebc70ea4372925042aa867"},"headline":"Nu m\u00f6jligg\u00f6rs ny upphandling av t\u00e5gtrafiken","datePublished":"2023-10-16T19:39:12+00:00","dateModified":"2024-04-04T22:39:32+00:00","mainEntityOfPage":{"@id":"https:\/\/wp.kristdemokraterna.se\/uppsala\/nu-mojliggors-ny-upphandling-av-tagtrafiken\/"},"wordCount":401,"publisher":{"@id":"https:\/\/wp.kristdemokraterna.se\/uppsala\/#organization"},"keywords":["kollektivtrafik","M\u00e4lardalen"],"articleSection":["Kollektivtrafik &amp; Stadsplanering"],"inLanguage":"sv-SE"},{"@type":"WebPage","@id":"https:\/\/wp.kristdemokraterna.se\/uppsala\/nu-mojliggors-ny-upphandling-av-tagtrafiken\/","url":"https:\/\/wp.kristdemokraterna.se\/uppsala\/nu-mojliggors-ny-upphandling-av-tagtrafiken\/","name":"Nu m\u00f6jligg\u00f6rs ny upphandling av t\u00e5gtrafiken | Kristdemokraterna | Uppsala","isPartOf":{"@id":"https:\/\/wp.kristdemokraterna.se\/uppsala\/#website"},"datePublished":"2023-10-16T19:39:12+00:00","dateModified":"2024-04-04T22:39:32+00:00","breadcrumb":{"@id":"https:\/\/wp.kristdemokraterna.se\/uppsala\/nu-mojliggors-ny-upphandling-av-tagtrafiken\/#breadcrumb"},"inLanguage":"sv-SE","potentialAction":[{"@type":"ReadAction","target":["https:\/\/wp.kristdemokraterna.se\/uppsala\/nu-mojliggors-ny-upphandling-av-tagtrafiken\/"]}]},{"@type":"BreadcrumbList","@id":"https:\/\/wp.kristdemokraterna.se\/uppsala\/nu-mojliggors-ny-upphandling-av-tagtrafiken\/#breadcrumb","itemListElement":[{"@type":"ListItem","position":1,"name":"Hem","item":"https:\/\/wp.kristdemokraterna.se\/uppsala\/"},{"@type":"ListItem","position":2,"name":"Nu m\u00f6jligg\u00f6rs ny upphandling av t\u00e5gtrafiken"}]},{"@type":"WebSite","@id":"https:\/\/wp.kristdemokraterna.se\/uppsala\/#website","url":"https:\/\/wp.kristdemokraterna.se\/uppsala\/","name":"Kristdemokraterna Uppsala","description":"Tryggare Uppsala","publisher":{"@id":"https:\/\/wp.kristdemokraterna.se\/uppsala\/#organization"},"inLanguage":"sv-SE"},{"@type":"Organization","@id":"https:\/\/wp.kristdemokraterna.se\/uppsala\/#organization","name":"Kristdemokraterna Uppsala","url":"https:\/\/wp.kristdemokraterna.se\/uppsala\/","logo":{"@type":"ImageObject","inLanguage":"sv-SE","@id":"https:\/\/wp.kristdemokraterna.se\/uppsala\/#\/schema\/logo\/image\/","url":"https:\/\/wp.kristdemokraterna.se\/uppsala\/files\/2019\/10\/kd-uppsala.png","contentUrl":"https:\/\/wp.kristdemokraterna.se\/uppsala\/files\/2019\/10\/kd-uppsala.png","width":804,"height":421,"caption":"Kristdemokraterna Uppsala"},"image":{"@id":"https:\/\/wp.kristdemokraterna.se\/uppsala\/#\/schema\/logo\/image\/"},"sameAs":["https:\/\/www.facebook.com\/UppsalaKD\/","https:\/\/www.instagram.com\/uppsalakd\/"]},{"@type":"Person","@id":"https:\/\/wp.kristdemokraterna.se\/uppsala\/#\/schema\/person\/f3d1084f00ebc70ea4372925042aa867","name":"Frida Bj\u00f6rk","image":{"@type":"ImageObject","inLanguage":"sv-SE","@id":"https:\/\/secure.gravatar.com\/avatar\/c0af612f9317bbc66a2a1d63709ee4402a766e5eefbd7a7761acfb6fc3c75468?s=96&r=g","url":"https:\/\/secure.gravatar.com\/avatar\/c0af612f9317bbc66a2a1d63709ee4402a766e5eefbd7a7761acfb6fc3c75468?s=96&r=g","contentUrl":"https:\/\/secure.gravatar.com\/avatar\/c0af612f9317bbc66a2a1d63709ee4402a766e5eefbd7a7761acfb6fc3c75468?s=96&r=g","caption":"Frida Bj\u00f6rk"},"url":"https:\/\/wp.kristdemokraterna.se\/uppsala\/author\/fridabjork\/"}]}},"_links":{"self":[{"href":"https:\/\/wp.kristdemokraterna.se\/uppsala\/wp-json\/wp\/v2\/posts\/4333","targetHints":{"allow":["GET"]}}],"collection":[{"href":"https:\/\/wp.kristdemokraterna.se\/uppsala\/wp-json\/wp\/v2\/posts"}],"about":[{"href":"https:\/\/wp.kristdemokraterna.se\/uppsala\/wp-json\/wp\/v2\/types\/post"}],"author":[{"embeddable":true,"href":"https:\/\/wp.kristdemokraterna.se\/uppsala\/wp-json\/wp\/v2\/users\/1055"}],"replies":[{"embeddable":true,"href":"https:\/\/wp.kristdemokraterna.se\/uppsala\/wp-json\/wp\/v2\/comments?post=4333"}],"version-history":[{"count":5,"href":"https:\/\/wp.kristdemokraterna.se\/uppsala\/wp-json\/wp\/v2\/posts\/4333\/revisions"}],"predecessor-version":[{"id":4455,"href":"https:\/\/wp.kristdemokraterna.se\/uppsala\/wp-json\/wp\/v2\/posts\/4333\/revisions\/4455"}],"wp:attachment":[{"href":"https:\/\/wp.kristdemokraterna.se\/uppsala\/wp-json\/wp\/v2\/media?parent=4333"}],"wp:term":[{"taxonomy":"category","embeddable":true,"href":"https:\/\/wp.kristdemokraterna.se\/uppsala\/wp-json\/wp\/v2\/categories?post=4333"},{"taxonomy":"post_tag","embeddable":true,"href":"https:\/\/wp.kristdemokraterna.se\/uppsala\/wp-json\/wp\/v2\/tags?post=4333"}],"curies":[{"name":"wp","href":"https:\/\/api.w.org\/{rel}","templated":true}]}}