{"id":4422,"date":"2023-10-26T14:03:05","date_gmt":"2023-10-26T12:03:05","guid":{"rendered":"https:\/\/wp.kristdemokraterna.se\/uppsala\/?p=4422"},"modified":"2024-04-05T00:39:28","modified_gmt":"2024-04-04T22:39:28","slug":"nu-infor-vi-organiserad-testning-for-att-upptacka-prostatacancer","status":"publish","type":"post","link":"https:\/\/wp.kristdemokraterna.se\/uppsala\/nu-infor-vi-organiserad-testning-for-att-upptacka-prostatacancer\/","title":{"rendered":"Nu inf\u00f6r vi organiserad testning f\u00f6r att uppt\u00e4cka prostatacancer"},"content":{"rendered":"<p><b><span data-contrast=\"auto\">Organiserad prostatacancertestning inf\u00f6rs i Region Uppsala<\/span><\/b><span data-ccp-props=\"{&quot;201341983&quot;:0,&quot;335559739&quot;:160,&quot;335559740&quot;:259}\">\u00a0<\/span><\/p>\n<p><span data-contrast=\"auto\">Alliansen i Region Uppsala (Moderaterna, Centerpartiet, Kristdemokraterna och Liberalerna) har i Regionstyrelsens sammantr\u00e4de den 24:e oktober drivit fram beslut att inf\u00f6ra Organiserad prostatacancertestning (OPT). Ett viktigt steg fram\u00e5t f\u00f6r att st\u00e4rka chanserna att r\u00e4dda liv genom tidig uppt\u00e4ckt av prostatacancer.<\/span><span data-ccp-props=\"{&quot;201341983&quot;:0,&quot;335559739&quot;:160,&quot;335559740&quot;:259}\">\u00a0<\/span><\/p>\n<p><span data-contrast=\"auto\">Prostatacancer \u00e4r den vanligaste cancerformen i Sverige. Idag \u00e4r testning vanligare bland v\u00e4lutbildade m\u00e4n, men genom att inf\u00f6ra OPT skapas b\u00e4ttre likabehandling samtidigt som den medicinska j\u00e4mlikheten inom h\u00e4lso- och sjukv\u00e5rden st\u00e4rks. OPT riktar sig s\u00e4rskilt till m\u00e4n i \u00e5ldern 50\u201374 \u00e5r, den grupp som bed\u00f6ms ha st\u00f6rst nytta av tidig uppt\u00e4ckt.<\/span><span data-ccp-props=\"{&quot;201341983&quot;:0,&quot;335559739&quot;:160,&quot;335559740&quot;:259}\">\u00a0<\/span><\/p>\n<p><span data-contrast=\"auto\">\u2013 Det viktiga beslut som nu tagits kommer att leda till att vi kan r\u00e4dda fler liv, s\u00e4ger regionr\u00e5d Bj\u00f6rn-Owe Bj\u00f6rk.<\/span><span data-ccp-props=\"{&quot;201341983&quot;:0,&quot;335559739&quot;:160,&quot;335559740&quot;:259}\">\u00a0<\/span><\/p>\n<p><span data-contrast=\"auto\">Inledningsvis kommer 500 kallelser att skickas ut. N\u00e4r testningen \u00e4r fullt utbyggd kommer cirka 10 500 personer per \u00e5r kallas. Enligt ber\u00e4kningar kommer kostnaden f\u00f6r det f\u00f6rsta \u00e5ret att ligga p\u00e5 mellan 640 000 och 750 000 kronor. Finansiering f\u00f6r de f\u00f6rsta tv\u00e5 \u00e5ren kommer fr\u00e5n statsbidrag \u00f6ronm\u00e4rkta f\u00f6r cancerv\u00e5rd.<\/span><span data-ccp-props=\"{&quot;201341983&quot;:0,&quot;335559739&quot;:160,&quot;335559740&quot;:259}\">\u00a0<\/span><\/p>\n<p><span data-contrast=\"auto\">Beslutet \u00e4r i linje med rekommendationerna fr\u00e5n Socialstyrelsen och en del av Regionalt cancercentrum Mellansveriges (RCC) regionala cancerplan f\u00f6r 2022\u20132024.\u00a0<\/span><span data-ccp-props=\"{&quot;201341983&quot;:0,&quot;335559739&quot;:160,&quot;335559740&quot;:259}\">\u00a0<\/span><\/p>\n<p><span data-contrast=\"auto\">Detaljerad planering f\u00f6r implementeringen \u00e4r nu inledd och en avst\u00e4mning planeras i slutet av 2024 f\u00f6r att utv\u00e4rdera behovet av fortsatt finansiering.<\/span><span data-ccp-props=\"{&quot;201341983&quot;:0,&quot;335559739&quot;:160,&quot;335559740&quot;:259}\">\u00a0<\/span><\/p>\n","protected":false},"excerpt":{"rendered":"<p>Organiserad prostatacancertestning inf\u00f6rs i Region Uppsala\u00a0 Alliansen i Region Uppsala (Moderaterna, Centerpartiet, Kristdemokraterna och Liberalerna) har i Regionstyrelsens sammantr\u00e4de den 24:e oktober drivit fram beslut att inf\u00f6ra Organiserad prostatacancertestning (OPT). Ett viktigt steg fram\u00e5t f\u00f6r att st\u00e4rka chanserna att r\u00e4dda liv genom tidig uppt\u00e4ckt av prostatacancer.\u00a0 Prostatacancer \u00e4r den vanligaste cancerformen i Sverige. Idag \u00e4r <a class=\"read-more-link\" href=\"https:\/\/wp.kristdemokraterna.se\/uppsala\/nu-infor-vi-organiserad-testning-for-att-upptacka-prostatacancer\/\">Read More<\/a><\/p>\n","protected":false},"author":1055,"featured_media":0,"comment_status":"closed","ping_status":"closed","sticky":false,"template":"","format":"standard","meta":{"_acf_changed":false,"footnotes":""},"categories":[236],"tags":[],"class_list":["post-4422","post","type-post","status-publish","format-standard","hentry","category-vard-o-omsorg"],"acf":[],"yoast_head":"<!-- This site is optimized with the Yoast SEO plugin v27.4 - https:\/\/yoast.com\/product\/yoast-seo-wordpress\/ -->\n<title>Nu inf\u00f6r vi organiserad testning f\u00f6r att uppt\u00e4cka prostatacancer | Kristdemokraterna | Uppsala<\/title>\n<meta name=\"robots\" content=\"index, follow, max-snippet:-1, max-image-preview:large, max-video-preview:-1\" \/>\n<link rel=\"canonical\" href=\"https:\/\/wp.kristdemokraterna.se\/uppsala\/nu-infor-vi-organiserad-testning-for-att-upptacka-prostatacancer\/\" \/>\n<meta property=\"og:locale\" content=\"sv_SE\" \/>\n<meta property=\"og:type\" content=\"article\" \/>\n<meta property=\"og:title\" content=\"Nu inf\u00f6r vi organiserad testning f\u00f6r att uppt\u00e4cka prostatacancer | Kristdemokraterna | Uppsala\" \/>\n<meta property=\"og:description\" content=\"Organiserad prostatacancertestning inf\u00f6rs i Region Uppsala\u00a0 Alliansen i Region Uppsala (Moderaterna, Centerpartiet, Kristdemokraterna och Liberalerna) har i Regionstyrelsens sammantr\u00e4de den 24:e oktober drivit fram beslut att inf\u00f6ra Organiserad prostatacancertestning (OPT). Ett viktigt steg fram\u00e5t f\u00f6r att st\u00e4rka chanserna att r\u00e4dda liv genom tidig uppt\u00e4ckt av prostatacancer.\u00a0 Prostatacancer \u00e4r den vanligaste cancerformen i Sverige. Idag \u00e4r Read More\" \/>\n<meta property=\"og:url\" content=\"https:\/\/wp.kristdemokraterna.se\/uppsala\/nu-infor-vi-organiserad-testning-for-att-upptacka-prostatacancer\/\" \/>\n<meta property=\"og:site_name\" content=\"Kristdemokraterna | Uppsala\" \/>\n<meta property=\"article:publisher\" content=\"https:\/\/www.facebook.com\/UppsalaKD\/\" \/>\n<meta property=\"article:published_time\" content=\"2023-10-26T12:03:05+00:00\" \/>\n<meta property=\"article:modified_time\" content=\"2024-04-04T22:39:28+00:00\" \/>\n<meta property=\"og:image\" content=\"https:\/\/wp.kristdemokraterna.se\/uppsala\/files\/2021\/12\/kom1.png\" \/>\n\t<meta property=\"og:image:width\" content=\"770\" \/>\n\t<meta property=\"og:image:height\" content=\"404\" \/>\n\t<meta property=\"og:image:type\" content=\"image\/png\" \/>\n<meta name=\"author\" content=\"Frida Bj\u00f6rk\" \/>\n<meta name=\"twitter:card\" content=\"summary_large_image\" \/>\n<meta name=\"twitter:label1\" content=\"Skriven av\" \/>\n\t<meta name=\"twitter:data1\" content=\"Frida Bj\u00f6rk\" \/>\n\t<meta name=\"twitter:label2\" content=\"Ber\u00e4knad l\u00e4stid\" \/>\n\t<meta name=\"twitter:data2\" content=\"2 minuter\" \/>\n<script type=\"application\/ld+json\" class=\"yoast-schema-graph\">{\"@context\":\"https:\\\/\\\/schema.org\",\"@graph\":[{\"@type\":\"Article\",\"@id\":\"https:\\\/\\\/wp.kristdemokraterna.se\\\/uppsala\\\/nu-infor-vi-organiserad-testning-for-att-upptacka-prostatacancer\\\/#article\",\"isPartOf\":{\"@id\":\"https:\\\/\\\/wp.kristdemokraterna.se\\\/uppsala\\\/nu-infor-vi-organiserad-testning-for-att-upptacka-prostatacancer\\\/\"},\"author\":{\"name\":\"Frida Bj\u00f6rk\",\"@id\":\"https:\\\/\\\/wp.kristdemokraterna.se\\\/uppsala\\\/#\\\/schema\\\/person\\\/f3d1084f00ebc70ea4372925042aa867\"},\"headline\":\"Nu inf\u00f6r vi organiserad testning f\u00f6r att uppt\u00e4cka prostatacancer\",\"datePublished\":\"2023-10-26T12:03:05+00:00\",\"dateModified\":\"2024-04-04T22:39:28+00:00\",\"mainEntityOfPage\":{\"@id\":\"https:\\\/\\\/wp.kristdemokraterna.se\\\/uppsala\\\/nu-infor-vi-organiserad-testning-for-att-upptacka-prostatacancer\\\/\"},\"wordCount\":254,\"publisher\":{\"@id\":\"https:\\\/\\\/wp.kristdemokraterna.se\\\/uppsala\\\/#organization\"},\"articleSection\":[\"V\u00e5rd &amp; omsorg\"],\"inLanguage\":\"sv-SE\"},{\"@type\":\"WebPage\",\"@id\":\"https:\\\/\\\/wp.kristdemokraterna.se\\\/uppsala\\\/nu-infor-vi-organiserad-testning-for-att-upptacka-prostatacancer\\\/\",\"url\":\"https:\\\/\\\/wp.kristdemokraterna.se\\\/uppsala\\\/nu-infor-vi-organiserad-testning-for-att-upptacka-prostatacancer\\\/\",\"name\":\"Nu inf\u00f6r vi organiserad testning f\u00f6r att uppt\u00e4cka prostatacancer | Kristdemokraterna | Uppsala\",\"isPartOf\":{\"@id\":\"https:\\\/\\\/wp.kristdemokraterna.se\\\/uppsala\\\/#website\"},\"datePublished\":\"2023-10-26T12:03:05+00:00\",\"dateModified\":\"2024-04-04T22:39:28+00:00\",\"breadcrumb\":{\"@id\":\"https:\\\/\\\/wp.kristdemokraterna.se\\\/uppsala\\\/nu-infor-vi-organiserad-testning-for-att-upptacka-prostatacancer\\\/#breadcrumb\"},\"inLanguage\":\"sv-SE\",\"potentialAction\":[{\"@type\":\"ReadAction\",\"target\":[\"https:\\\/\\\/wp.kristdemokraterna.se\\\/uppsala\\\/nu-infor-vi-organiserad-testning-for-att-upptacka-prostatacancer\\\/\"]}]},{\"@type\":\"BreadcrumbList\",\"@id\":\"https:\\\/\\\/wp.kristdemokraterna.se\\\/uppsala\\\/nu-infor-vi-organiserad-testning-for-att-upptacka-prostatacancer\\\/#breadcrumb\",\"itemListElement\":[{\"@type\":\"ListItem\",\"position\":1,\"name\":\"Hem\",\"item\":\"https:\\\/\\\/wp.kristdemokraterna.se\\\/uppsala\\\/\"},{\"@type\":\"ListItem\",\"position\":2,\"name\":\"Nu inf\u00f6r vi organiserad testning f\u00f6r att uppt\u00e4cka prostatacancer\"}]},{\"@type\":\"WebSite\",\"@id\":\"https:\\\/\\\/wp.kristdemokraterna.se\\\/uppsala\\\/#website\",\"url\":\"https:\\\/\\\/wp.kristdemokraterna.se\\\/uppsala\\\/\",\"name\":\"Kristdemokraterna Uppsala\",\"description\":\"Tryggare Uppsala\",\"publisher\":{\"@id\":\"https:\\\/\\\/wp.kristdemokraterna.se\\\/uppsala\\\/#organization\"},\"inLanguage\":\"sv-SE\"},{\"@type\":\"Organization\",\"@id\":\"https:\\\/\\\/wp.kristdemokraterna.se\\\/uppsala\\\/#organization\",\"name\":\"Kristdemokraterna Uppsala\",\"url\":\"https:\\\/\\\/wp.kristdemokraterna.se\\\/uppsala\\\/\",\"logo\":{\"@type\":\"ImageObject\",\"inLanguage\":\"sv-SE\",\"@id\":\"https:\\\/\\\/wp.kristdemokraterna.se\\\/uppsala\\\/#\\\/schema\\\/logo\\\/image\\\/\",\"url\":\"https:\\\/\\\/wp.kristdemokraterna.se\\\/uppsala\\\/files\\\/2019\\\/10\\\/kd-uppsala.png\",\"contentUrl\":\"https:\\\/\\\/wp.kristdemokraterna.se\\\/uppsala\\\/files\\\/2019\\\/10\\\/kd-uppsala.png\",\"width\":804,\"height\":421,\"caption\":\"Kristdemokraterna Uppsala\"},\"image\":{\"@id\":\"https:\\\/\\\/wp.kristdemokraterna.se\\\/uppsala\\\/#\\\/schema\\\/logo\\\/image\\\/\"},\"sameAs\":[\"https:\\\/\\\/www.facebook.com\\\/UppsalaKD\\\/\",\"https:\\\/\\\/www.instagram.com\\\/uppsalakd\\\/\"]},{\"@type\":\"Person\",\"@id\":\"https:\\\/\\\/wp.kristdemokraterna.se\\\/uppsala\\\/#\\\/schema\\\/person\\\/f3d1084f00ebc70ea4372925042aa867\",\"name\":\"Frida Bj\u00f6rk\",\"image\":{\"@type\":\"ImageObject\",\"inLanguage\":\"sv-SE\",\"@id\":\"https:\\\/\\\/secure.gravatar.com\\\/avatar\\\/c0af612f9317bbc66a2a1d63709ee4402a766e5eefbd7a7761acfb6fc3c75468?s=96&r=g\",\"url\":\"https:\\\/\\\/secure.gravatar.com\\\/avatar\\\/c0af612f9317bbc66a2a1d63709ee4402a766e5eefbd7a7761acfb6fc3c75468?s=96&r=g\",\"contentUrl\":\"https:\\\/\\\/secure.gravatar.com\\\/avatar\\\/c0af612f9317bbc66a2a1d63709ee4402a766e5eefbd7a7761acfb6fc3c75468?s=96&r=g\",\"caption\":\"Frida Bj\u00f6rk\"},\"url\":\"https:\\\/\\\/wp.kristdemokraterna.se\\\/uppsala\\\/author\\\/fridabjork\\\/\"}]}<\/script>\n<!-- \/ Yoast SEO plugin. -->","yoast_head_json":{"title":"Nu inf\u00f6r vi organiserad testning f\u00f6r att uppt\u00e4cka prostatacancer | Kristdemokraterna | Uppsala","robots":{"index":"index","follow":"follow","max-snippet":"max-snippet:-1","max-image-preview":"max-image-preview:large","max-video-preview":"max-video-preview:-1"},"canonical":"https:\/\/wp.kristdemokraterna.se\/uppsala\/nu-infor-vi-organiserad-testning-for-att-upptacka-prostatacancer\/","og_locale":"sv_SE","og_type":"article","og_title":"Nu inf\u00f6r vi organiserad testning f\u00f6r att uppt\u00e4cka prostatacancer | Kristdemokraterna | Uppsala","og_description":"Organiserad prostatacancertestning inf\u00f6rs i Region Uppsala\u00a0 Alliansen i Region Uppsala (Moderaterna, Centerpartiet, Kristdemokraterna och Liberalerna) har i Regionstyrelsens sammantr\u00e4de den 24:e oktober drivit fram beslut att inf\u00f6ra Organiserad prostatacancertestning (OPT). Ett viktigt steg fram\u00e5t f\u00f6r att st\u00e4rka chanserna att r\u00e4dda liv genom tidig uppt\u00e4ckt av prostatacancer.\u00a0 Prostatacancer \u00e4r den vanligaste cancerformen i Sverige. Idag \u00e4r Read More","og_url":"https:\/\/wp.kristdemokraterna.se\/uppsala\/nu-infor-vi-organiserad-testning-for-att-upptacka-prostatacancer\/","og_site_name":"Kristdemokraterna | Uppsala","article_publisher":"https:\/\/www.facebook.com\/UppsalaKD\/","article_published_time":"2023-10-26T12:03:05+00:00","article_modified_time":"2024-04-04T22:39:28+00:00","og_image":[{"width":770,"height":404,"url":"https:\/\/wp.kristdemokraterna.se\/uppsala\/files\/2021\/12\/kom1.png","type":"image\/png"}],"author":"Frida Bj\u00f6rk","twitter_card":"summary_large_image","twitter_misc":{"Skriven av":"Frida Bj\u00f6rk","Ber\u00e4knad l\u00e4stid":"2 minuter"},"schema":{"@context":"https:\/\/schema.org","@graph":[{"@type":"Article","@id":"https:\/\/wp.kristdemokraterna.se\/uppsala\/nu-infor-vi-organiserad-testning-for-att-upptacka-prostatacancer\/#article","isPartOf":{"@id":"https:\/\/wp.kristdemokraterna.se\/uppsala\/nu-infor-vi-organiserad-testning-for-att-upptacka-prostatacancer\/"},"author":{"name":"Frida Bj\u00f6rk","@id":"https:\/\/wp.kristdemokraterna.se\/uppsala\/#\/schema\/person\/f3d1084f00ebc70ea4372925042aa867"},"headline":"Nu inf\u00f6r vi organiserad testning f\u00f6r att uppt\u00e4cka prostatacancer","datePublished":"2023-10-26T12:03:05+00:00","dateModified":"2024-04-04T22:39:28+00:00","mainEntityOfPage":{"@id":"https:\/\/wp.kristdemokraterna.se\/uppsala\/nu-infor-vi-organiserad-testning-for-att-upptacka-prostatacancer\/"},"wordCount":254,"publisher":{"@id":"https:\/\/wp.kristdemokraterna.se\/uppsala\/#organization"},"articleSection":["V\u00e5rd &amp; omsorg"],"inLanguage":"sv-SE"},{"@type":"WebPage","@id":"https:\/\/wp.kristdemokraterna.se\/uppsala\/nu-infor-vi-organiserad-testning-for-att-upptacka-prostatacancer\/","url":"https:\/\/wp.kristdemokraterna.se\/uppsala\/nu-infor-vi-organiserad-testning-for-att-upptacka-prostatacancer\/","name":"Nu inf\u00f6r vi organiserad testning f\u00f6r att uppt\u00e4cka prostatacancer | Kristdemokraterna | Uppsala","isPartOf":{"@id":"https:\/\/wp.kristdemokraterna.se\/uppsala\/#website"},"datePublished":"2023-10-26T12:03:05+00:00","dateModified":"2024-04-04T22:39:28+00:00","breadcrumb":{"@id":"https:\/\/wp.kristdemokraterna.se\/uppsala\/nu-infor-vi-organiserad-testning-for-att-upptacka-prostatacancer\/#breadcrumb"},"inLanguage":"sv-SE","potentialAction":[{"@type":"ReadAction","target":["https:\/\/wp.kristdemokraterna.se\/uppsala\/nu-infor-vi-organiserad-testning-for-att-upptacka-prostatacancer\/"]}]},{"@type":"BreadcrumbList","@id":"https:\/\/wp.kristdemokraterna.se\/uppsala\/nu-infor-vi-organiserad-testning-for-att-upptacka-prostatacancer\/#breadcrumb","itemListElement":[{"@type":"ListItem","position":1,"name":"Hem","item":"https:\/\/wp.kristdemokraterna.se\/uppsala\/"},{"@type":"ListItem","position":2,"name":"Nu inf\u00f6r vi organiserad testning f\u00f6r att uppt\u00e4cka prostatacancer"}]},{"@type":"WebSite","@id":"https:\/\/wp.kristdemokraterna.se\/uppsala\/#website","url":"https:\/\/wp.kristdemokraterna.se\/uppsala\/","name":"Kristdemokraterna Uppsala","description":"Tryggare Uppsala","publisher":{"@id":"https:\/\/wp.kristdemokraterna.se\/uppsala\/#organization"},"inLanguage":"sv-SE"},{"@type":"Organization","@id":"https:\/\/wp.kristdemokraterna.se\/uppsala\/#organization","name":"Kristdemokraterna Uppsala","url":"https:\/\/wp.kristdemokraterna.se\/uppsala\/","logo":{"@type":"ImageObject","inLanguage":"sv-SE","@id":"https:\/\/wp.kristdemokraterna.se\/uppsala\/#\/schema\/logo\/image\/","url":"https:\/\/wp.kristdemokraterna.se\/uppsala\/files\/2019\/10\/kd-uppsala.png","contentUrl":"https:\/\/wp.kristdemokraterna.se\/uppsala\/files\/2019\/10\/kd-uppsala.png","width":804,"height":421,"caption":"Kristdemokraterna Uppsala"},"image":{"@id":"https:\/\/wp.kristdemokraterna.se\/uppsala\/#\/schema\/logo\/image\/"},"sameAs":["https:\/\/www.facebook.com\/UppsalaKD\/","https:\/\/www.instagram.com\/uppsalakd\/"]},{"@type":"Person","@id":"https:\/\/wp.kristdemokraterna.se\/uppsala\/#\/schema\/person\/f3d1084f00ebc70ea4372925042aa867","name":"Frida Bj\u00f6rk","image":{"@type":"ImageObject","inLanguage":"sv-SE","@id":"https:\/\/secure.gravatar.com\/avatar\/c0af612f9317bbc66a2a1d63709ee4402a766e5eefbd7a7761acfb6fc3c75468?s=96&r=g","url":"https:\/\/secure.gravatar.com\/avatar\/c0af612f9317bbc66a2a1d63709ee4402a766e5eefbd7a7761acfb6fc3c75468?s=96&r=g","contentUrl":"https:\/\/secure.gravatar.com\/avatar\/c0af612f9317bbc66a2a1d63709ee4402a766e5eefbd7a7761acfb6fc3c75468?s=96&r=g","caption":"Frida Bj\u00f6rk"},"url":"https:\/\/wp.kristdemokraterna.se\/uppsala\/author\/fridabjork\/"}]}},"_links":{"self":[{"href":"https:\/\/wp.kristdemokraterna.se\/uppsala\/wp-json\/wp\/v2\/posts\/4422","targetHints":{"allow":["GET"]}}],"collection":[{"href":"https:\/\/wp.kristdemokraterna.se\/uppsala\/wp-json\/wp\/v2\/posts"}],"about":[{"href":"https:\/\/wp.kristdemokraterna.se\/uppsala\/wp-json\/wp\/v2\/types\/post"}],"author":[{"embeddable":true,"href":"https:\/\/wp.kristdemokraterna.se\/uppsala\/wp-json\/wp\/v2\/users\/1055"}],"replies":[{"embeddable":true,"href":"https:\/\/wp.kristdemokraterna.se\/uppsala\/wp-json\/wp\/v2\/comments?post=4422"}],"version-history":[{"count":2,"href":"https:\/\/wp.kristdemokraterna.se\/uppsala\/wp-json\/wp\/v2\/posts\/4422\/revisions"}],"predecessor-version":[{"id":4425,"href":"https:\/\/wp.kristdemokraterna.se\/uppsala\/wp-json\/wp\/v2\/posts\/4422\/revisions\/4425"}],"wp:attachment":[{"href":"https:\/\/wp.kristdemokraterna.se\/uppsala\/wp-json\/wp\/v2\/media?parent=4422"}],"wp:term":[{"taxonomy":"category","embeddable":true,"href":"https:\/\/wp.kristdemokraterna.se\/uppsala\/wp-json\/wp\/v2\/categories?post=4422"},{"taxonomy":"post_tag","embeddable":true,"href":"https:\/\/wp.kristdemokraterna.se\/uppsala\/wp-json\/wp\/v2\/tags?post=4422"}],"curies":[{"name":"wp","href":"https:\/\/api.w.org\/{rel}","templated":true}]}}