{"id":488,"date":"2012-05-16T12:37:06","date_gmt":"2012-05-16T10:37:06","guid":{"rendered":"http:\/\/www.uppsala.kristdemokraterna.se\/?p=488"},"modified":"2024-04-03T20:50:59","modified_gmt":"2024-04-03T18:50:59","slug":"temakvall-om-social-utsatthet-bland-barn-och-unga","status":"publish","type":"post","link":"https:\/\/wp.kristdemokraterna.se\/uppsala\/temakvall-om-social-utsatthet-bland-barn-och-unga\/","title":{"rendered":"Temakv\u00e4ll om social utsatthet bland barn och unga"},"content":{"rendered":"<p><a href=\"http:\/\/www.uppsala.kristdemokraterna.se\/archives\/488\/bild\" rel=\"attachment wp-att-489\"><img loading=\"lazy\" decoding=\"async\" src=\"http:\/\/wp.kristdemokraterna.se\/uppsala\/files\/2012\/05\/bild-400x298.jpg\" alt=\"\" title=\"bild\" width=\"400\" height=\"298\" class=\"alignright size-medium wp-image-489\" \/><\/a>Ig\u00e5r samlades Kd-Uppsala till temakv\u00e4ll om arbetet mot social utsatthet bland barn och unga i kommunen. Temakv\u00e4llar \u00e4r n\u00e5got vi i partiet arrangerar tv\u00e5 g\u00e5nger per termin i syfte att sprida kunskap om och inom gruppen diskutera olika kommunala fr\u00e5gor. Kv\u00e4llarna \u00e4r \u00f6ppna f\u00f6r alla medlemmar som \u00e4r intresserade av att lyssna och vara en del av samtalet.<\/p>\n<p>Ig\u00e5r g\u00e4stades vi av Eva K\u00f6pman, chef f\u00f6r R\u00e5d och St\u00f6d (http:\/\/vb.uppsala.se\/webb\/radostod\/), som ber\u00e4ttade mer om deras arbete och utmaningar. D\u00e4refter lyfte Leif Bostr\u00f6m fram hur kristdemokraterna idag arbetar i Uppsalas socialn\u00e4mnd och individutskott och vilka utmaningar de ser. En gemensam slutsats ifr\u00e5n kv\u00e4llen \u00e4r att inte minst samarbetet och kommunikationen mellan skolan och de st\u00f6djande sociala myndigheterna m\u00e5ste bli b\u00e4ttre.<\/p>\n","protected":false},"excerpt":{"rendered":"<p>Ig\u00e5r samlades Kd-Uppsala till temakv\u00e4ll om arbetet mot social utsatthet bland barn och unga i kommunen. Temakv\u00e4llar \u00e4r n\u00e5got vi i partiet arrangerar tv\u00e5 g\u00e5nger per termin i syfte att sprida kunskap om och inom gruppen diskutera olika kommunala fr\u00e5gor. Kv\u00e4llarna \u00e4r \u00f6ppna f\u00f6r alla medlemmar som \u00e4r intresserade av att lyssna och vara en <a class=\"read-more-link\" href=\"https:\/\/wp.kristdemokraterna.se\/uppsala\/temakvall-om-social-utsatthet-bland-barn-och-unga\/\">Read More<\/a><\/p>\n","protected":false},"author":573,"featured_media":0,"comment_status":"closed","ping_status":"closed","sticky":false,"template":"","format":"standard","meta":{"_acf_changed":false,"footnotes":""},"categories":[241],"tags":[],"class_list":["post-488","post","type-post","status-publish","format-standard","hentry","category-familj-och-skola"],"acf":[],"yoast_head":"<!-- This site is optimized with the Yoast SEO plugin v27.4 - https:\/\/yoast.com\/product\/yoast-seo-wordpress\/ -->\n<title>Temakv\u00e4ll om social utsatthet bland barn och unga | Kristdemokraterna | Uppsala<\/title>\n<meta name=\"robots\" content=\"index, follow, max-snippet:-1, max-image-preview:large, max-video-preview:-1\" \/>\n<link rel=\"canonical\" href=\"https:\/\/wp.kristdemokraterna.se\/uppsala\/temakvall-om-social-utsatthet-bland-barn-och-unga\/\" \/>\n<meta property=\"og:locale\" content=\"sv_SE\" \/>\n<meta property=\"og:type\" content=\"article\" \/>\n<meta property=\"og:title\" content=\"Temakv\u00e4ll om social utsatthet bland barn och unga | Kristdemokraterna | Uppsala\" \/>\n<meta property=\"og:description\" content=\"Ig\u00e5r samlades Kd-Uppsala till temakv\u00e4ll om arbetet mot social utsatthet bland barn och unga i kommunen. Temakv\u00e4llar \u00e4r n\u00e5got vi i partiet arrangerar tv\u00e5 g\u00e5nger per termin i syfte att sprida kunskap om och inom gruppen diskutera olika kommunala fr\u00e5gor. Kv\u00e4llarna \u00e4r \u00f6ppna f\u00f6r alla medlemmar som \u00e4r intresserade av att lyssna och vara en Read More\" \/>\n<meta property=\"og:url\" content=\"https:\/\/wp.kristdemokraterna.se\/uppsala\/temakvall-om-social-utsatthet-bland-barn-och-unga\/\" \/>\n<meta property=\"og:site_name\" content=\"Kristdemokraterna | Uppsala\" \/>\n<meta property=\"article:publisher\" content=\"https:\/\/www.facebook.com\/UppsalaKD\/\" \/>\n<meta property=\"article:published_time\" content=\"2012-05-16T10:37:06+00:00\" \/>\n<meta property=\"article:modified_time\" content=\"2024-04-03T18:50:59+00:00\" \/>\n<meta property=\"og:image\" content=\"http:\/\/wp.kristdemokraterna.se\/uppsala\/files\/2012\/05\/bild-400x298.jpg\" \/>\n<meta name=\"author\" content=\"SW\" \/>\n<meta name=\"twitter:card\" content=\"summary_large_image\" \/>\n<meta name=\"twitter:label1\" content=\"Skriven av\" \/>\n\t<meta name=\"twitter:data1\" content=\"SW\" \/>\n\t<meta name=\"twitter:label2\" content=\"Ber\u00e4knad l\u00e4stid\" \/>\n\t<meta name=\"twitter:data2\" content=\"1 minut\" \/>\n<script type=\"application\/ld+json\" class=\"yoast-schema-graph\">{\"@context\":\"https:\\\/\\\/schema.org\",\"@graph\":[{\"@type\":\"Article\",\"@id\":\"https:\\\/\\\/wp.kristdemokraterna.se\\\/uppsala\\\/temakvall-om-social-utsatthet-bland-barn-och-unga\\\/#article\",\"isPartOf\":{\"@id\":\"https:\\\/\\\/wp.kristdemokraterna.se\\\/uppsala\\\/temakvall-om-social-utsatthet-bland-barn-och-unga\\\/\"},\"author\":{\"name\":\"SW\",\"@id\":\"https:\\\/\\\/wp.kristdemokraterna.se\\\/uppsala\\\/#\\\/schema\\\/person\\\/f9cb6b74e31f645af15b3e679e859ee6\"},\"headline\":\"Temakv\u00e4ll om social utsatthet bland barn och unga\",\"datePublished\":\"2012-05-16T10:37:06+00:00\",\"dateModified\":\"2024-04-03T18:50:59+00:00\",\"mainEntityOfPage\":{\"@id\":\"https:\\\/\\\/wp.kristdemokraterna.se\\\/uppsala\\\/temakvall-om-social-utsatthet-bland-barn-och-unga\\\/\"},\"wordCount\":156,\"publisher\":{\"@id\":\"https:\\\/\\\/wp.kristdemokraterna.se\\\/uppsala\\\/#organization\"},\"image\":{\"@id\":\"https:\\\/\\\/wp.kristdemokraterna.se\\\/uppsala\\\/temakvall-om-social-utsatthet-bland-barn-och-unga\\\/#primaryimage\"},\"thumbnailUrl\":\"http:\\\/\\\/wp.kristdemokraterna.se\\\/uppsala\\\/files\\\/2012\\\/05\\\/bild-400x298.jpg\",\"articleSection\":[\"Familj &amp; skola\"],\"inLanguage\":\"sv-SE\"},{\"@type\":\"WebPage\",\"@id\":\"https:\\\/\\\/wp.kristdemokraterna.se\\\/uppsala\\\/temakvall-om-social-utsatthet-bland-barn-och-unga\\\/\",\"url\":\"https:\\\/\\\/wp.kristdemokraterna.se\\\/uppsala\\\/temakvall-om-social-utsatthet-bland-barn-och-unga\\\/\",\"name\":\"Temakv\u00e4ll om social utsatthet bland barn och unga | Kristdemokraterna | Uppsala\",\"isPartOf\":{\"@id\":\"https:\\\/\\\/wp.kristdemokraterna.se\\\/uppsala\\\/#website\"},\"primaryImageOfPage\":{\"@id\":\"https:\\\/\\\/wp.kristdemokraterna.se\\\/uppsala\\\/temakvall-om-social-utsatthet-bland-barn-och-unga\\\/#primaryimage\"},\"image\":{\"@id\":\"https:\\\/\\\/wp.kristdemokraterna.se\\\/uppsala\\\/temakvall-om-social-utsatthet-bland-barn-och-unga\\\/#primaryimage\"},\"thumbnailUrl\":\"http:\\\/\\\/wp.kristdemokraterna.se\\\/uppsala\\\/files\\\/2012\\\/05\\\/bild-400x298.jpg\",\"datePublished\":\"2012-05-16T10:37:06+00:00\",\"dateModified\":\"2024-04-03T18:50:59+00:00\",\"breadcrumb\":{\"@id\":\"https:\\\/\\\/wp.kristdemokraterna.se\\\/uppsala\\\/temakvall-om-social-utsatthet-bland-barn-och-unga\\\/#breadcrumb\"},\"inLanguage\":\"sv-SE\",\"potentialAction\":[{\"@type\":\"ReadAction\",\"target\":[\"https:\\\/\\\/wp.kristdemokraterna.se\\\/uppsala\\\/temakvall-om-social-utsatthet-bland-barn-och-unga\\\/\"]}]},{\"@type\":\"ImageObject\",\"inLanguage\":\"sv-SE\",\"@id\":\"https:\\\/\\\/wp.kristdemokraterna.se\\\/uppsala\\\/temakvall-om-social-utsatthet-bland-barn-och-unga\\\/#primaryimage\",\"url\":\"http:\\\/\\\/wp.kristdemokraterna.se\\\/uppsala\\\/files\\\/2012\\\/05\\\/bild-400x298.jpg\",\"contentUrl\":\"http:\\\/\\\/wp.kristdemokraterna.se\\\/uppsala\\\/files\\\/2012\\\/05\\\/bild-400x298.jpg\"},{\"@type\":\"BreadcrumbList\",\"@id\":\"https:\\\/\\\/wp.kristdemokraterna.se\\\/uppsala\\\/temakvall-om-social-utsatthet-bland-barn-och-unga\\\/#breadcrumb\",\"itemListElement\":[{\"@type\":\"ListItem\",\"position\":1,\"name\":\"Hem\",\"item\":\"https:\\\/\\\/wp.kristdemokraterna.se\\\/uppsala\\\/\"},{\"@type\":\"ListItem\",\"position\":2,\"name\":\"Temakv\u00e4ll om social utsatthet bland barn och unga\"}]},{\"@type\":\"WebSite\",\"@id\":\"https:\\\/\\\/wp.kristdemokraterna.se\\\/uppsala\\\/#website\",\"url\":\"https:\\\/\\\/wp.kristdemokraterna.se\\\/uppsala\\\/\",\"name\":\"Kristdemokraterna Uppsala\",\"description\":\"Tryggare Uppsala\",\"publisher\":{\"@id\":\"https:\\\/\\\/wp.kristdemokraterna.se\\\/uppsala\\\/#organization\"},\"inLanguage\":\"sv-SE\"},{\"@type\":\"Organization\",\"@id\":\"https:\\\/\\\/wp.kristdemokraterna.se\\\/uppsala\\\/#organization\",\"name\":\"Kristdemokraterna Uppsala\",\"url\":\"https:\\\/\\\/wp.kristdemokraterna.se\\\/uppsala\\\/\",\"logo\":{\"@type\":\"ImageObject\",\"inLanguage\":\"sv-SE\",\"@id\":\"https:\\\/\\\/wp.kristdemokraterna.se\\\/uppsala\\\/#\\\/schema\\\/logo\\\/image\\\/\",\"url\":\"https:\\\/\\\/wp.kristdemokraterna.se\\\/uppsala\\\/files\\\/2019\\\/10\\\/kd-uppsala.png\",\"contentUrl\":\"https:\\\/\\\/wp.kristdemokraterna.se\\\/uppsala\\\/files\\\/2019\\\/10\\\/kd-uppsala.png\",\"width\":804,\"height\":421,\"caption\":\"Kristdemokraterna Uppsala\"},\"image\":{\"@id\":\"https:\\\/\\\/wp.kristdemokraterna.se\\\/uppsala\\\/#\\\/schema\\\/logo\\\/image\\\/\"},\"sameAs\":[\"https:\\\/\\\/www.facebook.com\\\/UppsalaKD\\\/\",\"https:\\\/\\\/www.instagram.com\\\/uppsalakd\\\/\"]},{\"@type\":\"Person\",\"@id\":\"https:\\\/\\\/wp.kristdemokraterna.se\\\/uppsala\\\/#\\\/schema\\\/person\\\/f9cb6b74e31f645af15b3e679e859ee6\",\"name\":\"SW\",\"image\":{\"@type\":\"ImageObject\",\"inLanguage\":\"sv-SE\",\"@id\":\"https:\\\/\\\/secure.gravatar.com\\\/avatar\\\/6a30cdb6f4af08e4cc02fa0d7c4c00e605a7f82aa6bc503cd1248164dcb7cd38?s=96&r=g\",\"url\":\"https:\\\/\\\/secure.gravatar.com\\\/avatar\\\/6a30cdb6f4af08e4cc02fa0d7c4c00e605a7f82aa6bc503cd1248164dcb7cd38?s=96&r=g\",\"contentUrl\":\"https:\\\/\\\/secure.gravatar.com\\\/avatar\\\/6a30cdb6f4af08e4cc02fa0d7c4c00e605a7f82aa6bc503cd1248164dcb7cd38?s=96&r=g\",\"caption\":\"SW\"},\"url\":\"https:\\\/\\\/wp.kristdemokraterna.se\\\/uppsala\\\/author\\\/westberg\\\/\"}]}<\/script>\n<!-- \/ Yoast SEO plugin. -->","yoast_head_json":{"title":"Temakv\u00e4ll om social utsatthet bland barn och unga | Kristdemokraterna | Uppsala","robots":{"index":"index","follow":"follow","max-snippet":"max-snippet:-1","max-image-preview":"max-image-preview:large","max-video-preview":"max-video-preview:-1"},"canonical":"https:\/\/wp.kristdemokraterna.se\/uppsala\/temakvall-om-social-utsatthet-bland-barn-och-unga\/","og_locale":"sv_SE","og_type":"article","og_title":"Temakv\u00e4ll om social utsatthet bland barn och unga | Kristdemokraterna | Uppsala","og_description":"Ig\u00e5r samlades Kd-Uppsala till temakv\u00e4ll om arbetet mot social utsatthet bland barn och unga i kommunen. Temakv\u00e4llar \u00e4r n\u00e5got vi i partiet arrangerar tv\u00e5 g\u00e5nger per termin i syfte att sprida kunskap om och inom gruppen diskutera olika kommunala fr\u00e5gor. Kv\u00e4llarna \u00e4r \u00f6ppna f\u00f6r alla medlemmar som \u00e4r intresserade av att lyssna och vara en Read More","og_url":"https:\/\/wp.kristdemokraterna.se\/uppsala\/temakvall-om-social-utsatthet-bland-barn-och-unga\/","og_site_name":"Kristdemokraterna | Uppsala","article_publisher":"https:\/\/www.facebook.com\/UppsalaKD\/","article_published_time":"2012-05-16T10:37:06+00:00","article_modified_time":"2024-04-03T18:50:59+00:00","og_image":[{"url":"http:\/\/wp.kristdemokraterna.se\/uppsala\/files\/2012\/05\/bild-400x298.jpg","type":"","width":"","height":""}],"author":"SW","twitter_card":"summary_large_image","twitter_misc":{"Skriven av":"SW","Ber\u00e4knad l\u00e4stid":"1 minut"},"schema":{"@context":"https:\/\/schema.org","@graph":[{"@type":"Article","@id":"https:\/\/wp.kristdemokraterna.se\/uppsala\/temakvall-om-social-utsatthet-bland-barn-och-unga\/#article","isPartOf":{"@id":"https:\/\/wp.kristdemokraterna.se\/uppsala\/temakvall-om-social-utsatthet-bland-barn-och-unga\/"},"author":{"name":"SW","@id":"https:\/\/wp.kristdemokraterna.se\/uppsala\/#\/schema\/person\/f9cb6b74e31f645af15b3e679e859ee6"},"headline":"Temakv\u00e4ll om social utsatthet bland barn och unga","datePublished":"2012-05-16T10:37:06+00:00","dateModified":"2024-04-03T18:50:59+00:00","mainEntityOfPage":{"@id":"https:\/\/wp.kristdemokraterna.se\/uppsala\/temakvall-om-social-utsatthet-bland-barn-och-unga\/"},"wordCount":156,"publisher":{"@id":"https:\/\/wp.kristdemokraterna.se\/uppsala\/#organization"},"image":{"@id":"https:\/\/wp.kristdemokraterna.se\/uppsala\/temakvall-om-social-utsatthet-bland-barn-och-unga\/#primaryimage"},"thumbnailUrl":"http:\/\/wp.kristdemokraterna.se\/uppsala\/files\/2012\/05\/bild-400x298.jpg","articleSection":["Familj &amp; skola"],"inLanguage":"sv-SE"},{"@type":"WebPage","@id":"https:\/\/wp.kristdemokraterna.se\/uppsala\/temakvall-om-social-utsatthet-bland-barn-och-unga\/","url":"https:\/\/wp.kristdemokraterna.se\/uppsala\/temakvall-om-social-utsatthet-bland-barn-och-unga\/","name":"Temakv\u00e4ll om social utsatthet bland barn och unga | Kristdemokraterna | Uppsala","isPartOf":{"@id":"https:\/\/wp.kristdemokraterna.se\/uppsala\/#website"},"primaryImageOfPage":{"@id":"https:\/\/wp.kristdemokraterna.se\/uppsala\/temakvall-om-social-utsatthet-bland-barn-och-unga\/#primaryimage"},"image":{"@id":"https:\/\/wp.kristdemokraterna.se\/uppsala\/temakvall-om-social-utsatthet-bland-barn-och-unga\/#primaryimage"},"thumbnailUrl":"http:\/\/wp.kristdemokraterna.se\/uppsala\/files\/2012\/05\/bild-400x298.jpg","datePublished":"2012-05-16T10:37:06+00:00","dateModified":"2024-04-03T18:50:59+00:00","breadcrumb":{"@id":"https:\/\/wp.kristdemokraterna.se\/uppsala\/temakvall-om-social-utsatthet-bland-barn-och-unga\/#breadcrumb"},"inLanguage":"sv-SE","potentialAction":[{"@type":"ReadAction","target":["https:\/\/wp.kristdemokraterna.se\/uppsala\/temakvall-om-social-utsatthet-bland-barn-och-unga\/"]}]},{"@type":"ImageObject","inLanguage":"sv-SE","@id":"https:\/\/wp.kristdemokraterna.se\/uppsala\/temakvall-om-social-utsatthet-bland-barn-och-unga\/#primaryimage","url":"http:\/\/wp.kristdemokraterna.se\/uppsala\/files\/2012\/05\/bild-400x298.jpg","contentUrl":"http:\/\/wp.kristdemokraterna.se\/uppsala\/files\/2012\/05\/bild-400x298.jpg"},{"@type":"BreadcrumbList","@id":"https:\/\/wp.kristdemokraterna.se\/uppsala\/temakvall-om-social-utsatthet-bland-barn-och-unga\/#breadcrumb","itemListElement":[{"@type":"ListItem","position":1,"name":"Hem","item":"https:\/\/wp.kristdemokraterna.se\/uppsala\/"},{"@type":"ListItem","position":2,"name":"Temakv\u00e4ll om social utsatthet bland barn och unga"}]},{"@type":"WebSite","@id":"https:\/\/wp.kristdemokraterna.se\/uppsala\/#website","url":"https:\/\/wp.kristdemokraterna.se\/uppsala\/","name":"Kristdemokraterna Uppsala","description":"Tryggare Uppsala","publisher":{"@id":"https:\/\/wp.kristdemokraterna.se\/uppsala\/#organization"},"inLanguage":"sv-SE"},{"@type":"Organization","@id":"https:\/\/wp.kristdemokraterna.se\/uppsala\/#organization","name":"Kristdemokraterna Uppsala","url":"https:\/\/wp.kristdemokraterna.se\/uppsala\/","logo":{"@type":"ImageObject","inLanguage":"sv-SE","@id":"https:\/\/wp.kristdemokraterna.se\/uppsala\/#\/schema\/logo\/image\/","url":"https:\/\/wp.kristdemokraterna.se\/uppsala\/files\/2019\/10\/kd-uppsala.png","contentUrl":"https:\/\/wp.kristdemokraterna.se\/uppsala\/files\/2019\/10\/kd-uppsala.png","width":804,"height":421,"caption":"Kristdemokraterna Uppsala"},"image":{"@id":"https:\/\/wp.kristdemokraterna.se\/uppsala\/#\/schema\/logo\/image\/"},"sameAs":["https:\/\/www.facebook.com\/UppsalaKD\/","https:\/\/www.instagram.com\/uppsalakd\/"]},{"@type":"Person","@id":"https:\/\/wp.kristdemokraterna.se\/uppsala\/#\/schema\/person\/f9cb6b74e31f645af15b3e679e859ee6","name":"SW","image":{"@type":"ImageObject","inLanguage":"sv-SE","@id":"https:\/\/secure.gravatar.com\/avatar\/6a30cdb6f4af08e4cc02fa0d7c4c00e605a7f82aa6bc503cd1248164dcb7cd38?s=96&r=g","url":"https:\/\/secure.gravatar.com\/avatar\/6a30cdb6f4af08e4cc02fa0d7c4c00e605a7f82aa6bc503cd1248164dcb7cd38?s=96&r=g","contentUrl":"https:\/\/secure.gravatar.com\/avatar\/6a30cdb6f4af08e4cc02fa0d7c4c00e605a7f82aa6bc503cd1248164dcb7cd38?s=96&r=g","caption":"SW"},"url":"https:\/\/wp.kristdemokraterna.se\/uppsala\/author\/westberg\/"}]}},"_links":{"self":[{"href":"https:\/\/wp.kristdemokraterna.se\/uppsala\/wp-json\/wp\/v2\/posts\/488","targetHints":{"allow":["GET"]}}],"collection":[{"href":"https:\/\/wp.kristdemokraterna.se\/uppsala\/wp-json\/wp\/v2\/posts"}],"about":[{"href":"https:\/\/wp.kristdemokraterna.se\/uppsala\/wp-json\/wp\/v2\/types\/post"}],"author":[{"embeddable":true,"href":"https:\/\/wp.kristdemokraterna.se\/uppsala\/wp-json\/wp\/v2\/users\/573"}],"replies":[{"embeddable":true,"href":"https:\/\/wp.kristdemokraterna.se\/uppsala\/wp-json\/wp\/v2\/comments?post=488"}],"version-history":[{"count":1,"href":"https:\/\/wp.kristdemokraterna.se\/uppsala\/wp-json\/wp\/v2\/posts\/488\/revisions"}],"predecessor-version":[{"id":4664,"href":"https:\/\/wp.kristdemokraterna.se\/uppsala\/wp-json\/wp\/v2\/posts\/488\/revisions\/4664"}],"wp:attachment":[{"href":"https:\/\/wp.kristdemokraterna.se\/uppsala\/wp-json\/wp\/v2\/media?parent=488"}],"wp:term":[{"taxonomy":"category","embeddable":true,"href":"https:\/\/wp.kristdemokraterna.se\/uppsala\/wp-json\/wp\/v2\/categories?post=488"},{"taxonomy":"post_tag","embeddable":true,"href":"https:\/\/wp.kristdemokraterna.se\/uppsala\/wp-json\/wp\/v2\/tags?post=488"}],"curies":[{"name":"wp","href":"https:\/\/api.w.org\/{rel}","templated":true}]}}