{"id":499,"date":"2012-05-31T12:53:34","date_gmt":"2012-05-31T10:53:34","guid":{"rendered":"http:\/\/www.uppsala.kristdemokraterna.se\/?p=499"},"modified":"2024-04-03T20:50:15","modified_gmt":"2024-04-03T18:50:15","slug":"ge-foraldrarna-ersattning-om-kommunen-inte-ger-forskola","status":"publish","type":"post","link":"https:\/\/wp.kristdemokraterna.se\/uppsala\/ge-foraldrarna-ersattning-om-kommunen-inte-ger-forskola\/","title":{"rendered":"Ge f\u00f6r\u00e4ldrarna ers\u00e4ttning om kommunen inte ger f\u00f6rskola"},"content":{"rendered":"<p><strong>Kristdemokraterna har i Uppsalalyft fr\u00e5gan om att kunna ge f\u00f6r\u00e4ldrar ers\u00e4ttning f\u00f6r utebliven f\u00f6rskoleplats om inte kommunen lyckats tillhandah\u00e5lla platsen inom de lagstadgade fyra m\u00e5naderna. Detta \u00e4r idag om\u00f6jligt f\u00f6r kommunerna att g\u00f6ra p\u00e5 grund av nationella hinder i lagstiftningen. KD v\u00e4lkomnar d\u00e4rf\u00f6r bitr\u00e4dande utbildningsminister Nyamko Sabunis utspel om att tvinga kommunerna till ers\u00e4ttning samt regeringens utredning av fr\u00e5gan.<\/strong><\/p>\n<p>&#8211; Vi gick till val p\u00e5 att flytta makten fr\u00e5n politikerna till Uppsalaborna. Att inf\u00f6ra s\u00e5 kallade garantitider inom v\u00e5ra boendeplatser, bygglov tv\u00e5 omr\u00e5den d\u00e4r vi redan gjort mycket samt f\u00f6rskoleplatser som \u00e4r en viktig del i detta. Vi fick igenom detta i v\u00e5ra budgetf\u00f6rhandlingar under v\u00e5ren och kommunfullm\u00e4ktige v\u00e4ntas ta beslut om detta i juni, det s\u00e4ger Ebba Busch, kommunalr\u00e5d KD i en kommentar.<\/p>\n<p>&#8211; Under v\u00e5ren har m\u00e5nga Uppsalafamiljer haft stora problem, eftersom de inte f\u00e5tt den utlovade f\u00f6rskoleplatsen inom den tid som utlovats. Det \u00e4r avg\u00f6rande att Uppsala kommun tar ytterligare steg fr\u00e5n myndighetskultur till servicekultur, det s\u00e4ger Ulla Johansson gruppledare KD, Barn och ungdomsn\u00e4mnden.<\/p>\n<p>&#8211; Om m\u00e4nniskor ska kunna ha reell makt \u00f6ver sitt eget liv s\u00e5 kan vi inte ha ett system som l\u00e5ter f\u00f6r\u00e4ldrar st\u00e5 helt handfallna om kommunen inte uppfyller sina skyldigheter gentemot medborgarna. D\u00e4rf\u00f6r b\u00f6r garantitider med r\u00e4tt till ekonomisk kompensation inf\u00f6ras inom f\u00f6rskoleomr\u00e5det i Uppsala, avslutar Ebba Busch. <\/p>\n","protected":false},"excerpt":{"rendered":"<p>Kristdemokraterna har i Uppsalalyft fr\u00e5gan om att kunna ge f\u00f6r\u00e4ldrar ers\u00e4ttning f\u00f6r utebliven f\u00f6rskoleplats om inte kommunen lyckats tillhandah\u00e5lla platsen inom de lagstadgade fyra m\u00e5naderna. Detta \u00e4r idag om\u00f6jligt f\u00f6r kommunerna att g\u00f6ra p\u00e5 grund av nationella hinder i lagstiftningen. KD v\u00e4lkomnar d\u00e4rf\u00f6r bitr\u00e4dande utbildningsminister Nyamko Sabunis utspel om att tvinga kommunerna till ers\u00e4ttning samt <a class=\"read-more-link\" href=\"https:\/\/wp.kristdemokraterna.se\/uppsala\/ge-foraldrarna-ersattning-om-kommunen-inte-ger-forskola\/\">Read More<\/a><\/p>\n","protected":false},"author":573,"featured_media":0,"comment_status":"closed","ping_status":"closed","sticky":false,"template":"","format":"standard","meta":{"_acf_changed":false,"footnotes":""},"categories":[241],"tags":[],"class_list":["post-499","post","type-post","status-publish","format-standard","hentry","category-familj-och-skola"],"acf":[],"yoast_head":"<!-- This site is optimized with the Yoast SEO plugin v27.4 - https:\/\/yoast.com\/product\/yoast-seo-wordpress\/ -->\n<title>Ge f\u00f6r\u00e4ldrarna ers\u00e4ttning om kommunen inte ger f\u00f6rskola | Kristdemokraterna | Uppsala<\/title>\n<meta name=\"robots\" content=\"index, follow, max-snippet:-1, max-image-preview:large, max-video-preview:-1\" \/>\n<link rel=\"canonical\" href=\"https:\/\/wp.kristdemokraterna.se\/uppsala\/ge-foraldrarna-ersattning-om-kommunen-inte-ger-forskola\/\" \/>\n<meta property=\"og:locale\" content=\"sv_SE\" \/>\n<meta property=\"og:type\" content=\"article\" \/>\n<meta property=\"og:title\" content=\"Ge f\u00f6r\u00e4ldrarna ers\u00e4ttning om kommunen inte ger f\u00f6rskola | Kristdemokraterna | Uppsala\" \/>\n<meta property=\"og:description\" content=\"Kristdemokraterna har i Uppsalalyft fr\u00e5gan om att kunna ge f\u00f6r\u00e4ldrar ers\u00e4ttning f\u00f6r utebliven f\u00f6rskoleplats om inte kommunen lyckats tillhandah\u00e5lla platsen inom de lagstadgade fyra m\u00e5naderna. Detta \u00e4r idag om\u00f6jligt f\u00f6r kommunerna att g\u00f6ra p\u00e5 grund av nationella hinder i lagstiftningen. KD v\u00e4lkomnar d\u00e4rf\u00f6r bitr\u00e4dande utbildningsminister Nyamko Sabunis utspel om att tvinga kommunerna till ers\u00e4ttning samt Read More\" \/>\n<meta property=\"og:url\" content=\"https:\/\/wp.kristdemokraterna.se\/uppsala\/ge-foraldrarna-ersattning-om-kommunen-inte-ger-forskola\/\" \/>\n<meta property=\"og:site_name\" content=\"Kristdemokraterna | Uppsala\" \/>\n<meta property=\"article:publisher\" content=\"https:\/\/www.facebook.com\/UppsalaKD\/\" \/>\n<meta property=\"article:published_time\" content=\"2012-05-31T10:53:34+00:00\" \/>\n<meta property=\"article:modified_time\" content=\"2024-04-03T18:50:15+00:00\" \/>\n<meta property=\"og:image\" content=\"https:\/\/wp.kristdemokraterna.se\/uppsala\/files\/2021\/12\/kom1.png\" \/>\n\t<meta property=\"og:image:width\" content=\"770\" \/>\n\t<meta property=\"og:image:height\" content=\"404\" \/>\n\t<meta property=\"og:image:type\" content=\"image\/png\" \/>\n<meta name=\"author\" content=\"SW\" \/>\n<meta name=\"twitter:card\" content=\"summary_large_image\" \/>\n<meta name=\"twitter:label1\" content=\"Skriven av\" \/>\n\t<meta name=\"twitter:data1\" content=\"SW\" \/>\n\t<meta name=\"twitter:label2\" content=\"Ber\u00e4knad l\u00e4stid\" \/>\n\t<meta name=\"twitter:data2\" content=\"1 minut\" \/>\n<script type=\"application\/ld+json\" class=\"yoast-schema-graph\">{\"@context\":\"https:\\\/\\\/schema.org\",\"@graph\":[{\"@type\":\"Article\",\"@id\":\"https:\\\/\\\/wp.kristdemokraterna.se\\\/uppsala\\\/ge-foraldrarna-ersattning-om-kommunen-inte-ger-forskola\\\/#article\",\"isPartOf\":{\"@id\":\"https:\\\/\\\/wp.kristdemokraterna.se\\\/uppsala\\\/ge-foraldrarna-ersattning-om-kommunen-inte-ger-forskola\\\/\"},\"author\":{\"name\":\"SW\",\"@id\":\"https:\\\/\\\/wp.kristdemokraterna.se\\\/uppsala\\\/#\\\/schema\\\/person\\\/f9cb6b74e31f645af15b3e679e859ee6\"},\"headline\":\"Ge f\u00f6r\u00e4ldrarna ers\u00e4ttning om kommunen inte ger f\u00f6rskola\",\"datePublished\":\"2012-05-31T10:53:34+00:00\",\"dateModified\":\"2024-04-03T18:50:15+00:00\",\"mainEntityOfPage\":{\"@id\":\"https:\\\/\\\/wp.kristdemokraterna.se\\\/uppsala\\\/ge-foraldrarna-ersattning-om-kommunen-inte-ger-forskola\\\/\"},\"wordCount\":277,\"publisher\":{\"@id\":\"https:\\\/\\\/wp.kristdemokraterna.se\\\/uppsala\\\/#organization\"},\"articleSection\":[\"Familj &amp; skola\"],\"inLanguage\":\"sv-SE\"},{\"@type\":\"WebPage\",\"@id\":\"https:\\\/\\\/wp.kristdemokraterna.se\\\/uppsala\\\/ge-foraldrarna-ersattning-om-kommunen-inte-ger-forskola\\\/\",\"url\":\"https:\\\/\\\/wp.kristdemokraterna.se\\\/uppsala\\\/ge-foraldrarna-ersattning-om-kommunen-inte-ger-forskola\\\/\",\"name\":\"Ge f\u00f6r\u00e4ldrarna ers\u00e4ttning om kommunen inte ger f\u00f6rskola | Kristdemokraterna | Uppsala\",\"isPartOf\":{\"@id\":\"https:\\\/\\\/wp.kristdemokraterna.se\\\/uppsala\\\/#website\"},\"datePublished\":\"2012-05-31T10:53:34+00:00\",\"dateModified\":\"2024-04-03T18:50:15+00:00\",\"breadcrumb\":{\"@id\":\"https:\\\/\\\/wp.kristdemokraterna.se\\\/uppsala\\\/ge-foraldrarna-ersattning-om-kommunen-inte-ger-forskola\\\/#breadcrumb\"},\"inLanguage\":\"sv-SE\",\"potentialAction\":[{\"@type\":\"ReadAction\",\"target\":[\"https:\\\/\\\/wp.kristdemokraterna.se\\\/uppsala\\\/ge-foraldrarna-ersattning-om-kommunen-inte-ger-forskola\\\/\"]}]},{\"@type\":\"BreadcrumbList\",\"@id\":\"https:\\\/\\\/wp.kristdemokraterna.se\\\/uppsala\\\/ge-foraldrarna-ersattning-om-kommunen-inte-ger-forskola\\\/#breadcrumb\",\"itemListElement\":[{\"@type\":\"ListItem\",\"position\":1,\"name\":\"Hem\",\"item\":\"https:\\\/\\\/wp.kristdemokraterna.se\\\/uppsala\\\/\"},{\"@type\":\"ListItem\",\"position\":2,\"name\":\"Ge f\u00f6r\u00e4ldrarna ers\u00e4ttning om kommunen inte ger f\u00f6rskola\"}]},{\"@type\":\"WebSite\",\"@id\":\"https:\\\/\\\/wp.kristdemokraterna.se\\\/uppsala\\\/#website\",\"url\":\"https:\\\/\\\/wp.kristdemokraterna.se\\\/uppsala\\\/\",\"name\":\"Kristdemokraterna Uppsala\",\"description\":\"Tryggare Uppsala\",\"publisher\":{\"@id\":\"https:\\\/\\\/wp.kristdemokraterna.se\\\/uppsala\\\/#organization\"},\"inLanguage\":\"sv-SE\"},{\"@type\":\"Organization\",\"@id\":\"https:\\\/\\\/wp.kristdemokraterna.se\\\/uppsala\\\/#organization\",\"name\":\"Kristdemokraterna Uppsala\",\"url\":\"https:\\\/\\\/wp.kristdemokraterna.se\\\/uppsala\\\/\",\"logo\":{\"@type\":\"ImageObject\",\"inLanguage\":\"sv-SE\",\"@id\":\"https:\\\/\\\/wp.kristdemokraterna.se\\\/uppsala\\\/#\\\/schema\\\/logo\\\/image\\\/\",\"url\":\"https:\\\/\\\/wp.kristdemokraterna.se\\\/uppsala\\\/files\\\/2019\\\/10\\\/kd-uppsala.png\",\"contentUrl\":\"https:\\\/\\\/wp.kristdemokraterna.se\\\/uppsala\\\/files\\\/2019\\\/10\\\/kd-uppsala.png\",\"width\":804,\"height\":421,\"caption\":\"Kristdemokraterna Uppsala\"},\"image\":{\"@id\":\"https:\\\/\\\/wp.kristdemokraterna.se\\\/uppsala\\\/#\\\/schema\\\/logo\\\/image\\\/\"},\"sameAs\":[\"https:\\\/\\\/www.facebook.com\\\/UppsalaKD\\\/\",\"https:\\\/\\\/www.instagram.com\\\/uppsalakd\\\/\"]},{\"@type\":\"Person\",\"@id\":\"https:\\\/\\\/wp.kristdemokraterna.se\\\/uppsala\\\/#\\\/schema\\\/person\\\/f9cb6b74e31f645af15b3e679e859ee6\",\"name\":\"SW\",\"image\":{\"@type\":\"ImageObject\",\"inLanguage\":\"sv-SE\",\"@id\":\"https:\\\/\\\/secure.gravatar.com\\\/avatar\\\/6a30cdb6f4af08e4cc02fa0d7c4c00e605a7f82aa6bc503cd1248164dcb7cd38?s=96&r=g\",\"url\":\"https:\\\/\\\/secure.gravatar.com\\\/avatar\\\/6a30cdb6f4af08e4cc02fa0d7c4c00e605a7f82aa6bc503cd1248164dcb7cd38?s=96&r=g\",\"contentUrl\":\"https:\\\/\\\/secure.gravatar.com\\\/avatar\\\/6a30cdb6f4af08e4cc02fa0d7c4c00e605a7f82aa6bc503cd1248164dcb7cd38?s=96&r=g\",\"caption\":\"SW\"},\"url\":\"https:\\\/\\\/wp.kristdemokraterna.se\\\/uppsala\\\/author\\\/westberg\\\/\"}]}<\/script>\n<!-- \/ Yoast SEO plugin. -->","yoast_head_json":{"title":"Ge f\u00f6r\u00e4ldrarna ers\u00e4ttning om kommunen inte ger f\u00f6rskola | Kristdemokraterna | Uppsala","robots":{"index":"index","follow":"follow","max-snippet":"max-snippet:-1","max-image-preview":"max-image-preview:large","max-video-preview":"max-video-preview:-1"},"canonical":"https:\/\/wp.kristdemokraterna.se\/uppsala\/ge-foraldrarna-ersattning-om-kommunen-inte-ger-forskola\/","og_locale":"sv_SE","og_type":"article","og_title":"Ge f\u00f6r\u00e4ldrarna ers\u00e4ttning om kommunen inte ger f\u00f6rskola | Kristdemokraterna | Uppsala","og_description":"Kristdemokraterna har i Uppsalalyft fr\u00e5gan om att kunna ge f\u00f6r\u00e4ldrar ers\u00e4ttning f\u00f6r utebliven f\u00f6rskoleplats om inte kommunen lyckats tillhandah\u00e5lla platsen inom de lagstadgade fyra m\u00e5naderna. Detta \u00e4r idag om\u00f6jligt f\u00f6r kommunerna att g\u00f6ra p\u00e5 grund av nationella hinder i lagstiftningen. KD v\u00e4lkomnar d\u00e4rf\u00f6r bitr\u00e4dande utbildningsminister Nyamko Sabunis utspel om att tvinga kommunerna till ers\u00e4ttning samt Read More","og_url":"https:\/\/wp.kristdemokraterna.se\/uppsala\/ge-foraldrarna-ersattning-om-kommunen-inte-ger-forskola\/","og_site_name":"Kristdemokraterna | Uppsala","article_publisher":"https:\/\/www.facebook.com\/UppsalaKD\/","article_published_time":"2012-05-31T10:53:34+00:00","article_modified_time":"2024-04-03T18:50:15+00:00","og_image":[{"width":770,"height":404,"url":"https:\/\/wp.kristdemokraterna.se\/uppsala\/files\/2021\/12\/kom1.png","type":"image\/png"}],"author":"SW","twitter_card":"summary_large_image","twitter_misc":{"Skriven av":"SW","Ber\u00e4knad l\u00e4stid":"1 minut"},"schema":{"@context":"https:\/\/schema.org","@graph":[{"@type":"Article","@id":"https:\/\/wp.kristdemokraterna.se\/uppsala\/ge-foraldrarna-ersattning-om-kommunen-inte-ger-forskola\/#article","isPartOf":{"@id":"https:\/\/wp.kristdemokraterna.se\/uppsala\/ge-foraldrarna-ersattning-om-kommunen-inte-ger-forskola\/"},"author":{"name":"SW","@id":"https:\/\/wp.kristdemokraterna.se\/uppsala\/#\/schema\/person\/f9cb6b74e31f645af15b3e679e859ee6"},"headline":"Ge f\u00f6r\u00e4ldrarna ers\u00e4ttning om kommunen inte ger f\u00f6rskola","datePublished":"2012-05-31T10:53:34+00:00","dateModified":"2024-04-03T18:50:15+00:00","mainEntityOfPage":{"@id":"https:\/\/wp.kristdemokraterna.se\/uppsala\/ge-foraldrarna-ersattning-om-kommunen-inte-ger-forskola\/"},"wordCount":277,"publisher":{"@id":"https:\/\/wp.kristdemokraterna.se\/uppsala\/#organization"},"articleSection":["Familj &amp; skola"],"inLanguage":"sv-SE"},{"@type":"WebPage","@id":"https:\/\/wp.kristdemokraterna.se\/uppsala\/ge-foraldrarna-ersattning-om-kommunen-inte-ger-forskola\/","url":"https:\/\/wp.kristdemokraterna.se\/uppsala\/ge-foraldrarna-ersattning-om-kommunen-inte-ger-forskola\/","name":"Ge f\u00f6r\u00e4ldrarna ers\u00e4ttning om kommunen inte ger f\u00f6rskola | Kristdemokraterna | Uppsala","isPartOf":{"@id":"https:\/\/wp.kristdemokraterna.se\/uppsala\/#website"},"datePublished":"2012-05-31T10:53:34+00:00","dateModified":"2024-04-03T18:50:15+00:00","breadcrumb":{"@id":"https:\/\/wp.kristdemokraterna.se\/uppsala\/ge-foraldrarna-ersattning-om-kommunen-inte-ger-forskola\/#breadcrumb"},"inLanguage":"sv-SE","potentialAction":[{"@type":"ReadAction","target":["https:\/\/wp.kristdemokraterna.se\/uppsala\/ge-foraldrarna-ersattning-om-kommunen-inte-ger-forskola\/"]}]},{"@type":"BreadcrumbList","@id":"https:\/\/wp.kristdemokraterna.se\/uppsala\/ge-foraldrarna-ersattning-om-kommunen-inte-ger-forskola\/#breadcrumb","itemListElement":[{"@type":"ListItem","position":1,"name":"Hem","item":"https:\/\/wp.kristdemokraterna.se\/uppsala\/"},{"@type":"ListItem","position":2,"name":"Ge f\u00f6r\u00e4ldrarna ers\u00e4ttning om kommunen inte ger f\u00f6rskola"}]},{"@type":"WebSite","@id":"https:\/\/wp.kristdemokraterna.se\/uppsala\/#website","url":"https:\/\/wp.kristdemokraterna.se\/uppsala\/","name":"Kristdemokraterna Uppsala","description":"Tryggare Uppsala","publisher":{"@id":"https:\/\/wp.kristdemokraterna.se\/uppsala\/#organization"},"inLanguage":"sv-SE"},{"@type":"Organization","@id":"https:\/\/wp.kristdemokraterna.se\/uppsala\/#organization","name":"Kristdemokraterna Uppsala","url":"https:\/\/wp.kristdemokraterna.se\/uppsala\/","logo":{"@type":"ImageObject","inLanguage":"sv-SE","@id":"https:\/\/wp.kristdemokraterna.se\/uppsala\/#\/schema\/logo\/image\/","url":"https:\/\/wp.kristdemokraterna.se\/uppsala\/files\/2019\/10\/kd-uppsala.png","contentUrl":"https:\/\/wp.kristdemokraterna.se\/uppsala\/files\/2019\/10\/kd-uppsala.png","width":804,"height":421,"caption":"Kristdemokraterna Uppsala"},"image":{"@id":"https:\/\/wp.kristdemokraterna.se\/uppsala\/#\/schema\/logo\/image\/"},"sameAs":["https:\/\/www.facebook.com\/UppsalaKD\/","https:\/\/www.instagram.com\/uppsalakd\/"]},{"@type":"Person","@id":"https:\/\/wp.kristdemokraterna.se\/uppsala\/#\/schema\/person\/f9cb6b74e31f645af15b3e679e859ee6","name":"SW","image":{"@type":"ImageObject","inLanguage":"sv-SE","@id":"https:\/\/secure.gravatar.com\/avatar\/6a30cdb6f4af08e4cc02fa0d7c4c00e605a7f82aa6bc503cd1248164dcb7cd38?s=96&r=g","url":"https:\/\/secure.gravatar.com\/avatar\/6a30cdb6f4af08e4cc02fa0d7c4c00e605a7f82aa6bc503cd1248164dcb7cd38?s=96&r=g","contentUrl":"https:\/\/secure.gravatar.com\/avatar\/6a30cdb6f4af08e4cc02fa0d7c4c00e605a7f82aa6bc503cd1248164dcb7cd38?s=96&r=g","caption":"SW"},"url":"https:\/\/wp.kristdemokraterna.se\/uppsala\/author\/westberg\/"}]}},"_links":{"self":[{"href":"https:\/\/wp.kristdemokraterna.se\/uppsala\/wp-json\/wp\/v2\/posts\/499","targetHints":{"allow":["GET"]}}],"collection":[{"href":"https:\/\/wp.kristdemokraterna.se\/uppsala\/wp-json\/wp\/v2\/posts"}],"about":[{"href":"https:\/\/wp.kristdemokraterna.se\/uppsala\/wp-json\/wp\/v2\/types\/post"}],"author":[{"embeddable":true,"href":"https:\/\/wp.kristdemokraterna.se\/uppsala\/wp-json\/wp\/v2\/users\/573"}],"replies":[{"embeddable":true,"href":"https:\/\/wp.kristdemokraterna.se\/uppsala\/wp-json\/wp\/v2\/comments?post=499"}],"version-history":[{"count":1,"href":"https:\/\/wp.kristdemokraterna.se\/uppsala\/wp-json\/wp\/v2\/posts\/499\/revisions"}],"predecessor-version":[{"id":4662,"href":"https:\/\/wp.kristdemokraterna.se\/uppsala\/wp-json\/wp\/v2\/posts\/499\/revisions\/4662"}],"wp:attachment":[{"href":"https:\/\/wp.kristdemokraterna.se\/uppsala\/wp-json\/wp\/v2\/media?parent=499"}],"wp:term":[{"taxonomy":"category","embeddable":true,"href":"https:\/\/wp.kristdemokraterna.se\/uppsala\/wp-json\/wp\/v2\/categories?post=499"},{"taxonomy":"post_tag","embeddable":true,"href":"https:\/\/wp.kristdemokraterna.se\/uppsala\/wp-json\/wp\/v2\/tags?post=499"}],"curies":[{"name":"wp","href":"https:\/\/api.w.org\/{rel}","templated":true}]}}