{"id":5013,"date":"2026-04-02T21:17:17","date_gmt":"2026-04-02T19:17:17","guid":{"rendered":"https:\/\/wp.kristdemokraterna.se\/uppsala\/?p=5013"},"modified":"2026-04-26T08:31:18","modified_gmt":"2026-04-26T06:31:18","slug":"nya-toppkandidater-i-regionvalet-2026","status":"publish","type":"post","link":"https:\/\/wp.kristdemokraterna.se\/uppsala\/nya-toppkandidater-i-regionvalet-2026\/","title":{"rendered":"Nya toppkandidater i regionvalet 2026"},"content":{"rendered":"<p>I b\u00f6rjan av april meddelade nuvarande regionr\u00e5d Bj\u00f6rn-Owe Bj\u00f6rk att han l\u00e4mnar regionpolitiken efter \u00e5rsskiftet. Han avst\u00e5r d\u00e4rmed ocks\u00e5 fr\u00e5n att toppa listan till regionfullm\u00e4ktige inf\u00f6r kommande mandatperiod.<\/p>\n<p>Kandidaturerna till regionfullm\u00e4ktige fastst\u00e4lldes av partidistriktet under h\u00f6sten 2025. Avs\u00e4gelsen inneb\u00e4r att nuvarande andranamn blir nya toppkandidater i respektive valkrets:<\/p>\n<p>Mellersta:\u00a0Frida Bj\u00f6rk, Uppsala<br \/>\nS\u00f6dra:\u00a0Kristina Eriksson, Enk\u00f6ping<br \/>\nNorra: Paula Bieler Eriksson, Tierp<\/p>\n<p>Bj\u00f6rn-Owe Bj\u00f6rk kvarst\u00e5r i sitt uppdrag som regionr\u00e5d fram till den 31 december 2026.<\/p>\n","protected":false},"excerpt":{"rendered":"<p>I b\u00f6rjan av april meddelade nuvarande regionr\u00e5d Bj\u00f6rn-Owe Bj\u00f6rk att han l\u00e4mnar regionpolitiken efter \u00e5rsskiftet. Han avst\u00e5r d\u00e4rmed ocks\u00e5 fr\u00e5n att toppa listan till regionfullm\u00e4ktige inf\u00f6r kommande mandatperiod. Kandidaturerna till regionfullm\u00e4ktige fastst\u00e4lldes av partidistriktet under h\u00f6sten 2025. Avs\u00e4gelsen inneb\u00e4r att nuvarande andranamn blir nya toppkandidater i respektive valkrets: Mellersta:\u00a0Frida Bj\u00f6rk, Uppsala S\u00f6dra:\u00a0Kristina Eriksson, Enk\u00f6ping Norra: <a class=\"read-more-link\" href=\"https:\/\/wp.kristdemokraterna.se\/uppsala\/nya-toppkandidater-i-regionvalet-2026\/\">Read More<\/a><\/p>\n","protected":false},"author":1055,"featured_media":0,"comment_status":"closed","ping_status":"closed","sticky":false,"template":"","format":"standard","meta":{"_acf_changed":false,"footnotes":""},"categories":[240],"tags":[],"class_list":["post-5013","post","type-post","status-publish","format-standard","hentry","category-senaste-inlagg"],"acf":[],"yoast_head":"<!-- This site is optimized with the Yoast SEO plugin v27.4 - https:\/\/yoast.com\/product\/yoast-seo-wordpress\/ -->\n<title>Nya toppkandidater i regionvalet 2026 | Kristdemokraterna | Uppsala<\/title>\n<meta name=\"robots\" content=\"index, follow, max-snippet:-1, max-image-preview:large, max-video-preview:-1\" \/>\n<link rel=\"canonical\" href=\"https:\/\/wp.kristdemokraterna.se\/uppsala\/nya-toppkandidater-i-regionvalet-2026\/\" \/>\n<meta property=\"og:locale\" content=\"sv_SE\" \/>\n<meta property=\"og:type\" content=\"article\" \/>\n<meta property=\"og:title\" content=\"Nya toppkandidater i regionvalet 2026 | Kristdemokraterna | Uppsala\" \/>\n<meta property=\"og:description\" content=\"I b\u00f6rjan av april meddelade nuvarande regionr\u00e5d Bj\u00f6rn-Owe Bj\u00f6rk att han l\u00e4mnar regionpolitiken efter \u00e5rsskiftet. Han avst\u00e5r d\u00e4rmed ocks\u00e5 fr\u00e5n att toppa listan till regionfullm\u00e4ktige inf\u00f6r kommande mandatperiod. Kandidaturerna till regionfullm\u00e4ktige fastst\u00e4lldes av partidistriktet under h\u00f6sten 2025. Avs\u00e4gelsen inneb\u00e4r att nuvarande andranamn blir nya toppkandidater i respektive valkrets: Mellersta:\u00a0Frida Bj\u00f6rk, Uppsala S\u00f6dra:\u00a0Kristina Eriksson, Enk\u00f6ping Norra: Read More\" \/>\n<meta property=\"og:url\" content=\"https:\/\/wp.kristdemokraterna.se\/uppsala\/nya-toppkandidater-i-regionvalet-2026\/\" \/>\n<meta property=\"og:site_name\" content=\"Kristdemokraterna | Uppsala\" \/>\n<meta property=\"article:publisher\" content=\"https:\/\/www.facebook.com\/UppsalaKD\/\" \/>\n<meta property=\"article:published_time\" content=\"2026-04-02T19:17:17+00:00\" \/>\n<meta property=\"article:modified_time\" content=\"2026-04-26T06:31:18+00:00\" \/>\n<meta property=\"og:image\" content=\"https:\/\/wp.kristdemokraterna.se\/uppsala\/files\/2021\/12\/kom1.png\" \/>\n\t<meta property=\"og:image:width\" content=\"770\" \/>\n\t<meta property=\"og:image:height\" content=\"404\" \/>\n\t<meta property=\"og:image:type\" content=\"image\/png\" \/>\n<meta name=\"author\" content=\"Frida Bj\u00f6rk\" \/>\n<meta name=\"twitter:card\" content=\"summary_large_image\" \/>\n<meta name=\"twitter:label1\" content=\"Skriven av\" \/>\n\t<meta name=\"twitter:data1\" content=\"Frida Bj\u00f6rk\" \/>\n\t<meta name=\"twitter:label2\" content=\"Ber\u00e4knad l\u00e4stid\" \/>\n\t<meta name=\"twitter:data2\" content=\"1 minut\" \/>\n<script type=\"application\/ld+json\" class=\"yoast-schema-graph\">{\"@context\":\"https:\\\/\\\/schema.org\",\"@graph\":[{\"@type\":\"Article\",\"@id\":\"https:\\\/\\\/wp.kristdemokraterna.se\\\/uppsala\\\/nya-toppkandidater-i-regionvalet-2026\\\/#article\",\"isPartOf\":{\"@id\":\"https:\\\/\\\/wp.kristdemokraterna.se\\\/uppsala\\\/nya-toppkandidater-i-regionvalet-2026\\\/\"},\"author\":{\"name\":\"Frida Bj\u00f6rk\",\"@id\":\"https:\\\/\\\/wp.kristdemokraterna.se\\\/uppsala\\\/#\\\/schema\\\/person\\\/f3d1084f00ebc70ea4372925042aa867\"},\"headline\":\"Nya toppkandidater i regionvalet 2026\",\"datePublished\":\"2026-04-02T19:17:17+00:00\",\"dateModified\":\"2026-04-26T06:31:18+00:00\",\"mainEntityOfPage\":{\"@id\":\"https:\\\/\\\/wp.kristdemokraterna.se\\\/uppsala\\\/nya-toppkandidater-i-regionvalet-2026\\\/\"},\"wordCount\":98,\"publisher\":{\"@id\":\"https:\\\/\\\/wp.kristdemokraterna.se\\\/uppsala\\\/#organization\"},\"articleSection\":[\"Senaste inl\u00e4gg\"],\"inLanguage\":\"sv-SE\"},{\"@type\":\"WebPage\",\"@id\":\"https:\\\/\\\/wp.kristdemokraterna.se\\\/uppsala\\\/nya-toppkandidater-i-regionvalet-2026\\\/\",\"url\":\"https:\\\/\\\/wp.kristdemokraterna.se\\\/uppsala\\\/nya-toppkandidater-i-regionvalet-2026\\\/\",\"name\":\"Nya toppkandidater i regionvalet 2026 | Kristdemokraterna | Uppsala\",\"isPartOf\":{\"@id\":\"https:\\\/\\\/wp.kristdemokraterna.se\\\/uppsala\\\/#website\"},\"datePublished\":\"2026-04-02T19:17:17+00:00\",\"dateModified\":\"2026-04-26T06:31:18+00:00\",\"breadcrumb\":{\"@id\":\"https:\\\/\\\/wp.kristdemokraterna.se\\\/uppsala\\\/nya-toppkandidater-i-regionvalet-2026\\\/#breadcrumb\"},\"inLanguage\":\"sv-SE\",\"potentialAction\":[{\"@type\":\"ReadAction\",\"target\":[\"https:\\\/\\\/wp.kristdemokraterna.se\\\/uppsala\\\/nya-toppkandidater-i-regionvalet-2026\\\/\"]}]},{\"@type\":\"BreadcrumbList\",\"@id\":\"https:\\\/\\\/wp.kristdemokraterna.se\\\/uppsala\\\/nya-toppkandidater-i-regionvalet-2026\\\/#breadcrumb\",\"itemListElement\":[{\"@type\":\"ListItem\",\"position\":1,\"name\":\"Hem\",\"item\":\"https:\\\/\\\/wp.kristdemokraterna.se\\\/uppsala\\\/\"},{\"@type\":\"ListItem\",\"position\":2,\"name\":\"Nya toppkandidater i regionvalet 2026\"}]},{\"@type\":\"WebSite\",\"@id\":\"https:\\\/\\\/wp.kristdemokraterna.se\\\/uppsala\\\/#website\",\"url\":\"https:\\\/\\\/wp.kristdemokraterna.se\\\/uppsala\\\/\",\"name\":\"Kristdemokraterna Uppsala\",\"description\":\"Tryggare Uppsala\",\"publisher\":{\"@id\":\"https:\\\/\\\/wp.kristdemokraterna.se\\\/uppsala\\\/#organization\"},\"inLanguage\":\"sv-SE\"},{\"@type\":\"Organization\",\"@id\":\"https:\\\/\\\/wp.kristdemokraterna.se\\\/uppsala\\\/#organization\",\"name\":\"Kristdemokraterna Uppsala\",\"url\":\"https:\\\/\\\/wp.kristdemokraterna.se\\\/uppsala\\\/\",\"logo\":{\"@type\":\"ImageObject\",\"inLanguage\":\"sv-SE\",\"@id\":\"https:\\\/\\\/wp.kristdemokraterna.se\\\/uppsala\\\/#\\\/schema\\\/logo\\\/image\\\/\",\"url\":\"https:\\\/\\\/wp.kristdemokraterna.se\\\/uppsala\\\/files\\\/2019\\\/10\\\/kd-uppsala.png\",\"contentUrl\":\"https:\\\/\\\/wp.kristdemokraterna.se\\\/uppsala\\\/files\\\/2019\\\/10\\\/kd-uppsala.png\",\"width\":804,\"height\":421,\"caption\":\"Kristdemokraterna Uppsala\"},\"image\":{\"@id\":\"https:\\\/\\\/wp.kristdemokraterna.se\\\/uppsala\\\/#\\\/schema\\\/logo\\\/image\\\/\"},\"sameAs\":[\"https:\\\/\\\/www.facebook.com\\\/UppsalaKD\\\/\",\"https:\\\/\\\/www.instagram.com\\\/uppsalakd\\\/\"]},{\"@type\":\"Person\",\"@id\":\"https:\\\/\\\/wp.kristdemokraterna.se\\\/uppsala\\\/#\\\/schema\\\/person\\\/f3d1084f00ebc70ea4372925042aa867\",\"name\":\"Frida Bj\u00f6rk\",\"image\":{\"@type\":\"ImageObject\",\"inLanguage\":\"sv-SE\",\"@id\":\"https:\\\/\\\/secure.gravatar.com\\\/avatar\\\/c0af612f9317bbc66a2a1d63709ee4402a766e5eefbd7a7761acfb6fc3c75468?s=96&r=g\",\"url\":\"https:\\\/\\\/secure.gravatar.com\\\/avatar\\\/c0af612f9317bbc66a2a1d63709ee4402a766e5eefbd7a7761acfb6fc3c75468?s=96&r=g\",\"contentUrl\":\"https:\\\/\\\/secure.gravatar.com\\\/avatar\\\/c0af612f9317bbc66a2a1d63709ee4402a766e5eefbd7a7761acfb6fc3c75468?s=96&r=g\",\"caption\":\"Frida Bj\u00f6rk\"},\"url\":\"https:\\\/\\\/wp.kristdemokraterna.se\\\/uppsala\\\/author\\\/fridabjork\\\/\"}]}<\/script>\n<!-- \/ Yoast SEO plugin. -->","yoast_head_json":{"title":"Nya toppkandidater i regionvalet 2026 | Kristdemokraterna | Uppsala","robots":{"index":"index","follow":"follow","max-snippet":"max-snippet:-1","max-image-preview":"max-image-preview:large","max-video-preview":"max-video-preview:-1"},"canonical":"https:\/\/wp.kristdemokraterna.se\/uppsala\/nya-toppkandidater-i-regionvalet-2026\/","og_locale":"sv_SE","og_type":"article","og_title":"Nya toppkandidater i regionvalet 2026 | Kristdemokraterna | Uppsala","og_description":"I b\u00f6rjan av april meddelade nuvarande regionr\u00e5d Bj\u00f6rn-Owe Bj\u00f6rk att han l\u00e4mnar regionpolitiken efter \u00e5rsskiftet. Han avst\u00e5r d\u00e4rmed ocks\u00e5 fr\u00e5n att toppa listan till regionfullm\u00e4ktige inf\u00f6r kommande mandatperiod. Kandidaturerna till regionfullm\u00e4ktige fastst\u00e4lldes av partidistriktet under h\u00f6sten 2025. Avs\u00e4gelsen inneb\u00e4r att nuvarande andranamn blir nya toppkandidater i respektive valkrets: Mellersta:\u00a0Frida Bj\u00f6rk, Uppsala S\u00f6dra:\u00a0Kristina Eriksson, Enk\u00f6ping Norra: Read More","og_url":"https:\/\/wp.kristdemokraterna.se\/uppsala\/nya-toppkandidater-i-regionvalet-2026\/","og_site_name":"Kristdemokraterna | Uppsala","article_publisher":"https:\/\/www.facebook.com\/UppsalaKD\/","article_published_time":"2026-04-02T19:17:17+00:00","article_modified_time":"2026-04-26T06:31:18+00:00","og_image":[{"width":770,"height":404,"url":"https:\/\/wp.kristdemokraterna.se\/uppsala\/files\/2021\/12\/kom1.png","type":"image\/png"}],"author":"Frida Bj\u00f6rk","twitter_card":"summary_large_image","twitter_misc":{"Skriven av":"Frida Bj\u00f6rk","Ber\u00e4knad l\u00e4stid":"1 minut"},"schema":{"@context":"https:\/\/schema.org","@graph":[{"@type":"Article","@id":"https:\/\/wp.kristdemokraterna.se\/uppsala\/nya-toppkandidater-i-regionvalet-2026\/#article","isPartOf":{"@id":"https:\/\/wp.kristdemokraterna.se\/uppsala\/nya-toppkandidater-i-regionvalet-2026\/"},"author":{"name":"Frida Bj\u00f6rk","@id":"https:\/\/wp.kristdemokraterna.se\/uppsala\/#\/schema\/person\/f3d1084f00ebc70ea4372925042aa867"},"headline":"Nya toppkandidater i regionvalet 2026","datePublished":"2026-04-02T19:17:17+00:00","dateModified":"2026-04-26T06:31:18+00:00","mainEntityOfPage":{"@id":"https:\/\/wp.kristdemokraterna.se\/uppsala\/nya-toppkandidater-i-regionvalet-2026\/"},"wordCount":98,"publisher":{"@id":"https:\/\/wp.kristdemokraterna.se\/uppsala\/#organization"},"articleSection":["Senaste inl\u00e4gg"],"inLanguage":"sv-SE"},{"@type":"WebPage","@id":"https:\/\/wp.kristdemokraterna.se\/uppsala\/nya-toppkandidater-i-regionvalet-2026\/","url":"https:\/\/wp.kristdemokraterna.se\/uppsala\/nya-toppkandidater-i-regionvalet-2026\/","name":"Nya toppkandidater i regionvalet 2026 | Kristdemokraterna | Uppsala","isPartOf":{"@id":"https:\/\/wp.kristdemokraterna.se\/uppsala\/#website"},"datePublished":"2026-04-02T19:17:17+00:00","dateModified":"2026-04-26T06:31:18+00:00","breadcrumb":{"@id":"https:\/\/wp.kristdemokraterna.se\/uppsala\/nya-toppkandidater-i-regionvalet-2026\/#breadcrumb"},"inLanguage":"sv-SE","potentialAction":[{"@type":"ReadAction","target":["https:\/\/wp.kristdemokraterna.se\/uppsala\/nya-toppkandidater-i-regionvalet-2026\/"]}]},{"@type":"BreadcrumbList","@id":"https:\/\/wp.kristdemokraterna.se\/uppsala\/nya-toppkandidater-i-regionvalet-2026\/#breadcrumb","itemListElement":[{"@type":"ListItem","position":1,"name":"Hem","item":"https:\/\/wp.kristdemokraterna.se\/uppsala\/"},{"@type":"ListItem","position":2,"name":"Nya toppkandidater i regionvalet 2026"}]},{"@type":"WebSite","@id":"https:\/\/wp.kristdemokraterna.se\/uppsala\/#website","url":"https:\/\/wp.kristdemokraterna.se\/uppsala\/","name":"Kristdemokraterna Uppsala","description":"Tryggare Uppsala","publisher":{"@id":"https:\/\/wp.kristdemokraterna.se\/uppsala\/#organization"},"inLanguage":"sv-SE"},{"@type":"Organization","@id":"https:\/\/wp.kristdemokraterna.se\/uppsala\/#organization","name":"Kristdemokraterna Uppsala","url":"https:\/\/wp.kristdemokraterna.se\/uppsala\/","logo":{"@type":"ImageObject","inLanguage":"sv-SE","@id":"https:\/\/wp.kristdemokraterna.se\/uppsala\/#\/schema\/logo\/image\/","url":"https:\/\/wp.kristdemokraterna.se\/uppsala\/files\/2019\/10\/kd-uppsala.png","contentUrl":"https:\/\/wp.kristdemokraterna.se\/uppsala\/files\/2019\/10\/kd-uppsala.png","width":804,"height":421,"caption":"Kristdemokraterna Uppsala"},"image":{"@id":"https:\/\/wp.kristdemokraterna.se\/uppsala\/#\/schema\/logo\/image\/"},"sameAs":["https:\/\/www.facebook.com\/UppsalaKD\/","https:\/\/www.instagram.com\/uppsalakd\/"]},{"@type":"Person","@id":"https:\/\/wp.kristdemokraterna.se\/uppsala\/#\/schema\/person\/f3d1084f00ebc70ea4372925042aa867","name":"Frida Bj\u00f6rk","image":{"@type":"ImageObject","inLanguage":"sv-SE","@id":"https:\/\/secure.gravatar.com\/avatar\/c0af612f9317bbc66a2a1d63709ee4402a766e5eefbd7a7761acfb6fc3c75468?s=96&r=g","url":"https:\/\/secure.gravatar.com\/avatar\/c0af612f9317bbc66a2a1d63709ee4402a766e5eefbd7a7761acfb6fc3c75468?s=96&r=g","contentUrl":"https:\/\/secure.gravatar.com\/avatar\/c0af612f9317bbc66a2a1d63709ee4402a766e5eefbd7a7761acfb6fc3c75468?s=96&r=g","caption":"Frida Bj\u00f6rk"},"url":"https:\/\/wp.kristdemokraterna.se\/uppsala\/author\/fridabjork\/"}]}},"_links":{"self":[{"href":"https:\/\/wp.kristdemokraterna.se\/uppsala\/wp-json\/wp\/v2\/posts\/5013","targetHints":{"allow":["GET"]}}],"collection":[{"href":"https:\/\/wp.kristdemokraterna.se\/uppsala\/wp-json\/wp\/v2\/posts"}],"about":[{"href":"https:\/\/wp.kristdemokraterna.se\/uppsala\/wp-json\/wp\/v2\/types\/post"}],"author":[{"embeddable":true,"href":"https:\/\/wp.kristdemokraterna.se\/uppsala\/wp-json\/wp\/v2\/users\/1055"}],"replies":[{"embeddable":true,"href":"https:\/\/wp.kristdemokraterna.se\/uppsala\/wp-json\/wp\/v2\/comments?post=5013"}],"version-history":[{"count":4,"href":"https:\/\/wp.kristdemokraterna.se\/uppsala\/wp-json\/wp\/v2\/posts\/5013\/revisions"}],"predecessor-version":[{"id":5043,"href":"https:\/\/wp.kristdemokraterna.se\/uppsala\/wp-json\/wp\/v2\/posts\/5013\/revisions\/5043"}],"wp:attachment":[{"href":"https:\/\/wp.kristdemokraterna.se\/uppsala\/wp-json\/wp\/v2\/media?parent=5013"}],"wp:term":[{"taxonomy":"category","embeddable":true,"href":"https:\/\/wp.kristdemokraterna.se\/uppsala\/wp-json\/wp\/v2\/categories?post=5013"},{"taxonomy":"post_tag","embeddable":true,"href":"https:\/\/wp.kristdemokraterna.se\/uppsala\/wp-json\/wp\/v2\/tags?post=5013"}],"curies":[{"name":"wp","href":"https:\/\/api.w.org\/{rel}","templated":true}]}}