{"id":526,"date":"2012-08-09T19:09:15","date_gmt":"2012-08-09T17:09:15","guid":{"rendered":"http:\/\/www.uppsala.kristdemokraterna.se\/?p=526"},"modified":"2024-04-03T20:48:13","modified_gmt":"2024-04-03T18:48:13","slug":"om-kvoterad-foraldraforsakring","status":"publish","type":"post","link":"https:\/\/wp.kristdemokraterna.se\/uppsala\/om-kvoterad-foraldraforsakring\/","title":{"rendered":"Om kvoterad f\u00f6r\u00e4ldraf\u00f6rs\u00e4kring!"},"content":{"rendered":"<p>I bifogat debattinl\u00e4gg fr\u00e5gar kristdemokraten Bj\u00f6rn-Owe Bj\u00f6rk fr\u00e5n Knivsta hur l\u00e4nets socialdemokratiska riksdagsledam\u00f6ter avser r\u00f6sta i fr\u00e5gan om kvoterad f\u00f6r\u00e4ldraf\u00f6rs\u00e4kring.<\/p>\n<p><strong>Vi kristdemokrater vill att besluten om f\u00f6r\u00e4ldrarnas tid med barnen ska fattas vid k\u00f6ksborden och inte vid sammantr\u00e4desborden, s\u00e4ger Bj\u00f6rn-Owe Bj\u00f6rk.<\/strong><\/p>\n<p>http:\/\/www.unt.se\/debatt\/varfor-struntar-s-i-livspusslet-1801585.aspx<\/p>\n","protected":false},"excerpt":{"rendered":"<p>I bifogat debattinl\u00e4gg fr\u00e5gar kristdemokraten Bj\u00f6rn-Owe Bj\u00f6rk fr\u00e5n Knivsta hur l\u00e4nets socialdemokratiska riksdagsledam\u00f6ter avser r\u00f6sta i fr\u00e5gan om kvoterad f\u00f6r\u00e4ldraf\u00f6rs\u00e4kring. Vi kristdemokrater vill att besluten om f\u00f6r\u00e4ldrarnas tid med barnen ska fattas vid k\u00f6ksborden och inte vid sammantr\u00e4desborden, s\u00e4ger Bj\u00f6rn-Owe Bj\u00f6rk. http:\/\/www.unt.se\/debatt\/varfor-struntar-s-i-livspusslet-1801585.aspx<\/p>\n","protected":false},"author":444,"featured_media":0,"comment_status":"closed","ping_status":"closed","sticky":false,"template":"","format":"standard","meta":{"_acf_changed":false,"footnotes":""},"categories":[241],"tags":[16],"class_list":["post-526","post","type-post","status-publish","format-standard","hentry","category-familj-och-skola","tag-foraldraforsakring"],"acf":[],"yoast_head":"<!-- This site is optimized with the Yoast SEO plugin v27.4 - https:\/\/yoast.com\/product\/yoast-seo-wordpress\/ -->\n<title>Om kvoterad f\u00f6r\u00e4ldraf\u00f6rs\u00e4kring! | Kristdemokraterna | Uppsala<\/title>\n<meta name=\"robots\" content=\"index, follow, max-snippet:-1, max-image-preview:large, max-video-preview:-1\" \/>\n<link rel=\"canonical\" href=\"https:\/\/wp.kristdemokraterna.se\/uppsala\/om-kvoterad-foraldraforsakring\/\" \/>\n<meta property=\"og:locale\" content=\"sv_SE\" \/>\n<meta property=\"og:type\" content=\"article\" \/>\n<meta property=\"og:title\" content=\"Om kvoterad f\u00f6r\u00e4ldraf\u00f6rs\u00e4kring! | Kristdemokraterna | Uppsala\" \/>\n<meta property=\"og:description\" content=\"I bifogat debattinl\u00e4gg fr\u00e5gar kristdemokraten Bj\u00f6rn-Owe Bj\u00f6rk fr\u00e5n Knivsta hur l\u00e4nets socialdemokratiska riksdagsledam\u00f6ter avser r\u00f6sta i fr\u00e5gan om kvoterad f\u00f6r\u00e4ldraf\u00f6rs\u00e4kring. Vi kristdemokrater vill att besluten om f\u00f6r\u00e4ldrarnas tid med barnen ska fattas vid k\u00f6ksborden och inte vid sammantr\u00e4desborden, s\u00e4ger Bj\u00f6rn-Owe Bj\u00f6rk. http:\/\/www.unt.se\/debatt\/varfor-struntar-s-i-livspusslet-1801585.aspx\" \/>\n<meta property=\"og:url\" content=\"https:\/\/wp.kristdemokraterna.se\/uppsala\/om-kvoterad-foraldraforsakring\/\" \/>\n<meta property=\"og:site_name\" content=\"Kristdemokraterna | Uppsala\" \/>\n<meta property=\"article:publisher\" content=\"https:\/\/www.facebook.com\/UppsalaKD\/\" \/>\n<meta property=\"article:published_time\" content=\"2012-08-09T17:09:15+00:00\" \/>\n<meta property=\"article:modified_time\" content=\"2024-04-03T18:48:13+00:00\" \/>\n<meta property=\"og:image\" content=\"https:\/\/wp.kristdemokraterna.se\/uppsala\/files\/2021\/12\/kom1.png\" \/>\n\t<meta property=\"og:image:width\" content=\"770\" \/>\n\t<meta property=\"og:image:height\" content=\"404\" \/>\n\t<meta property=\"og:image:type\" content=\"image\/png\" \/>\n<meta name=\"author\" content=\"helpdesk\" \/>\n<meta name=\"twitter:card\" content=\"summary_large_image\" \/>\n<meta name=\"twitter:label1\" content=\"Skriven av\" \/>\n\t<meta name=\"twitter:data1\" content=\"helpdesk\" \/>\n<script type=\"application\/ld+json\" class=\"yoast-schema-graph\">{\"@context\":\"https:\\\/\\\/schema.org\",\"@graph\":[{\"@type\":\"Article\",\"@id\":\"https:\\\/\\\/wp.kristdemokraterna.se\\\/uppsala\\\/om-kvoterad-foraldraforsakring\\\/#article\",\"isPartOf\":{\"@id\":\"https:\\\/\\\/wp.kristdemokraterna.se\\\/uppsala\\\/om-kvoterad-foraldraforsakring\\\/\"},\"author\":{\"name\":\"helpdesk\",\"@id\":\"https:\\\/\\\/wp.kristdemokraterna.se\\\/uppsala\\\/#\\\/schema\\\/person\\\/98d27838d17178471da5e8a56aa604a4\"},\"headline\":\"Om kvoterad f\u00f6r\u00e4ldraf\u00f6rs\u00e4kring!\",\"datePublished\":\"2012-08-09T17:09:15+00:00\",\"dateModified\":\"2024-04-03T18:48:13+00:00\",\"mainEntityOfPage\":{\"@id\":\"https:\\\/\\\/wp.kristdemokraterna.se\\\/uppsala\\\/om-kvoterad-foraldraforsakring\\\/\"},\"wordCount\":75,\"publisher\":{\"@id\":\"https:\\\/\\\/wp.kristdemokraterna.se\\\/uppsala\\\/#organization\"},\"keywords\":[\"f\u00f6r\u00e4ldraf\u00f6rs\u00e4kring\"],\"articleSection\":[\"Familj &amp; skola\"],\"inLanguage\":\"sv-SE\"},{\"@type\":\"WebPage\",\"@id\":\"https:\\\/\\\/wp.kristdemokraterna.se\\\/uppsala\\\/om-kvoterad-foraldraforsakring\\\/\",\"url\":\"https:\\\/\\\/wp.kristdemokraterna.se\\\/uppsala\\\/om-kvoterad-foraldraforsakring\\\/\",\"name\":\"Om kvoterad f\u00f6r\u00e4ldraf\u00f6rs\u00e4kring! | Kristdemokraterna | Uppsala\",\"isPartOf\":{\"@id\":\"https:\\\/\\\/wp.kristdemokraterna.se\\\/uppsala\\\/#website\"},\"datePublished\":\"2012-08-09T17:09:15+00:00\",\"dateModified\":\"2024-04-03T18:48:13+00:00\",\"breadcrumb\":{\"@id\":\"https:\\\/\\\/wp.kristdemokraterna.se\\\/uppsala\\\/om-kvoterad-foraldraforsakring\\\/#breadcrumb\"},\"inLanguage\":\"sv-SE\",\"potentialAction\":[{\"@type\":\"ReadAction\",\"target\":[\"https:\\\/\\\/wp.kristdemokraterna.se\\\/uppsala\\\/om-kvoterad-foraldraforsakring\\\/\"]}]},{\"@type\":\"BreadcrumbList\",\"@id\":\"https:\\\/\\\/wp.kristdemokraterna.se\\\/uppsala\\\/om-kvoterad-foraldraforsakring\\\/#breadcrumb\",\"itemListElement\":[{\"@type\":\"ListItem\",\"position\":1,\"name\":\"Hem\",\"item\":\"https:\\\/\\\/wp.kristdemokraterna.se\\\/uppsala\\\/\"},{\"@type\":\"ListItem\",\"position\":2,\"name\":\"Om kvoterad f\u00f6r\u00e4ldraf\u00f6rs\u00e4kring!\"}]},{\"@type\":\"WebSite\",\"@id\":\"https:\\\/\\\/wp.kristdemokraterna.se\\\/uppsala\\\/#website\",\"url\":\"https:\\\/\\\/wp.kristdemokraterna.se\\\/uppsala\\\/\",\"name\":\"Kristdemokraterna Uppsala\",\"description\":\"Tryggare Uppsala\",\"publisher\":{\"@id\":\"https:\\\/\\\/wp.kristdemokraterna.se\\\/uppsala\\\/#organization\"},\"inLanguage\":\"sv-SE\"},{\"@type\":\"Organization\",\"@id\":\"https:\\\/\\\/wp.kristdemokraterna.se\\\/uppsala\\\/#organization\",\"name\":\"Kristdemokraterna Uppsala\",\"url\":\"https:\\\/\\\/wp.kristdemokraterna.se\\\/uppsala\\\/\",\"logo\":{\"@type\":\"ImageObject\",\"inLanguage\":\"sv-SE\",\"@id\":\"https:\\\/\\\/wp.kristdemokraterna.se\\\/uppsala\\\/#\\\/schema\\\/logo\\\/image\\\/\",\"url\":\"https:\\\/\\\/wp.kristdemokraterna.se\\\/uppsala\\\/files\\\/2019\\\/10\\\/kd-uppsala.png\",\"contentUrl\":\"https:\\\/\\\/wp.kristdemokraterna.se\\\/uppsala\\\/files\\\/2019\\\/10\\\/kd-uppsala.png\",\"width\":804,\"height\":421,\"caption\":\"Kristdemokraterna Uppsala\"},\"image\":{\"@id\":\"https:\\\/\\\/wp.kristdemokraterna.se\\\/uppsala\\\/#\\\/schema\\\/logo\\\/image\\\/\"},\"sameAs\":[\"https:\\\/\\\/www.facebook.com\\\/UppsalaKD\\\/\",\"https:\\\/\\\/www.instagram.com\\\/uppsalakd\\\/\"]},{\"@type\":\"Person\",\"@id\":\"https:\\\/\\\/wp.kristdemokraterna.se\\\/uppsala\\\/#\\\/schema\\\/person\\\/98d27838d17178471da5e8a56aa604a4\",\"name\":\"helpdesk\",\"image\":{\"@type\":\"ImageObject\",\"inLanguage\":\"sv-SE\",\"@id\":\"https:\\\/\\\/secure.gravatar.com\\\/avatar\\\/2e747bc9a7d4e5a6ecca7d851e4175129f995f3f6d9ef18734d1ff623abe4a88?s=96&r=g\",\"url\":\"https:\\\/\\\/secure.gravatar.com\\\/avatar\\\/2e747bc9a7d4e5a6ecca7d851e4175129f995f3f6d9ef18734d1ff623abe4a88?s=96&r=g\",\"contentUrl\":\"https:\\\/\\\/secure.gravatar.com\\\/avatar\\\/2e747bc9a7d4e5a6ecca7d851e4175129f995f3f6d9ef18734d1ff623abe4a88?s=96&r=g\",\"caption\":\"helpdesk\"},\"url\":\"https:\\\/\\\/wp.kristdemokraterna.se\\\/uppsala\\\/author\\\/helpdesk\\\/\"}]}<\/script>\n<!-- \/ Yoast SEO plugin. -->","yoast_head_json":{"title":"Om kvoterad f\u00f6r\u00e4ldraf\u00f6rs\u00e4kring! | Kristdemokraterna | Uppsala","robots":{"index":"index","follow":"follow","max-snippet":"max-snippet:-1","max-image-preview":"max-image-preview:large","max-video-preview":"max-video-preview:-1"},"canonical":"https:\/\/wp.kristdemokraterna.se\/uppsala\/om-kvoterad-foraldraforsakring\/","og_locale":"sv_SE","og_type":"article","og_title":"Om kvoterad f\u00f6r\u00e4ldraf\u00f6rs\u00e4kring! | Kristdemokraterna | Uppsala","og_description":"I bifogat debattinl\u00e4gg fr\u00e5gar kristdemokraten Bj\u00f6rn-Owe Bj\u00f6rk fr\u00e5n Knivsta hur l\u00e4nets socialdemokratiska riksdagsledam\u00f6ter avser r\u00f6sta i fr\u00e5gan om kvoterad f\u00f6r\u00e4ldraf\u00f6rs\u00e4kring. Vi kristdemokrater vill att besluten om f\u00f6r\u00e4ldrarnas tid med barnen ska fattas vid k\u00f6ksborden och inte vid sammantr\u00e4desborden, s\u00e4ger Bj\u00f6rn-Owe Bj\u00f6rk. http:\/\/www.unt.se\/debatt\/varfor-struntar-s-i-livspusslet-1801585.aspx","og_url":"https:\/\/wp.kristdemokraterna.se\/uppsala\/om-kvoterad-foraldraforsakring\/","og_site_name":"Kristdemokraterna | Uppsala","article_publisher":"https:\/\/www.facebook.com\/UppsalaKD\/","article_published_time":"2012-08-09T17:09:15+00:00","article_modified_time":"2024-04-03T18:48:13+00:00","og_image":[{"width":770,"height":404,"url":"https:\/\/wp.kristdemokraterna.se\/uppsala\/files\/2021\/12\/kom1.png","type":"image\/png"}],"author":"helpdesk","twitter_card":"summary_large_image","twitter_misc":{"Skriven av":"helpdesk"},"schema":{"@context":"https:\/\/schema.org","@graph":[{"@type":"Article","@id":"https:\/\/wp.kristdemokraterna.se\/uppsala\/om-kvoterad-foraldraforsakring\/#article","isPartOf":{"@id":"https:\/\/wp.kristdemokraterna.se\/uppsala\/om-kvoterad-foraldraforsakring\/"},"author":{"name":"helpdesk","@id":"https:\/\/wp.kristdemokraterna.se\/uppsala\/#\/schema\/person\/98d27838d17178471da5e8a56aa604a4"},"headline":"Om kvoterad f\u00f6r\u00e4ldraf\u00f6rs\u00e4kring!","datePublished":"2012-08-09T17:09:15+00:00","dateModified":"2024-04-03T18:48:13+00:00","mainEntityOfPage":{"@id":"https:\/\/wp.kristdemokraterna.se\/uppsala\/om-kvoterad-foraldraforsakring\/"},"wordCount":75,"publisher":{"@id":"https:\/\/wp.kristdemokraterna.se\/uppsala\/#organization"},"keywords":["f\u00f6r\u00e4ldraf\u00f6rs\u00e4kring"],"articleSection":["Familj &amp; skola"],"inLanguage":"sv-SE"},{"@type":"WebPage","@id":"https:\/\/wp.kristdemokraterna.se\/uppsala\/om-kvoterad-foraldraforsakring\/","url":"https:\/\/wp.kristdemokraterna.se\/uppsala\/om-kvoterad-foraldraforsakring\/","name":"Om kvoterad f\u00f6r\u00e4ldraf\u00f6rs\u00e4kring! | Kristdemokraterna | Uppsala","isPartOf":{"@id":"https:\/\/wp.kristdemokraterna.se\/uppsala\/#website"},"datePublished":"2012-08-09T17:09:15+00:00","dateModified":"2024-04-03T18:48:13+00:00","breadcrumb":{"@id":"https:\/\/wp.kristdemokraterna.se\/uppsala\/om-kvoterad-foraldraforsakring\/#breadcrumb"},"inLanguage":"sv-SE","potentialAction":[{"@type":"ReadAction","target":["https:\/\/wp.kristdemokraterna.se\/uppsala\/om-kvoterad-foraldraforsakring\/"]}]},{"@type":"BreadcrumbList","@id":"https:\/\/wp.kristdemokraterna.se\/uppsala\/om-kvoterad-foraldraforsakring\/#breadcrumb","itemListElement":[{"@type":"ListItem","position":1,"name":"Hem","item":"https:\/\/wp.kristdemokraterna.se\/uppsala\/"},{"@type":"ListItem","position":2,"name":"Om kvoterad f\u00f6r\u00e4ldraf\u00f6rs\u00e4kring!"}]},{"@type":"WebSite","@id":"https:\/\/wp.kristdemokraterna.se\/uppsala\/#website","url":"https:\/\/wp.kristdemokraterna.se\/uppsala\/","name":"Kristdemokraterna Uppsala","description":"Tryggare Uppsala","publisher":{"@id":"https:\/\/wp.kristdemokraterna.se\/uppsala\/#organization"},"inLanguage":"sv-SE"},{"@type":"Organization","@id":"https:\/\/wp.kristdemokraterna.se\/uppsala\/#organization","name":"Kristdemokraterna Uppsala","url":"https:\/\/wp.kristdemokraterna.se\/uppsala\/","logo":{"@type":"ImageObject","inLanguage":"sv-SE","@id":"https:\/\/wp.kristdemokraterna.se\/uppsala\/#\/schema\/logo\/image\/","url":"https:\/\/wp.kristdemokraterna.se\/uppsala\/files\/2019\/10\/kd-uppsala.png","contentUrl":"https:\/\/wp.kristdemokraterna.se\/uppsala\/files\/2019\/10\/kd-uppsala.png","width":804,"height":421,"caption":"Kristdemokraterna Uppsala"},"image":{"@id":"https:\/\/wp.kristdemokraterna.se\/uppsala\/#\/schema\/logo\/image\/"},"sameAs":["https:\/\/www.facebook.com\/UppsalaKD\/","https:\/\/www.instagram.com\/uppsalakd\/"]},{"@type":"Person","@id":"https:\/\/wp.kristdemokraterna.se\/uppsala\/#\/schema\/person\/98d27838d17178471da5e8a56aa604a4","name":"helpdesk","image":{"@type":"ImageObject","inLanguage":"sv-SE","@id":"https:\/\/secure.gravatar.com\/avatar\/2e747bc9a7d4e5a6ecca7d851e4175129f995f3f6d9ef18734d1ff623abe4a88?s=96&r=g","url":"https:\/\/secure.gravatar.com\/avatar\/2e747bc9a7d4e5a6ecca7d851e4175129f995f3f6d9ef18734d1ff623abe4a88?s=96&r=g","contentUrl":"https:\/\/secure.gravatar.com\/avatar\/2e747bc9a7d4e5a6ecca7d851e4175129f995f3f6d9ef18734d1ff623abe4a88?s=96&r=g","caption":"helpdesk"},"url":"https:\/\/wp.kristdemokraterna.se\/uppsala\/author\/helpdesk\/"}]}},"_links":{"self":[{"href":"https:\/\/wp.kristdemokraterna.se\/uppsala\/wp-json\/wp\/v2\/posts\/526","targetHints":{"allow":["GET"]}}],"collection":[{"href":"https:\/\/wp.kristdemokraterna.se\/uppsala\/wp-json\/wp\/v2\/posts"}],"about":[{"href":"https:\/\/wp.kristdemokraterna.se\/uppsala\/wp-json\/wp\/v2\/types\/post"}],"author":[{"embeddable":true,"href":"https:\/\/wp.kristdemokraterna.se\/uppsala\/wp-json\/wp\/v2\/users\/444"}],"replies":[{"embeddable":true,"href":"https:\/\/wp.kristdemokraterna.se\/uppsala\/wp-json\/wp\/v2\/comments?post=526"}],"version-history":[{"count":1,"href":"https:\/\/wp.kristdemokraterna.se\/uppsala\/wp-json\/wp\/v2\/posts\/526\/revisions"}],"predecessor-version":[{"id":4660,"href":"https:\/\/wp.kristdemokraterna.se\/uppsala\/wp-json\/wp\/v2\/posts\/526\/revisions\/4660"}],"wp:attachment":[{"href":"https:\/\/wp.kristdemokraterna.se\/uppsala\/wp-json\/wp\/v2\/media?parent=526"}],"wp:term":[{"taxonomy":"category","embeddable":true,"href":"https:\/\/wp.kristdemokraterna.se\/uppsala\/wp-json\/wp\/v2\/categories?post=526"},{"taxonomy":"post_tag","embeddable":true,"href":"https:\/\/wp.kristdemokraterna.se\/uppsala\/wp-json\/wp\/v2\/tags?post=526"}],"curies":[{"name":"wp","href":"https:\/\/api.w.org\/{rel}","templated":true}]}}