{"id":540,"date":"2012-09-03T14:29:24","date_gmt":"2012-09-03T12:29:24","guid":{"rendered":"http:\/\/www.uppsala.kristdemokraterna.se\/?p=540"},"modified":"2024-04-07T18:55:29","modified_gmt":"2024-04-07T16:55:29","slug":"kd-uppsala-valkomnar-satsning-pa-forenklade-byggregler","status":"publish","type":"post","link":"https:\/\/wp.kristdemokraterna.se\/uppsala\/kd-uppsala-valkomnar-satsning-pa-forenklade-byggregler\/","title":{"rendered":"Kd-Uppsala v\u00e4lkomnar satsning p\u00e5 f\u00f6renklade byggregler"},"content":{"rendered":"<p><strong>&#8211; Jag \u00e4r v\u00e4ldigt glad att Stefan Attefall idag markerat att regeringens linje \u00e4r att dagens byggregler \u00e4r f\u00f6r strikta och motverkar byggandet av sm\u00e5 billiga l\u00e4genheter. Men f\u00f6r mig \u00e4r en f\u00f6renkling av byggreglerna f\u00f6r ungdoms- och studentbost\u00e4der bara ett f\u00f6rsta steg. Det finns \u00e4ven andra grupper d\u00e4r m\u00e5nga idag s\u00f6ker lite enklare och billigare l\u00e4genheter dessa b\u00f6r ocks\u00e5 f\u00e5 m\u00f6jligheten att hitta en boende som passar dem, s\u00e4ger Ebba Busch i en kommentar<\/strong><\/p>\n<p>Idag har bostadsminister Stefan Attefall presenterat regeringens kommande f\u00f6rslag om att f\u00f6renkla byggreglerna f\u00f6r ungdoms- och studentbost\u00e4der. Redan i v\u00e5ras beslutade Uppsala kommunfullm\u00e4ktige att ge Plan- och byggnadsn\u00e4mnden i uppdrag att kontakta regeringen med f\u00f6rslaget att g\u00f6ra Uppsala till testkommun f\u00f6r s\u00e5dan f\u00f6renklade regler.<\/p>\n<p>&#8211; Byggreglerna \u00e4r i grunden positiva och till f\u00f6r att s\u00e4kerst\u00e4lla ett gott boende. Problemet \u00e4r att de i vissa fall blivit s\u00e5 strikta och tolkas s\u00e5 strikt att de kraftigt f\u00f6rsv\u00e5rar och i centrala l\u00e4gen n\u00e4stintill om\u00f6jligg\u00f6r byggandet av sm\u00e5 billiga l\u00e4genheter, avslutar Ebba Busch.<\/p>\n","protected":false},"excerpt":{"rendered":"<p>&#8211; Jag \u00e4r v\u00e4ldigt glad att Stefan Attefall idag markerat att regeringens linje \u00e4r att dagens byggregler \u00e4r f\u00f6r strikta och motverkar byggandet av sm\u00e5 billiga l\u00e4genheter. Men f\u00f6r mig \u00e4r en f\u00f6renkling av byggreglerna f\u00f6r ungdoms- och studentbost\u00e4der bara ett f\u00f6rsta steg. Det finns \u00e4ven andra grupper d\u00e4r m\u00e5nga idag s\u00f6ker lite enklare och <a class=\"read-more-link\" href=\"https:\/\/wp.kristdemokraterna.se\/uppsala\/kd-uppsala-valkomnar-satsning-pa-forenklade-byggregler\/\">Read More<\/a><\/p>\n","protected":false},"author":573,"featured_media":0,"comment_status":"closed","ping_status":"closed","sticky":false,"template":"","format":"standard","meta":{"_acf_changed":false,"footnotes":""},"categories":[232],"tags":[12,38],"class_list":["post-540","post","type-post","status-publish","format-standard","hentry","category-kollektivtrafik-o-stadsplanering","tag-ebbabusch","tag-uppsala"],"acf":[],"yoast_head":"<!-- This site is optimized with the Yoast SEO plugin v27.4 - https:\/\/yoast.com\/product\/yoast-seo-wordpress\/ -->\n<title>Kd-Uppsala v\u00e4lkomnar satsning p\u00e5 f\u00f6renklade byggregler | Kristdemokraterna | Uppsala<\/title>\n<meta name=\"robots\" content=\"index, follow, max-snippet:-1, max-image-preview:large, max-video-preview:-1\" \/>\n<link rel=\"canonical\" href=\"https:\/\/wp.kristdemokraterna.se\/uppsala\/kd-uppsala-valkomnar-satsning-pa-forenklade-byggregler\/\" \/>\n<meta property=\"og:locale\" content=\"sv_SE\" \/>\n<meta property=\"og:type\" content=\"article\" \/>\n<meta property=\"og:title\" content=\"Kd-Uppsala v\u00e4lkomnar satsning p\u00e5 f\u00f6renklade byggregler | Kristdemokraterna | Uppsala\" \/>\n<meta property=\"og:description\" content=\"&#8211; Jag \u00e4r v\u00e4ldigt glad att Stefan Attefall idag markerat att regeringens linje \u00e4r att dagens byggregler \u00e4r f\u00f6r strikta och motverkar byggandet av sm\u00e5 billiga l\u00e4genheter. Men f\u00f6r mig \u00e4r en f\u00f6renkling av byggreglerna f\u00f6r ungdoms- och studentbost\u00e4der bara ett f\u00f6rsta steg. Det finns \u00e4ven andra grupper d\u00e4r m\u00e5nga idag s\u00f6ker lite enklare och Read More\" \/>\n<meta property=\"og:url\" content=\"https:\/\/wp.kristdemokraterna.se\/uppsala\/kd-uppsala-valkomnar-satsning-pa-forenklade-byggregler\/\" \/>\n<meta property=\"og:site_name\" content=\"Kristdemokraterna | Uppsala\" \/>\n<meta property=\"article:publisher\" content=\"https:\/\/www.facebook.com\/UppsalaKD\/\" \/>\n<meta property=\"article:published_time\" content=\"2012-09-03T12:29:24+00:00\" \/>\n<meta property=\"article:modified_time\" content=\"2024-04-07T16:55:29+00:00\" \/>\n<meta property=\"og:image\" content=\"https:\/\/wp.kristdemokraterna.se\/uppsala\/files\/2021\/12\/kom1.png\" \/>\n\t<meta property=\"og:image:width\" content=\"770\" \/>\n\t<meta property=\"og:image:height\" content=\"404\" \/>\n\t<meta property=\"og:image:type\" content=\"image\/png\" \/>\n<meta name=\"author\" content=\"SW\" \/>\n<meta name=\"twitter:card\" content=\"summary_large_image\" \/>\n<meta name=\"twitter:label1\" content=\"Skriven av\" \/>\n\t<meta name=\"twitter:data1\" content=\"SW\" \/>\n\t<meta name=\"twitter:label2\" content=\"Ber\u00e4knad l\u00e4stid\" \/>\n\t<meta name=\"twitter:data2\" content=\"1 minut\" \/>\n<script type=\"application\/ld+json\" class=\"yoast-schema-graph\">{\"@context\":\"https:\\\/\\\/schema.org\",\"@graph\":[{\"@type\":\"Article\",\"@id\":\"https:\\\/\\\/wp.kristdemokraterna.se\\\/uppsala\\\/kd-uppsala-valkomnar-satsning-pa-forenklade-byggregler\\\/#article\",\"isPartOf\":{\"@id\":\"https:\\\/\\\/wp.kristdemokraterna.se\\\/uppsala\\\/kd-uppsala-valkomnar-satsning-pa-forenklade-byggregler\\\/\"},\"author\":{\"name\":\"SW\",\"@id\":\"https:\\\/\\\/wp.kristdemokraterna.se\\\/uppsala\\\/#\\\/schema\\\/person\\\/f9cb6b74e31f645af15b3e679e859ee6\"},\"headline\":\"Kd-Uppsala v\u00e4lkomnar satsning p\u00e5 f\u00f6renklade byggregler\",\"datePublished\":\"2012-09-03T12:29:24+00:00\",\"dateModified\":\"2024-04-07T16:55:29+00:00\",\"mainEntityOfPage\":{\"@id\":\"https:\\\/\\\/wp.kristdemokraterna.se\\\/uppsala\\\/kd-uppsala-valkomnar-satsning-pa-forenklade-byggregler\\\/\"},\"wordCount\":210,\"publisher\":{\"@id\":\"https:\\\/\\\/wp.kristdemokraterna.se\\\/uppsala\\\/#organization\"},\"keywords\":[\"Ebba Busch\",\"Uppsala\"],\"articleSection\":[\"Kollektivtrafik &amp; Stadsplanering\"],\"inLanguage\":\"sv-SE\"},{\"@type\":\"WebPage\",\"@id\":\"https:\\\/\\\/wp.kristdemokraterna.se\\\/uppsala\\\/kd-uppsala-valkomnar-satsning-pa-forenklade-byggregler\\\/\",\"url\":\"https:\\\/\\\/wp.kristdemokraterna.se\\\/uppsala\\\/kd-uppsala-valkomnar-satsning-pa-forenklade-byggregler\\\/\",\"name\":\"Kd-Uppsala v\u00e4lkomnar satsning p\u00e5 f\u00f6renklade byggregler | Kristdemokraterna | Uppsala\",\"isPartOf\":{\"@id\":\"https:\\\/\\\/wp.kristdemokraterna.se\\\/uppsala\\\/#website\"},\"datePublished\":\"2012-09-03T12:29:24+00:00\",\"dateModified\":\"2024-04-07T16:55:29+00:00\",\"breadcrumb\":{\"@id\":\"https:\\\/\\\/wp.kristdemokraterna.se\\\/uppsala\\\/kd-uppsala-valkomnar-satsning-pa-forenklade-byggregler\\\/#breadcrumb\"},\"inLanguage\":\"sv-SE\",\"potentialAction\":[{\"@type\":\"ReadAction\",\"target\":[\"https:\\\/\\\/wp.kristdemokraterna.se\\\/uppsala\\\/kd-uppsala-valkomnar-satsning-pa-forenklade-byggregler\\\/\"]}]},{\"@type\":\"BreadcrumbList\",\"@id\":\"https:\\\/\\\/wp.kristdemokraterna.se\\\/uppsala\\\/kd-uppsala-valkomnar-satsning-pa-forenklade-byggregler\\\/#breadcrumb\",\"itemListElement\":[{\"@type\":\"ListItem\",\"position\":1,\"name\":\"Hem\",\"item\":\"https:\\\/\\\/wp.kristdemokraterna.se\\\/uppsala\\\/\"},{\"@type\":\"ListItem\",\"position\":2,\"name\":\"Kd-Uppsala v\u00e4lkomnar satsning p\u00e5 f\u00f6renklade byggregler\"}]},{\"@type\":\"WebSite\",\"@id\":\"https:\\\/\\\/wp.kristdemokraterna.se\\\/uppsala\\\/#website\",\"url\":\"https:\\\/\\\/wp.kristdemokraterna.se\\\/uppsala\\\/\",\"name\":\"Kristdemokraterna Uppsala\",\"description\":\"Tryggare Uppsala\",\"publisher\":{\"@id\":\"https:\\\/\\\/wp.kristdemokraterna.se\\\/uppsala\\\/#organization\"},\"inLanguage\":\"sv-SE\"},{\"@type\":\"Organization\",\"@id\":\"https:\\\/\\\/wp.kristdemokraterna.se\\\/uppsala\\\/#organization\",\"name\":\"Kristdemokraterna Uppsala\",\"url\":\"https:\\\/\\\/wp.kristdemokraterna.se\\\/uppsala\\\/\",\"logo\":{\"@type\":\"ImageObject\",\"inLanguage\":\"sv-SE\",\"@id\":\"https:\\\/\\\/wp.kristdemokraterna.se\\\/uppsala\\\/#\\\/schema\\\/logo\\\/image\\\/\",\"url\":\"https:\\\/\\\/wp.kristdemokraterna.se\\\/uppsala\\\/files\\\/2019\\\/10\\\/kd-uppsala.png\",\"contentUrl\":\"https:\\\/\\\/wp.kristdemokraterna.se\\\/uppsala\\\/files\\\/2019\\\/10\\\/kd-uppsala.png\",\"width\":804,\"height\":421,\"caption\":\"Kristdemokraterna Uppsala\"},\"image\":{\"@id\":\"https:\\\/\\\/wp.kristdemokraterna.se\\\/uppsala\\\/#\\\/schema\\\/logo\\\/image\\\/\"},\"sameAs\":[\"https:\\\/\\\/www.facebook.com\\\/UppsalaKD\\\/\",\"https:\\\/\\\/www.instagram.com\\\/uppsalakd\\\/\"]},{\"@type\":\"Person\",\"@id\":\"https:\\\/\\\/wp.kristdemokraterna.se\\\/uppsala\\\/#\\\/schema\\\/person\\\/f9cb6b74e31f645af15b3e679e859ee6\",\"name\":\"SW\",\"image\":{\"@type\":\"ImageObject\",\"inLanguage\":\"sv-SE\",\"@id\":\"https:\\\/\\\/secure.gravatar.com\\\/avatar\\\/6a30cdb6f4af08e4cc02fa0d7c4c00e605a7f82aa6bc503cd1248164dcb7cd38?s=96&r=g\",\"url\":\"https:\\\/\\\/secure.gravatar.com\\\/avatar\\\/6a30cdb6f4af08e4cc02fa0d7c4c00e605a7f82aa6bc503cd1248164dcb7cd38?s=96&r=g\",\"contentUrl\":\"https:\\\/\\\/secure.gravatar.com\\\/avatar\\\/6a30cdb6f4af08e4cc02fa0d7c4c00e605a7f82aa6bc503cd1248164dcb7cd38?s=96&r=g\",\"caption\":\"SW\"},\"url\":\"https:\\\/\\\/wp.kristdemokraterna.se\\\/uppsala\\\/author\\\/westberg\\\/\"}]}<\/script>\n<!-- \/ Yoast SEO plugin. -->","yoast_head_json":{"title":"Kd-Uppsala v\u00e4lkomnar satsning p\u00e5 f\u00f6renklade byggregler | Kristdemokraterna | Uppsala","robots":{"index":"index","follow":"follow","max-snippet":"max-snippet:-1","max-image-preview":"max-image-preview:large","max-video-preview":"max-video-preview:-1"},"canonical":"https:\/\/wp.kristdemokraterna.se\/uppsala\/kd-uppsala-valkomnar-satsning-pa-forenklade-byggregler\/","og_locale":"sv_SE","og_type":"article","og_title":"Kd-Uppsala v\u00e4lkomnar satsning p\u00e5 f\u00f6renklade byggregler | Kristdemokraterna | Uppsala","og_description":"&#8211; Jag \u00e4r v\u00e4ldigt glad att Stefan Attefall idag markerat att regeringens linje \u00e4r att dagens byggregler \u00e4r f\u00f6r strikta och motverkar byggandet av sm\u00e5 billiga l\u00e4genheter. Men f\u00f6r mig \u00e4r en f\u00f6renkling av byggreglerna f\u00f6r ungdoms- och studentbost\u00e4der bara ett f\u00f6rsta steg. Det finns \u00e4ven andra grupper d\u00e4r m\u00e5nga idag s\u00f6ker lite enklare och Read More","og_url":"https:\/\/wp.kristdemokraterna.se\/uppsala\/kd-uppsala-valkomnar-satsning-pa-forenklade-byggregler\/","og_site_name":"Kristdemokraterna | Uppsala","article_publisher":"https:\/\/www.facebook.com\/UppsalaKD\/","article_published_time":"2012-09-03T12:29:24+00:00","article_modified_time":"2024-04-07T16:55:29+00:00","og_image":[{"width":770,"height":404,"url":"https:\/\/wp.kristdemokraterna.se\/uppsala\/files\/2021\/12\/kom1.png","type":"image\/png"}],"author":"SW","twitter_card":"summary_large_image","twitter_misc":{"Skriven av":"SW","Ber\u00e4knad l\u00e4stid":"1 minut"},"schema":{"@context":"https:\/\/schema.org","@graph":[{"@type":"Article","@id":"https:\/\/wp.kristdemokraterna.se\/uppsala\/kd-uppsala-valkomnar-satsning-pa-forenklade-byggregler\/#article","isPartOf":{"@id":"https:\/\/wp.kristdemokraterna.se\/uppsala\/kd-uppsala-valkomnar-satsning-pa-forenklade-byggregler\/"},"author":{"name":"SW","@id":"https:\/\/wp.kristdemokraterna.se\/uppsala\/#\/schema\/person\/f9cb6b74e31f645af15b3e679e859ee6"},"headline":"Kd-Uppsala v\u00e4lkomnar satsning p\u00e5 f\u00f6renklade byggregler","datePublished":"2012-09-03T12:29:24+00:00","dateModified":"2024-04-07T16:55:29+00:00","mainEntityOfPage":{"@id":"https:\/\/wp.kristdemokraterna.se\/uppsala\/kd-uppsala-valkomnar-satsning-pa-forenklade-byggregler\/"},"wordCount":210,"publisher":{"@id":"https:\/\/wp.kristdemokraterna.se\/uppsala\/#organization"},"keywords":["Ebba Busch","Uppsala"],"articleSection":["Kollektivtrafik &amp; Stadsplanering"],"inLanguage":"sv-SE"},{"@type":"WebPage","@id":"https:\/\/wp.kristdemokraterna.se\/uppsala\/kd-uppsala-valkomnar-satsning-pa-forenklade-byggregler\/","url":"https:\/\/wp.kristdemokraterna.se\/uppsala\/kd-uppsala-valkomnar-satsning-pa-forenklade-byggregler\/","name":"Kd-Uppsala v\u00e4lkomnar satsning p\u00e5 f\u00f6renklade byggregler | Kristdemokraterna | Uppsala","isPartOf":{"@id":"https:\/\/wp.kristdemokraterna.se\/uppsala\/#website"},"datePublished":"2012-09-03T12:29:24+00:00","dateModified":"2024-04-07T16:55:29+00:00","breadcrumb":{"@id":"https:\/\/wp.kristdemokraterna.se\/uppsala\/kd-uppsala-valkomnar-satsning-pa-forenklade-byggregler\/#breadcrumb"},"inLanguage":"sv-SE","potentialAction":[{"@type":"ReadAction","target":["https:\/\/wp.kristdemokraterna.se\/uppsala\/kd-uppsala-valkomnar-satsning-pa-forenklade-byggregler\/"]}]},{"@type":"BreadcrumbList","@id":"https:\/\/wp.kristdemokraterna.se\/uppsala\/kd-uppsala-valkomnar-satsning-pa-forenklade-byggregler\/#breadcrumb","itemListElement":[{"@type":"ListItem","position":1,"name":"Hem","item":"https:\/\/wp.kristdemokraterna.se\/uppsala\/"},{"@type":"ListItem","position":2,"name":"Kd-Uppsala v\u00e4lkomnar satsning p\u00e5 f\u00f6renklade byggregler"}]},{"@type":"WebSite","@id":"https:\/\/wp.kristdemokraterna.se\/uppsala\/#website","url":"https:\/\/wp.kristdemokraterna.se\/uppsala\/","name":"Kristdemokraterna Uppsala","description":"Tryggare Uppsala","publisher":{"@id":"https:\/\/wp.kristdemokraterna.se\/uppsala\/#organization"},"inLanguage":"sv-SE"},{"@type":"Organization","@id":"https:\/\/wp.kristdemokraterna.se\/uppsala\/#organization","name":"Kristdemokraterna Uppsala","url":"https:\/\/wp.kristdemokraterna.se\/uppsala\/","logo":{"@type":"ImageObject","inLanguage":"sv-SE","@id":"https:\/\/wp.kristdemokraterna.se\/uppsala\/#\/schema\/logo\/image\/","url":"https:\/\/wp.kristdemokraterna.se\/uppsala\/files\/2019\/10\/kd-uppsala.png","contentUrl":"https:\/\/wp.kristdemokraterna.se\/uppsala\/files\/2019\/10\/kd-uppsala.png","width":804,"height":421,"caption":"Kristdemokraterna Uppsala"},"image":{"@id":"https:\/\/wp.kristdemokraterna.se\/uppsala\/#\/schema\/logo\/image\/"},"sameAs":["https:\/\/www.facebook.com\/UppsalaKD\/","https:\/\/www.instagram.com\/uppsalakd\/"]},{"@type":"Person","@id":"https:\/\/wp.kristdemokraterna.se\/uppsala\/#\/schema\/person\/f9cb6b74e31f645af15b3e679e859ee6","name":"SW","image":{"@type":"ImageObject","inLanguage":"sv-SE","@id":"https:\/\/secure.gravatar.com\/avatar\/6a30cdb6f4af08e4cc02fa0d7c4c00e605a7f82aa6bc503cd1248164dcb7cd38?s=96&r=g","url":"https:\/\/secure.gravatar.com\/avatar\/6a30cdb6f4af08e4cc02fa0d7c4c00e605a7f82aa6bc503cd1248164dcb7cd38?s=96&r=g","contentUrl":"https:\/\/secure.gravatar.com\/avatar\/6a30cdb6f4af08e4cc02fa0d7c4c00e605a7f82aa6bc503cd1248164dcb7cd38?s=96&r=g","caption":"SW"},"url":"https:\/\/wp.kristdemokraterna.se\/uppsala\/author\/westberg\/"}]}},"_links":{"self":[{"href":"https:\/\/wp.kristdemokraterna.se\/uppsala\/wp-json\/wp\/v2\/posts\/540","targetHints":{"allow":["GET"]}}],"collection":[{"href":"https:\/\/wp.kristdemokraterna.se\/uppsala\/wp-json\/wp\/v2\/posts"}],"about":[{"href":"https:\/\/wp.kristdemokraterna.se\/uppsala\/wp-json\/wp\/v2\/types\/post"}],"author":[{"embeddable":true,"href":"https:\/\/wp.kristdemokraterna.se\/uppsala\/wp-json\/wp\/v2\/users\/573"}],"replies":[{"embeddable":true,"href":"https:\/\/wp.kristdemokraterna.se\/uppsala\/wp-json\/wp\/v2\/comments?post=540"}],"version-history":[{"count":1,"href":"https:\/\/wp.kristdemokraterna.se\/uppsala\/wp-json\/wp\/v2\/posts\/540\/revisions"}],"predecessor-version":[{"id":1818,"href":"https:\/\/wp.kristdemokraterna.se\/uppsala\/wp-json\/wp\/v2\/posts\/540\/revisions\/1818"}],"wp:attachment":[{"href":"https:\/\/wp.kristdemokraterna.se\/uppsala\/wp-json\/wp\/v2\/media?parent=540"}],"wp:term":[{"taxonomy":"category","embeddable":true,"href":"https:\/\/wp.kristdemokraterna.se\/uppsala\/wp-json\/wp\/v2\/categories?post=540"},{"taxonomy":"post_tag","embeddable":true,"href":"https:\/\/wp.kristdemokraterna.se\/uppsala\/wp-json\/wp\/v2\/tags?post=540"}],"curies":[{"name":"wp","href":"https:\/\/api.w.org\/{rel}","templated":true}]}}