{"id":637,"date":"2013-05-01T22:57:25","date_gmt":"2013-05-01T20:57:25","guid":{"rendered":"http:\/\/www.uppsala.kristdemokraterna.se\/?p=637"},"modified":"2024-04-03T20:57:21","modified_gmt":"2024-04-03T18:57:21","slug":"succe-for-familjemanifestation","status":"publish","type":"post","link":"https:\/\/wp.kristdemokraterna.se\/uppsala\/succe-for-familjemanifestation\/","title":{"rendered":"Succ\u00e9 f\u00f6r familjemanifestation"},"content":{"rendered":"<dl class=\"wp-caption alignleft\" id=\"attachment_638\" style=\"width: 410px\">\n<dt class=\"wp-caption-dt\"><a href=\"http:\/\/wp.kristdemokraterna.se\/uppsala\/files\/2013\/05\/1_lars-folk.jpg\"><img loading=\"lazy\" decoding=\"async\" class=\"size-medium wp-image-638\" alt=\"Lars Adaktusson F\u00f6rsta maj-talar\" src=\"http:\/\/wp.kristdemokraterna.se\/uppsala\/files\/2013\/05\/1_lars-folk-400x266.jpg\" width=\"400\" height=\"266\" \/><\/a><\/dt>\n<dd class=\"wp-caption-dd\">Lars Adaktusson F\u00f6rsta maj-talar<\/dd>\n<\/dl>\n<p>&nbsp;<\/p>\n<p>&nbsp;<\/p>\n<p>&nbsp;<\/p>\n<p>&nbsp;<\/p>\n<p>&nbsp;<\/p>\n<p>&nbsp;<\/p>\n<p>&nbsp;<\/p>\n<p>Stort tack till alla er som gjorde 1 maj till en s\u00e5 lyckad manifestation f\u00f6r familjen!<\/p>\n<p>Det var v\u00e5rt n\u00e4st st\u00f6rsta t\u00e5g n\u00e5gonsin med 753 personer i t\u00e5get. P\u00e5 St Eriks torg m\u00f6te ytterligar drygt 250 personer upp och gjorde att vi hade det st\u00f6rsta m\u00f6tet och det n\u00e4st st\u00f6rsta t\u00e5get efter V\u00e4nstern, men fler \u00e4n Socialdemokraterna som medierna ocks\u00e5\u00a0noterat. Aftonbladet skriver:<\/p>\n<p><a href=\"http:\/\/wp.kristdemokraterna.se\/uppsala\/files\/2013\/05\/2_lars.jpg\"><img loading=\"lazy\" decoding=\"async\" class=\"alignleft size-medium wp-image-639\" alt=\"2_lars\" src=\"http:\/\/wp.kristdemokraterna.se\/uppsala\/files\/2013\/05\/2_lars-400x266.jpg\" width=\"400\" height=\"266\" \/><\/a><\/p>\n<p>&nbsp;<\/p>\n<p>&nbsp;<\/p>\n<p>&nbsp;<\/p>\n<p>&nbsp;<\/p>\n<p>&nbsp;<\/p>\n<p>&nbsp;<\/p>\n<p>&#8221;Journalisten Lars Adaktusson gjorde succ\u00e9edebut som f\u00f6rstamajtalare. F\u00f6r Kristdemokraterna. Han drog st\u00f6rre publik \u00e4n socialdemokraterna som toppade laget med f\u00f6rre justitieministern Thomas Bodstr\u00f6m.&#8221;<\/p>\n<p><strong>Rekord var det ocks\u00e5 vad g\u00e4ller genomslag i media. H\u00e4r kommer ett urval av alla det artiklar och tv inlag som publicerats de senast dagarna:<\/strong><\/p>\n<p>Aftonbladet: Adaktusson vann &#8221;fajten&#8221; mot Bodstr\u00f6m<br \/>\n<a href=\"http:\/\/www.aftonbladet.se\/nyheter\/article16701971.ab\">http:\/\/www.aftonbladet.se\/nyheter\/article16701971.ab<\/a><\/p>\n<p>UNT: Familjen F\u00f6rst f\u00f6r Kristdemokraterna<br \/>\n<a href=\"http:\/\/www.unt.se\/uppsala\/familjen-forst-for-kristdemokraterna-2404023.aspx\">http:\/\/www.unt.se\/uppsala\/familjen-forst-for-kristdemokraterna-2404023.aspx<\/a><\/p>\n<p>TV inslag p\u00e5 UNT24: T\u00e5get var s\u00e5 l\u00e5ngt att man inte s\u00e5g slutet<br \/>\n<a href=\"http:\/\/www.unt.se\/24unt\/?clip=2404230\">http:\/\/www.unt.se\/24unt\/?clip=2404230<\/a><\/p>\n<p>V\u00e4rlden idag: Succ\u00e9debut f\u00f6r Lars Adaktusson<br \/>\n<a href=\"http:\/\/varldenidag.se\/nyhet\/2013\/05\/01\/Succedebut-for-Lars-Adaktusson\/\">http:\/\/varldenidag.se\/nyhet\/2013\/05\/01\/Succedebut-for-Lars-Adaktusson\/<\/a><\/p>\n<p>Dagen: Uppsluppet n\u00e4r Adaktusson v\u00e5rtalade<br \/>\n<a href=\"http:\/\/www.dagen.se\/nyheter\/uppsluppet-nar-adaktusson-vartalade\/\">http:\/\/www.dagen.se\/nyheter\/uppsluppet-nar-adaktusson-vartalade\/<\/a><\/p>\n<p>Radio Uppland: Lars Adaktusson premi\u00e4rtalade f\u00f6r KD i Uppsala<br \/>\n<a href=\"http:\/\/sverigesradio.se\/sida\/artikel.aspx?programid=114&amp;artikel=5521654\">http:\/\/sverigesradio.se\/sida\/artikel.aspx?programid=114&amp;artikel=5521654<\/a><\/p>\n<p>Kristdemokraterna: Oscarsson skiner i kapp med solen<br \/>\n<a href=\"http:\/\/www.kristdemokraterna.se\/Media\/Nyhetsarkiv\/1-000-marscherade-for-familjers-frihet\/\">http:\/\/www.kristdemokraterna.se\/Media\/Nyhetsarkiv\/1-000-marscherade-for-familjers-frihet\/<\/a><\/p>\n<p>SVT\/Rapport: KD attack mot FP:s kvoteringspolitik (13 minuter in i inslaget)<br \/>\n<a href=\"http:\/\/www.svtplay.se\/video\/1168672\/30-4-19-30\">http:\/\/www.svtplay.se\/video\/1168672\/30-4-19-30<\/a><\/p>\n<p>Gomorron Sverige: Lars Adaktusson om hans tal inf\u00f6r 1 maj (30\/4)<br \/>\n<a href=\"http:\/\/www.svtplay.se\/klipp\/1190621\/hur-later-forsta-maj-2013\">http:\/\/www.svtplay.se\/klipp\/1190621\/hur-later-forsta-maj-2013<\/a><\/p>\n<p>Expressen intervjuar Adaktusson (30\/4)<br \/>\n<a href=\"http:\/\/www.expressen.se\/nyheter\/adaktusson-infor-talet-det-ar-lite-nervost\/\">http:\/\/www.expressen.se\/nyheter\/adaktusson-infor-talet-det-ar-lite-nervost\/<\/a><\/p>\n<p>Mikael Oscarsson ber\u00e4ttar om familjemanifestationen i Gormorron Sverige (29\/4). Utg\u00e5ngspunkt \u00e4r en diskussion om 1 maj-demonstrationer<br \/>\n<a href=\"http:\/\/www.svtplay.se\/klipp\/1188035\/vad-betyder-forsta-maj-idag\">http:\/\/www.svtplay.se\/klipp\/1188035\/vad-betyder-forsta-maj-idag<\/a><\/p>\n<p>TT: Politisk debut f\u00f6r Lars Adaktusson (29\/4)<br \/>\n<a href=\"http:\/\/www.di.se\/#!\/artiklar\/2013\/4\/29\/politisk-debut-for-lars-adaktusson\/\">http:\/\/www.di.se\/#!\/artiklar\/2013\/4\/29\/politisk-debut-for-lars-adaktusson\/<\/a><\/p>\n<p><a href=\"http:\/\/www.aftonbladet.se\/senastenytt\/ttnyheter\/inrikes\/article16691733.ab\">http:\/\/www.aftonbladet.se\/senastenytt\/ttnyheter\/inrikes\/article16691733.ab<\/a><\/p>\n<p>&nbsp;<\/p>\n","protected":false},"excerpt":{"rendered":"<p>Lars Adaktusson F\u00f6rsta maj-talar &nbsp; &nbsp; &nbsp; &nbsp; &nbsp; &nbsp; &nbsp; Stort tack till alla er som gjorde 1 maj till en s\u00e5 lyckad manifestation f\u00f6r familjen! Det var v\u00e5rt n\u00e4st st\u00f6rsta t\u00e5g n\u00e5gonsin med 753 personer i t\u00e5get. P\u00e5 St Eriks torg m\u00f6te ytterligar drygt 250 personer upp och gjorde att vi hade det <a class=\"read-more-link\" href=\"https:\/\/wp.kristdemokraterna.se\/uppsala\/succe-for-familjemanifestation\/\">Read More<\/a><\/p>\n","protected":false},"author":574,"featured_media":0,"comment_status":"closed","ping_status":"closed","sticky":false,"template":"","format":"standard","meta":{"_acf_changed":false,"footnotes":""},"categories":[243],"tags":[],"class_list":["post-637","post","type-post","status-publish","format-standard","hentry","category-kd-distrikt-uppsala"],"acf":[],"yoast_head":"<!-- This site is optimized with the Yoast SEO plugin v27.4 - https:\/\/yoast.com\/product\/yoast-seo-wordpress\/ -->\n<title>Succ\u00e9 f\u00f6r familjemanifestation | Kristdemokraterna | Uppsala<\/title>\n<meta name=\"robots\" content=\"index, follow, max-snippet:-1, max-image-preview:large, max-video-preview:-1\" \/>\n<link rel=\"canonical\" href=\"https:\/\/wp.kristdemokraterna.se\/uppsala\/succe-for-familjemanifestation\/\" \/>\n<meta property=\"og:locale\" content=\"sv_SE\" \/>\n<meta property=\"og:type\" content=\"article\" \/>\n<meta property=\"og:title\" content=\"Succ\u00e9 f\u00f6r familjemanifestation | Kristdemokraterna | Uppsala\" \/>\n<meta property=\"og:description\" content=\"Lars Adaktusson F\u00f6rsta maj-talar &nbsp; &nbsp; &nbsp; &nbsp; &nbsp; &nbsp; &nbsp; Stort tack till alla er som gjorde 1 maj till en s\u00e5 lyckad manifestation f\u00f6r familjen! Det var v\u00e5rt n\u00e4st st\u00f6rsta t\u00e5g n\u00e5gonsin med 753 personer i t\u00e5get. P\u00e5 St Eriks torg m\u00f6te ytterligar drygt 250 personer upp och gjorde att vi hade det Read More\" \/>\n<meta property=\"og:url\" content=\"https:\/\/wp.kristdemokraterna.se\/uppsala\/succe-for-familjemanifestation\/\" \/>\n<meta property=\"og:site_name\" content=\"Kristdemokraterna | Uppsala\" \/>\n<meta property=\"article:publisher\" content=\"https:\/\/www.facebook.com\/UppsalaKD\/\" \/>\n<meta property=\"article:published_time\" content=\"2013-05-01T20:57:25+00:00\" \/>\n<meta property=\"article:modified_time\" content=\"2024-04-03T18:57:21+00:00\" \/>\n<meta property=\"og:image\" content=\"http:\/\/wp.kristdemokraterna.se\/uppsala\/files\/2013\/05\/1_lars-folk-400x266.jpg\" \/>\n<meta name=\"author\" content=\"Mikael Oscarsson\" \/>\n<meta name=\"twitter:card\" content=\"summary_large_image\" \/>\n<meta name=\"twitter:label1\" content=\"Skriven av\" \/>\n\t<meta name=\"twitter:data1\" content=\"Mikael Oscarsson\" \/>\n\t<meta name=\"twitter:label2\" content=\"Ber\u00e4knad l\u00e4stid\" \/>\n\t<meta name=\"twitter:data2\" content=\"2 minuter\" \/>\n<script type=\"application\/ld+json\" class=\"yoast-schema-graph\">{\"@context\":\"https:\\\/\\\/schema.org\",\"@graph\":[{\"@type\":\"Article\",\"@id\":\"https:\\\/\\\/wp.kristdemokraterna.se\\\/uppsala\\\/succe-for-familjemanifestation\\\/#article\",\"isPartOf\":{\"@id\":\"https:\\\/\\\/wp.kristdemokraterna.se\\\/uppsala\\\/succe-for-familjemanifestation\\\/\"},\"author\":{\"name\":\"Mikael Oscarsson\",\"@id\":\"https:\\\/\\\/wp.kristdemokraterna.se\\\/uppsala\\\/#\\\/schema\\\/person\\\/35cfc18a4fb325c7f6e262fb7ce3cfc0\"},\"headline\":\"Succ\u00e9 f\u00f6r familjemanifestation\",\"datePublished\":\"2013-05-01T20:57:25+00:00\",\"dateModified\":\"2024-04-03T18:57:21+00:00\",\"mainEntityOfPage\":{\"@id\":\"https:\\\/\\\/wp.kristdemokraterna.se\\\/uppsala\\\/succe-for-familjemanifestation\\\/\"},\"wordCount\":354,\"publisher\":{\"@id\":\"https:\\\/\\\/wp.kristdemokraterna.se\\\/uppsala\\\/#organization\"},\"image\":{\"@id\":\"https:\\\/\\\/wp.kristdemokraterna.se\\\/uppsala\\\/succe-for-familjemanifestation\\\/#primaryimage\"},\"thumbnailUrl\":\"http:\\\/\\\/wp.kristdemokraterna.se\\\/uppsala\\\/files\\\/2013\\\/05\\\/1_lars-folk-400x266.jpg\",\"articleSection\":[\"KD Distrikt Uppsala\"],\"inLanguage\":\"sv-SE\"},{\"@type\":\"WebPage\",\"@id\":\"https:\\\/\\\/wp.kristdemokraterna.se\\\/uppsala\\\/succe-for-familjemanifestation\\\/\",\"url\":\"https:\\\/\\\/wp.kristdemokraterna.se\\\/uppsala\\\/succe-for-familjemanifestation\\\/\",\"name\":\"Succ\u00e9 f\u00f6r familjemanifestation | Kristdemokraterna | Uppsala\",\"isPartOf\":{\"@id\":\"https:\\\/\\\/wp.kristdemokraterna.se\\\/uppsala\\\/#website\"},\"primaryImageOfPage\":{\"@id\":\"https:\\\/\\\/wp.kristdemokraterna.se\\\/uppsala\\\/succe-for-familjemanifestation\\\/#primaryimage\"},\"image\":{\"@id\":\"https:\\\/\\\/wp.kristdemokraterna.se\\\/uppsala\\\/succe-for-familjemanifestation\\\/#primaryimage\"},\"thumbnailUrl\":\"http:\\\/\\\/wp.kristdemokraterna.se\\\/uppsala\\\/files\\\/2013\\\/05\\\/1_lars-folk-400x266.jpg\",\"datePublished\":\"2013-05-01T20:57:25+00:00\",\"dateModified\":\"2024-04-03T18:57:21+00:00\",\"breadcrumb\":{\"@id\":\"https:\\\/\\\/wp.kristdemokraterna.se\\\/uppsala\\\/succe-for-familjemanifestation\\\/#breadcrumb\"},\"inLanguage\":\"sv-SE\",\"potentialAction\":[{\"@type\":\"ReadAction\",\"target\":[\"https:\\\/\\\/wp.kristdemokraterna.se\\\/uppsala\\\/succe-for-familjemanifestation\\\/\"]}]},{\"@type\":\"ImageObject\",\"inLanguage\":\"sv-SE\",\"@id\":\"https:\\\/\\\/wp.kristdemokraterna.se\\\/uppsala\\\/succe-for-familjemanifestation\\\/#primaryimage\",\"url\":\"http:\\\/\\\/wp.kristdemokraterna.se\\\/uppsala\\\/files\\\/2013\\\/05\\\/1_lars-folk-400x266.jpg\",\"contentUrl\":\"http:\\\/\\\/wp.kristdemokraterna.se\\\/uppsala\\\/files\\\/2013\\\/05\\\/1_lars-folk-400x266.jpg\"},{\"@type\":\"BreadcrumbList\",\"@id\":\"https:\\\/\\\/wp.kristdemokraterna.se\\\/uppsala\\\/succe-for-familjemanifestation\\\/#breadcrumb\",\"itemListElement\":[{\"@type\":\"ListItem\",\"position\":1,\"name\":\"Hem\",\"item\":\"https:\\\/\\\/wp.kristdemokraterna.se\\\/uppsala\\\/\"},{\"@type\":\"ListItem\",\"position\":2,\"name\":\"Succ\u00e9 f\u00f6r familjemanifestation\"}]},{\"@type\":\"WebSite\",\"@id\":\"https:\\\/\\\/wp.kristdemokraterna.se\\\/uppsala\\\/#website\",\"url\":\"https:\\\/\\\/wp.kristdemokraterna.se\\\/uppsala\\\/\",\"name\":\"Kristdemokraterna Uppsala\",\"description\":\"Tryggare Uppsala\",\"publisher\":{\"@id\":\"https:\\\/\\\/wp.kristdemokraterna.se\\\/uppsala\\\/#organization\"},\"inLanguage\":\"sv-SE\"},{\"@type\":\"Organization\",\"@id\":\"https:\\\/\\\/wp.kristdemokraterna.se\\\/uppsala\\\/#organization\",\"name\":\"Kristdemokraterna Uppsala\",\"url\":\"https:\\\/\\\/wp.kristdemokraterna.se\\\/uppsala\\\/\",\"logo\":{\"@type\":\"ImageObject\",\"inLanguage\":\"sv-SE\",\"@id\":\"https:\\\/\\\/wp.kristdemokraterna.se\\\/uppsala\\\/#\\\/schema\\\/logo\\\/image\\\/\",\"url\":\"https:\\\/\\\/wp.kristdemokraterna.se\\\/uppsala\\\/files\\\/2019\\\/10\\\/kd-uppsala.png\",\"contentUrl\":\"https:\\\/\\\/wp.kristdemokraterna.se\\\/uppsala\\\/files\\\/2019\\\/10\\\/kd-uppsala.png\",\"width\":804,\"height\":421,\"caption\":\"Kristdemokraterna Uppsala\"},\"image\":{\"@id\":\"https:\\\/\\\/wp.kristdemokraterna.se\\\/uppsala\\\/#\\\/schema\\\/logo\\\/image\\\/\"},\"sameAs\":[\"https:\\\/\\\/www.facebook.com\\\/UppsalaKD\\\/\",\"https:\\\/\\\/www.instagram.com\\\/uppsalakd\\\/\"]},{\"@type\":\"Person\",\"@id\":\"https:\\\/\\\/wp.kristdemokraterna.se\\\/uppsala\\\/#\\\/schema\\\/person\\\/35cfc18a4fb325c7f6e262fb7ce3cfc0\",\"name\":\"Mikael Oscarsson\",\"image\":{\"@type\":\"ImageObject\",\"inLanguage\":\"sv-SE\",\"@id\":\"https:\\\/\\\/secure.gravatar.com\\\/avatar\\\/766f069e133be0ee244c75d202fc5fcf4f883f182ecfd2933528f0a587902143?s=96&r=g\",\"url\":\"https:\\\/\\\/secure.gravatar.com\\\/avatar\\\/766f069e133be0ee244c75d202fc5fcf4f883f182ecfd2933528f0a587902143?s=96&r=g\",\"contentUrl\":\"https:\\\/\\\/secure.gravatar.com\\\/avatar\\\/766f069e133be0ee244c75d202fc5fcf4f883f182ecfd2933528f0a587902143?s=96&r=g\",\"caption\":\"Mikael Oscarsson\"},\"url\":\"https:\\\/\\\/wp.kristdemokraterna.se\\\/uppsala\\\/author\\\/mos\\\/\"}]}<\/script>\n<!-- \/ Yoast SEO plugin. -->","yoast_head_json":{"title":"Succ\u00e9 f\u00f6r familjemanifestation | Kristdemokraterna | Uppsala","robots":{"index":"index","follow":"follow","max-snippet":"max-snippet:-1","max-image-preview":"max-image-preview:large","max-video-preview":"max-video-preview:-1"},"canonical":"https:\/\/wp.kristdemokraterna.se\/uppsala\/succe-for-familjemanifestation\/","og_locale":"sv_SE","og_type":"article","og_title":"Succ\u00e9 f\u00f6r familjemanifestation | Kristdemokraterna | Uppsala","og_description":"Lars Adaktusson F\u00f6rsta maj-talar &nbsp; &nbsp; &nbsp; &nbsp; &nbsp; &nbsp; &nbsp; Stort tack till alla er som gjorde 1 maj till en s\u00e5 lyckad manifestation f\u00f6r familjen! Det var v\u00e5rt n\u00e4st st\u00f6rsta t\u00e5g n\u00e5gonsin med 753 personer i t\u00e5get. P\u00e5 St Eriks torg m\u00f6te ytterligar drygt 250 personer upp och gjorde att vi hade det Read More","og_url":"https:\/\/wp.kristdemokraterna.se\/uppsala\/succe-for-familjemanifestation\/","og_site_name":"Kristdemokraterna | Uppsala","article_publisher":"https:\/\/www.facebook.com\/UppsalaKD\/","article_published_time":"2013-05-01T20:57:25+00:00","article_modified_time":"2024-04-03T18:57:21+00:00","og_image":[{"url":"http:\/\/wp.kristdemokraterna.se\/uppsala\/files\/2013\/05\/1_lars-folk-400x266.jpg","type":"","width":"","height":""}],"author":"Mikael Oscarsson","twitter_card":"summary_large_image","twitter_misc":{"Skriven av":"Mikael Oscarsson","Ber\u00e4knad l\u00e4stid":"2 minuter"},"schema":{"@context":"https:\/\/schema.org","@graph":[{"@type":"Article","@id":"https:\/\/wp.kristdemokraterna.se\/uppsala\/succe-for-familjemanifestation\/#article","isPartOf":{"@id":"https:\/\/wp.kristdemokraterna.se\/uppsala\/succe-for-familjemanifestation\/"},"author":{"name":"Mikael Oscarsson","@id":"https:\/\/wp.kristdemokraterna.se\/uppsala\/#\/schema\/person\/35cfc18a4fb325c7f6e262fb7ce3cfc0"},"headline":"Succ\u00e9 f\u00f6r familjemanifestation","datePublished":"2013-05-01T20:57:25+00:00","dateModified":"2024-04-03T18:57:21+00:00","mainEntityOfPage":{"@id":"https:\/\/wp.kristdemokraterna.se\/uppsala\/succe-for-familjemanifestation\/"},"wordCount":354,"publisher":{"@id":"https:\/\/wp.kristdemokraterna.se\/uppsala\/#organization"},"image":{"@id":"https:\/\/wp.kristdemokraterna.se\/uppsala\/succe-for-familjemanifestation\/#primaryimage"},"thumbnailUrl":"http:\/\/wp.kristdemokraterna.se\/uppsala\/files\/2013\/05\/1_lars-folk-400x266.jpg","articleSection":["KD Distrikt Uppsala"],"inLanguage":"sv-SE"},{"@type":"WebPage","@id":"https:\/\/wp.kristdemokraterna.se\/uppsala\/succe-for-familjemanifestation\/","url":"https:\/\/wp.kristdemokraterna.se\/uppsala\/succe-for-familjemanifestation\/","name":"Succ\u00e9 f\u00f6r familjemanifestation | Kristdemokraterna | Uppsala","isPartOf":{"@id":"https:\/\/wp.kristdemokraterna.se\/uppsala\/#website"},"primaryImageOfPage":{"@id":"https:\/\/wp.kristdemokraterna.se\/uppsala\/succe-for-familjemanifestation\/#primaryimage"},"image":{"@id":"https:\/\/wp.kristdemokraterna.se\/uppsala\/succe-for-familjemanifestation\/#primaryimage"},"thumbnailUrl":"http:\/\/wp.kristdemokraterna.se\/uppsala\/files\/2013\/05\/1_lars-folk-400x266.jpg","datePublished":"2013-05-01T20:57:25+00:00","dateModified":"2024-04-03T18:57:21+00:00","breadcrumb":{"@id":"https:\/\/wp.kristdemokraterna.se\/uppsala\/succe-for-familjemanifestation\/#breadcrumb"},"inLanguage":"sv-SE","potentialAction":[{"@type":"ReadAction","target":["https:\/\/wp.kristdemokraterna.se\/uppsala\/succe-for-familjemanifestation\/"]}]},{"@type":"ImageObject","inLanguage":"sv-SE","@id":"https:\/\/wp.kristdemokraterna.se\/uppsala\/succe-for-familjemanifestation\/#primaryimage","url":"http:\/\/wp.kristdemokraterna.se\/uppsala\/files\/2013\/05\/1_lars-folk-400x266.jpg","contentUrl":"http:\/\/wp.kristdemokraterna.se\/uppsala\/files\/2013\/05\/1_lars-folk-400x266.jpg"},{"@type":"BreadcrumbList","@id":"https:\/\/wp.kristdemokraterna.se\/uppsala\/succe-for-familjemanifestation\/#breadcrumb","itemListElement":[{"@type":"ListItem","position":1,"name":"Hem","item":"https:\/\/wp.kristdemokraterna.se\/uppsala\/"},{"@type":"ListItem","position":2,"name":"Succ\u00e9 f\u00f6r familjemanifestation"}]},{"@type":"WebSite","@id":"https:\/\/wp.kristdemokraterna.se\/uppsala\/#website","url":"https:\/\/wp.kristdemokraterna.se\/uppsala\/","name":"Kristdemokraterna Uppsala","description":"Tryggare Uppsala","publisher":{"@id":"https:\/\/wp.kristdemokraterna.se\/uppsala\/#organization"},"inLanguage":"sv-SE"},{"@type":"Organization","@id":"https:\/\/wp.kristdemokraterna.se\/uppsala\/#organization","name":"Kristdemokraterna Uppsala","url":"https:\/\/wp.kristdemokraterna.se\/uppsala\/","logo":{"@type":"ImageObject","inLanguage":"sv-SE","@id":"https:\/\/wp.kristdemokraterna.se\/uppsala\/#\/schema\/logo\/image\/","url":"https:\/\/wp.kristdemokraterna.se\/uppsala\/files\/2019\/10\/kd-uppsala.png","contentUrl":"https:\/\/wp.kristdemokraterna.se\/uppsala\/files\/2019\/10\/kd-uppsala.png","width":804,"height":421,"caption":"Kristdemokraterna Uppsala"},"image":{"@id":"https:\/\/wp.kristdemokraterna.se\/uppsala\/#\/schema\/logo\/image\/"},"sameAs":["https:\/\/www.facebook.com\/UppsalaKD\/","https:\/\/www.instagram.com\/uppsalakd\/"]},{"@type":"Person","@id":"https:\/\/wp.kristdemokraterna.se\/uppsala\/#\/schema\/person\/35cfc18a4fb325c7f6e262fb7ce3cfc0","name":"Mikael Oscarsson","image":{"@type":"ImageObject","inLanguage":"sv-SE","@id":"https:\/\/secure.gravatar.com\/avatar\/766f069e133be0ee244c75d202fc5fcf4f883f182ecfd2933528f0a587902143?s=96&r=g","url":"https:\/\/secure.gravatar.com\/avatar\/766f069e133be0ee244c75d202fc5fcf4f883f182ecfd2933528f0a587902143?s=96&r=g","contentUrl":"https:\/\/secure.gravatar.com\/avatar\/766f069e133be0ee244c75d202fc5fcf4f883f182ecfd2933528f0a587902143?s=96&r=g","caption":"Mikael Oscarsson"},"url":"https:\/\/wp.kristdemokraterna.se\/uppsala\/author\/mos\/"}]}},"_links":{"self":[{"href":"https:\/\/wp.kristdemokraterna.se\/uppsala\/wp-json\/wp\/v2\/posts\/637","targetHints":{"allow":["GET"]}}],"collection":[{"href":"https:\/\/wp.kristdemokraterna.se\/uppsala\/wp-json\/wp\/v2\/posts"}],"about":[{"href":"https:\/\/wp.kristdemokraterna.se\/uppsala\/wp-json\/wp\/v2\/types\/post"}],"author":[{"embeddable":true,"href":"https:\/\/wp.kristdemokraterna.se\/uppsala\/wp-json\/wp\/v2\/users\/574"}],"replies":[{"embeddable":true,"href":"https:\/\/wp.kristdemokraterna.se\/uppsala\/wp-json\/wp\/v2\/comments?post=637"}],"version-history":[{"count":1,"href":"https:\/\/wp.kristdemokraterna.se\/uppsala\/wp-json\/wp\/v2\/posts\/637\/revisions"}],"predecessor-version":[{"id":4675,"href":"https:\/\/wp.kristdemokraterna.se\/uppsala\/wp-json\/wp\/v2\/posts\/637\/revisions\/4675"}],"wp:attachment":[{"href":"https:\/\/wp.kristdemokraterna.se\/uppsala\/wp-json\/wp\/v2\/media?parent=637"}],"wp:term":[{"taxonomy":"category","embeddable":true,"href":"https:\/\/wp.kristdemokraterna.se\/uppsala\/wp-json\/wp\/v2\/categories?post=637"},{"taxonomy":"post_tag","embeddable":true,"href":"https:\/\/wp.kristdemokraterna.se\/uppsala\/wp-json\/wp\/v2\/tags?post=637"}],"curies":[{"name":"wp","href":"https:\/\/api.w.org\/{rel}","templated":true}]}}