{"id":692,"date":"2013-10-11T14:56:39","date_gmt":"2013-10-11T12:56:39","guid":{"rendered":"http:\/\/www.uppsala.kristdemokraterna.se\/?p=692"},"modified":"2024-04-03T21:03:20","modified_gmt":"2024-04-03T19:03:20","slug":"temadag-om-barn-och-unga","status":"publish","type":"post","link":"https:\/\/wp.kristdemokraterna.se\/uppsala\/temadag-om-barn-och-unga\/","title":{"rendered":"Inspirationsdag om barns och ungas uppv\u00e4xtvillkor"},"content":{"rendered":"<p>Kristdemokraterna vill g\u00f6ra Sverige till v\u00e4rldens b\u00e4sta land f\u00f6r barn och unga att v\u00e4xa upp i. Trygga familjer och goda uppv\u00e4xtvillkor \u00e4r viktigt f\u00f6r varje enskilt barn. I f\u00f6rl\u00e4ngningen handlar det om Sveriges v\u00e4lst\u00e5nd.\u00a0Kristdemokraterna i Uppsala inbjuder till en inspirationsdag l\u00f6rdagen den 19 oktober om hur barn och unga kan f\u00e5 de b\u00e4sta m\u00f6jliga f\u00f6ruts\u00e4ttningarna i livet.<\/p>\n<p>Varmt v\u00e4lkommen!<\/p>\n<p>Tid:\u00a0L\u00f6rdagen den 19 oktober klockan 9:30-15.00<\/p>\n<p>Plats: Lokf\u00f6raren, Stationsgatan 12, Matsalen (vid Resecentrum)<\/p>\n<p><strong>Program<\/strong><\/p>\n<p>9:30 Fika och mingel<\/p>\n<p>10.00 \u201dSverige ska bli v\u00e4rldens b\u00e4sta land att v\u00e4xa upp i\u201d<\/p>\n<p>Ebba Busch Thor, kommunalr\u00e5d Uppsala<\/p>\n<p>10.30 Att n\u00e5 v\u00e5ra potentiella v\u00e4ljare \u2013 strategi 2014<\/p>\n<p>\u200bMia Widell, kommunikationschef f\u00f6r Kristdemokraterna<\/p>\n<p>11.15 En politik f\u00f6r minskad ungdomsarbetsl\u00f6shet<\/p>\n<p>\u200bAndreas Carlson, riksdagsledamot och arbetsmarknadspolitisk talesperson<\/p>\n<p>11.45 Lunch<\/p>\n<p>12.45 En barnomsorg som m\u00f6ter barnens behov<\/p>\n<p>Jonas Himmelstrand, Haro, riksorganisationen f\u00f6r valfrihet, j\u00e4mst\u00e4lldhet och \u200bf\u00f6r\u00e4ldraskap<\/p>\n<p>13:30 Familjer\u00e5dgivning f\u00f6r tryggare f\u00f6r\u00e4ldrar<\/p>\n<p>\u200bLars Kohlen, familjer\u00e5dgivningen S\u00f6derst\u00f6d<\/p>\n<p>14:00 Samtal om skolan<\/p>\n<p>14:30 Tidiga insatser f\u00f6r unga som beg\u00e5r brott<\/p>\n<p>Jan Stenberg, samordnare av ungdomstj\u00e4nst vid kontoret f\u00f6r V\u00e5rd &amp; bildning, R\u00e5d &amp; st\u00f6d f\u00f6r barn ungdom och f\u00f6r\u00e4ldrar.<\/p>\n<p>Anm\u00e4lan till Sarah Lundgren p\u00e5 <a href=\"mailto:sarah.lundgren@uppsala.se\">sarah.lundgren@uppsala.se<\/a><\/p>\n","protected":false},"excerpt":{"rendered":"<p>Kristdemokraterna vill g\u00f6ra Sverige till v\u00e4rldens b\u00e4sta land f\u00f6r barn och unga att v\u00e4xa upp i. Trygga familjer och goda uppv\u00e4xtvillkor \u00e4r viktigt f\u00f6r varje enskilt barn. I f\u00f6rl\u00e4ngningen handlar det om Sveriges v\u00e4lst\u00e5nd.\u00a0Kristdemokraterna i Uppsala inbjuder till en inspirationsdag l\u00f6rdagen den 19 oktober om hur barn och unga kan f\u00e5 de b\u00e4sta m\u00f6jliga f\u00f6ruts\u00e4ttningarna <a class=\"read-more-link\" href=\"https:\/\/wp.kristdemokraterna.se\/uppsala\/temadag-om-barn-och-unga\/\">Read More<\/a><\/p>\n","protected":false},"author":571,"featured_media":0,"comment_status":"closed","ping_status":"closed","sticky":false,"template":"","format":"standard","meta":{"_acf_changed":false,"footnotes":""},"categories":[241],"tags":[8,13,36],"class_list":["post-692","post","type-post","status-publish","format-standard","hentry","category-familj-och-skola","tag-barn-och-unga","tag-ebba-busch-thor","tag-temadag"],"acf":[],"yoast_head":"<!-- This site is optimized with the Yoast SEO plugin v27.4 - https:\/\/yoast.com\/product\/yoast-seo-wordpress\/ -->\n<title>Inspirationsdag om barns och ungas uppv\u00e4xtvillkor | Kristdemokraterna | Uppsala<\/title>\n<meta name=\"robots\" content=\"index, follow, max-snippet:-1, max-image-preview:large, max-video-preview:-1\" \/>\n<link rel=\"canonical\" href=\"https:\/\/wp.kristdemokraterna.se\/uppsala\/temadag-om-barn-och-unga\/\" \/>\n<meta property=\"og:locale\" content=\"sv_SE\" \/>\n<meta property=\"og:type\" content=\"article\" \/>\n<meta property=\"og:title\" content=\"Inspirationsdag om barns och ungas uppv\u00e4xtvillkor | Kristdemokraterna | Uppsala\" \/>\n<meta property=\"og:description\" content=\"Kristdemokraterna vill g\u00f6ra Sverige till v\u00e4rldens b\u00e4sta land f\u00f6r barn och unga att v\u00e4xa upp i. Trygga familjer och goda uppv\u00e4xtvillkor \u00e4r viktigt f\u00f6r varje enskilt barn. I f\u00f6rl\u00e4ngningen handlar det om Sveriges v\u00e4lst\u00e5nd.\u00a0Kristdemokraterna i Uppsala inbjuder till en inspirationsdag l\u00f6rdagen den 19 oktober om hur barn och unga kan f\u00e5 de b\u00e4sta m\u00f6jliga f\u00f6ruts\u00e4ttningarna Read More\" \/>\n<meta property=\"og:url\" content=\"https:\/\/wp.kristdemokraterna.se\/uppsala\/temadag-om-barn-och-unga\/\" \/>\n<meta property=\"og:site_name\" content=\"Kristdemokraterna | Uppsala\" \/>\n<meta property=\"article:publisher\" content=\"https:\/\/www.facebook.com\/UppsalaKD\/\" \/>\n<meta property=\"article:published_time\" content=\"2013-10-11T12:56:39+00:00\" \/>\n<meta property=\"article:modified_time\" content=\"2024-04-03T19:03:20+00:00\" \/>\n<meta property=\"og:image\" content=\"https:\/\/wp.kristdemokraterna.se\/uppsala\/files\/2021\/12\/kom1.png\" \/>\n\t<meta property=\"og:image:width\" content=\"770\" \/>\n\t<meta property=\"og:image:height\" content=\"404\" \/>\n\t<meta property=\"og:image:type\" content=\"image\/png\" \/>\n<meta name=\"author\" content=\"Trine Wir\u00e9n\" \/>\n<meta name=\"twitter:card\" content=\"summary_large_image\" \/>\n<meta name=\"twitter:label1\" content=\"Skriven av\" \/>\n\t<meta name=\"twitter:data1\" content=\"Trine Wir\u00e9n\" \/>\n\t<meta name=\"twitter:label2\" content=\"Ber\u00e4knad l\u00e4stid\" \/>\n\t<meta name=\"twitter:data2\" content=\"1 minut\" \/>\n<script type=\"application\/ld+json\" class=\"yoast-schema-graph\">{\"@context\":\"https:\\\/\\\/schema.org\",\"@graph\":[{\"@type\":\"Article\",\"@id\":\"https:\\\/\\\/wp.kristdemokraterna.se\\\/uppsala\\\/temadag-om-barn-och-unga\\\/#article\",\"isPartOf\":{\"@id\":\"https:\\\/\\\/wp.kristdemokraterna.se\\\/uppsala\\\/temadag-om-barn-och-unga\\\/\"},\"author\":{\"name\":\"Trine Wir\u00e9n\",\"@id\":\"https:\\\/\\\/wp.kristdemokraterna.se\\\/uppsala\\\/#\\\/schema\\\/person\\\/5882452689f90c1f32cb9b9913129917\"},\"headline\":\"Inspirationsdag om barns och ungas uppv\u00e4xtvillkor\",\"datePublished\":\"2013-10-11T12:56:39+00:00\",\"dateModified\":\"2024-04-03T19:03:20+00:00\",\"mainEntityOfPage\":{\"@id\":\"https:\\\/\\\/wp.kristdemokraterna.se\\\/uppsala\\\/temadag-om-barn-och-unga\\\/\"},\"wordCount\":233,\"publisher\":{\"@id\":\"https:\\\/\\\/wp.kristdemokraterna.se\\\/uppsala\\\/#organization\"},\"keywords\":[\"Barn och unga\",\"Ebba Busch Thor\",\"temadag\"],\"articleSection\":[\"Familj &amp; skola\"],\"inLanguage\":\"sv-SE\"},{\"@type\":\"WebPage\",\"@id\":\"https:\\\/\\\/wp.kristdemokraterna.se\\\/uppsala\\\/temadag-om-barn-och-unga\\\/\",\"url\":\"https:\\\/\\\/wp.kristdemokraterna.se\\\/uppsala\\\/temadag-om-barn-och-unga\\\/\",\"name\":\"Inspirationsdag om barns och ungas uppv\u00e4xtvillkor | Kristdemokraterna | Uppsala\",\"isPartOf\":{\"@id\":\"https:\\\/\\\/wp.kristdemokraterna.se\\\/uppsala\\\/#website\"},\"datePublished\":\"2013-10-11T12:56:39+00:00\",\"dateModified\":\"2024-04-03T19:03:20+00:00\",\"breadcrumb\":{\"@id\":\"https:\\\/\\\/wp.kristdemokraterna.se\\\/uppsala\\\/temadag-om-barn-och-unga\\\/#breadcrumb\"},\"inLanguage\":\"sv-SE\",\"potentialAction\":[{\"@type\":\"ReadAction\",\"target\":[\"https:\\\/\\\/wp.kristdemokraterna.se\\\/uppsala\\\/temadag-om-barn-och-unga\\\/\"]}]},{\"@type\":\"BreadcrumbList\",\"@id\":\"https:\\\/\\\/wp.kristdemokraterna.se\\\/uppsala\\\/temadag-om-barn-och-unga\\\/#breadcrumb\",\"itemListElement\":[{\"@type\":\"ListItem\",\"position\":1,\"name\":\"Hem\",\"item\":\"https:\\\/\\\/wp.kristdemokraterna.se\\\/uppsala\\\/\"},{\"@type\":\"ListItem\",\"position\":2,\"name\":\"Inspirationsdag om barns och ungas uppv\u00e4xtvillkor\"}]},{\"@type\":\"WebSite\",\"@id\":\"https:\\\/\\\/wp.kristdemokraterna.se\\\/uppsala\\\/#website\",\"url\":\"https:\\\/\\\/wp.kristdemokraterna.se\\\/uppsala\\\/\",\"name\":\"Kristdemokraterna Uppsala\",\"description\":\"Tryggare Uppsala\",\"publisher\":{\"@id\":\"https:\\\/\\\/wp.kristdemokraterna.se\\\/uppsala\\\/#organization\"},\"inLanguage\":\"sv-SE\"},{\"@type\":\"Organization\",\"@id\":\"https:\\\/\\\/wp.kristdemokraterna.se\\\/uppsala\\\/#organization\",\"name\":\"Kristdemokraterna Uppsala\",\"url\":\"https:\\\/\\\/wp.kristdemokraterna.se\\\/uppsala\\\/\",\"logo\":{\"@type\":\"ImageObject\",\"inLanguage\":\"sv-SE\",\"@id\":\"https:\\\/\\\/wp.kristdemokraterna.se\\\/uppsala\\\/#\\\/schema\\\/logo\\\/image\\\/\",\"url\":\"https:\\\/\\\/wp.kristdemokraterna.se\\\/uppsala\\\/files\\\/2019\\\/10\\\/kd-uppsala.png\",\"contentUrl\":\"https:\\\/\\\/wp.kristdemokraterna.se\\\/uppsala\\\/files\\\/2019\\\/10\\\/kd-uppsala.png\",\"width\":804,\"height\":421,\"caption\":\"Kristdemokraterna Uppsala\"},\"image\":{\"@id\":\"https:\\\/\\\/wp.kristdemokraterna.se\\\/uppsala\\\/#\\\/schema\\\/logo\\\/image\\\/\"},\"sameAs\":[\"https:\\\/\\\/www.facebook.com\\\/UppsalaKD\\\/\",\"https:\\\/\\\/www.instagram.com\\\/uppsalakd\\\/\"]},{\"@type\":\"Person\",\"@id\":\"https:\\\/\\\/wp.kristdemokraterna.se\\\/uppsala\\\/#\\\/schema\\\/person\\\/5882452689f90c1f32cb9b9913129917\",\"name\":\"Trine Wir\u00e9n\",\"image\":{\"@type\":\"ImageObject\",\"inLanguage\":\"sv-SE\",\"@id\":\"https:\\\/\\\/secure.gravatar.com\\\/avatar\\\/8eb1c322f840b965722fb73dbe27494eba49593ae02f96b5fa942edbbc07a497?s=96&r=g\",\"url\":\"https:\\\/\\\/secure.gravatar.com\\\/avatar\\\/8eb1c322f840b965722fb73dbe27494eba49593ae02f96b5fa942edbbc07a497?s=96&r=g\",\"contentUrl\":\"https:\\\/\\\/secure.gravatar.com\\\/avatar\\\/8eb1c322f840b965722fb73dbe27494eba49593ae02f96b5fa942edbbc07a497?s=96&r=g\",\"caption\":\"Trine Wir\u00e9n\"},\"url\":\"https:\\\/\\\/wp.kristdemokraterna.se\\\/uppsala\\\/author\\\/triwir\\\/\"}]}<\/script>\n<!-- \/ Yoast SEO plugin. -->","yoast_head_json":{"title":"Inspirationsdag om barns och ungas uppv\u00e4xtvillkor | Kristdemokraterna | Uppsala","robots":{"index":"index","follow":"follow","max-snippet":"max-snippet:-1","max-image-preview":"max-image-preview:large","max-video-preview":"max-video-preview:-1"},"canonical":"https:\/\/wp.kristdemokraterna.se\/uppsala\/temadag-om-barn-och-unga\/","og_locale":"sv_SE","og_type":"article","og_title":"Inspirationsdag om barns och ungas uppv\u00e4xtvillkor | Kristdemokraterna | Uppsala","og_description":"Kristdemokraterna vill g\u00f6ra Sverige till v\u00e4rldens b\u00e4sta land f\u00f6r barn och unga att v\u00e4xa upp i. Trygga familjer och goda uppv\u00e4xtvillkor \u00e4r viktigt f\u00f6r varje enskilt barn. I f\u00f6rl\u00e4ngningen handlar det om Sveriges v\u00e4lst\u00e5nd.\u00a0Kristdemokraterna i Uppsala inbjuder till en inspirationsdag l\u00f6rdagen den 19 oktober om hur barn och unga kan f\u00e5 de b\u00e4sta m\u00f6jliga f\u00f6ruts\u00e4ttningarna Read More","og_url":"https:\/\/wp.kristdemokraterna.se\/uppsala\/temadag-om-barn-och-unga\/","og_site_name":"Kristdemokraterna | Uppsala","article_publisher":"https:\/\/www.facebook.com\/UppsalaKD\/","article_published_time":"2013-10-11T12:56:39+00:00","article_modified_time":"2024-04-03T19:03:20+00:00","og_image":[{"width":770,"height":404,"url":"https:\/\/wp.kristdemokraterna.se\/uppsala\/files\/2021\/12\/kom1.png","type":"image\/png"}],"author":"Trine Wir\u00e9n","twitter_card":"summary_large_image","twitter_misc":{"Skriven av":"Trine Wir\u00e9n","Ber\u00e4knad l\u00e4stid":"1 minut"},"schema":{"@context":"https:\/\/schema.org","@graph":[{"@type":"Article","@id":"https:\/\/wp.kristdemokraterna.se\/uppsala\/temadag-om-barn-och-unga\/#article","isPartOf":{"@id":"https:\/\/wp.kristdemokraterna.se\/uppsala\/temadag-om-barn-och-unga\/"},"author":{"name":"Trine Wir\u00e9n","@id":"https:\/\/wp.kristdemokraterna.se\/uppsala\/#\/schema\/person\/5882452689f90c1f32cb9b9913129917"},"headline":"Inspirationsdag om barns och ungas uppv\u00e4xtvillkor","datePublished":"2013-10-11T12:56:39+00:00","dateModified":"2024-04-03T19:03:20+00:00","mainEntityOfPage":{"@id":"https:\/\/wp.kristdemokraterna.se\/uppsala\/temadag-om-barn-och-unga\/"},"wordCount":233,"publisher":{"@id":"https:\/\/wp.kristdemokraterna.se\/uppsala\/#organization"},"keywords":["Barn och unga","Ebba Busch Thor","temadag"],"articleSection":["Familj &amp; skola"],"inLanguage":"sv-SE"},{"@type":"WebPage","@id":"https:\/\/wp.kristdemokraterna.se\/uppsala\/temadag-om-barn-och-unga\/","url":"https:\/\/wp.kristdemokraterna.se\/uppsala\/temadag-om-barn-och-unga\/","name":"Inspirationsdag om barns och ungas uppv\u00e4xtvillkor | Kristdemokraterna | Uppsala","isPartOf":{"@id":"https:\/\/wp.kristdemokraterna.se\/uppsala\/#website"},"datePublished":"2013-10-11T12:56:39+00:00","dateModified":"2024-04-03T19:03:20+00:00","breadcrumb":{"@id":"https:\/\/wp.kristdemokraterna.se\/uppsala\/temadag-om-barn-och-unga\/#breadcrumb"},"inLanguage":"sv-SE","potentialAction":[{"@type":"ReadAction","target":["https:\/\/wp.kristdemokraterna.se\/uppsala\/temadag-om-barn-och-unga\/"]}]},{"@type":"BreadcrumbList","@id":"https:\/\/wp.kristdemokraterna.se\/uppsala\/temadag-om-barn-och-unga\/#breadcrumb","itemListElement":[{"@type":"ListItem","position":1,"name":"Hem","item":"https:\/\/wp.kristdemokraterna.se\/uppsala\/"},{"@type":"ListItem","position":2,"name":"Inspirationsdag om barns och ungas uppv\u00e4xtvillkor"}]},{"@type":"WebSite","@id":"https:\/\/wp.kristdemokraterna.se\/uppsala\/#website","url":"https:\/\/wp.kristdemokraterna.se\/uppsala\/","name":"Kristdemokraterna Uppsala","description":"Tryggare Uppsala","publisher":{"@id":"https:\/\/wp.kristdemokraterna.se\/uppsala\/#organization"},"inLanguage":"sv-SE"},{"@type":"Organization","@id":"https:\/\/wp.kristdemokraterna.se\/uppsala\/#organization","name":"Kristdemokraterna Uppsala","url":"https:\/\/wp.kristdemokraterna.se\/uppsala\/","logo":{"@type":"ImageObject","inLanguage":"sv-SE","@id":"https:\/\/wp.kristdemokraterna.se\/uppsala\/#\/schema\/logo\/image\/","url":"https:\/\/wp.kristdemokraterna.se\/uppsala\/files\/2019\/10\/kd-uppsala.png","contentUrl":"https:\/\/wp.kristdemokraterna.se\/uppsala\/files\/2019\/10\/kd-uppsala.png","width":804,"height":421,"caption":"Kristdemokraterna Uppsala"},"image":{"@id":"https:\/\/wp.kristdemokraterna.se\/uppsala\/#\/schema\/logo\/image\/"},"sameAs":["https:\/\/www.facebook.com\/UppsalaKD\/","https:\/\/www.instagram.com\/uppsalakd\/"]},{"@type":"Person","@id":"https:\/\/wp.kristdemokraterna.se\/uppsala\/#\/schema\/person\/5882452689f90c1f32cb9b9913129917","name":"Trine Wir\u00e9n","image":{"@type":"ImageObject","inLanguage":"sv-SE","@id":"https:\/\/secure.gravatar.com\/avatar\/8eb1c322f840b965722fb73dbe27494eba49593ae02f96b5fa942edbbc07a497?s=96&r=g","url":"https:\/\/secure.gravatar.com\/avatar\/8eb1c322f840b965722fb73dbe27494eba49593ae02f96b5fa942edbbc07a497?s=96&r=g","contentUrl":"https:\/\/secure.gravatar.com\/avatar\/8eb1c322f840b965722fb73dbe27494eba49593ae02f96b5fa942edbbc07a497?s=96&r=g","caption":"Trine Wir\u00e9n"},"url":"https:\/\/wp.kristdemokraterna.se\/uppsala\/author\/triwir\/"}]}},"_links":{"self":[{"href":"https:\/\/wp.kristdemokraterna.se\/uppsala\/wp-json\/wp\/v2\/posts\/692","targetHints":{"allow":["GET"]}}],"collection":[{"href":"https:\/\/wp.kristdemokraterna.se\/uppsala\/wp-json\/wp\/v2\/posts"}],"about":[{"href":"https:\/\/wp.kristdemokraterna.se\/uppsala\/wp-json\/wp\/v2\/types\/post"}],"author":[{"embeddable":true,"href":"https:\/\/wp.kristdemokraterna.se\/uppsala\/wp-json\/wp\/v2\/users\/571"}],"replies":[{"embeddable":true,"href":"https:\/\/wp.kristdemokraterna.se\/uppsala\/wp-json\/wp\/v2\/comments?post=692"}],"version-history":[{"count":1,"href":"https:\/\/wp.kristdemokraterna.se\/uppsala\/wp-json\/wp\/v2\/posts\/692\/revisions"}],"predecessor-version":[{"id":4683,"href":"https:\/\/wp.kristdemokraterna.se\/uppsala\/wp-json\/wp\/v2\/posts\/692\/revisions\/4683"}],"wp:attachment":[{"href":"https:\/\/wp.kristdemokraterna.se\/uppsala\/wp-json\/wp\/v2\/media?parent=692"}],"wp:term":[{"taxonomy":"category","embeddable":true,"href":"https:\/\/wp.kristdemokraterna.se\/uppsala\/wp-json\/wp\/v2\/categories?post=692"},{"taxonomy":"post_tag","embeddable":true,"href":"https:\/\/wp.kristdemokraterna.se\/uppsala\/wp-json\/wp\/v2\/tags?post=692"}],"curies":[{"name":"wp","href":"https:\/\/api.w.org\/{rel}","templated":true}]}}