{"id":808,"date":"2013-12-17T09:33:04","date_gmt":"2013-12-17T08:33:04","guid":{"rendered":"http:\/\/wp.kristdemokraterna.se\/uppsala\/?p=808"},"modified":"2024-04-03T22:28:52","modified_gmt":"2024-04-03T20:28:52","slug":"808","status":"publish","type":"post","link":"https:\/\/wp.kristdemokraterna.se\/uppsala\/808\/","title":{"rendered":"Mellanv\u00e5rdsavdelning p\u00e5 Kronparksg\u00e5rden"},"content":{"rendered":"<p>Radio P4 Uppland: <a href=\"http:\/\/http:\/\/sverigesradio.se\/sida\/artikel.aspx?programid=114&amp;artikel=5735544\">Mellanv\u00e5rdsavdelning \u00f6ppnas i Kronparken<\/a><\/p>\n<p>Landstingets h\u00e4lso- och sjukv\u00e5rdsstyrelse beslutade ig\u00e5r att den blivande mellanv\u00e5rdsavdelningen ska lokaliseras till Kronparken ist\u00e4llet f\u00f6r avdelning 170.<\/p>\n<p>Orsaken till f\u00f6r\u00e4ndringarna \u00e4r att avdelningen kommer att \u00f6ppna i andra lokaler \u00e4n man t\u00e4nkt, s\u00e4ger kristdemokraten Anna-Karin Klomp, ordf\u00f6rande i h\u00e4lso- och sjukv\u00e5rdsstyrelsen.<\/p>\n<p>\u2013 Man har f\u00e5tt omv\u00e4rdera hur mycket renovering som beh\u00f6vs p\u00e5 avdelning 170 och s\u00e5 vill Akademiska sjukhuset eventuellt beh\u00e5lla de lokalerna, s\u00e4ger Anna-Karin Klomp (KD), ordf\u00f6rande i h\u00e4lso- och sjukv\u00e5rdsstyrelsen.<\/p>\n<p>Den planerade avdelningen \u00e4r till f\u00f6r fr\u00e4mst \u00e4ldre patienter som \u00e4r f\u00e4rdigbehandlade p\u00e5 sjukhuset och f\u00f6r friska f\u00f6r att vara d\u00e4r, men f\u00f6r sjuka f\u00f6r att komma hem. Syftet \u00e4r att\u00a0f\u00f6rb\u00e4ttra omh\u00e4ndertagandet av patienterna genom att de v\u00e5rdas p\u00e5 r\u00e4tt v\u00e5rniv\u00e5.<\/p>\n<p>Planerna har gjorts om lite &#8211; och i st\u00e4llet f\u00f6r att \u00f6ppna i en lokal p\u00e5 Uller\u00e5ketsomr\u00e5det s\u00e5 blir det i en annan &#8211; p\u00e5 Kronparksg\u00e5rden. D\u00e5 kan man s\u00e5 sm\u00e5ningom ha 30 platser i st\u00e4llet f\u00f6r 26, men alla platser kommer troligen inte att vara ig\u00e5ng f\u00f6rr\u00e4n efter sommaren &#8211; f\u00f6rst \u00f6ppnar man 15 platser &#8211; och det hoppas man p\u00e5 att kunna g\u00f6ra i april, som planerat.<\/p>\n<p>\u2013 Det \u00e4r fortfarande det vi planerar f\u00f6r.<\/p>\n<p>Planen har ju f\u00e5tt kritik f\u00f6r att platserna \u00e4r p\u00e5 Uller\u00e5ker, f\u00f6r l\u00e5ngt fr\u00e5n Akademiska, men d\u00e4r \u00e4ndrar ni inget?<\/p>\n<p>\u2013 Det f\u00e5r man ju s\u00e4tta i relation till att vi har n\u00e4rv\u00e5rdsplatser b\u00e5de i Enk\u00f6ping och \u00d6sthammar och planerar att ha i Tierp och det \u00e4r ju \u00e4nnu l\u00e4ngre bort fr\u00e5n Akademiska sjukhuset.<\/p>\n","protected":false},"excerpt":{"rendered":"<p>Radio P4 Uppland: Mellanv\u00e5rdsavdelning \u00f6ppnas i Kronparken Landstingets h\u00e4lso- och sjukv\u00e5rdsstyrelse beslutade ig\u00e5r att den blivande mellanv\u00e5rdsavdelningen ska lokaliseras till Kronparken ist\u00e4llet f\u00f6r avdelning 170. Orsaken till f\u00f6r\u00e4ndringarna \u00e4r att avdelningen kommer att \u00f6ppna i andra lokaler \u00e4n man t\u00e4nkt, s\u00e4ger kristdemokraten Anna-Karin Klomp, ordf\u00f6rande i h\u00e4lso- och sjukv\u00e5rdsstyrelsen. \u2013 Man har f\u00e5tt omv\u00e4rdera hur <a class=\"read-more-link\" href=\"https:\/\/wp.kristdemokraterna.se\/uppsala\/808\/\">Read More<\/a><\/p>\n","protected":false},"author":570,"featured_media":0,"comment_status":"closed","ping_status":"closed","sticky":false,"template":"","format":"standard","meta":{"_acf_changed":false,"footnotes":""},"categories":[236],"tags":[7,52,245,246,247,51,50],"class_list":["post-808","post","type-post","status-publish","format-standard","hentry","category-vard-o-omsorg","tag-annakarinklomp","tag-landstinget-i-uppsala-lan","tag-mellanvardsavdelning","tag-narvardsplatser","tag-nava","tag-omhandertagande","tag-vard"],"acf":[],"yoast_head":"<!-- This site is optimized with the Yoast SEO plugin v27.4 - https:\/\/yoast.com\/product\/yoast-seo-wordpress\/ -->\n<title>Mellanv\u00e5rdsavdelning p\u00e5 Kronparksg\u00e5rden | Kristdemokraterna | Uppsala<\/title>\n<meta name=\"robots\" content=\"index, follow, max-snippet:-1, max-image-preview:large, max-video-preview:-1\" \/>\n<link rel=\"canonical\" href=\"https:\/\/wp.kristdemokraterna.se\/uppsala\/808\/\" \/>\n<meta property=\"og:locale\" content=\"sv_SE\" \/>\n<meta property=\"og:type\" content=\"article\" \/>\n<meta property=\"og:title\" content=\"Mellanv\u00e5rdsavdelning p\u00e5 Kronparksg\u00e5rden | Kristdemokraterna | Uppsala\" \/>\n<meta property=\"og:description\" content=\"Radio P4 Uppland: Mellanv\u00e5rdsavdelning \u00f6ppnas i Kronparken Landstingets h\u00e4lso- och sjukv\u00e5rdsstyrelse beslutade ig\u00e5r att den blivande mellanv\u00e5rdsavdelningen ska lokaliseras till Kronparken ist\u00e4llet f\u00f6r avdelning 170. Orsaken till f\u00f6r\u00e4ndringarna \u00e4r att avdelningen kommer att \u00f6ppna i andra lokaler \u00e4n man t\u00e4nkt, s\u00e4ger kristdemokraten Anna-Karin Klomp, ordf\u00f6rande i h\u00e4lso- och sjukv\u00e5rdsstyrelsen. \u2013 Man har f\u00e5tt omv\u00e4rdera hur Read More\" \/>\n<meta property=\"og:url\" content=\"https:\/\/wp.kristdemokraterna.se\/uppsala\/808\/\" \/>\n<meta property=\"og:site_name\" content=\"Kristdemokraterna | Uppsala\" \/>\n<meta property=\"article:publisher\" content=\"https:\/\/www.facebook.com\/UppsalaKD\/\" \/>\n<meta property=\"article:published_time\" content=\"2013-12-17T08:33:04+00:00\" \/>\n<meta property=\"article:modified_time\" content=\"2024-04-03T20:28:52+00:00\" \/>\n<meta property=\"og:image\" content=\"https:\/\/wp.kristdemokraterna.se\/uppsala\/files\/2021\/12\/kom1.png\" \/>\n\t<meta property=\"og:image:width\" content=\"770\" \/>\n\t<meta property=\"og:image:height\" content=\"404\" \/>\n\t<meta property=\"og:image:type\" content=\"image\/png\" \/>\n<meta name=\"author\" content=\"Petra Karl\u00e5\" \/>\n<meta name=\"twitter:card\" content=\"summary_large_image\" \/>\n<meta name=\"twitter:label1\" content=\"Skriven av\" \/>\n\t<meta name=\"twitter:data1\" content=\"Petra Karl\u00e5\" \/>\n\t<meta name=\"twitter:label2\" content=\"Ber\u00e4knad l\u00e4stid\" \/>\n\t<meta name=\"twitter:data2\" content=\"2 minuter\" \/>\n<script type=\"application\/ld+json\" class=\"yoast-schema-graph\">{\"@context\":\"https:\\\/\\\/schema.org\",\"@graph\":[{\"@type\":\"Article\",\"@id\":\"https:\\\/\\\/wp.kristdemokraterna.se\\\/uppsala\\\/808\\\/#article\",\"isPartOf\":{\"@id\":\"https:\\\/\\\/wp.kristdemokraterna.se\\\/uppsala\\\/808\\\/\"},\"author\":{\"name\":\"Petra Karl\u00e5\",\"@id\":\"https:\\\/\\\/wp.kristdemokraterna.se\\\/uppsala\\\/#\\\/schema\\\/person\\\/9c9d6764688a85f6a5a9bc0aeab97665\"},\"headline\":\"Mellanv\u00e5rdsavdelning p\u00e5 Kronparksg\u00e5rden\",\"datePublished\":\"2013-12-17T08:33:04+00:00\",\"dateModified\":\"2024-04-03T20:28:52+00:00\",\"mainEntityOfPage\":{\"@id\":\"https:\\\/\\\/wp.kristdemokraterna.se\\\/uppsala\\\/808\\\/\"},\"wordCount\":315,\"publisher\":{\"@id\":\"https:\\\/\\\/wp.kristdemokraterna.se\\\/uppsala\\\/#organization\"},\"keywords\":[\"Anna-Karin Klomp\",\"Landstinget i Uppsala l\u00e4n\",\"mellanv\u00e5rdsavdelning\",\"n\u00e4rv\u00e5rdsplatser\",\"N\u00e4Va\",\"Omh\u00e4ndertagande\",\"V\u00e5rd\"],\"articleSection\":[\"V\u00e5rd &amp; omsorg\"],\"inLanguage\":\"sv-SE\"},{\"@type\":\"WebPage\",\"@id\":\"https:\\\/\\\/wp.kristdemokraterna.se\\\/uppsala\\\/808\\\/\",\"url\":\"https:\\\/\\\/wp.kristdemokraterna.se\\\/uppsala\\\/808\\\/\",\"name\":\"Mellanv\u00e5rdsavdelning p\u00e5 Kronparksg\u00e5rden | Kristdemokraterna | Uppsala\",\"isPartOf\":{\"@id\":\"https:\\\/\\\/wp.kristdemokraterna.se\\\/uppsala\\\/#website\"},\"datePublished\":\"2013-12-17T08:33:04+00:00\",\"dateModified\":\"2024-04-03T20:28:52+00:00\",\"breadcrumb\":{\"@id\":\"https:\\\/\\\/wp.kristdemokraterna.se\\\/uppsala\\\/808\\\/#breadcrumb\"},\"inLanguage\":\"sv-SE\",\"potentialAction\":[{\"@type\":\"ReadAction\",\"target\":[\"https:\\\/\\\/wp.kristdemokraterna.se\\\/uppsala\\\/808\\\/\"]}]},{\"@type\":\"BreadcrumbList\",\"@id\":\"https:\\\/\\\/wp.kristdemokraterna.se\\\/uppsala\\\/808\\\/#breadcrumb\",\"itemListElement\":[{\"@type\":\"ListItem\",\"position\":1,\"name\":\"Hem\",\"item\":\"https:\\\/\\\/wp.kristdemokraterna.se\\\/uppsala\\\/\"},{\"@type\":\"ListItem\",\"position\":2,\"name\":\"Mellanv\u00e5rdsavdelning p\u00e5 Kronparksg\u00e5rden\"}]},{\"@type\":\"WebSite\",\"@id\":\"https:\\\/\\\/wp.kristdemokraterna.se\\\/uppsala\\\/#website\",\"url\":\"https:\\\/\\\/wp.kristdemokraterna.se\\\/uppsala\\\/\",\"name\":\"Kristdemokraterna Uppsala\",\"description\":\"Tryggare Uppsala\",\"publisher\":{\"@id\":\"https:\\\/\\\/wp.kristdemokraterna.se\\\/uppsala\\\/#organization\"},\"inLanguage\":\"sv-SE\"},{\"@type\":\"Organization\",\"@id\":\"https:\\\/\\\/wp.kristdemokraterna.se\\\/uppsala\\\/#organization\",\"name\":\"Kristdemokraterna Uppsala\",\"url\":\"https:\\\/\\\/wp.kristdemokraterna.se\\\/uppsala\\\/\",\"logo\":{\"@type\":\"ImageObject\",\"inLanguage\":\"sv-SE\",\"@id\":\"https:\\\/\\\/wp.kristdemokraterna.se\\\/uppsala\\\/#\\\/schema\\\/logo\\\/image\\\/\",\"url\":\"https:\\\/\\\/wp.kristdemokraterna.se\\\/uppsala\\\/files\\\/2019\\\/10\\\/kd-uppsala.png\",\"contentUrl\":\"https:\\\/\\\/wp.kristdemokraterna.se\\\/uppsala\\\/files\\\/2019\\\/10\\\/kd-uppsala.png\",\"width\":804,\"height\":421,\"caption\":\"Kristdemokraterna Uppsala\"},\"image\":{\"@id\":\"https:\\\/\\\/wp.kristdemokraterna.se\\\/uppsala\\\/#\\\/schema\\\/logo\\\/image\\\/\"},\"sameAs\":[\"https:\\\/\\\/www.facebook.com\\\/UppsalaKD\\\/\",\"https:\\\/\\\/www.instagram.com\\\/uppsalakd\\\/\"]},{\"@type\":\"Person\",\"@id\":\"https:\\\/\\\/wp.kristdemokraterna.se\\\/uppsala\\\/#\\\/schema\\\/person\\\/9c9d6764688a85f6a5a9bc0aeab97665\",\"name\":\"Petra Karl\u00e5\",\"image\":{\"@type\":\"ImageObject\",\"inLanguage\":\"sv-SE\",\"@id\":\"https:\\\/\\\/secure.gravatar.com\\\/avatar\\\/4a0351df3ec5e473a63caa9ade3c07a69c688dacf0d1055a81464c4244cd8431?s=96&r=g\",\"url\":\"https:\\\/\\\/secure.gravatar.com\\\/avatar\\\/4a0351df3ec5e473a63caa9ade3c07a69c688dacf0d1055a81464c4244cd8431?s=96&r=g\",\"contentUrl\":\"https:\\\/\\\/secure.gravatar.com\\\/avatar\\\/4a0351df3ec5e473a63caa9ade3c07a69c688dacf0d1055a81464c4244cd8431?s=96&r=g\",\"caption\":\"Petra Karl\u00e5\"},\"url\":\"https:\\\/\\\/wp.kristdemokraterna.se\\\/uppsala\\\/author\\\/petrakarla\\\/\"}]}<\/script>\n<!-- \/ Yoast SEO plugin. -->","yoast_head_json":{"title":"Mellanv\u00e5rdsavdelning p\u00e5 Kronparksg\u00e5rden | Kristdemokraterna | Uppsala","robots":{"index":"index","follow":"follow","max-snippet":"max-snippet:-1","max-image-preview":"max-image-preview:large","max-video-preview":"max-video-preview:-1"},"canonical":"https:\/\/wp.kristdemokraterna.se\/uppsala\/808\/","og_locale":"sv_SE","og_type":"article","og_title":"Mellanv\u00e5rdsavdelning p\u00e5 Kronparksg\u00e5rden | Kristdemokraterna | Uppsala","og_description":"Radio P4 Uppland: Mellanv\u00e5rdsavdelning \u00f6ppnas i Kronparken Landstingets h\u00e4lso- och sjukv\u00e5rdsstyrelse beslutade ig\u00e5r att den blivande mellanv\u00e5rdsavdelningen ska lokaliseras till Kronparken ist\u00e4llet f\u00f6r avdelning 170. Orsaken till f\u00f6r\u00e4ndringarna \u00e4r att avdelningen kommer att \u00f6ppna i andra lokaler \u00e4n man t\u00e4nkt, s\u00e4ger kristdemokraten Anna-Karin Klomp, ordf\u00f6rande i h\u00e4lso- och sjukv\u00e5rdsstyrelsen. \u2013 Man har f\u00e5tt omv\u00e4rdera hur Read More","og_url":"https:\/\/wp.kristdemokraterna.se\/uppsala\/808\/","og_site_name":"Kristdemokraterna | Uppsala","article_publisher":"https:\/\/www.facebook.com\/UppsalaKD\/","article_published_time":"2013-12-17T08:33:04+00:00","article_modified_time":"2024-04-03T20:28:52+00:00","og_image":[{"width":770,"height":404,"url":"https:\/\/wp.kristdemokraterna.se\/uppsala\/files\/2021\/12\/kom1.png","type":"image\/png"}],"author":"Petra Karl\u00e5","twitter_card":"summary_large_image","twitter_misc":{"Skriven av":"Petra Karl\u00e5","Ber\u00e4knad l\u00e4stid":"2 minuter"},"schema":{"@context":"https:\/\/schema.org","@graph":[{"@type":"Article","@id":"https:\/\/wp.kristdemokraterna.se\/uppsala\/808\/#article","isPartOf":{"@id":"https:\/\/wp.kristdemokraterna.se\/uppsala\/808\/"},"author":{"name":"Petra Karl\u00e5","@id":"https:\/\/wp.kristdemokraterna.se\/uppsala\/#\/schema\/person\/9c9d6764688a85f6a5a9bc0aeab97665"},"headline":"Mellanv\u00e5rdsavdelning p\u00e5 Kronparksg\u00e5rden","datePublished":"2013-12-17T08:33:04+00:00","dateModified":"2024-04-03T20:28:52+00:00","mainEntityOfPage":{"@id":"https:\/\/wp.kristdemokraterna.se\/uppsala\/808\/"},"wordCount":315,"publisher":{"@id":"https:\/\/wp.kristdemokraterna.se\/uppsala\/#organization"},"keywords":["Anna-Karin Klomp","Landstinget i Uppsala l\u00e4n","mellanv\u00e5rdsavdelning","n\u00e4rv\u00e5rdsplatser","N\u00e4Va","Omh\u00e4ndertagande","V\u00e5rd"],"articleSection":["V\u00e5rd &amp; omsorg"],"inLanguage":"sv-SE"},{"@type":"WebPage","@id":"https:\/\/wp.kristdemokraterna.se\/uppsala\/808\/","url":"https:\/\/wp.kristdemokraterna.se\/uppsala\/808\/","name":"Mellanv\u00e5rdsavdelning p\u00e5 Kronparksg\u00e5rden | Kristdemokraterna | Uppsala","isPartOf":{"@id":"https:\/\/wp.kristdemokraterna.se\/uppsala\/#website"},"datePublished":"2013-12-17T08:33:04+00:00","dateModified":"2024-04-03T20:28:52+00:00","breadcrumb":{"@id":"https:\/\/wp.kristdemokraterna.se\/uppsala\/808\/#breadcrumb"},"inLanguage":"sv-SE","potentialAction":[{"@type":"ReadAction","target":["https:\/\/wp.kristdemokraterna.se\/uppsala\/808\/"]}]},{"@type":"BreadcrumbList","@id":"https:\/\/wp.kristdemokraterna.se\/uppsala\/808\/#breadcrumb","itemListElement":[{"@type":"ListItem","position":1,"name":"Hem","item":"https:\/\/wp.kristdemokraterna.se\/uppsala\/"},{"@type":"ListItem","position":2,"name":"Mellanv\u00e5rdsavdelning p\u00e5 Kronparksg\u00e5rden"}]},{"@type":"WebSite","@id":"https:\/\/wp.kristdemokraterna.se\/uppsala\/#website","url":"https:\/\/wp.kristdemokraterna.se\/uppsala\/","name":"Kristdemokraterna Uppsala","description":"Tryggare Uppsala","publisher":{"@id":"https:\/\/wp.kristdemokraterna.se\/uppsala\/#organization"},"inLanguage":"sv-SE"},{"@type":"Organization","@id":"https:\/\/wp.kristdemokraterna.se\/uppsala\/#organization","name":"Kristdemokraterna Uppsala","url":"https:\/\/wp.kristdemokraterna.se\/uppsala\/","logo":{"@type":"ImageObject","inLanguage":"sv-SE","@id":"https:\/\/wp.kristdemokraterna.se\/uppsala\/#\/schema\/logo\/image\/","url":"https:\/\/wp.kristdemokraterna.se\/uppsala\/files\/2019\/10\/kd-uppsala.png","contentUrl":"https:\/\/wp.kristdemokraterna.se\/uppsala\/files\/2019\/10\/kd-uppsala.png","width":804,"height":421,"caption":"Kristdemokraterna Uppsala"},"image":{"@id":"https:\/\/wp.kristdemokraterna.se\/uppsala\/#\/schema\/logo\/image\/"},"sameAs":["https:\/\/www.facebook.com\/UppsalaKD\/","https:\/\/www.instagram.com\/uppsalakd\/"]},{"@type":"Person","@id":"https:\/\/wp.kristdemokraterna.se\/uppsala\/#\/schema\/person\/9c9d6764688a85f6a5a9bc0aeab97665","name":"Petra Karl\u00e5","image":{"@type":"ImageObject","inLanguage":"sv-SE","@id":"https:\/\/secure.gravatar.com\/avatar\/4a0351df3ec5e473a63caa9ade3c07a69c688dacf0d1055a81464c4244cd8431?s=96&r=g","url":"https:\/\/secure.gravatar.com\/avatar\/4a0351df3ec5e473a63caa9ade3c07a69c688dacf0d1055a81464c4244cd8431?s=96&r=g","contentUrl":"https:\/\/secure.gravatar.com\/avatar\/4a0351df3ec5e473a63caa9ade3c07a69c688dacf0d1055a81464c4244cd8431?s=96&r=g","caption":"Petra Karl\u00e5"},"url":"https:\/\/wp.kristdemokraterna.se\/uppsala\/author\/petrakarla\/"}]}},"_links":{"self":[{"href":"https:\/\/wp.kristdemokraterna.se\/uppsala\/wp-json\/wp\/v2\/posts\/808","targetHints":{"allow":["GET"]}}],"collection":[{"href":"https:\/\/wp.kristdemokraterna.se\/uppsala\/wp-json\/wp\/v2\/posts"}],"about":[{"href":"https:\/\/wp.kristdemokraterna.se\/uppsala\/wp-json\/wp\/v2\/types\/post"}],"author":[{"embeddable":true,"href":"https:\/\/wp.kristdemokraterna.se\/uppsala\/wp-json\/wp\/v2\/users\/570"}],"replies":[{"embeddable":true,"href":"https:\/\/wp.kristdemokraterna.se\/uppsala\/wp-json\/wp\/v2\/comments?post=808"}],"version-history":[{"count":5,"href":"https:\/\/wp.kristdemokraterna.se\/uppsala\/wp-json\/wp\/v2\/posts\/808\/revisions"}],"predecessor-version":[{"id":814,"href":"https:\/\/wp.kristdemokraterna.se\/uppsala\/wp-json\/wp\/v2\/posts\/808\/revisions\/814"}],"wp:attachment":[{"href":"https:\/\/wp.kristdemokraterna.se\/uppsala\/wp-json\/wp\/v2\/media?parent=808"}],"wp:term":[{"taxonomy":"category","embeddable":true,"href":"https:\/\/wp.kristdemokraterna.se\/uppsala\/wp-json\/wp\/v2\/categories?post=808"},{"taxonomy":"post_tag","embeddable":true,"href":"https:\/\/wp.kristdemokraterna.se\/uppsala\/wp-json\/wp\/v2\/tags?post=808"}],"curies":[{"name":"wp","href":"https:\/\/api.w.org\/{rel}","templated":true}]}}