{"id":815,"date":"2013-12-18T13:34:29","date_gmt":"2013-12-18T12:34:29","guid":{"rendered":"http:\/\/wp.kristdemokraterna.se\/uppsala\/?p=815"},"modified":"2024-04-03T22:28:07","modified_gmt":"2024-04-03T20:28:07","slug":"landstinget-har-kortat-vantetiderna-i-varden","status":"publish","type":"post","link":"https:\/\/wp.kristdemokraterna.se\/uppsala\/landstinget-har-kortat-vantetiderna-i-varden\/","title":{"rendered":"Landstinget har kortat v\u00e4ntetiderna i v\u00e5rden"},"content":{"rendered":"<p>P4 Uppland rapporterar: <a href=\"http:\/\/http:\/\/sverigesradio.se\/sida\/artikel.aspx?programid=114&amp;artikel=5735861\">Kortare v\u00e4ntetid i v\u00e5rden<\/a><\/p>\n<p>De som v\u00e4ntade p\u00e5 att f\u00e5 tr\u00e4ffa en specialist i v\u00e5rden fick under november v\u00e4nta lite kortare \u00e4n tidigare.<\/p>\n<p>&#8211; Landstinget har under en l\u00e4ngre tid haft problem med att klara kraven f\u00f6r k\u00f6miljarden, men under h\u00f6sten har produktionskurvan pekat stadigt upp\u00e5t, s\u00e4ger landstingsr\u00e5det Anna-Karin Klomp (KD).<\/p>\n<p>75% fick behandling inom 60 dagar. Det inneb\u00e4r att Landstinget i Uppsala l\u00e4n klarade en del av kravet f\u00f6r k\u00f6miljarden den m\u00e5naden.<\/p>\n<p>&#8211; Det \u00e4r ingen slump att k\u00f6erna kortats. Det p\u00e5g\u00e5r ett systematiskt arbete med att f\u00f6rb\u00e4ttra tillg\u00e4ngligheten i specialistv\u00e5rden och \u00e4ven bemanningen p\u00e5 sjukhusen ser b\u00e4ttre ut nu, menar Anna-Karin Klomp.<\/p>\n<p>Landstinget klarade d\u00e4remot inte k\u00f6miljardens krav f\u00f6r bes\u00f6k till specialist. Man var 0,5% fr\u00e5n k\u00f6miljardens 70 procentsgr\u00e4ns.<\/p>\n<p>Inom prim\u00e4rv\u00e5rden \u00e4r tillg\u00e4ngligheten fortsatt god. I SKL:s oktoberm\u00e4tning var telefontillg\u00e4ngligheten 96% och 91% fick tid hos l\u00e4kare inom en vecka.<\/p>\n<p>&nbsp;<\/p>\n<p>&nbsp;<\/p>\n<p>&nbsp;<\/p>\n","protected":false},"excerpt":{"rendered":"<p>P4 Uppland rapporterar: Kortare v\u00e4ntetid i v\u00e5rden De som v\u00e4ntade p\u00e5 att f\u00e5 tr\u00e4ffa en specialist i v\u00e5rden fick under november v\u00e4nta lite kortare \u00e4n tidigare. &#8211; Landstinget har under en l\u00e4ngre tid haft problem med att klara kraven f\u00f6r k\u00f6miljarden, men under h\u00f6sten har produktionskurvan pekat stadigt upp\u00e5t, s\u00e4ger landstingsr\u00e5det Anna-Karin Klomp (KD). 75% <a class=\"read-more-link\" href=\"https:\/\/wp.kristdemokraterna.se\/uppsala\/landstinget-har-kortat-vantetiderna-i-varden\/\">Read More<\/a><\/p>\n","protected":false},"author":570,"featured_media":0,"comment_status":"closed","ping_status":"closed","sticky":false,"template":"","format":"standard","meta":{"_acf_changed":false,"footnotes":""},"categories":[236],"tags":[7,53,52,50],"class_list":["post-815","post","type-post","status-publish","format-standard","hentry","category-vard-o-omsorg","tag-annakarinklomp","tag-komiljard","tag-landstinget-i-uppsala-lan","tag-vard"],"acf":[],"yoast_head":"<!-- This site is optimized with the Yoast SEO plugin v27.4 - https:\/\/yoast.com\/product\/yoast-seo-wordpress\/ -->\n<title>Landstinget har kortat v\u00e4ntetiderna i v\u00e5rden | Kristdemokraterna | Uppsala<\/title>\n<meta name=\"robots\" content=\"index, follow, max-snippet:-1, max-image-preview:large, max-video-preview:-1\" \/>\n<link rel=\"canonical\" href=\"https:\/\/wp.kristdemokraterna.se\/uppsala\/landstinget-har-kortat-vantetiderna-i-varden\/\" \/>\n<meta property=\"og:locale\" content=\"sv_SE\" \/>\n<meta property=\"og:type\" content=\"article\" \/>\n<meta property=\"og:title\" content=\"Landstinget har kortat v\u00e4ntetiderna i v\u00e5rden | Kristdemokraterna | Uppsala\" \/>\n<meta property=\"og:description\" content=\"P4 Uppland rapporterar: Kortare v\u00e4ntetid i v\u00e5rden De som v\u00e4ntade p\u00e5 att f\u00e5 tr\u00e4ffa en specialist i v\u00e5rden fick under november v\u00e4nta lite kortare \u00e4n tidigare. &#8211; Landstinget har under en l\u00e4ngre tid haft problem med att klara kraven f\u00f6r k\u00f6miljarden, men under h\u00f6sten har produktionskurvan pekat stadigt upp\u00e5t, s\u00e4ger landstingsr\u00e5det Anna-Karin Klomp (KD). 75% Read More\" \/>\n<meta property=\"og:url\" content=\"https:\/\/wp.kristdemokraterna.se\/uppsala\/landstinget-har-kortat-vantetiderna-i-varden\/\" \/>\n<meta property=\"og:site_name\" content=\"Kristdemokraterna | Uppsala\" \/>\n<meta property=\"article:publisher\" content=\"https:\/\/www.facebook.com\/UppsalaKD\/\" \/>\n<meta property=\"article:published_time\" content=\"2013-12-18T12:34:29+00:00\" \/>\n<meta property=\"article:modified_time\" content=\"2024-04-03T20:28:07+00:00\" \/>\n<meta property=\"og:image\" content=\"https:\/\/wp.kristdemokraterna.se\/uppsala\/files\/2021\/12\/kom1.png\" \/>\n\t<meta property=\"og:image:width\" content=\"770\" \/>\n\t<meta property=\"og:image:height\" content=\"404\" \/>\n\t<meta property=\"og:image:type\" content=\"image\/png\" \/>\n<meta name=\"author\" content=\"Petra Karl\u00e5\" \/>\n<meta name=\"twitter:card\" content=\"summary_large_image\" \/>\n<meta name=\"twitter:label1\" content=\"Skriven av\" \/>\n\t<meta name=\"twitter:data1\" content=\"Petra Karl\u00e5\" \/>\n\t<meta name=\"twitter:label2\" content=\"Ber\u00e4knad l\u00e4stid\" \/>\n\t<meta name=\"twitter:data2\" content=\"1 minut\" \/>\n<script type=\"application\/ld+json\" class=\"yoast-schema-graph\">{\"@context\":\"https:\\\/\\\/schema.org\",\"@graph\":[{\"@type\":\"Article\",\"@id\":\"https:\\\/\\\/wp.kristdemokraterna.se\\\/uppsala\\\/landstinget-har-kortat-vantetiderna-i-varden\\\/#article\",\"isPartOf\":{\"@id\":\"https:\\\/\\\/wp.kristdemokraterna.se\\\/uppsala\\\/landstinget-har-kortat-vantetiderna-i-varden\\\/\"},\"author\":{\"name\":\"Petra Karl\u00e5\",\"@id\":\"https:\\\/\\\/wp.kristdemokraterna.se\\\/uppsala\\\/#\\\/schema\\\/person\\\/9c9d6764688a85f6a5a9bc0aeab97665\"},\"headline\":\"Landstinget har kortat v\u00e4ntetiderna i v\u00e5rden\",\"datePublished\":\"2013-12-18T12:34:29+00:00\",\"dateModified\":\"2024-04-03T20:28:07+00:00\",\"mainEntityOfPage\":{\"@id\":\"https:\\\/\\\/wp.kristdemokraterna.se\\\/uppsala\\\/landstinget-har-kortat-vantetiderna-i-varden\\\/\"},\"wordCount\":190,\"publisher\":{\"@id\":\"https:\\\/\\\/wp.kristdemokraterna.se\\\/uppsala\\\/#organization\"},\"keywords\":[\"Anna-Karin Klomp\",\"k\u00f6miljard\",\"Landstinget i Uppsala l\u00e4n\",\"V\u00e5rd\"],\"articleSection\":[\"V\u00e5rd &amp; omsorg\"],\"inLanguage\":\"sv-SE\"},{\"@type\":\"WebPage\",\"@id\":\"https:\\\/\\\/wp.kristdemokraterna.se\\\/uppsala\\\/landstinget-har-kortat-vantetiderna-i-varden\\\/\",\"url\":\"https:\\\/\\\/wp.kristdemokraterna.se\\\/uppsala\\\/landstinget-har-kortat-vantetiderna-i-varden\\\/\",\"name\":\"Landstinget har kortat v\u00e4ntetiderna i v\u00e5rden | Kristdemokraterna | Uppsala\",\"isPartOf\":{\"@id\":\"https:\\\/\\\/wp.kristdemokraterna.se\\\/uppsala\\\/#website\"},\"datePublished\":\"2013-12-18T12:34:29+00:00\",\"dateModified\":\"2024-04-03T20:28:07+00:00\",\"breadcrumb\":{\"@id\":\"https:\\\/\\\/wp.kristdemokraterna.se\\\/uppsala\\\/landstinget-har-kortat-vantetiderna-i-varden\\\/#breadcrumb\"},\"inLanguage\":\"sv-SE\",\"potentialAction\":[{\"@type\":\"ReadAction\",\"target\":[\"https:\\\/\\\/wp.kristdemokraterna.se\\\/uppsala\\\/landstinget-har-kortat-vantetiderna-i-varden\\\/\"]}]},{\"@type\":\"BreadcrumbList\",\"@id\":\"https:\\\/\\\/wp.kristdemokraterna.se\\\/uppsala\\\/landstinget-har-kortat-vantetiderna-i-varden\\\/#breadcrumb\",\"itemListElement\":[{\"@type\":\"ListItem\",\"position\":1,\"name\":\"Hem\",\"item\":\"https:\\\/\\\/wp.kristdemokraterna.se\\\/uppsala\\\/\"},{\"@type\":\"ListItem\",\"position\":2,\"name\":\"Landstinget har kortat v\u00e4ntetiderna i v\u00e5rden\"}]},{\"@type\":\"WebSite\",\"@id\":\"https:\\\/\\\/wp.kristdemokraterna.se\\\/uppsala\\\/#website\",\"url\":\"https:\\\/\\\/wp.kristdemokraterna.se\\\/uppsala\\\/\",\"name\":\"Kristdemokraterna Uppsala\",\"description\":\"Tryggare Uppsala\",\"publisher\":{\"@id\":\"https:\\\/\\\/wp.kristdemokraterna.se\\\/uppsala\\\/#organization\"},\"inLanguage\":\"sv-SE\"},{\"@type\":\"Organization\",\"@id\":\"https:\\\/\\\/wp.kristdemokraterna.se\\\/uppsala\\\/#organization\",\"name\":\"Kristdemokraterna Uppsala\",\"url\":\"https:\\\/\\\/wp.kristdemokraterna.se\\\/uppsala\\\/\",\"logo\":{\"@type\":\"ImageObject\",\"inLanguage\":\"sv-SE\",\"@id\":\"https:\\\/\\\/wp.kristdemokraterna.se\\\/uppsala\\\/#\\\/schema\\\/logo\\\/image\\\/\",\"url\":\"https:\\\/\\\/wp.kristdemokraterna.se\\\/uppsala\\\/files\\\/2019\\\/10\\\/kd-uppsala.png\",\"contentUrl\":\"https:\\\/\\\/wp.kristdemokraterna.se\\\/uppsala\\\/files\\\/2019\\\/10\\\/kd-uppsala.png\",\"width\":804,\"height\":421,\"caption\":\"Kristdemokraterna Uppsala\"},\"image\":{\"@id\":\"https:\\\/\\\/wp.kristdemokraterna.se\\\/uppsala\\\/#\\\/schema\\\/logo\\\/image\\\/\"},\"sameAs\":[\"https:\\\/\\\/www.facebook.com\\\/UppsalaKD\\\/\",\"https:\\\/\\\/www.instagram.com\\\/uppsalakd\\\/\"]},{\"@type\":\"Person\",\"@id\":\"https:\\\/\\\/wp.kristdemokraterna.se\\\/uppsala\\\/#\\\/schema\\\/person\\\/9c9d6764688a85f6a5a9bc0aeab97665\",\"name\":\"Petra Karl\u00e5\",\"image\":{\"@type\":\"ImageObject\",\"inLanguage\":\"sv-SE\",\"@id\":\"https:\\\/\\\/secure.gravatar.com\\\/avatar\\\/4a0351df3ec5e473a63caa9ade3c07a69c688dacf0d1055a81464c4244cd8431?s=96&r=g\",\"url\":\"https:\\\/\\\/secure.gravatar.com\\\/avatar\\\/4a0351df3ec5e473a63caa9ade3c07a69c688dacf0d1055a81464c4244cd8431?s=96&r=g\",\"contentUrl\":\"https:\\\/\\\/secure.gravatar.com\\\/avatar\\\/4a0351df3ec5e473a63caa9ade3c07a69c688dacf0d1055a81464c4244cd8431?s=96&r=g\",\"caption\":\"Petra Karl\u00e5\"},\"url\":\"https:\\\/\\\/wp.kristdemokraterna.se\\\/uppsala\\\/author\\\/petrakarla\\\/\"}]}<\/script>\n<!-- \/ Yoast SEO plugin. -->","yoast_head_json":{"title":"Landstinget har kortat v\u00e4ntetiderna i v\u00e5rden | Kristdemokraterna | Uppsala","robots":{"index":"index","follow":"follow","max-snippet":"max-snippet:-1","max-image-preview":"max-image-preview:large","max-video-preview":"max-video-preview:-1"},"canonical":"https:\/\/wp.kristdemokraterna.se\/uppsala\/landstinget-har-kortat-vantetiderna-i-varden\/","og_locale":"sv_SE","og_type":"article","og_title":"Landstinget har kortat v\u00e4ntetiderna i v\u00e5rden | Kristdemokraterna | Uppsala","og_description":"P4 Uppland rapporterar: Kortare v\u00e4ntetid i v\u00e5rden De som v\u00e4ntade p\u00e5 att f\u00e5 tr\u00e4ffa en specialist i v\u00e5rden fick under november v\u00e4nta lite kortare \u00e4n tidigare. &#8211; Landstinget har under en l\u00e4ngre tid haft problem med att klara kraven f\u00f6r k\u00f6miljarden, men under h\u00f6sten har produktionskurvan pekat stadigt upp\u00e5t, s\u00e4ger landstingsr\u00e5det Anna-Karin Klomp (KD). 75% Read More","og_url":"https:\/\/wp.kristdemokraterna.se\/uppsala\/landstinget-har-kortat-vantetiderna-i-varden\/","og_site_name":"Kristdemokraterna | Uppsala","article_publisher":"https:\/\/www.facebook.com\/UppsalaKD\/","article_published_time":"2013-12-18T12:34:29+00:00","article_modified_time":"2024-04-03T20:28:07+00:00","og_image":[{"width":770,"height":404,"url":"https:\/\/wp.kristdemokraterna.se\/uppsala\/files\/2021\/12\/kom1.png","type":"image\/png"}],"author":"Petra Karl\u00e5","twitter_card":"summary_large_image","twitter_misc":{"Skriven av":"Petra Karl\u00e5","Ber\u00e4knad l\u00e4stid":"1 minut"},"schema":{"@context":"https:\/\/schema.org","@graph":[{"@type":"Article","@id":"https:\/\/wp.kristdemokraterna.se\/uppsala\/landstinget-har-kortat-vantetiderna-i-varden\/#article","isPartOf":{"@id":"https:\/\/wp.kristdemokraterna.se\/uppsala\/landstinget-har-kortat-vantetiderna-i-varden\/"},"author":{"name":"Petra Karl\u00e5","@id":"https:\/\/wp.kristdemokraterna.se\/uppsala\/#\/schema\/person\/9c9d6764688a85f6a5a9bc0aeab97665"},"headline":"Landstinget har kortat v\u00e4ntetiderna i v\u00e5rden","datePublished":"2013-12-18T12:34:29+00:00","dateModified":"2024-04-03T20:28:07+00:00","mainEntityOfPage":{"@id":"https:\/\/wp.kristdemokraterna.se\/uppsala\/landstinget-har-kortat-vantetiderna-i-varden\/"},"wordCount":190,"publisher":{"@id":"https:\/\/wp.kristdemokraterna.se\/uppsala\/#organization"},"keywords":["Anna-Karin Klomp","k\u00f6miljard","Landstinget i Uppsala l\u00e4n","V\u00e5rd"],"articleSection":["V\u00e5rd &amp; omsorg"],"inLanguage":"sv-SE"},{"@type":"WebPage","@id":"https:\/\/wp.kristdemokraterna.se\/uppsala\/landstinget-har-kortat-vantetiderna-i-varden\/","url":"https:\/\/wp.kristdemokraterna.se\/uppsala\/landstinget-har-kortat-vantetiderna-i-varden\/","name":"Landstinget har kortat v\u00e4ntetiderna i v\u00e5rden | Kristdemokraterna | Uppsala","isPartOf":{"@id":"https:\/\/wp.kristdemokraterna.se\/uppsala\/#website"},"datePublished":"2013-12-18T12:34:29+00:00","dateModified":"2024-04-03T20:28:07+00:00","breadcrumb":{"@id":"https:\/\/wp.kristdemokraterna.se\/uppsala\/landstinget-har-kortat-vantetiderna-i-varden\/#breadcrumb"},"inLanguage":"sv-SE","potentialAction":[{"@type":"ReadAction","target":["https:\/\/wp.kristdemokraterna.se\/uppsala\/landstinget-har-kortat-vantetiderna-i-varden\/"]}]},{"@type":"BreadcrumbList","@id":"https:\/\/wp.kristdemokraterna.se\/uppsala\/landstinget-har-kortat-vantetiderna-i-varden\/#breadcrumb","itemListElement":[{"@type":"ListItem","position":1,"name":"Hem","item":"https:\/\/wp.kristdemokraterna.se\/uppsala\/"},{"@type":"ListItem","position":2,"name":"Landstinget har kortat v\u00e4ntetiderna i v\u00e5rden"}]},{"@type":"WebSite","@id":"https:\/\/wp.kristdemokraterna.se\/uppsala\/#website","url":"https:\/\/wp.kristdemokraterna.se\/uppsala\/","name":"Kristdemokraterna Uppsala","description":"Tryggare Uppsala","publisher":{"@id":"https:\/\/wp.kristdemokraterna.se\/uppsala\/#organization"},"inLanguage":"sv-SE"},{"@type":"Organization","@id":"https:\/\/wp.kristdemokraterna.se\/uppsala\/#organization","name":"Kristdemokraterna Uppsala","url":"https:\/\/wp.kristdemokraterna.se\/uppsala\/","logo":{"@type":"ImageObject","inLanguage":"sv-SE","@id":"https:\/\/wp.kristdemokraterna.se\/uppsala\/#\/schema\/logo\/image\/","url":"https:\/\/wp.kristdemokraterna.se\/uppsala\/files\/2019\/10\/kd-uppsala.png","contentUrl":"https:\/\/wp.kristdemokraterna.se\/uppsala\/files\/2019\/10\/kd-uppsala.png","width":804,"height":421,"caption":"Kristdemokraterna Uppsala"},"image":{"@id":"https:\/\/wp.kristdemokraterna.se\/uppsala\/#\/schema\/logo\/image\/"},"sameAs":["https:\/\/www.facebook.com\/UppsalaKD\/","https:\/\/www.instagram.com\/uppsalakd\/"]},{"@type":"Person","@id":"https:\/\/wp.kristdemokraterna.se\/uppsala\/#\/schema\/person\/9c9d6764688a85f6a5a9bc0aeab97665","name":"Petra Karl\u00e5","image":{"@type":"ImageObject","inLanguage":"sv-SE","@id":"https:\/\/secure.gravatar.com\/avatar\/4a0351df3ec5e473a63caa9ade3c07a69c688dacf0d1055a81464c4244cd8431?s=96&r=g","url":"https:\/\/secure.gravatar.com\/avatar\/4a0351df3ec5e473a63caa9ade3c07a69c688dacf0d1055a81464c4244cd8431?s=96&r=g","contentUrl":"https:\/\/secure.gravatar.com\/avatar\/4a0351df3ec5e473a63caa9ade3c07a69c688dacf0d1055a81464c4244cd8431?s=96&r=g","caption":"Petra Karl\u00e5"},"url":"https:\/\/wp.kristdemokraterna.se\/uppsala\/author\/petrakarla\/"}]}},"_links":{"self":[{"href":"https:\/\/wp.kristdemokraterna.se\/uppsala\/wp-json\/wp\/v2\/posts\/815","targetHints":{"allow":["GET"]}}],"collection":[{"href":"https:\/\/wp.kristdemokraterna.se\/uppsala\/wp-json\/wp\/v2\/posts"}],"about":[{"href":"https:\/\/wp.kristdemokraterna.se\/uppsala\/wp-json\/wp\/v2\/types\/post"}],"author":[{"embeddable":true,"href":"https:\/\/wp.kristdemokraterna.se\/uppsala\/wp-json\/wp\/v2\/users\/570"}],"replies":[{"embeddable":true,"href":"https:\/\/wp.kristdemokraterna.se\/uppsala\/wp-json\/wp\/v2\/comments?post=815"}],"version-history":[{"count":2,"href":"https:\/\/wp.kristdemokraterna.se\/uppsala\/wp-json\/wp\/v2\/posts\/815\/revisions"}],"predecessor-version":[{"id":817,"href":"https:\/\/wp.kristdemokraterna.se\/uppsala\/wp-json\/wp\/v2\/posts\/815\/revisions\/817"}],"wp:attachment":[{"href":"https:\/\/wp.kristdemokraterna.se\/uppsala\/wp-json\/wp\/v2\/media?parent=815"}],"wp:term":[{"taxonomy":"category","embeddable":true,"href":"https:\/\/wp.kristdemokraterna.se\/uppsala\/wp-json\/wp\/v2\/categories?post=815"},{"taxonomy":"post_tag","embeddable":true,"href":"https:\/\/wp.kristdemokraterna.se\/uppsala\/wp-json\/wp\/v2\/tags?post=815"}],"curies":[{"name":"wp","href":"https:\/\/api.w.org\/{rel}","templated":true}]}}