{"id":823,"date":"2013-12-19T18:50:43","date_gmt":"2013-12-19T17:50:43","guid":{"rendered":"http:\/\/wp.kristdemokraterna.se\/uppsala\/?p=823"},"modified":"2024-04-03T22:31:23","modified_gmt":"2024-04-03T20:31:23","slug":"kampanj-pa-forumtorget","status":"publish","type":"post","link":"https:\/\/wp.kristdemokraterna.se\/uppsala\/kampanj-pa-forumtorget\/","title":{"rendered":"Kampanj p\u00e5 Forumtorget"},"content":{"rendered":"<p><a href=\"http:\/\/wp.kristdemokraterna.se\/uppsala\/files\/2013\/12\/kampanj.-KD-Uppsala..jpg\"><img loading=\"lazy\" decoding=\"async\" class=\" wp-image-824 alignleft\" style=\"width: 196px\" alt=\"kampanj. KD Uppsala.\" src=\"http:\/\/wp.kristdemokraterna.se\/uppsala\/files\/2013\/12\/kampanj.-KD-Uppsala.-300x300.jpg\" width=\"300\" height=\"170\" \/><\/a><\/p>\n<p>Vid lunchtid 14 december\u00a0kampanjade Kristdemokraterna i Uppsala p\u00e5 Forumtorget. Vi delade ut gl\u00f6gg, pepparkakor och\u00a0v\u00e5r nya Lucia-kampanj. Trots den kyliga temperaturen blev kampanjen mycket uppskattad!<\/p>\n<p>Den nya kampanjen fokuserar p\u00e5 g\u00e5voavdraget som tack vare Kristdemokraterna\u00a0tr\u00e4dde i kraft 1 januari 2012. Vi vill ut\u00f6ka detta avdrag ytterligare.\u00a0F\u00f6r att l\u00e4sa mer om den nya kampanjen <a href=\"http:\/\/www.kristdemokraterna.se\/kampanjer\/Gloggkampanj-2013\/\">se h\u00e4r<\/a>.\u00a0<a href=\"http:\/\/wp.kristdemokraterna.se\/uppsala\/files\/2013\/12\/kampanj.-KD-Uppsala..jpg\">\u00a0<\/a><\/p>\n","protected":false},"excerpt":{"rendered":"<p>Vid lunchtid 14 december\u00a0kampanjade Kristdemokraterna i Uppsala p\u00e5 Forumtorget. Vi delade ut gl\u00f6gg, pepparkakor och\u00a0v\u00e5r nya Lucia-kampanj. Trots den kyliga temperaturen blev kampanjen mycket uppskattad! Den nya kampanjen fokuserar p\u00e5 g\u00e5voavdraget som tack vare Kristdemokraterna\u00a0tr\u00e4dde i kraft 1 januari 2012. Vi vill ut\u00f6ka detta avdrag ytterligare.\u00a0F\u00f6r att l\u00e4sa mer om den nya kampanjen se h\u00e4r.\u00a0\u00a0<\/p>\n","protected":false},"author":580,"featured_media":0,"comment_status":"closed","ping_status":"closed","sticky":false,"template":"","format":"standard","meta":{"_acf_changed":false,"footnotes":""},"categories":[243],"tags":[54],"class_list":["post-823","post","type-post","status-publish","format-standard","hentry","category-kd-distrikt-uppsala","tag-kampanj"],"acf":[],"yoast_head":"<!-- This site is optimized with the Yoast SEO plugin v27.4 - https:\/\/yoast.com\/product\/yoast-seo-wordpress\/ -->\n<title>Kampanj p\u00e5 Forumtorget | Kristdemokraterna | Uppsala<\/title>\n<meta name=\"robots\" content=\"index, follow, max-snippet:-1, max-image-preview:large, max-video-preview:-1\" \/>\n<link rel=\"canonical\" href=\"https:\/\/wp.kristdemokraterna.se\/uppsala\/kampanj-pa-forumtorget\/\" \/>\n<meta property=\"og:locale\" content=\"sv_SE\" \/>\n<meta property=\"og:type\" content=\"article\" \/>\n<meta property=\"og:title\" content=\"Kampanj p\u00e5 Forumtorget | Kristdemokraterna | Uppsala\" \/>\n<meta property=\"og:description\" content=\"Vid lunchtid 14 december\u00a0kampanjade Kristdemokraterna i Uppsala p\u00e5 Forumtorget. Vi delade ut gl\u00f6gg, pepparkakor och\u00a0v\u00e5r nya Lucia-kampanj. Trots den kyliga temperaturen blev kampanjen mycket uppskattad! Den nya kampanjen fokuserar p\u00e5 g\u00e5voavdraget som tack vare Kristdemokraterna\u00a0tr\u00e4dde i kraft 1 januari 2012. Vi vill ut\u00f6ka detta avdrag ytterligare.\u00a0F\u00f6r att l\u00e4sa mer om den nya kampanjen se h\u00e4r.\u00a0\u00a0\" \/>\n<meta property=\"og:url\" content=\"https:\/\/wp.kristdemokraterna.se\/uppsala\/kampanj-pa-forumtorget\/\" \/>\n<meta property=\"og:site_name\" content=\"Kristdemokraterna | Uppsala\" \/>\n<meta property=\"article:publisher\" content=\"https:\/\/www.facebook.com\/UppsalaKD\/\" \/>\n<meta property=\"article:published_time\" content=\"2013-12-19T17:50:43+00:00\" \/>\n<meta property=\"article:modified_time\" content=\"2024-04-03T20:31:23+00:00\" \/>\n<meta property=\"og:image\" content=\"http:\/\/wp.kristdemokraterna.se\/uppsala\/files\/2013\/12\/kampanj.-KD-Uppsala.-300x300.jpg\" \/>\n<meta name=\"author\" content=\"hugofievet\" \/>\n<meta name=\"twitter:card\" content=\"summary_large_image\" \/>\n<meta name=\"twitter:label1\" content=\"Skriven av\" \/>\n\t<meta name=\"twitter:data1\" content=\"hugofievet\" \/>\n<script type=\"application\/ld+json\" class=\"yoast-schema-graph\">{\"@context\":\"https:\\\/\\\/schema.org\",\"@graph\":[{\"@type\":\"Article\",\"@id\":\"https:\\\/\\\/wp.kristdemokraterna.se\\\/uppsala\\\/kampanj-pa-forumtorget\\\/#article\",\"isPartOf\":{\"@id\":\"https:\\\/\\\/wp.kristdemokraterna.se\\\/uppsala\\\/kampanj-pa-forumtorget\\\/\"},\"author\":{\"name\":\"hugofievet\",\"@id\":\"https:\\\/\\\/wp.kristdemokraterna.se\\\/uppsala\\\/#\\\/schema\\\/person\\\/fea21baeb70a21a351ed871382fc33c4\"},\"headline\":\"Kampanj p\u00e5 Forumtorget\",\"datePublished\":\"2013-12-19T17:50:43+00:00\",\"dateModified\":\"2024-04-03T20:31:23+00:00\",\"mainEntityOfPage\":{\"@id\":\"https:\\\/\\\/wp.kristdemokraterna.se\\\/uppsala\\\/kampanj-pa-forumtorget\\\/\"},\"wordCount\":67,\"publisher\":{\"@id\":\"https:\\\/\\\/wp.kristdemokraterna.se\\\/uppsala\\\/#organization\"},\"image\":{\"@id\":\"https:\\\/\\\/wp.kristdemokraterna.se\\\/uppsala\\\/kampanj-pa-forumtorget\\\/#primaryimage\"},\"thumbnailUrl\":\"http:\\\/\\\/wp.kristdemokraterna.se\\\/uppsala\\\/files\\\/2013\\\/12\\\/kampanj.-KD-Uppsala.-300x300.jpg\",\"keywords\":[\"Kampanj\"],\"articleSection\":[\"KD Distrikt Uppsala\"],\"inLanguage\":\"sv-SE\"},{\"@type\":\"WebPage\",\"@id\":\"https:\\\/\\\/wp.kristdemokraterna.se\\\/uppsala\\\/kampanj-pa-forumtorget\\\/\",\"url\":\"https:\\\/\\\/wp.kristdemokraterna.se\\\/uppsala\\\/kampanj-pa-forumtorget\\\/\",\"name\":\"Kampanj p\u00e5 Forumtorget | Kristdemokraterna | Uppsala\",\"isPartOf\":{\"@id\":\"https:\\\/\\\/wp.kristdemokraterna.se\\\/uppsala\\\/#website\"},\"primaryImageOfPage\":{\"@id\":\"https:\\\/\\\/wp.kristdemokraterna.se\\\/uppsala\\\/kampanj-pa-forumtorget\\\/#primaryimage\"},\"image\":{\"@id\":\"https:\\\/\\\/wp.kristdemokraterna.se\\\/uppsala\\\/kampanj-pa-forumtorget\\\/#primaryimage\"},\"thumbnailUrl\":\"http:\\\/\\\/wp.kristdemokraterna.se\\\/uppsala\\\/files\\\/2013\\\/12\\\/kampanj.-KD-Uppsala.-300x300.jpg\",\"datePublished\":\"2013-12-19T17:50:43+00:00\",\"dateModified\":\"2024-04-03T20:31:23+00:00\",\"breadcrumb\":{\"@id\":\"https:\\\/\\\/wp.kristdemokraterna.se\\\/uppsala\\\/kampanj-pa-forumtorget\\\/#breadcrumb\"},\"inLanguage\":\"sv-SE\",\"potentialAction\":[{\"@type\":\"ReadAction\",\"target\":[\"https:\\\/\\\/wp.kristdemokraterna.se\\\/uppsala\\\/kampanj-pa-forumtorget\\\/\"]}]},{\"@type\":\"ImageObject\",\"inLanguage\":\"sv-SE\",\"@id\":\"https:\\\/\\\/wp.kristdemokraterna.se\\\/uppsala\\\/kampanj-pa-forumtorget\\\/#primaryimage\",\"url\":\"http:\\\/\\\/wp.kristdemokraterna.se\\\/uppsala\\\/files\\\/2013\\\/12\\\/kampanj.-KD-Uppsala.-300x300.jpg\",\"contentUrl\":\"http:\\\/\\\/wp.kristdemokraterna.se\\\/uppsala\\\/files\\\/2013\\\/12\\\/kampanj.-KD-Uppsala.-300x300.jpg\"},{\"@type\":\"BreadcrumbList\",\"@id\":\"https:\\\/\\\/wp.kristdemokraterna.se\\\/uppsala\\\/kampanj-pa-forumtorget\\\/#breadcrumb\",\"itemListElement\":[{\"@type\":\"ListItem\",\"position\":1,\"name\":\"Hem\",\"item\":\"https:\\\/\\\/wp.kristdemokraterna.se\\\/uppsala\\\/\"},{\"@type\":\"ListItem\",\"position\":2,\"name\":\"Kampanj p\u00e5 Forumtorget\"}]},{\"@type\":\"WebSite\",\"@id\":\"https:\\\/\\\/wp.kristdemokraterna.se\\\/uppsala\\\/#website\",\"url\":\"https:\\\/\\\/wp.kristdemokraterna.se\\\/uppsala\\\/\",\"name\":\"Kristdemokraterna Uppsala\",\"description\":\"Tryggare Uppsala\",\"publisher\":{\"@id\":\"https:\\\/\\\/wp.kristdemokraterna.se\\\/uppsala\\\/#organization\"},\"inLanguage\":\"sv-SE\"},{\"@type\":\"Organization\",\"@id\":\"https:\\\/\\\/wp.kristdemokraterna.se\\\/uppsala\\\/#organization\",\"name\":\"Kristdemokraterna Uppsala\",\"url\":\"https:\\\/\\\/wp.kristdemokraterna.se\\\/uppsala\\\/\",\"logo\":{\"@type\":\"ImageObject\",\"inLanguage\":\"sv-SE\",\"@id\":\"https:\\\/\\\/wp.kristdemokraterna.se\\\/uppsala\\\/#\\\/schema\\\/logo\\\/image\\\/\",\"url\":\"https:\\\/\\\/wp.kristdemokraterna.se\\\/uppsala\\\/files\\\/2019\\\/10\\\/kd-uppsala.png\",\"contentUrl\":\"https:\\\/\\\/wp.kristdemokraterna.se\\\/uppsala\\\/files\\\/2019\\\/10\\\/kd-uppsala.png\",\"width\":804,\"height\":421,\"caption\":\"Kristdemokraterna Uppsala\"},\"image\":{\"@id\":\"https:\\\/\\\/wp.kristdemokraterna.se\\\/uppsala\\\/#\\\/schema\\\/logo\\\/image\\\/\"},\"sameAs\":[\"https:\\\/\\\/www.facebook.com\\\/UppsalaKD\\\/\",\"https:\\\/\\\/www.instagram.com\\\/uppsalakd\\\/\"]},{\"@type\":\"Person\",\"@id\":\"https:\\\/\\\/wp.kristdemokraterna.se\\\/uppsala\\\/#\\\/schema\\\/person\\\/fea21baeb70a21a351ed871382fc33c4\",\"name\":\"hugofievet\",\"image\":{\"@type\":\"ImageObject\",\"inLanguage\":\"sv-SE\",\"@id\":\"https:\\\/\\\/secure.gravatar.com\\\/avatar\\\/6e5c34ba4213a92e621ea9c6041845564aae1af56bf9de1f6cdece060e3e937a?s=96&r=g\",\"url\":\"https:\\\/\\\/secure.gravatar.com\\\/avatar\\\/6e5c34ba4213a92e621ea9c6041845564aae1af56bf9de1f6cdece060e3e937a?s=96&r=g\",\"contentUrl\":\"https:\\\/\\\/secure.gravatar.com\\\/avatar\\\/6e5c34ba4213a92e621ea9c6041845564aae1af56bf9de1f6cdece060e3e937a?s=96&r=g\",\"caption\":\"hugofievet\"},\"url\":\"https:\\\/\\\/wp.kristdemokraterna.se\\\/uppsala\\\/author\\\/hugofievet\\\/\"}]}<\/script>\n<!-- \/ Yoast SEO plugin. -->","yoast_head_json":{"title":"Kampanj p\u00e5 Forumtorget | Kristdemokraterna | Uppsala","robots":{"index":"index","follow":"follow","max-snippet":"max-snippet:-1","max-image-preview":"max-image-preview:large","max-video-preview":"max-video-preview:-1"},"canonical":"https:\/\/wp.kristdemokraterna.se\/uppsala\/kampanj-pa-forumtorget\/","og_locale":"sv_SE","og_type":"article","og_title":"Kampanj p\u00e5 Forumtorget | Kristdemokraterna | Uppsala","og_description":"Vid lunchtid 14 december\u00a0kampanjade Kristdemokraterna i Uppsala p\u00e5 Forumtorget. Vi delade ut gl\u00f6gg, pepparkakor och\u00a0v\u00e5r nya Lucia-kampanj. Trots den kyliga temperaturen blev kampanjen mycket uppskattad! Den nya kampanjen fokuserar p\u00e5 g\u00e5voavdraget som tack vare Kristdemokraterna\u00a0tr\u00e4dde i kraft 1 januari 2012. Vi vill ut\u00f6ka detta avdrag ytterligare.\u00a0F\u00f6r att l\u00e4sa mer om den nya kampanjen se h\u00e4r.\u00a0\u00a0","og_url":"https:\/\/wp.kristdemokraterna.se\/uppsala\/kampanj-pa-forumtorget\/","og_site_name":"Kristdemokraterna | Uppsala","article_publisher":"https:\/\/www.facebook.com\/UppsalaKD\/","article_published_time":"2013-12-19T17:50:43+00:00","article_modified_time":"2024-04-03T20:31:23+00:00","og_image":[{"url":"http:\/\/wp.kristdemokraterna.se\/uppsala\/files\/2013\/12\/kampanj.-KD-Uppsala.-300x300.jpg","type":"","width":"","height":""}],"author":"hugofievet","twitter_card":"summary_large_image","twitter_misc":{"Skriven av":"hugofievet"},"schema":{"@context":"https:\/\/schema.org","@graph":[{"@type":"Article","@id":"https:\/\/wp.kristdemokraterna.se\/uppsala\/kampanj-pa-forumtorget\/#article","isPartOf":{"@id":"https:\/\/wp.kristdemokraterna.se\/uppsala\/kampanj-pa-forumtorget\/"},"author":{"name":"hugofievet","@id":"https:\/\/wp.kristdemokraterna.se\/uppsala\/#\/schema\/person\/fea21baeb70a21a351ed871382fc33c4"},"headline":"Kampanj p\u00e5 Forumtorget","datePublished":"2013-12-19T17:50:43+00:00","dateModified":"2024-04-03T20:31:23+00:00","mainEntityOfPage":{"@id":"https:\/\/wp.kristdemokraterna.se\/uppsala\/kampanj-pa-forumtorget\/"},"wordCount":67,"publisher":{"@id":"https:\/\/wp.kristdemokraterna.se\/uppsala\/#organization"},"image":{"@id":"https:\/\/wp.kristdemokraterna.se\/uppsala\/kampanj-pa-forumtorget\/#primaryimage"},"thumbnailUrl":"http:\/\/wp.kristdemokraterna.se\/uppsala\/files\/2013\/12\/kampanj.-KD-Uppsala.-300x300.jpg","keywords":["Kampanj"],"articleSection":["KD Distrikt Uppsala"],"inLanguage":"sv-SE"},{"@type":"WebPage","@id":"https:\/\/wp.kristdemokraterna.se\/uppsala\/kampanj-pa-forumtorget\/","url":"https:\/\/wp.kristdemokraterna.se\/uppsala\/kampanj-pa-forumtorget\/","name":"Kampanj p\u00e5 Forumtorget | Kristdemokraterna | Uppsala","isPartOf":{"@id":"https:\/\/wp.kristdemokraterna.se\/uppsala\/#website"},"primaryImageOfPage":{"@id":"https:\/\/wp.kristdemokraterna.se\/uppsala\/kampanj-pa-forumtorget\/#primaryimage"},"image":{"@id":"https:\/\/wp.kristdemokraterna.se\/uppsala\/kampanj-pa-forumtorget\/#primaryimage"},"thumbnailUrl":"http:\/\/wp.kristdemokraterna.se\/uppsala\/files\/2013\/12\/kampanj.-KD-Uppsala.-300x300.jpg","datePublished":"2013-12-19T17:50:43+00:00","dateModified":"2024-04-03T20:31:23+00:00","breadcrumb":{"@id":"https:\/\/wp.kristdemokraterna.se\/uppsala\/kampanj-pa-forumtorget\/#breadcrumb"},"inLanguage":"sv-SE","potentialAction":[{"@type":"ReadAction","target":["https:\/\/wp.kristdemokraterna.se\/uppsala\/kampanj-pa-forumtorget\/"]}]},{"@type":"ImageObject","inLanguage":"sv-SE","@id":"https:\/\/wp.kristdemokraterna.se\/uppsala\/kampanj-pa-forumtorget\/#primaryimage","url":"http:\/\/wp.kristdemokraterna.se\/uppsala\/files\/2013\/12\/kampanj.-KD-Uppsala.-300x300.jpg","contentUrl":"http:\/\/wp.kristdemokraterna.se\/uppsala\/files\/2013\/12\/kampanj.-KD-Uppsala.-300x300.jpg"},{"@type":"BreadcrumbList","@id":"https:\/\/wp.kristdemokraterna.se\/uppsala\/kampanj-pa-forumtorget\/#breadcrumb","itemListElement":[{"@type":"ListItem","position":1,"name":"Hem","item":"https:\/\/wp.kristdemokraterna.se\/uppsala\/"},{"@type":"ListItem","position":2,"name":"Kampanj p\u00e5 Forumtorget"}]},{"@type":"WebSite","@id":"https:\/\/wp.kristdemokraterna.se\/uppsala\/#website","url":"https:\/\/wp.kristdemokraterna.se\/uppsala\/","name":"Kristdemokraterna Uppsala","description":"Tryggare Uppsala","publisher":{"@id":"https:\/\/wp.kristdemokraterna.se\/uppsala\/#organization"},"inLanguage":"sv-SE"},{"@type":"Organization","@id":"https:\/\/wp.kristdemokraterna.se\/uppsala\/#organization","name":"Kristdemokraterna Uppsala","url":"https:\/\/wp.kristdemokraterna.se\/uppsala\/","logo":{"@type":"ImageObject","inLanguage":"sv-SE","@id":"https:\/\/wp.kristdemokraterna.se\/uppsala\/#\/schema\/logo\/image\/","url":"https:\/\/wp.kristdemokraterna.se\/uppsala\/files\/2019\/10\/kd-uppsala.png","contentUrl":"https:\/\/wp.kristdemokraterna.se\/uppsala\/files\/2019\/10\/kd-uppsala.png","width":804,"height":421,"caption":"Kristdemokraterna Uppsala"},"image":{"@id":"https:\/\/wp.kristdemokraterna.se\/uppsala\/#\/schema\/logo\/image\/"},"sameAs":["https:\/\/www.facebook.com\/UppsalaKD\/","https:\/\/www.instagram.com\/uppsalakd\/"]},{"@type":"Person","@id":"https:\/\/wp.kristdemokraterna.se\/uppsala\/#\/schema\/person\/fea21baeb70a21a351ed871382fc33c4","name":"hugofievet","image":{"@type":"ImageObject","inLanguage":"sv-SE","@id":"https:\/\/secure.gravatar.com\/avatar\/6e5c34ba4213a92e621ea9c6041845564aae1af56bf9de1f6cdece060e3e937a?s=96&r=g","url":"https:\/\/secure.gravatar.com\/avatar\/6e5c34ba4213a92e621ea9c6041845564aae1af56bf9de1f6cdece060e3e937a?s=96&r=g","contentUrl":"https:\/\/secure.gravatar.com\/avatar\/6e5c34ba4213a92e621ea9c6041845564aae1af56bf9de1f6cdece060e3e937a?s=96&r=g","caption":"hugofievet"},"url":"https:\/\/wp.kristdemokraterna.se\/uppsala\/author\/hugofievet\/"}]}},"_links":{"self":[{"href":"https:\/\/wp.kristdemokraterna.se\/uppsala\/wp-json\/wp\/v2\/posts\/823","targetHints":{"allow":["GET"]}}],"collection":[{"href":"https:\/\/wp.kristdemokraterna.se\/uppsala\/wp-json\/wp\/v2\/posts"}],"about":[{"href":"https:\/\/wp.kristdemokraterna.se\/uppsala\/wp-json\/wp\/v2\/types\/post"}],"author":[{"embeddable":true,"href":"https:\/\/wp.kristdemokraterna.se\/uppsala\/wp-json\/wp\/v2\/users\/580"}],"replies":[{"embeddable":true,"href":"https:\/\/wp.kristdemokraterna.se\/uppsala\/wp-json\/wp\/v2\/comments?post=823"}],"version-history":[{"count":7,"href":"https:\/\/wp.kristdemokraterna.se\/uppsala\/wp-json\/wp\/v2\/posts\/823\/revisions"}],"predecessor-version":[{"id":831,"href":"https:\/\/wp.kristdemokraterna.se\/uppsala\/wp-json\/wp\/v2\/posts\/823\/revisions\/831"}],"wp:attachment":[{"href":"https:\/\/wp.kristdemokraterna.se\/uppsala\/wp-json\/wp\/v2\/media?parent=823"}],"wp:term":[{"taxonomy":"category","embeddable":true,"href":"https:\/\/wp.kristdemokraterna.se\/uppsala\/wp-json\/wp\/v2\/categories?post=823"},{"taxonomy":"post_tag","embeddable":true,"href":"https:\/\/wp.kristdemokraterna.se\/uppsala\/wp-json\/wp\/v2\/tags?post=823"}],"curies":[{"name":"wp","href":"https:\/\/api.w.org\/{rel}","templated":true}]}}