{"id":833,"date":"2013-12-30T10:56:54","date_gmt":"2013-12-30T09:56:54","guid":{"rendered":"http:\/\/wp.kristdemokraterna.se\/uppsala\/?p=833"},"modified":"2024-04-03T22:27:41","modified_gmt":"2024-04-03T20:27:41","slug":"ytterligare-nagra-bilder-fran-jubileumsfesten-fotograf-truls-busch-christensen","status":"publish","type":"post","link":"https:\/\/wp.kristdemokraterna.se\/uppsala\/ytterligare-nagra-bilder-fran-jubileumsfesten-fotograf-truls-busch-christensen\/","title":{"rendered":"Ytterligare n\u00e5gra bilder fr\u00e5n jubileumsfesten"},"content":{"rendered":"<p>Fotograf Truls Busch-Christensen<br \/>\n\n\t\t<style type=\"text\/css\">\n\t\t\t#gallery-1 {\n\t\t\t\tmargin: auto;\n\t\t\t}\n\t\t\t#gallery-1 .gallery-item {\n\t\t\t\tfloat: left;\n\t\t\t\tmargin-top: 10px;\n\t\t\t\ttext-align: center;\n\t\t\t\twidth: 33%;\n\t\t\t}\n\t\t\t#gallery-1 img {\n\t\t\t\tborder: 2px solid #cfcfcf;\n\t\t\t}\n\t\t\t#gallery-1 .gallery-caption {\n\t\t\t\tmargin-left: 0;\n\t\t\t}\n\t\t\t\/* see gallery_shortcode() in wp-includes\/media.php *\/\n\t\t<\/style>\n\t\t<div id='gallery-1' class='gallery galleryid-833 gallery-columns-3 gallery-size-thumbnail'><dl class='gallery-item'>\n\t\t\t<dt class='gallery-icon landscape'>\n\t\t\t\t<img loading=\"lazy\" decoding=\"async\" width=\"150\" height=\"150\" src=\"https:\/\/wp.kristdemokraterna.se\/uppsala\/files\/2013\/12\/IMG_0587-\u00aeTBusch-Christensen-KD-50-a\u00a6\u00e8r-150x150.jpg\" class=\"attachment-thumbnail size-thumbnail\" alt=\"\" \/>\n\t\t\t<\/dt><\/dl><dl class='gallery-item'>\n\t\t\t<dt class='gallery-icon landscape'>\n\t\t\t\t<img loading=\"lazy\" decoding=\"async\" width=\"150\" height=\"150\" src=\"https:\/\/wp.kristdemokraterna.se\/uppsala\/files\/2013\/12\/IMG_0626-\u00aeTBusch-Christensen-KD-50-a\u00a6\u00e8r-150x150.jpg\" class=\"attachment-thumbnail size-thumbnail\" alt=\"\" \/>\n\t\t\t<\/dt><\/dl><dl class='gallery-item'>\n\t\t\t<dt class='gallery-icon landscape'>\n\t\t\t\t<img loading=\"lazy\" decoding=\"async\" width=\"150\" height=\"150\" src=\"https:\/\/wp.kristdemokraterna.se\/uppsala\/files\/2013\/12\/IMG_0643-\u00aeTBusch-Christensen-KD-50-a\u00a6\u00e8r-150x150.jpg\" class=\"attachment-thumbnail size-thumbnail\" alt=\"\" \/>\n\t\t\t<\/dt><\/dl><br style=\"clear: both\" \/><dl class='gallery-item'>\n\t\t\t<dt class='gallery-icon landscape'>\n\t\t\t\t<img loading=\"lazy\" decoding=\"async\" width=\"150\" height=\"150\" src=\"https:\/\/wp.kristdemokraterna.se\/uppsala\/files\/2013\/12\/IMG_0663-\u00aeTBusch-Christensen-KD-50-a\u00a6\u00e8r-150x150.jpg\" class=\"attachment-thumbnail size-thumbnail\" alt=\"\" \/>\n\t\t\t<\/dt><\/dl><dl class='gallery-item'>\n\t\t\t<dt class='gallery-icon landscape'>\n\t\t\t\t<img loading=\"lazy\" decoding=\"async\" width=\"150\" height=\"150\" src=\"https:\/\/wp.kristdemokraterna.se\/uppsala\/files\/2013\/12\/IMG_0697-\u00aeTBusch-Christensen-KD-50-a\u00a6\u00e8r-150x150.jpg\" class=\"attachment-thumbnail size-thumbnail\" alt=\"\" \/>\n\t\t\t<\/dt><\/dl><dl class='gallery-item'>\n\t\t\t<dt class='gallery-icon landscape'>\n\t\t\t\t<img loading=\"lazy\" decoding=\"async\" width=\"150\" height=\"150\" src=\"https:\/\/wp.kristdemokraterna.se\/uppsala\/files\/2013\/12\/IMG_0719-\u00aeTBusch-Christensen-KD-50-a\u00a6\u00e8r-150x150.jpg\" class=\"attachment-thumbnail size-thumbnail\" alt=\"\" \/>\n\t\t\t<\/dt><\/dl><br style=\"clear: both\" \/>\n\t\t<\/div>\n<\/p>\n","protected":false},"excerpt":{"rendered":"<p>Fotograf Truls Busch-Christensen<\/p>\n","protected":false},"author":571,"featured_media":0,"comment_status":"closed","ping_status":"closed","sticky":false,"template":"","format":"standard","meta":{"_acf_changed":false,"footnotes":""},"categories":[243],"tags":[40],"class_list":["post-833","post","type-post","status-publish","format-standard","hentry","category-kd-distrikt-uppsala","tag-uppsala-lan"],"acf":[],"yoast_head":"<!-- This site is optimized with the Yoast SEO plugin v27.4 - https:\/\/yoast.com\/product\/yoast-seo-wordpress\/ -->\n<title>Ytterligare n\u00e5gra bilder fr\u00e5n jubileumsfesten | Kristdemokraterna | Uppsala<\/title>\n<meta name=\"robots\" content=\"index, follow, max-snippet:-1, max-image-preview:large, max-video-preview:-1\" \/>\n<link rel=\"canonical\" href=\"https:\/\/wp.kristdemokraterna.se\/uppsala\/ytterligare-nagra-bilder-fran-jubileumsfesten-fotograf-truls-busch-christensen\/\" \/>\n<meta property=\"og:locale\" content=\"sv_SE\" \/>\n<meta property=\"og:type\" content=\"article\" \/>\n<meta property=\"og:title\" content=\"Ytterligare n\u00e5gra bilder fr\u00e5n jubileumsfesten | Kristdemokraterna | Uppsala\" \/>\n<meta property=\"og:description\" content=\"Fotograf Truls Busch-Christensen\" \/>\n<meta property=\"og:url\" content=\"https:\/\/wp.kristdemokraterna.se\/uppsala\/ytterligare-nagra-bilder-fran-jubileumsfesten-fotograf-truls-busch-christensen\/\" \/>\n<meta property=\"og:site_name\" content=\"Kristdemokraterna | Uppsala\" \/>\n<meta property=\"article:publisher\" content=\"https:\/\/www.facebook.com\/UppsalaKD\/\" \/>\n<meta property=\"article:published_time\" content=\"2013-12-30T09:56:54+00:00\" \/>\n<meta property=\"article:modified_time\" content=\"2024-04-03T20:27:41+00:00\" \/>\n<meta property=\"og:image\" content=\"http:\/\/wp.kristdemokraterna.se\/uppsala\/files\/2013\/12\/IMG_0587-\u00aeTBusch-Christensen-KD-50-a\u00a6\u00e8r-150x150.jpg\" \/>\n<meta name=\"author\" content=\"Trine Wir\u00e9n\" \/>\n<meta name=\"twitter:card\" content=\"summary_large_image\" \/>\n<meta name=\"twitter:label1\" content=\"Skriven av\" \/>\n\t<meta name=\"twitter:data1\" content=\"Trine Wir\u00e9n\" \/>\n<script type=\"application\/ld+json\" class=\"yoast-schema-graph\">{\"@context\":\"https:\\\/\\\/schema.org\",\"@graph\":[{\"@type\":\"Article\",\"@id\":\"https:\\\/\\\/wp.kristdemokraterna.se\\\/uppsala\\\/ytterligare-nagra-bilder-fran-jubileumsfesten-fotograf-truls-busch-christensen\\\/#article\",\"isPartOf\":{\"@id\":\"https:\\\/\\\/wp.kristdemokraterna.se\\\/uppsala\\\/ytterligare-nagra-bilder-fran-jubileumsfesten-fotograf-truls-busch-christensen\\\/\"},\"author\":{\"name\":\"Trine Wir\u00e9n\",\"@id\":\"https:\\\/\\\/wp.kristdemokraterna.se\\\/uppsala\\\/#\\\/schema\\\/person\\\/5882452689f90c1f32cb9b9913129917\"},\"headline\":\"Ytterligare n\u00e5gra bilder fr\u00e5n jubileumsfesten\",\"datePublished\":\"2013-12-30T09:56:54+00:00\",\"dateModified\":\"2024-04-03T20:27:41+00:00\",\"mainEntityOfPage\":{\"@id\":\"https:\\\/\\\/wp.kristdemokraterna.se\\\/uppsala\\\/ytterligare-nagra-bilder-fran-jubileumsfesten-fotograf-truls-busch-christensen\\\/\"},\"wordCount\":14,\"publisher\":{\"@id\":\"https:\\\/\\\/wp.kristdemokraterna.se\\\/uppsala\\\/#organization\"},\"keywords\":[\"Uppsala l\u00e4n\"],\"articleSection\":[\"KD Distrikt Uppsala\"],\"inLanguage\":\"sv-SE\"},{\"@type\":\"WebPage\",\"@id\":\"https:\\\/\\\/wp.kristdemokraterna.se\\\/uppsala\\\/ytterligare-nagra-bilder-fran-jubileumsfesten-fotograf-truls-busch-christensen\\\/\",\"url\":\"https:\\\/\\\/wp.kristdemokraterna.se\\\/uppsala\\\/ytterligare-nagra-bilder-fran-jubileumsfesten-fotograf-truls-busch-christensen\\\/\",\"name\":\"Ytterligare n\u00e5gra bilder fr\u00e5n jubileumsfesten | Kristdemokraterna | Uppsala\",\"isPartOf\":{\"@id\":\"https:\\\/\\\/wp.kristdemokraterna.se\\\/uppsala\\\/#website\"},\"datePublished\":\"2013-12-30T09:56:54+00:00\",\"dateModified\":\"2024-04-03T20:27:41+00:00\",\"breadcrumb\":{\"@id\":\"https:\\\/\\\/wp.kristdemokraterna.se\\\/uppsala\\\/ytterligare-nagra-bilder-fran-jubileumsfesten-fotograf-truls-busch-christensen\\\/#breadcrumb\"},\"inLanguage\":\"sv-SE\",\"potentialAction\":[{\"@type\":\"ReadAction\",\"target\":[\"https:\\\/\\\/wp.kristdemokraterna.se\\\/uppsala\\\/ytterligare-nagra-bilder-fran-jubileumsfesten-fotograf-truls-busch-christensen\\\/\"]}]},{\"@type\":\"BreadcrumbList\",\"@id\":\"https:\\\/\\\/wp.kristdemokraterna.se\\\/uppsala\\\/ytterligare-nagra-bilder-fran-jubileumsfesten-fotograf-truls-busch-christensen\\\/#breadcrumb\",\"itemListElement\":[{\"@type\":\"ListItem\",\"position\":1,\"name\":\"Hem\",\"item\":\"https:\\\/\\\/wp.kristdemokraterna.se\\\/uppsala\\\/\"},{\"@type\":\"ListItem\",\"position\":2,\"name\":\"Ytterligare n\u00e5gra bilder fr\u00e5n jubileumsfesten\"}]},{\"@type\":\"WebSite\",\"@id\":\"https:\\\/\\\/wp.kristdemokraterna.se\\\/uppsala\\\/#website\",\"url\":\"https:\\\/\\\/wp.kristdemokraterna.se\\\/uppsala\\\/\",\"name\":\"Kristdemokraterna Uppsala\",\"description\":\"Tryggare Uppsala\",\"publisher\":{\"@id\":\"https:\\\/\\\/wp.kristdemokraterna.se\\\/uppsala\\\/#organization\"},\"inLanguage\":\"sv-SE\"},{\"@type\":\"Organization\",\"@id\":\"https:\\\/\\\/wp.kristdemokraterna.se\\\/uppsala\\\/#organization\",\"name\":\"Kristdemokraterna Uppsala\",\"url\":\"https:\\\/\\\/wp.kristdemokraterna.se\\\/uppsala\\\/\",\"logo\":{\"@type\":\"ImageObject\",\"inLanguage\":\"sv-SE\",\"@id\":\"https:\\\/\\\/wp.kristdemokraterna.se\\\/uppsala\\\/#\\\/schema\\\/logo\\\/image\\\/\",\"url\":\"https:\\\/\\\/wp.kristdemokraterna.se\\\/uppsala\\\/files\\\/2019\\\/10\\\/kd-uppsala.png\",\"contentUrl\":\"https:\\\/\\\/wp.kristdemokraterna.se\\\/uppsala\\\/files\\\/2019\\\/10\\\/kd-uppsala.png\",\"width\":804,\"height\":421,\"caption\":\"Kristdemokraterna Uppsala\"},\"image\":{\"@id\":\"https:\\\/\\\/wp.kristdemokraterna.se\\\/uppsala\\\/#\\\/schema\\\/logo\\\/image\\\/\"},\"sameAs\":[\"https:\\\/\\\/www.facebook.com\\\/UppsalaKD\\\/\",\"https:\\\/\\\/www.instagram.com\\\/uppsalakd\\\/\"]},{\"@type\":\"Person\",\"@id\":\"https:\\\/\\\/wp.kristdemokraterna.se\\\/uppsala\\\/#\\\/schema\\\/person\\\/5882452689f90c1f32cb9b9913129917\",\"name\":\"Trine Wir\u00e9n\",\"image\":{\"@type\":\"ImageObject\",\"inLanguage\":\"sv-SE\",\"@id\":\"https:\\\/\\\/secure.gravatar.com\\\/avatar\\\/8eb1c322f840b965722fb73dbe27494eba49593ae02f96b5fa942edbbc07a497?s=96&r=g\",\"url\":\"https:\\\/\\\/secure.gravatar.com\\\/avatar\\\/8eb1c322f840b965722fb73dbe27494eba49593ae02f96b5fa942edbbc07a497?s=96&r=g\",\"contentUrl\":\"https:\\\/\\\/secure.gravatar.com\\\/avatar\\\/8eb1c322f840b965722fb73dbe27494eba49593ae02f96b5fa942edbbc07a497?s=96&r=g\",\"caption\":\"Trine Wir\u00e9n\"},\"url\":\"https:\\\/\\\/wp.kristdemokraterna.se\\\/uppsala\\\/author\\\/triwir\\\/\"}]}<\/script>\n<!-- \/ Yoast SEO plugin. -->","yoast_head_json":{"title":"Ytterligare n\u00e5gra bilder fr\u00e5n jubileumsfesten | Kristdemokraterna | Uppsala","robots":{"index":"index","follow":"follow","max-snippet":"max-snippet:-1","max-image-preview":"max-image-preview:large","max-video-preview":"max-video-preview:-1"},"canonical":"https:\/\/wp.kristdemokraterna.se\/uppsala\/ytterligare-nagra-bilder-fran-jubileumsfesten-fotograf-truls-busch-christensen\/","og_locale":"sv_SE","og_type":"article","og_title":"Ytterligare n\u00e5gra bilder fr\u00e5n jubileumsfesten | Kristdemokraterna | Uppsala","og_description":"Fotograf Truls Busch-Christensen","og_url":"https:\/\/wp.kristdemokraterna.se\/uppsala\/ytterligare-nagra-bilder-fran-jubileumsfesten-fotograf-truls-busch-christensen\/","og_site_name":"Kristdemokraterna | Uppsala","article_publisher":"https:\/\/www.facebook.com\/UppsalaKD\/","article_published_time":"2013-12-30T09:56:54+00:00","article_modified_time":"2024-04-03T20:27:41+00:00","og_image":[{"url":"http:\/\/wp.kristdemokraterna.se\/uppsala\/files\/2013\/12\/IMG_0587-\u00aeTBusch-Christensen-KD-50-a\u00a6\u00e8r-150x150.jpg","type":"","width":"","height":""}],"author":"Trine Wir\u00e9n","twitter_card":"summary_large_image","twitter_misc":{"Skriven av":"Trine Wir\u00e9n"},"schema":{"@context":"https:\/\/schema.org","@graph":[{"@type":"Article","@id":"https:\/\/wp.kristdemokraterna.se\/uppsala\/ytterligare-nagra-bilder-fran-jubileumsfesten-fotograf-truls-busch-christensen\/#article","isPartOf":{"@id":"https:\/\/wp.kristdemokraterna.se\/uppsala\/ytterligare-nagra-bilder-fran-jubileumsfesten-fotograf-truls-busch-christensen\/"},"author":{"name":"Trine Wir\u00e9n","@id":"https:\/\/wp.kristdemokraterna.se\/uppsala\/#\/schema\/person\/5882452689f90c1f32cb9b9913129917"},"headline":"Ytterligare n\u00e5gra bilder fr\u00e5n jubileumsfesten","datePublished":"2013-12-30T09:56:54+00:00","dateModified":"2024-04-03T20:27:41+00:00","mainEntityOfPage":{"@id":"https:\/\/wp.kristdemokraterna.se\/uppsala\/ytterligare-nagra-bilder-fran-jubileumsfesten-fotograf-truls-busch-christensen\/"},"wordCount":14,"publisher":{"@id":"https:\/\/wp.kristdemokraterna.se\/uppsala\/#organization"},"keywords":["Uppsala l\u00e4n"],"articleSection":["KD Distrikt Uppsala"],"inLanguage":"sv-SE"},{"@type":"WebPage","@id":"https:\/\/wp.kristdemokraterna.se\/uppsala\/ytterligare-nagra-bilder-fran-jubileumsfesten-fotograf-truls-busch-christensen\/","url":"https:\/\/wp.kristdemokraterna.se\/uppsala\/ytterligare-nagra-bilder-fran-jubileumsfesten-fotograf-truls-busch-christensen\/","name":"Ytterligare n\u00e5gra bilder fr\u00e5n jubileumsfesten | Kristdemokraterna | Uppsala","isPartOf":{"@id":"https:\/\/wp.kristdemokraterna.se\/uppsala\/#website"},"datePublished":"2013-12-30T09:56:54+00:00","dateModified":"2024-04-03T20:27:41+00:00","breadcrumb":{"@id":"https:\/\/wp.kristdemokraterna.se\/uppsala\/ytterligare-nagra-bilder-fran-jubileumsfesten-fotograf-truls-busch-christensen\/#breadcrumb"},"inLanguage":"sv-SE","potentialAction":[{"@type":"ReadAction","target":["https:\/\/wp.kristdemokraterna.se\/uppsala\/ytterligare-nagra-bilder-fran-jubileumsfesten-fotograf-truls-busch-christensen\/"]}]},{"@type":"BreadcrumbList","@id":"https:\/\/wp.kristdemokraterna.se\/uppsala\/ytterligare-nagra-bilder-fran-jubileumsfesten-fotograf-truls-busch-christensen\/#breadcrumb","itemListElement":[{"@type":"ListItem","position":1,"name":"Hem","item":"https:\/\/wp.kristdemokraterna.se\/uppsala\/"},{"@type":"ListItem","position":2,"name":"Ytterligare n\u00e5gra bilder fr\u00e5n jubileumsfesten"}]},{"@type":"WebSite","@id":"https:\/\/wp.kristdemokraterna.se\/uppsala\/#website","url":"https:\/\/wp.kristdemokraterna.se\/uppsala\/","name":"Kristdemokraterna Uppsala","description":"Tryggare Uppsala","publisher":{"@id":"https:\/\/wp.kristdemokraterna.se\/uppsala\/#organization"},"inLanguage":"sv-SE"},{"@type":"Organization","@id":"https:\/\/wp.kristdemokraterna.se\/uppsala\/#organization","name":"Kristdemokraterna Uppsala","url":"https:\/\/wp.kristdemokraterna.se\/uppsala\/","logo":{"@type":"ImageObject","inLanguage":"sv-SE","@id":"https:\/\/wp.kristdemokraterna.se\/uppsala\/#\/schema\/logo\/image\/","url":"https:\/\/wp.kristdemokraterna.se\/uppsala\/files\/2019\/10\/kd-uppsala.png","contentUrl":"https:\/\/wp.kristdemokraterna.se\/uppsala\/files\/2019\/10\/kd-uppsala.png","width":804,"height":421,"caption":"Kristdemokraterna Uppsala"},"image":{"@id":"https:\/\/wp.kristdemokraterna.se\/uppsala\/#\/schema\/logo\/image\/"},"sameAs":["https:\/\/www.facebook.com\/UppsalaKD\/","https:\/\/www.instagram.com\/uppsalakd\/"]},{"@type":"Person","@id":"https:\/\/wp.kristdemokraterna.se\/uppsala\/#\/schema\/person\/5882452689f90c1f32cb9b9913129917","name":"Trine Wir\u00e9n","image":{"@type":"ImageObject","inLanguage":"sv-SE","@id":"https:\/\/secure.gravatar.com\/avatar\/8eb1c322f840b965722fb73dbe27494eba49593ae02f96b5fa942edbbc07a497?s=96&r=g","url":"https:\/\/secure.gravatar.com\/avatar\/8eb1c322f840b965722fb73dbe27494eba49593ae02f96b5fa942edbbc07a497?s=96&r=g","contentUrl":"https:\/\/secure.gravatar.com\/avatar\/8eb1c322f840b965722fb73dbe27494eba49593ae02f96b5fa942edbbc07a497?s=96&r=g","caption":"Trine Wir\u00e9n"},"url":"https:\/\/wp.kristdemokraterna.se\/uppsala\/author\/triwir\/"}]}},"_links":{"self":[{"href":"https:\/\/wp.kristdemokraterna.se\/uppsala\/wp-json\/wp\/v2\/posts\/833","targetHints":{"allow":["GET"]}}],"collection":[{"href":"https:\/\/wp.kristdemokraterna.se\/uppsala\/wp-json\/wp\/v2\/posts"}],"about":[{"href":"https:\/\/wp.kristdemokraterna.se\/uppsala\/wp-json\/wp\/v2\/types\/post"}],"author":[{"embeddable":true,"href":"https:\/\/wp.kristdemokraterna.se\/uppsala\/wp-json\/wp\/v2\/users\/571"}],"replies":[{"embeddable":true,"href":"https:\/\/wp.kristdemokraterna.se\/uppsala\/wp-json\/wp\/v2\/comments?post=833"}],"version-history":[{"count":5,"href":"https:\/\/wp.kristdemokraterna.se\/uppsala\/wp-json\/wp\/v2\/posts\/833\/revisions"}],"predecessor-version":[{"id":852,"href":"https:\/\/wp.kristdemokraterna.se\/uppsala\/wp-json\/wp\/v2\/posts\/833\/revisions\/852"}],"wp:attachment":[{"href":"https:\/\/wp.kristdemokraterna.se\/uppsala\/wp-json\/wp\/v2\/media?parent=833"}],"wp:term":[{"taxonomy":"category","embeddable":true,"href":"https:\/\/wp.kristdemokraterna.se\/uppsala\/wp-json\/wp\/v2\/categories?post=833"},{"taxonomy":"post_tag","embeddable":true,"href":"https:\/\/wp.kristdemokraterna.se\/uppsala\/wp-json\/wp\/v2\/tags?post=833"}],"curies":[{"name":"wp","href":"https:\/\/api.w.org\/{rel}","templated":true}]}}