{"id":862,"date":"2014-01-16T14:32:05","date_gmt":"2014-01-16T13:32:05","guid":{"rendered":"http:\/\/wp.kristdemokraterna.se\/uppsala\/?p=862"},"modified":"2024-04-03T22:26:35","modified_gmt":"2024-04-03T20:26:35","slug":"anna-karin-klomp-kd-varda-patientintresset","status":"publish","type":"post","link":"https:\/\/wp.kristdemokraterna.se\/uppsala\/anna-karin-klomp-kd-varda-patientintresset\/","title":{"rendered":"Anna-Karin Klomp (KD): V\u00e5rda patientintresset!"},"content":{"rendered":"<p>&nbsp;<\/p>\n<p><a href=\"http:\/\/www.unt.se\/debatt\/varda-patientintresset-2801324.aspx\">Artikel i UNT 16\/1<\/a><\/p>\n<p>Inte \u00e4r det v\u00e4l etiskt r\u00e4tt att spara pengar genom att f\u00f6rsv\u00e5ra tillg\u00e4ngligheten i v\u00e5rden? Det skriver Anna-Karin Klomp (KD) i en replik p\u00e5 socialdemokraternas artikel &#8221;<a href=\"http:\/\/www.unt.se\/debatt\/farsartade-turer-kring-cancervard-2790119.aspx\">Farsartade turer kring cancerv\u00e5rden<\/a>&#8221;.<\/p>\n<div><!-- RSPEAK_START --><strong>Vivianne Macdisi (S) angriper Alliansen <\/strong>i raljerande ordalag f\u00f6r att sakna etisk kompass och att bedriva aff\u00e4r i v\u00e5rden. Det \u00e4r att f\u00f6renkla verkligheten till oigenk\u00e4nnlighet.Macdisi (S) tycker att det \u00e4r farsartat att Alliansen f\u00f6rs\u00f6kt f\u00e5 till ett avtal med en av v\u00e4rldens fr\u00e4msta cancerkirurger. I hennes v\u00e4rld hade det varit b\u00e4ttre att inte ens f\u00f6rs\u00f6ka. Nu visade det sig att den lagstiftning som finns i dag i Sverige inte g\u00f6r det m\u00f6jligt f\u00f6r oss att ing\u00e5 v\u00e5rdavtal med Uppsala Cancer Clinic, d\u00e4r Haile Matheme \u00e4r verksam.<\/p>\n<p><strong>Socialdemokraternas inst\u00e4llning i denna fr\u00e5ga har hela tiden varit tydlig: Landstinget ska inte ha n\u00e5got avtal med UCC. Om de suttit vid makten s\u00e5 hade ans\u00f6kan om v\u00e5rdavtal avslagits med v\u00e4ndande post. <\/strong><\/p>\n<p>Macdisi (S) kritiserar den \u00f6kande patientmakten som tv\u00e5 mandatperioder av Alliansstyre gett upphov till. R\u00e4tten att v\u00e4lja var du vill f\u00e5 din h\u00f6rapparat, vilken m\u00f6drav\u00e5rdcentral du vill g\u00e5 till, var du och dina barn ska g\u00e5 f\u00f6r tandreglering kallar hon f\u00f6r att leka aff\u00e4r.<\/p>\n<p><strong>Vi tror att patienterna \u00e4r kapabla att sj\u00e4lv kunna v\u00e4lja och att \u00e4ven v\u00e5rdgivare, inte bara byr\u00e5krater och politiker, kan bed\u00f6ma var en v\u00e5rdcentral kan beh\u00f6vas. V\u00e5ra v\u00e5rdval f\u00f6ljer strikta och noga utformade regelverk. Vi st\u00e4ller h\u00f6ga krav p\u00e5 de v\u00e5rdgivare som vi har avtal med. <\/strong><\/p>\n<p>Macdisi (S) anklagar v\u00e5rdvalen f\u00f6r att vara kostnadsdrivande. Det st\u00e4mmer att t.ex. kostnaderna f\u00f6r h\u00f6rapparatsutprovning har \u00f6kat. Det beror p\u00e5 att v\u00e5rdvalet har f\u00e5tt fler m\u00e4nniskor att s\u00f6ka hj\u00e4lp f\u00f6r sin h\u00f6rselproblematik, m\u00e4nniskor som tidigare led i tysthet.<\/p>\n<p><strong>Att behandla dolda v\u00e5rdbehov kostar pengar. Men inte \u00e4r det v\u00e4l etiskt r\u00e4tt att spara pengar genom att f\u00f6rsv\u00e5ra tillg\u00e4ngligheten i v\u00e5rden? P\u00e5 vilket s\u00e4tt tillfredst\u00e4ller det m\u00e4nniskov\u00e4rdesprincipen, behovs- och solidaritetsprincipen eller kostnadseffiktivitestprincipen som riksdagen fastslagit? <\/strong><\/p>\n<p>Sedan 2006 har Alliansen styrt ungef\u00e4r h\u00e4lften av alla landsting, d\u00e4ribland Uppsala l\u00e4n. \u00d6ppna j\u00e4mf\u00f6relser visar att under denna tid har f\u00f6rtroendet f\u00f6r b\u00e5de v\u00e5rdcentralerna och sjukhusv\u00e5rd \u00f6kat i v\u00e5rt l\u00e4n.<\/p>\n<p><strong>Anna-Karin Klomp (KD)<\/strong>, ordf\u00f6rande h\u00e4lso- och sjukv\u00e5rdsstyrelsen<\/p>\n<\/div>\n","protected":false},"excerpt":{"rendered":"<p>&nbsp; Artikel i UNT 16\/1 Inte \u00e4r det v\u00e4l etiskt r\u00e4tt att spara pengar genom att f\u00f6rsv\u00e5ra tillg\u00e4ngligheten i v\u00e5rden? Det skriver Anna-Karin Klomp (KD) i en replik p\u00e5 socialdemokraternas artikel &#8221;Farsartade turer kring cancerv\u00e5rden&#8221;. Vivianne Macdisi (S) angriper Alliansen i raljerande ordalag f\u00f6r att sakna etisk kompass och att bedriva aff\u00e4r i v\u00e5rden. Det <a class=\"read-more-link\" href=\"https:\/\/wp.kristdemokraterna.se\/uppsala\/anna-karin-klomp-kd-varda-patientintresset\/\">Read More<\/a><\/p>\n","protected":false},"author":570,"featured_media":856,"comment_status":"closed","ping_status":"closed","sticky":false,"template":"","format":"standard","meta":{"_acf_changed":false,"footnotes":""},"categories":[236],"tags":[7,56,52],"class_list":["post-862","post","type-post","status-publish","format-standard","hentry","category-vard-o-omsorg","tag-annakarinklomp","tag-etik-i-varden","tag-landstinget-i-uppsala-lan"],"acf":[],"yoast_head":"<!-- This site is optimized with the Yoast SEO plugin v27.4 - https:\/\/yoast.com\/product\/yoast-seo-wordpress\/ -->\n<title>Anna-Karin Klomp (KD): V\u00e5rda patientintresset! | Kristdemokraterna | Uppsala<\/title>\n<meta name=\"robots\" content=\"index, follow, max-snippet:-1, max-image-preview:large, max-video-preview:-1\" \/>\n<link rel=\"canonical\" href=\"https:\/\/wp.kristdemokraterna.se\/uppsala\/anna-karin-klomp-kd-varda-patientintresset\/\" \/>\n<meta property=\"og:locale\" content=\"sv_SE\" \/>\n<meta property=\"og:type\" content=\"article\" \/>\n<meta property=\"og:title\" content=\"Anna-Karin Klomp (KD): V\u00e5rda patientintresset! | Kristdemokraterna | Uppsala\" \/>\n<meta property=\"og:description\" content=\"&nbsp; Artikel i UNT 16\/1 Inte \u00e4r det v\u00e4l etiskt r\u00e4tt att spara pengar genom att f\u00f6rsv\u00e5ra tillg\u00e4ngligheten i v\u00e5rden? Det skriver Anna-Karin Klomp (KD) i en replik p\u00e5 socialdemokraternas artikel &#8221;Farsartade turer kring cancerv\u00e5rden&#8221;. Vivianne Macdisi (S) angriper Alliansen i raljerande ordalag f\u00f6r att sakna etisk kompass och att bedriva aff\u00e4r i v\u00e5rden. Det Read More\" \/>\n<meta property=\"og:url\" content=\"https:\/\/wp.kristdemokraterna.se\/uppsala\/anna-karin-klomp-kd-varda-patientintresset\/\" \/>\n<meta property=\"og:site_name\" content=\"Kristdemokraterna | Uppsala\" \/>\n<meta property=\"article:publisher\" content=\"https:\/\/www.facebook.com\/UppsalaKD\/\" \/>\n<meta property=\"article:published_time\" content=\"2014-01-16T13:32:05+00:00\" \/>\n<meta property=\"article:modified_time\" content=\"2024-04-03T20:26:35+00:00\" \/>\n<meta property=\"og:image\" content=\"http:\/\/wp.kristdemokraterna.se\/uppsala\/files\/2014\/01\/Bild-AKK.jpg\" \/>\n\t<meta property=\"og:image:width\" content=\"1357\" \/>\n\t<meta property=\"og:image:height\" content=\"1750\" \/>\n\t<meta property=\"og:image:type\" content=\"image\/jpeg\" \/>\n<meta name=\"author\" content=\"Petra Karl\u00e5\" \/>\n<meta name=\"twitter:card\" content=\"summary_large_image\" \/>\n<meta name=\"twitter:label1\" content=\"Skriven av\" \/>\n\t<meta name=\"twitter:data1\" content=\"Petra Karl\u00e5\" \/>\n\t<meta name=\"twitter:label2\" content=\"Ber\u00e4knad l\u00e4stid\" \/>\n\t<meta name=\"twitter:data2\" content=\"2 minuter\" \/>\n<script type=\"application\/ld+json\" class=\"yoast-schema-graph\">{\"@context\":\"https:\\\/\\\/schema.org\",\"@graph\":[{\"@type\":\"Article\",\"@id\":\"https:\\\/\\\/wp.kristdemokraterna.se\\\/uppsala\\\/anna-karin-klomp-kd-varda-patientintresset\\\/#article\",\"isPartOf\":{\"@id\":\"https:\\\/\\\/wp.kristdemokraterna.se\\\/uppsala\\\/anna-karin-klomp-kd-varda-patientintresset\\\/\"},\"author\":{\"name\":\"Petra Karl\u00e5\",\"@id\":\"https:\\\/\\\/wp.kristdemokraterna.se\\\/uppsala\\\/#\\\/schema\\\/person\\\/9c9d6764688a85f6a5a9bc0aeab97665\"},\"headline\":\"Anna-Karin Klomp (KD): V\u00e5rda patientintresset!\",\"datePublished\":\"2014-01-16T13:32:05+00:00\",\"dateModified\":\"2024-04-03T20:26:35+00:00\",\"mainEntityOfPage\":{\"@id\":\"https:\\\/\\\/wp.kristdemokraterna.se\\\/uppsala\\\/anna-karin-klomp-kd-varda-patientintresset\\\/\"},\"wordCount\":454,\"publisher\":{\"@id\":\"https:\\\/\\\/wp.kristdemokraterna.se\\\/uppsala\\\/#organization\"},\"image\":{\"@id\":\"https:\\\/\\\/wp.kristdemokraterna.se\\\/uppsala\\\/anna-karin-klomp-kd-varda-patientintresset\\\/#primaryimage\"},\"thumbnailUrl\":\"https:\\\/\\\/wp.kristdemokraterna.se\\\/uppsala\\\/files\\\/2014\\\/01\\\/Bild-AKK.jpg\",\"keywords\":[\"Anna-Karin Klomp\",\"etik i v\u00e5rden\",\"Landstinget i Uppsala l\u00e4n\"],\"articleSection\":[\"V\u00e5rd &amp; omsorg\"],\"inLanguage\":\"sv-SE\"},{\"@type\":\"WebPage\",\"@id\":\"https:\\\/\\\/wp.kristdemokraterna.se\\\/uppsala\\\/anna-karin-klomp-kd-varda-patientintresset\\\/\",\"url\":\"https:\\\/\\\/wp.kristdemokraterna.se\\\/uppsala\\\/anna-karin-klomp-kd-varda-patientintresset\\\/\",\"name\":\"Anna-Karin Klomp (KD): V\u00e5rda patientintresset! | Kristdemokraterna | Uppsala\",\"isPartOf\":{\"@id\":\"https:\\\/\\\/wp.kristdemokraterna.se\\\/uppsala\\\/#website\"},\"primaryImageOfPage\":{\"@id\":\"https:\\\/\\\/wp.kristdemokraterna.se\\\/uppsala\\\/anna-karin-klomp-kd-varda-patientintresset\\\/#primaryimage\"},\"image\":{\"@id\":\"https:\\\/\\\/wp.kristdemokraterna.se\\\/uppsala\\\/anna-karin-klomp-kd-varda-patientintresset\\\/#primaryimage\"},\"thumbnailUrl\":\"https:\\\/\\\/wp.kristdemokraterna.se\\\/uppsala\\\/files\\\/2014\\\/01\\\/Bild-AKK.jpg\",\"datePublished\":\"2014-01-16T13:32:05+00:00\",\"dateModified\":\"2024-04-03T20:26:35+00:00\",\"breadcrumb\":{\"@id\":\"https:\\\/\\\/wp.kristdemokraterna.se\\\/uppsala\\\/anna-karin-klomp-kd-varda-patientintresset\\\/#breadcrumb\"},\"inLanguage\":\"sv-SE\",\"potentialAction\":[{\"@type\":\"ReadAction\",\"target\":[\"https:\\\/\\\/wp.kristdemokraterna.se\\\/uppsala\\\/anna-karin-klomp-kd-varda-patientintresset\\\/\"]}]},{\"@type\":\"ImageObject\",\"inLanguage\":\"sv-SE\",\"@id\":\"https:\\\/\\\/wp.kristdemokraterna.se\\\/uppsala\\\/anna-karin-klomp-kd-varda-patientintresset\\\/#primaryimage\",\"url\":\"https:\\\/\\\/wp.kristdemokraterna.se\\\/uppsala\\\/files\\\/2014\\\/01\\\/Bild-AKK.jpg\",\"contentUrl\":\"https:\\\/\\\/wp.kristdemokraterna.se\\\/uppsala\\\/files\\\/2014\\\/01\\\/Bild-AKK.jpg\",\"width\":1357,\"height\":1750},{\"@type\":\"BreadcrumbList\",\"@id\":\"https:\\\/\\\/wp.kristdemokraterna.se\\\/uppsala\\\/anna-karin-klomp-kd-varda-patientintresset\\\/#breadcrumb\",\"itemListElement\":[{\"@type\":\"ListItem\",\"position\":1,\"name\":\"Hem\",\"item\":\"https:\\\/\\\/wp.kristdemokraterna.se\\\/uppsala\\\/\"},{\"@type\":\"ListItem\",\"position\":2,\"name\":\"Anna-Karin Klomp (KD): V\u00e5rda patientintresset!\"}]},{\"@type\":\"WebSite\",\"@id\":\"https:\\\/\\\/wp.kristdemokraterna.se\\\/uppsala\\\/#website\",\"url\":\"https:\\\/\\\/wp.kristdemokraterna.se\\\/uppsala\\\/\",\"name\":\"Kristdemokraterna Uppsala\",\"description\":\"Tryggare Uppsala\",\"publisher\":{\"@id\":\"https:\\\/\\\/wp.kristdemokraterna.se\\\/uppsala\\\/#organization\"},\"inLanguage\":\"sv-SE\"},{\"@type\":\"Organization\",\"@id\":\"https:\\\/\\\/wp.kristdemokraterna.se\\\/uppsala\\\/#organization\",\"name\":\"Kristdemokraterna Uppsala\",\"url\":\"https:\\\/\\\/wp.kristdemokraterna.se\\\/uppsala\\\/\",\"logo\":{\"@type\":\"ImageObject\",\"inLanguage\":\"sv-SE\",\"@id\":\"https:\\\/\\\/wp.kristdemokraterna.se\\\/uppsala\\\/#\\\/schema\\\/logo\\\/image\\\/\",\"url\":\"https:\\\/\\\/wp.kristdemokraterna.se\\\/uppsala\\\/files\\\/2019\\\/10\\\/kd-uppsala.png\",\"contentUrl\":\"https:\\\/\\\/wp.kristdemokraterna.se\\\/uppsala\\\/files\\\/2019\\\/10\\\/kd-uppsala.png\",\"width\":804,\"height\":421,\"caption\":\"Kristdemokraterna Uppsala\"},\"image\":{\"@id\":\"https:\\\/\\\/wp.kristdemokraterna.se\\\/uppsala\\\/#\\\/schema\\\/logo\\\/image\\\/\"},\"sameAs\":[\"https:\\\/\\\/www.facebook.com\\\/UppsalaKD\\\/\",\"https:\\\/\\\/www.instagram.com\\\/uppsalakd\\\/\"]},{\"@type\":\"Person\",\"@id\":\"https:\\\/\\\/wp.kristdemokraterna.se\\\/uppsala\\\/#\\\/schema\\\/person\\\/9c9d6764688a85f6a5a9bc0aeab97665\",\"name\":\"Petra Karl\u00e5\",\"image\":{\"@type\":\"ImageObject\",\"inLanguage\":\"sv-SE\",\"@id\":\"https:\\\/\\\/secure.gravatar.com\\\/avatar\\\/4a0351df3ec5e473a63caa9ade3c07a69c688dacf0d1055a81464c4244cd8431?s=96&r=g\",\"url\":\"https:\\\/\\\/secure.gravatar.com\\\/avatar\\\/4a0351df3ec5e473a63caa9ade3c07a69c688dacf0d1055a81464c4244cd8431?s=96&r=g\",\"contentUrl\":\"https:\\\/\\\/secure.gravatar.com\\\/avatar\\\/4a0351df3ec5e473a63caa9ade3c07a69c688dacf0d1055a81464c4244cd8431?s=96&r=g\",\"caption\":\"Petra Karl\u00e5\"},\"url\":\"https:\\\/\\\/wp.kristdemokraterna.se\\\/uppsala\\\/author\\\/petrakarla\\\/\"}]}<\/script>\n<!-- \/ Yoast SEO plugin. -->","yoast_head_json":{"title":"Anna-Karin Klomp (KD): V\u00e5rda patientintresset! | Kristdemokraterna | Uppsala","robots":{"index":"index","follow":"follow","max-snippet":"max-snippet:-1","max-image-preview":"max-image-preview:large","max-video-preview":"max-video-preview:-1"},"canonical":"https:\/\/wp.kristdemokraterna.se\/uppsala\/anna-karin-klomp-kd-varda-patientintresset\/","og_locale":"sv_SE","og_type":"article","og_title":"Anna-Karin Klomp (KD): V\u00e5rda patientintresset! | Kristdemokraterna | Uppsala","og_description":"&nbsp; Artikel i UNT 16\/1 Inte \u00e4r det v\u00e4l etiskt r\u00e4tt att spara pengar genom att f\u00f6rsv\u00e5ra tillg\u00e4ngligheten i v\u00e5rden? Det skriver Anna-Karin Klomp (KD) i en replik p\u00e5 socialdemokraternas artikel &#8221;Farsartade turer kring cancerv\u00e5rden&#8221;. Vivianne Macdisi (S) angriper Alliansen i raljerande ordalag f\u00f6r att sakna etisk kompass och att bedriva aff\u00e4r i v\u00e5rden. Det Read More","og_url":"https:\/\/wp.kristdemokraterna.se\/uppsala\/anna-karin-klomp-kd-varda-patientintresset\/","og_site_name":"Kristdemokraterna | Uppsala","article_publisher":"https:\/\/www.facebook.com\/UppsalaKD\/","article_published_time":"2014-01-16T13:32:05+00:00","article_modified_time":"2024-04-03T20:26:35+00:00","og_image":[{"width":1357,"height":1750,"url":"http:\/\/wp.kristdemokraterna.se\/uppsala\/files\/2014\/01\/Bild-AKK.jpg","type":"image\/jpeg"}],"author":"Petra Karl\u00e5","twitter_card":"summary_large_image","twitter_misc":{"Skriven av":"Petra Karl\u00e5","Ber\u00e4knad l\u00e4stid":"2 minuter"},"schema":{"@context":"https:\/\/schema.org","@graph":[{"@type":"Article","@id":"https:\/\/wp.kristdemokraterna.se\/uppsala\/anna-karin-klomp-kd-varda-patientintresset\/#article","isPartOf":{"@id":"https:\/\/wp.kristdemokraterna.se\/uppsala\/anna-karin-klomp-kd-varda-patientintresset\/"},"author":{"name":"Petra Karl\u00e5","@id":"https:\/\/wp.kristdemokraterna.se\/uppsala\/#\/schema\/person\/9c9d6764688a85f6a5a9bc0aeab97665"},"headline":"Anna-Karin Klomp (KD): V\u00e5rda patientintresset!","datePublished":"2014-01-16T13:32:05+00:00","dateModified":"2024-04-03T20:26:35+00:00","mainEntityOfPage":{"@id":"https:\/\/wp.kristdemokraterna.se\/uppsala\/anna-karin-klomp-kd-varda-patientintresset\/"},"wordCount":454,"publisher":{"@id":"https:\/\/wp.kristdemokraterna.se\/uppsala\/#organization"},"image":{"@id":"https:\/\/wp.kristdemokraterna.se\/uppsala\/anna-karin-klomp-kd-varda-patientintresset\/#primaryimage"},"thumbnailUrl":"https:\/\/wp.kristdemokraterna.se\/uppsala\/files\/2014\/01\/Bild-AKK.jpg","keywords":["Anna-Karin Klomp","etik i v\u00e5rden","Landstinget i Uppsala l\u00e4n"],"articleSection":["V\u00e5rd &amp; omsorg"],"inLanguage":"sv-SE"},{"@type":"WebPage","@id":"https:\/\/wp.kristdemokraterna.se\/uppsala\/anna-karin-klomp-kd-varda-patientintresset\/","url":"https:\/\/wp.kristdemokraterna.se\/uppsala\/anna-karin-klomp-kd-varda-patientintresset\/","name":"Anna-Karin Klomp (KD): V\u00e5rda patientintresset! | Kristdemokraterna | Uppsala","isPartOf":{"@id":"https:\/\/wp.kristdemokraterna.se\/uppsala\/#website"},"primaryImageOfPage":{"@id":"https:\/\/wp.kristdemokraterna.se\/uppsala\/anna-karin-klomp-kd-varda-patientintresset\/#primaryimage"},"image":{"@id":"https:\/\/wp.kristdemokraterna.se\/uppsala\/anna-karin-klomp-kd-varda-patientintresset\/#primaryimage"},"thumbnailUrl":"https:\/\/wp.kristdemokraterna.se\/uppsala\/files\/2014\/01\/Bild-AKK.jpg","datePublished":"2014-01-16T13:32:05+00:00","dateModified":"2024-04-03T20:26:35+00:00","breadcrumb":{"@id":"https:\/\/wp.kristdemokraterna.se\/uppsala\/anna-karin-klomp-kd-varda-patientintresset\/#breadcrumb"},"inLanguage":"sv-SE","potentialAction":[{"@type":"ReadAction","target":["https:\/\/wp.kristdemokraterna.se\/uppsala\/anna-karin-klomp-kd-varda-patientintresset\/"]}]},{"@type":"ImageObject","inLanguage":"sv-SE","@id":"https:\/\/wp.kristdemokraterna.se\/uppsala\/anna-karin-klomp-kd-varda-patientintresset\/#primaryimage","url":"https:\/\/wp.kristdemokraterna.se\/uppsala\/files\/2014\/01\/Bild-AKK.jpg","contentUrl":"https:\/\/wp.kristdemokraterna.se\/uppsala\/files\/2014\/01\/Bild-AKK.jpg","width":1357,"height":1750},{"@type":"BreadcrumbList","@id":"https:\/\/wp.kristdemokraterna.se\/uppsala\/anna-karin-klomp-kd-varda-patientintresset\/#breadcrumb","itemListElement":[{"@type":"ListItem","position":1,"name":"Hem","item":"https:\/\/wp.kristdemokraterna.se\/uppsala\/"},{"@type":"ListItem","position":2,"name":"Anna-Karin Klomp (KD): V\u00e5rda patientintresset!"}]},{"@type":"WebSite","@id":"https:\/\/wp.kristdemokraterna.se\/uppsala\/#website","url":"https:\/\/wp.kristdemokraterna.se\/uppsala\/","name":"Kristdemokraterna Uppsala","description":"Tryggare Uppsala","publisher":{"@id":"https:\/\/wp.kristdemokraterna.se\/uppsala\/#organization"},"inLanguage":"sv-SE"},{"@type":"Organization","@id":"https:\/\/wp.kristdemokraterna.se\/uppsala\/#organization","name":"Kristdemokraterna Uppsala","url":"https:\/\/wp.kristdemokraterna.se\/uppsala\/","logo":{"@type":"ImageObject","inLanguage":"sv-SE","@id":"https:\/\/wp.kristdemokraterna.se\/uppsala\/#\/schema\/logo\/image\/","url":"https:\/\/wp.kristdemokraterna.se\/uppsala\/files\/2019\/10\/kd-uppsala.png","contentUrl":"https:\/\/wp.kristdemokraterna.se\/uppsala\/files\/2019\/10\/kd-uppsala.png","width":804,"height":421,"caption":"Kristdemokraterna Uppsala"},"image":{"@id":"https:\/\/wp.kristdemokraterna.se\/uppsala\/#\/schema\/logo\/image\/"},"sameAs":["https:\/\/www.facebook.com\/UppsalaKD\/","https:\/\/www.instagram.com\/uppsalakd\/"]},{"@type":"Person","@id":"https:\/\/wp.kristdemokraterna.se\/uppsala\/#\/schema\/person\/9c9d6764688a85f6a5a9bc0aeab97665","name":"Petra Karl\u00e5","image":{"@type":"ImageObject","inLanguage":"sv-SE","@id":"https:\/\/secure.gravatar.com\/avatar\/4a0351df3ec5e473a63caa9ade3c07a69c688dacf0d1055a81464c4244cd8431?s=96&r=g","url":"https:\/\/secure.gravatar.com\/avatar\/4a0351df3ec5e473a63caa9ade3c07a69c688dacf0d1055a81464c4244cd8431?s=96&r=g","contentUrl":"https:\/\/secure.gravatar.com\/avatar\/4a0351df3ec5e473a63caa9ade3c07a69c688dacf0d1055a81464c4244cd8431?s=96&r=g","caption":"Petra Karl\u00e5"},"url":"https:\/\/wp.kristdemokraterna.se\/uppsala\/author\/petrakarla\/"}]}},"_links":{"self":[{"href":"https:\/\/wp.kristdemokraterna.se\/uppsala\/wp-json\/wp\/v2\/posts\/862","targetHints":{"allow":["GET"]}}],"collection":[{"href":"https:\/\/wp.kristdemokraterna.se\/uppsala\/wp-json\/wp\/v2\/posts"}],"about":[{"href":"https:\/\/wp.kristdemokraterna.se\/uppsala\/wp-json\/wp\/v2\/types\/post"}],"author":[{"embeddable":true,"href":"https:\/\/wp.kristdemokraterna.se\/uppsala\/wp-json\/wp\/v2\/users\/570"}],"replies":[{"embeddable":true,"href":"https:\/\/wp.kristdemokraterna.se\/uppsala\/wp-json\/wp\/v2\/comments?post=862"}],"version-history":[{"count":2,"href":"https:\/\/wp.kristdemokraterna.se\/uppsala\/wp-json\/wp\/v2\/posts\/862\/revisions"}],"predecessor-version":[{"id":864,"href":"https:\/\/wp.kristdemokraterna.se\/uppsala\/wp-json\/wp\/v2\/posts\/862\/revisions\/864"}],"wp:featuredmedia":[{"embeddable":true,"href":"https:\/\/wp.kristdemokraterna.se\/uppsala\/wp-json\/wp\/v2\/media\/856"}],"wp:attachment":[{"href":"https:\/\/wp.kristdemokraterna.se\/uppsala\/wp-json\/wp\/v2\/media?parent=862"}],"wp:term":[{"taxonomy":"category","embeddable":true,"href":"https:\/\/wp.kristdemokraterna.se\/uppsala\/wp-json\/wp\/v2\/categories?post=862"},{"taxonomy":"post_tag","embeddable":true,"href":"https:\/\/wp.kristdemokraterna.se\/uppsala\/wp-json\/wp\/v2\/tags?post=862"}],"curies":[{"name":"wp","href":"https:\/\/api.w.org\/{rel}","templated":true}]}}