{"id":869,"date":"2014-02-05T12:22:25","date_gmt":"2014-02-05T11:22:25","guid":{"rendered":"http:\/\/wp.kristdemokraterna.se\/uppsala\/?p=869"},"modified":"2024-04-07T18:54:53","modified_gmt":"2024-04-07T16:54:53","slug":"bidrag-till-foreningar-for-stod-till-hemlosa-eu-migranter","status":"publish","type":"post","link":"https:\/\/wp.kristdemokraterna.se\/uppsala\/bidrag-till-foreningar-for-stod-till-hemlosa-eu-migranter\/","title":{"rendered":"Bidrag till f\u00f6reningar f\u00f6r st\u00f6d till heml\u00f6sa EU-migranter"},"content":{"rendered":"<div>\n<div>\n<p><strong>Kommunstyrelsen kommer idag, onsdag 5 februari, fattat beslut om att bevilja ekonomiskt bidrag f\u00f6r akuta st\u00f6dinsatser f\u00f6r heml\u00f6sa EU-migranter.<\/strong><\/p>\n<p>Antalet heml\u00f6sa EU-migranter p\u00e5 gatorna i Uppsala har \u00f6kat de senaste \u00e5ren. De har enligt de EU-best\u00e4mmelser Sverige st\u00e5r bakom r\u00e4tt att vistas fritt i landet upp till tre m\u00e5nader med egen f\u00f6rs\u00f6rjning. M\u00e5nga \u00e4r fr\u00e5n \u00f6steuropeiska l\u00e4nder som \u00e4r medlemmar i EU enligt uppgifter fr\u00e5n bland annat polisen. Faktum kvarst\u00e5r dock att de ofta bor i sina bilar f\u00f6r att spara pengar och att fattigdomen \u00e4r stor och akut. Idag \u00e4r det ett stort tryck p\u00e5 h\u00e4rb\u00e4rgen i Uppsala och akuta insatser beh\u00f6vs f\u00f6r att ge EU-migranter v\u00e4rme och tak \u00f6ver huvudet.<\/p>\n<p><em>\u2013 Oavsett om m\u00e4nniskor kommer hit f\u00f6r att fly undan krig och f\u00f6rf\u00f6ljelser, tigga, plocka b\u00e4r eller spela musik p\u00e5 gatorna, \u00e4r det oftast ett sista f\u00f6rs\u00f6k att komma ifr\u00e5n en outh\u00e4rdlig tillvaro. Ingen l\u00e4mnar sina r\u00f6tter utan starka sk\u00e4l. Och ingen ska beh\u00f6va leva ett outh\u00e4rdligt liv i Uppsala, s\u00e4ger kommunalr\u00e5det Mohamad Hassan (FP).\u00a0<\/em><\/p>\n<p>Kommunstyrelsen kommer idag beslutat att bevilja f\u00f6reningen Hj\u00e4lp till beh\u00f6vande\/Livets Ords sociala arbete 121 300 kronor i bidrag till ett tillf\u00e4lligt boende f\u00f6r heml\u00f6sa EU-migranter. Boendet ligger strax utanf\u00f6r J\u00e4rl\u00e5sa och har plats f\u00f6r 15 personer per natt under februari och mars. Kommunstyrelsen har dessutom beviljat 432 000 kronor till Uppsala stadsmission f\u00f6r ett tillf\u00e4lligt natth\u00e4rb\u00e4rge. Det boendet \u00e4r till f\u00f6r heml\u00f6sa EU-migranter med minder\u00e5riga barn och f\u00f6r kvinnor som \u00e4r h\u00f6ggravida. Detta h\u00e4rb\u00e4rge ligger centralt i Uppsala och har plats f\u00f6r 4-6 familjer per natt under februari och mars.<\/p>\n<p>Kommunstyrelsen kommer att avsl\u00e5 en ans\u00f6kan fr\u00e5n Uppsala stadsmission om att unders\u00f6ka m\u00f6jligheterna f\u00f6r en \u00f6ppen verksamhet f\u00f6r heml\u00f6sa EU-migranter. Ist\u00e4llet har kommunledningskontoret f\u00e5tt i uppdrag att, tillsammans med ber\u00f6rda f\u00f6rvaltningar, utreda och belysa kommunens ansvar f\u00f6r information samt akuta och tillf\u00e4lliga hj\u00e4lpinsatser f\u00f6r samma m\u00e5lgrupp.<\/p>\n<p><em>\u2013 EU beh\u00f6ver tillsammans med ber\u00f6rda l\u00e4nder ta ett st\u00f6rre ansvar f\u00f6r att bryta fattigdom och minimera m\u00e4nniskors behov av att tigga. Situationen f\u00f6r m\u00e5nga EU-migranter \u00e4r sv\u00e5r inte minst mot bakgrund av den djupa ekonomiska krisen. F\u00f6r personer som just nu befinner sig i Uppsala och \u00e4r i behov av tak \u00f6ver huvudet denna vinter beh\u00f6vs akut st\u00f6d. Jag \u00e4r glad \u00f6ver att det civila samh\u00e4llets akt\u00f6rer g\u00f6r betydelsefulla insatser f\u00f6r att m\u00f6ta behoven i Uppsala, s\u00e4ger kommunalr\u00e5det Ebba Busch Thor (KD).<\/em><\/p>\n<\/div>\n<\/div>\n","protected":false},"excerpt":{"rendered":"<p>Kommunstyrelsen kommer idag, onsdag 5 februari, fattat beslut om att bevilja ekonomiskt bidrag f\u00f6r akuta st\u00f6dinsatser f\u00f6r heml\u00f6sa EU-migranter. Antalet heml\u00f6sa EU-migranter p\u00e5 gatorna i Uppsala har \u00f6kat de senaste \u00e5ren. De har enligt de EU-best\u00e4mmelser Sverige st\u00e5r bakom r\u00e4tt att vistas fritt i landet upp till tre m\u00e5nader med egen f\u00f6rs\u00f6rjning. M\u00e5nga \u00e4r fr\u00e5n <a class=\"read-more-link\" href=\"https:\/\/wp.kristdemokraterna.se\/uppsala\/bidrag-till-foreningar-for-stod-till-hemlosa-eu-migranter\/\">Read More<\/a><\/p>\n","protected":false},"author":577,"featured_media":0,"comment_status":"closed","ping_status":"closed","sticky":false,"template":"","format":"standard","meta":{"_acf_changed":false,"footnotes":""},"categories":[252],"tags":[13,58,39],"class_list":["post-869","post","type-post","status-publish","format-standard","hentry","category-migration-o-integration","tag-ebba-busch-thor","tag-eu","tag-uppsala-kommun"],"acf":[],"yoast_head":"<!-- This site is optimized with the Yoast SEO plugin v27.4 - https:\/\/yoast.com\/product\/yoast-seo-wordpress\/ -->\n<title>Bidrag till f\u00f6reningar f\u00f6r st\u00f6d till heml\u00f6sa EU-migranter | Kristdemokraterna | Uppsala<\/title>\n<meta name=\"robots\" content=\"index, follow, max-snippet:-1, max-image-preview:large, max-video-preview:-1\" \/>\n<link rel=\"canonical\" href=\"https:\/\/wp.kristdemokraterna.se\/uppsala\/bidrag-till-foreningar-for-stod-till-hemlosa-eu-migranter\/\" \/>\n<meta property=\"og:locale\" content=\"sv_SE\" \/>\n<meta property=\"og:type\" content=\"article\" \/>\n<meta property=\"og:title\" content=\"Bidrag till f\u00f6reningar f\u00f6r st\u00f6d till heml\u00f6sa EU-migranter | Kristdemokraterna | Uppsala\" \/>\n<meta property=\"og:description\" content=\"Kommunstyrelsen kommer idag, onsdag 5 februari, fattat beslut om att bevilja ekonomiskt bidrag f\u00f6r akuta st\u00f6dinsatser f\u00f6r heml\u00f6sa EU-migranter. Antalet heml\u00f6sa EU-migranter p\u00e5 gatorna i Uppsala har \u00f6kat de senaste \u00e5ren. De har enligt de EU-best\u00e4mmelser Sverige st\u00e5r bakom r\u00e4tt att vistas fritt i landet upp till tre m\u00e5nader med egen f\u00f6rs\u00f6rjning. M\u00e5nga \u00e4r fr\u00e5n Read More\" \/>\n<meta property=\"og:url\" content=\"https:\/\/wp.kristdemokraterna.se\/uppsala\/bidrag-till-foreningar-for-stod-till-hemlosa-eu-migranter\/\" \/>\n<meta property=\"og:site_name\" content=\"Kristdemokraterna | Uppsala\" \/>\n<meta property=\"article:publisher\" content=\"https:\/\/www.facebook.com\/UppsalaKD\/\" \/>\n<meta property=\"article:published_time\" content=\"2014-02-05T11:22:25+00:00\" \/>\n<meta property=\"article:modified_time\" content=\"2024-04-07T16:54:53+00:00\" \/>\n<meta property=\"og:image\" content=\"https:\/\/wp.kristdemokraterna.se\/uppsala\/files\/2021\/12\/kom1.png\" \/>\n\t<meta property=\"og:image:width\" content=\"770\" \/>\n\t<meta property=\"og:image:height\" content=\"404\" \/>\n\t<meta property=\"og:image:type\" content=\"image\/png\" \/>\n<meta name=\"author\" content=\"Sarah Lundgren\" \/>\n<meta name=\"twitter:card\" content=\"summary_large_image\" \/>\n<meta name=\"twitter:label1\" content=\"Skriven av\" \/>\n\t<meta name=\"twitter:data1\" content=\"Sarah Lundgren\" \/>\n\t<meta name=\"twitter:label2\" content=\"Ber\u00e4knad l\u00e4stid\" \/>\n\t<meta name=\"twitter:data2\" content=\"2 minuter\" \/>\n<script type=\"application\/ld+json\" class=\"yoast-schema-graph\">{\"@context\":\"https:\\\/\\\/schema.org\",\"@graph\":[{\"@type\":\"Article\",\"@id\":\"https:\\\/\\\/wp.kristdemokraterna.se\\\/uppsala\\\/bidrag-till-foreningar-for-stod-till-hemlosa-eu-migranter\\\/#article\",\"isPartOf\":{\"@id\":\"https:\\\/\\\/wp.kristdemokraterna.se\\\/uppsala\\\/bidrag-till-foreningar-for-stod-till-hemlosa-eu-migranter\\\/\"},\"author\":{\"name\":\"Sarah Lundgren\",\"@id\":\"https:\\\/\\\/wp.kristdemokraterna.se\\\/uppsala\\\/#\\\/schema\\\/person\\\/9fb7cb3a968dd0f56af2d7d2bd47c955\"},\"headline\":\"Bidrag till f\u00f6reningar f\u00f6r st\u00f6d till heml\u00f6sa EU-migranter\",\"datePublished\":\"2014-02-05T11:22:25+00:00\",\"dateModified\":\"2024-04-07T16:54:53+00:00\",\"mainEntityOfPage\":{\"@id\":\"https:\\\/\\\/wp.kristdemokraterna.se\\\/uppsala\\\/bidrag-till-foreningar-for-stod-till-hemlosa-eu-migranter\\\/\"},\"wordCount\":486,\"publisher\":{\"@id\":\"https:\\\/\\\/wp.kristdemokraterna.se\\\/uppsala\\\/#organization\"},\"keywords\":[\"Ebba Busch Thor\",\"EU\",\"Uppsala kommun\"],\"articleSection\":[\"Migration &amp; Integration\"],\"inLanguage\":\"sv-SE\"},{\"@type\":\"WebPage\",\"@id\":\"https:\\\/\\\/wp.kristdemokraterna.se\\\/uppsala\\\/bidrag-till-foreningar-for-stod-till-hemlosa-eu-migranter\\\/\",\"url\":\"https:\\\/\\\/wp.kristdemokraterna.se\\\/uppsala\\\/bidrag-till-foreningar-for-stod-till-hemlosa-eu-migranter\\\/\",\"name\":\"Bidrag till f\u00f6reningar f\u00f6r st\u00f6d till heml\u00f6sa EU-migranter | Kristdemokraterna | Uppsala\",\"isPartOf\":{\"@id\":\"https:\\\/\\\/wp.kristdemokraterna.se\\\/uppsala\\\/#website\"},\"datePublished\":\"2014-02-05T11:22:25+00:00\",\"dateModified\":\"2024-04-07T16:54:53+00:00\",\"breadcrumb\":{\"@id\":\"https:\\\/\\\/wp.kristdemokraterna.se\\\/uppsala\\\/bidrag-till-foreningar-for-stod-till-hemlosa-eu-migranter\\\/#breadcrumb\"},\"inLanguage\":\"sv-SE\",\"potentialAction\":[{\"@type\":\"ReadAction\",\"target\":[\"https:\\\/\\\/wp.kristdemokraterna.se\\\/uppsala\\\/bidrag-till-foreningar-for-stod-till-hemlosa-eu-migranter\\\/\"]}]},{\"@type\":\"BreadcrumbList\",\"@id\":\"https:\\\/\\\/wp.kristdemokraterna.se\\\/uppsala\\\/bidrag-till-foreningar-for-stod-till-hemlosa-eu-migranter\\\/#breadcrumb\",\"itemListElement\":[{\"@type\":\"ListItem\",\"position\":1,\"name\":\"Hem\",\"item\":\"https:\\\/\\\/wp.kristdemokraterna.se\\\/uppsala\\\/\"},{\"@type\":\"ListItem\",\"position\":2,\"name\":\"Bidrag till f\u00f6reningar f\u00f6r st\u00f6d till heml\u00f6sa EU-migranter\"}]},{\"@type\":\"WebSite\",\"@id\":\"https:\\\/\\\/wp.kristdemokraterna.se\\\/uppsala\\\/#website\",\"url\":\"https:\\\/\\\/wp.kristdemokraterna.se\\\/uppsala\\\/\",\"name\":\"Kristdemokraterna Uppsala\",\"description\":\"Tryggare Uppsala\",\"publisher\":{\"@id\":\"https:\\\/\\\/wp.kristdemokraterna.se\\\/uppsala\\\/#organization\"},\"inLanguage\":\"sv-SE\"},{\"@type\":\"Organization\",\"@id\":\"https:\\\/\\\/wp.kristdemokraterna.se\\\/uppsala\\\/#organization\",\"name\":\"Kristdemokraterna Uppsala\",\"url\":\"https:\\\/\\\/wp.kristdemokraterna.se\\\/uppsala\\\/\",\"logo\":{\"@type\":\"ImageObject\",\"inLanguage\":\"sv-SE\",\"@id\":\"https:\\\/\\\/wp.kristdemokraterna.se\\\/uppsala\\\/#\\\/schema\\\/logo\\\/image\\\/\",\"url\":\"https:\\\/\\\/wp.kristdemokraterna.se\\\/uppsala\\\/files\\\/2019\\\/10\\\/kd-uppsala.png\",\"contentUrl\":\"https:\\\/\\\/wp.kristdemokraterna.se\\\/uppsala\\\/files\\\/2019\\\/10\\\/kd-uppsala.png\",\"width\":804,\"height\":421,\"caption\":\"Kristdemokraterna Uppsala\"},\"image\":{\"@id\":\"https:\\\/\\\/wp.kristdemokraterna.se\\\/uppsala\\\/#\\\/schema\\\/logo\\\/image\\\/\"},\"sameAs\":[\"https:\\\/\\\/www.facebook.com\\\/UppsalaKD\\\/\",\"https:\\\/\\\/www.instagram.com\\\/uppsalakd\\\/\"]},{\"@type\":\"Person\",\"@id\":\"https:\\\/\\\/wp.kristdemokraterna.se\\\/uppsala\\\/#\\\/schema\\\/person\\\/9fb7cb3a968dd0f56af2d7d2bd47c955\",\"name\":\"Sarah Lundgren\",\"image\":{\"@type\":\"ImageObject\",\"inLanguage\":\"sv-SE\",\"@id\":\"https:\\\/\\\/secure.gravatar.com\\\/avatar\\\/3bab99a03528e82864883f67c0769f2775c188abb08d41ca5492a94f683be7bb?s=96&r=g\",\"url\":\"https:\\\/\\\/secure.gravatar.com\\\/avatar\\\/3bab99a03528e82864883f67c0769f2775c188abb08d41ca5492a94f683be7bb?s=96&r=g\",\"contentUrl\":\"https:\\\/\\\/secure.gravatar.com\\\/avatar\\\/3bab99a03528e82864883f67c0769f2775c188abb08d41ca5492a94f683be7bb?s=96&r=g\",\"caption\":\"Sarah Lundgren\"},\"url\":\"https:\\\/\\\/wp.kristdemokraterna.se\\\/uppsala\\\/author\\\/sarahlundgren\\\/\"}]}<\/script>\n<!-- \/ Yoast SEO plugin. -->","yoast_head_json":{"title":"Bidrag till f\u00f6reningar f\u00f6r st\u00f6d till heml\u00f6sa EU-migranter | Kristdemokraterna | Uppsala","robots":{"index":"index","follow":"follow","max-snippet":"max-snippet:-1","max-image-preview":"max-image-preview:large","max-video-preview":"max-video-preview:-1"},"canonical":"https:\/\/wp.kristdemokraterna.se\/uppsala\/bidrag-till-foreningar-for-stod-till-hemlosa-eu-migranter\/","og_locale":"sv_SE","og_type":"article","og_title":"Bidrag till f\u00f6reningar f\u00f6r st\u00f6d till heml\u00f6sa EU-migranter | Kristdemokraterna | Uppsala","og_description":"Kommunstyrelsen kommer idag, onsdag 5 februari, fattat beslut om att bevilja ekonomiskt bidrag f\u00f6r akuta st\u00f6dinsatser f\u00f6r heml\u00f6sa EU-migranter. Antalet heml\u00f6sa EU-migranter p\u00e5 gatorna i Uppsala har \u00f6kat de senaste \u00e5ren. De har enligt de EU-best\u00e4mmelser Sverige st\u00e5r bakom r\u00e4tt att vistas fritt i landet upp till tre m\u00e5nader med egen f\u00f6rs\u00f6rjning. M\u00e5nga \u00e4r fr\u00e5n Read More","og_url":"https:\/\/wp.kristdemokraterna.se\/uppsala\/bidrag-till-foreningar-for-stod-till-hemlosa-eu-migranter\/","og_site_name":"Kristdemokraterna | Uppsala","article_publisher":"https:\/\/www.facebook.com\/UppsalaKD\/","article_published_time":"2014-02-05T11:22:25+00:00","article_modified_time":"2024-04-07T16:54:53+00:00","og_image":[{"width":770,"height":404,"url":"https:\/\/wp.kristdemokraterna.se\/uppsala\/files\/2021\/12\/kom1.png","type":"image\/png"}],"author":"Sarah Lundgren","twitter_card":"summary_large_image","twitter_misc":{"Skriven av":"Sarah Lundgren","Ber\u00e4knad l\u00e4stid":"2 minuter"},"schema":{"@context":"https:\/\/schema.org","@graph":[{"@type":"Article","@id":"https:\/\/wp.kristdemokraterna.se\/uppsala\/bidrag-till-foreningar-for-stod-till-hemlosa-eu-migranter\/#article","isPartOf":{"@id":"https:\/\/wp.kristdemokraterna.se\/uppsala\/bidrag-till-foreningar-for-stod-till-hemlosa-eu-migranter\/"},"author":{"name":"Sarah Lundgren","@id":"https:\/\/wp.kristdemokraterna.se\/uppsala\/#\/schema\/person\/9fb7cb3a968dd0f56af2d7d2bd47c955"},"headline":"Bidrag till f\u00f6reningar f\u00f6r st\u00f6d till heml\u00f6sa EU-migranter","datePublished":"2014-02-05T11:22:25+00:00","dateModified":"2024-04-07T16:54:53+00:00","mainEntityOfPage":{"@id":"https:\/\/wp.kristdemokraterna.se\/uppsala\/bidrag-till-foreningar-for-stod-till-hemlosa-eu-migranter\/"},"wordCount":486,"publisher":{"@id":"https:\/\/wp.kristdemokraterna.se\/uppsala\/#organization"},"keywords":["Ebba Busch Thor","EU","Uppsala kommun"],"articleSection":["Migration &amp; Integration"],"inLanguage":"sv-SE"},{"@type":"WebPage","@id":"https:\/\/wp.kristdemokraterna.se\/uppsala\/bidrag-till-foreningar-for-stod-till-hemlosa-eu-migranter\/","url":"https:\/\/wp.kristdemokraterna.se\/uppsala\/bidrag-till-foreningar-for-stod-till-hemlosa-eu-migranter\/","name":"Bidrag till f\u00f6reningar f\u00f6r st\u00f6d till heml\u00f6sa EU-migranter | Kristdemokraterna | Uppsala","isPartOf":{"@id":"https:\/\/wp.kristdemokraterna.se\/uppsala\/#website"},"datePublished":"2014-02-05T11:22:25+00:00","dateModified":"2024-04-07T16:54:53+00:00","breadcrumb":{"@id":"https:\/\/wp.kristdemokraterna.se\/uppsala\/bidrag-till-foreningar-for-stod-till-hemlosa-eu-migranter\/#breadcrumb"},"inLanguage":"sv-SE","potentialAction":[{"@type":"ReadAction","target":["https:\/\/wp.kristdemokraterna.se\/uppsala\/bidrag-till-foreningar-for-stod-till-hemlosa-eu-migranter\/"]}]},{"@type":"BreadcrumbList","@id":"https:\/\/wp.kristdemokraterna.se\/uppsala\/bidrag-till-foreningar-for-stod-till-hemlosa-eu-migranter\/#breadcrumb","itemListElement":[{"@type":"ListItem","position":1,"name":"Hem","item":"https:\/\/wp.kristdemokraterna.se\/uppsala\/"},{"@type":"ListItem","position":2,"name":"Bidrag till f\u00f6reningar f\u00f6r st\u00f6d till heml\u00f6sa EU-migranter"}]},{"@type":"WebSite","@id":"https:\/\/wp.kristdemokraterna.se\/uppsala\/#website","url":"https:\/\/wp.kristdemokraterna.se\/uppsala\/","name":"Kristdemokraterna Uppsala","description":"Tryggare Uppsala","publisher":{"@id":"https:\/\/wp.kristdemokraterna.se\/uppsala\/#organization"},"inLanguage":"sv-SE"},{"@type":"Organization","@id":"https:\/\/wp.kristdemokraterna.se\/uppsala\/#organization","name":"Kristdemokraterna Uppsala","url":"https:\/\/wp.kristdemokraterna.se\/uppsala\/","logo":{"@type":"ImageObject","inLanguage":"sv-SE","@id":"https:\/\/wp.kristdemokraterna.se\/uppsala\/#\/schema\/logo\/image\/","url":"https:\/\/wp.kristdemokraterna.se\/uppsala\/files\/2019\/10\/kd-uppsala.png","contentUrl":"https:\/\/wp.kristdemokraterna.se\/uppsala\/files\/2019\/10\/kd-uppsala.png","width":804,"height":421,"caption":"Kristdemokraterna Uppsala"},"image":{"@id":"https:\/\/wp.kristdemokraterna.se\/uppsala\/#\/schema\/logo\/image\/"},"sameAs":["https:\/\/www.facebook.com\/UppsalaKD\/","https:\/\/www.instagram.com\/uppsalakd\/"]},{"@type":"Person","@id":"https:\/\/wp.kristdemokraterna.se\/uppsala\/#\/schema\/person\/9fb7cb3a968dd0f56af2d7d2bd47c955","name":"Sarah Lundgren","image":{"@type":"ImageObject","inLanguage":"sv-SE","@id":"https:\/\/secure.gravatar.com\/avatar\/3bab99a03528e82864883f67c0769f2775c188abb08d41ca5492a94f683be7bb?s=96&r=g","url":"https:\/\/secure.gravatar.com\/avatar\/3bab99a03528e82864883f67c0769f2775c188abb08d41ca5492a94f683be7bb?s=96&r=g","contentUrl":"https:\/\/secure.gravatar.com\/avatar\/3bab99a03528e82864883f67c0769f2775c188abb08d41ca5492a94f683be7bb?s=96&r=g","caption":"Sarah Lundgren"},"url":"https:\/\/wp.kristdemokraterna.se\/uppsala\/author\/sarahlundgren\/"}]}},"_links":{"self":[{"href":"https:\/\/wp.kristdemokraterna.se\/uppsala\/wp-json\/wp\/v2\/posts\/869","targetHints":{"allow":["GET"]}}],"collection":[{"href":"https:\/\/wp.kristdemokraterna.se\/uppsala\/wp-json\/wp\/v2\/posts"}],"about":[{"href":"https:\/\/wp.kristdemokraterna.se\/uppsala\/wp-json\/wp\/v2\/types\/post"}],"author":[{"embeddable":true,"href":"https:\/\/wp.kristdemokraterna.se\/uppsala\/wp-json\/wp\/v2\/users\/577"}],"replies":[{"embeddable":true,"href":"https:\/\/wp.kristdemokraterna.se\/uppsala\/wp-json\/wp\/v2\/comments?post=869"}],"version-history":[{"count":1,"href":"https:\/\/wp.kristdemokraterna.se\/uppsala\/wp-json\/wp\/v2\/posts\/869\/revisions"}],"predecessor-version":[{"id":870,"href":"https:\/\/wp.kristdemokraterna.se\/uppsala\/wp-json\/wp\/v2\/posts\/869\/revisions\/870"}],"wp:attachment":[{"href":"https:\/\/wp.kristdemokraterna.se\/uppsala\/wp-json\/wp\/v2\/media?parent=869"}],"wp:term":[{"taxonomy":"category","embeddable":true,"href":"https:\/\/wp.kristdemokraterna.se\/uppsala\/wp-json\/wp\/v2\/categories?post=869"},{"taxonomy":"post_tag","embeddable":true,"href":"https:\/\/wp.kristdemokraterna.se\/uppsala\/wp-json\/wp\/v2\/tags?post=869"}],"curies":[{"name":"wp","href":"https:\/\/api.w.org\/{rel}","templated":true}]}}