{"id":885,"date":"2014-03-04T09:20:44","date_gmt":"2014-03-04T08:20:44","guid":{"rendered":"http:\/\/wp.kristdemokraterna.se\/uppsala\/?p=885"},"modified":"2024-04-03T22:25:51","modified_gmt":"2024-04-03T20:25:51","slug":"patienter-i-uppsala-lan-nast-nojdast-i-landet-med-sin-vard","status":"publish","type":"post","link":"https:\/\/wp.kristdemokraterna.se\/uppsala\/patienter-i-uppsala-lan-nast-nojdast-i-landet-med-sin-vard\/","title":{"rendered":"Patienter i Uppsala l\u00e4n n\u00e4st n\u00f6jdast i landet med sin v\u00e5rd"},"content":{"rendered":"<p><strong>Patienterna i Uppsala l\u00e4n \u00e4r p\u00e5 det hela taget n\u00f6jda med den v\u00e5rd och behandling de f\u00e5r n\u00e4r de bes\u00f6ker prim\u00e4rv\u00e5rden. Uppsala l\u00e4n har det n\u00e4st h\u00f6gsta betyget i landet, visar en resultatet av en stor enk\u00e4tunders\u00f6kning som presenteras idag. H\u00f6gst betyg fick Halland.<\/strong><\/p>\n<p>&#8211; Genom v\u00e5rdvalet har vi gett patienterna mer inflytande i v\u00e5rden och det visar sig nu i att vi har landets n\u00e4st n\u00f6jdaste patienter, s\u00e4ger Anna-Karin Klomp (KD), ordf\u00f6rande f\u00f6r h\u00e4lso- och sjukv\u00e5rdsstyrelsen.<\/p>\n<p>Den v\u00e5rdcentral som f\u00e5r b\u00e4st omd\u00f6me \u00e4r Bruksh\u00e4lsan i S\u00f6derfors, medan Knivsta v\u00e5rdcentral har f\u00f6rb\u00e4ttrat sig mest j\u00e4mf\u00f6rt med den f\u00f6rra m\u00e4tningen.<\/p>\n<p dir=\"LTR\">Unders\u00f6kningen har genomf\u00f6rts i hela Sverige p\u00e5 uppdrag av Sveriges kommuner och landsting. Det \u00e4r tredje g\u00e5ngen m\u00e4tningen g\u00f6rs. F\u00f6rra g\u00e5ngen var 2011.<\/p>\n<p dir=\"LTR\">I oktober 2013 fick patienter en enk\u00e4t hems\u00e4nd efter sitt l\u00e4karbes\u00f6k. I enk\u00e4ten fick de svara p\u00e5 fr\u00e5gor om hur de bem\u00f6tts under bes\u00f6ket, hur l\u00e4nge de f\u00e5tt v\u00e4nta p\u00e5 sitt bes\u00f6k och vad de tyckte om servicen i stort.\u00a0 I Uppsala l\u00e4n har 5 288 patienter besvarat unders\u00f6kningen, som omfattar 49 v\u00e5rdcentraler och husl\u00e4karmottagningar i l\u00e4net, s\u00e5v\u00e4l landstingsdrivna som privata.<\/p>\n<p dir=\"LTR\">Landstinget i Uppsala l\u00e4n var b\u00e4st i landet p\u00e5 att ge begriplig information till patienterna i samband med l\u00e4karbes\u00f6k och hade den h\u00f6gsta tillg\u00e4ngligheten per telefon. Landstinget f\u00e5r ocks\u00e5 h\u00f6gt betyg n\u00e4r det g\u00e4ller f\u00f6rtroendet f\u00f6r l\u00e4karna och bem\u00f6tande. D\u00e4remot anser m\u00e5nga patienter att de har f\u00e5tt v\u00e4nta alltf\u00f6r l\u00e4nge p\u00e5 sitt bes\u00f6k. D\u00e4r var landstinget ett av de s\u00e4msta i landet.<\/p>\n<p dir=\"LTR\">\u2013 Vi ser ocks\u00e5 att det skiljer mellan m\u00e4n och kvinnor i hur man uppfattar den information och de instruktioner man ger om bland annat l\u00e4kemedelsanv\u00e4ndning. M\u00e4n \u00e4r generellt mer n\u00f6jda med informationen \u00e4n kvinnor. Det h\u00e4r \u00e4r ett omr\u00e5de som det skulle vara intressant att titta n\u00e4rmare p\u00e5, s\u00e4ger Claudio Troncoso, statistiker vid enheten f\u00f6r analys och utveckling.<\/p>\n<p dir=\"LTR\"><strong>Uppvaktning med diplom<\/strong><\/p>\n<p dir=\"LTR\">De v\u00e5rdcentraler som har f\u00e5tt h\u00f6gst betyg i unders\u00f6kningen respektive f\u00f6rb\u00e4ttrat sig mest kommer att uppvaktas med diplom.<\/p>\n<p dir=\"LTR\">Medier \u00e4r v\u00e4lkomna att n\u00e4rvara n\u00e4r Anna-Karin Klomp (KD), ordf\u00f6rande i h\u00e4lso- och sjukv\u00e5rdsstyrelsen, \u00f6verl\u00e4mnar diplom till v\u00e5rdcentralerna som fick b\u00e4st resultat.<\/p>\n<p dir=\"LTR\">Bruksh\u00e4lsan i S\u00f6derfors, h\u00f6gst betyg i patientenk\u00e4ten, 5 mars kl 14.30, Bruksplan, S\u00f6derfors<\/p>\n<p dir=\"LTR\">Knivsta v\u00e5rdcentral, f\u00f6rb\u00e4ttrat sig mest i patientenk\u00e4ten, 5 mars kl 12, \u00c4ngbyv\u00e4gen 8, Knivsta<\/p>\n","protected":false},"excerpt":{"rendered":"<p>Patienterna i Uppsala l\u00e4n \u00e4r p\u00e5 det hela taget n\u00f6jda med den v\u00e5rd och behandling de f\u00e5r n\u00e4r de bes\u00f6ker prim\u00e4rv\u00e5rden. Uppsala l\u00e4n har det n\u00e4st h\u00f6gsta betyget i landet, visar en resultatet av en stor enk\u00e4tunders\u00f6kning som presenteras idag. H\u00f6gst betyg fick Halland. &#8211; Genom v\u00e5rdvalet har vi gett patienterna mer inflytande i v\u00e5rden <a class=\"read-more-link\" href=\"https:\/\/wp.kristdemokraterna.se\/uppsala\/patienter-i-uppsala-lan-nast-nojdast-i-landet-med-sin-vard\/\">Read More<\/a><\/p>\n","protected":false},"author":570,"featured_media":0,"comment_status":"closed","ping_status":"closed","sticky":false,"template":"","format":"standard","meta":{"_acf_changed":false,"footnotes":""},"categories":[236],"tags":[7,61,62,52,60],"class_list":["post-885","post","type-post","status-publish","format-standard","hentry","category-vard-o-omsorg","tag-annakarinklomp","tag-brukshalsan-i-soderfors","tag-knivsta-vardcentral","tag-landstinget-i-uppsala-lan","tag-nojda-patienter"],"acf":[],"yoast_head":"<!-- This site is optimized with the Yoast SEO plugin v27.4 - https:\/\/yoast.com\/product\/yoast-seo-wordpress\/ -->\n<title>Patienter i Uppsala l\u00e4n n\u00e4st n\u00f6jdast i landet med sin v\u00e5rd | Kristdemokraterna | Uppsala<\/title>\n<meta name=\"robots\" content=\"index, follow, max-snippet:-1, max-image-preview:large, max-video-preview:-1\" \/>\n<link rel=\"canonical\" href=\"https:\/\/wp.kristdemokraterna.se\/uppsala\/patienter-i-uppsala-lan-nast-nojdast-i-landet-med-sin-vard\/\" \/>\n<meta property=\"og:locale\" content=\"sv_SE\" \/>\n<meta property=\"og:type\" content=\"article\" \/>\n<meta property=\"og:title\" content=\"Patienter i Uppsala l\u00e4n n\u00e4st n\u00f6jdast i landet med sin v\u00e5rd | Kristdemokraterna | Uppsala\" \/>\n<meta property=\"og:description\" content=\"Patienterna i Uppsala l\u00e4n \u00e4r p\u00e5 det hela taget n\u00f6jda med den v\u00e5rd och behandling de f\u00e5r n\u00e4r de bes\u00f6ker prim\u00e4rv\u00e5rden. Uppsala l\u00e4n har det n\u00e4st h\u00f6gsta betyget i landet, visar en resultatet av en stor enk\u00e4tunders\u00f6kning som presenteras idag. H\u00f6gst betyg fick Halland. &#8211; Genom v\u00e5rdvalet har vi gett patienterna mer inflytande i v\u00e5rden Read More\" \/>\n<meta property=\"og:url\" content=\"https:\/\/wp.kristdemokraterna.se\/uppsala\/patienter-i-uppsala-lan-nast-nojdast-i-landet-med-sin-vard\/\" \/>\n<meta property=\"og:site_name\" content=\"Kristdemokraterna | Uppsala\" \/>\n<meta property=\"article:publisher\" content=\"https:\/\/www.facebook.com\/UppsalaKD\/\" \/>\n<meta property=\"article:published_time\" content=\"2014-03-04T08:20:44+00:00\" \/>\n<meta property=\"article:modified_time\" content=\"2024-04-03T20:25:51+00:00\" \/>\n<meta property=\"og:image\" content=\"https:\/\/wp.kristdemokraterna.se\/uppsala\/files\/2021\/12\/kom1.png\" \/>\n\t<meta property=\"og:image:width\" content=\"770\" \/>\n\t<meta property=\"og:image:height\" content=\"404\" \/>\n\t<meta property=\"og:image:type\" content=\"image\/png\" \/>\n<meta name=\"author\" content=\"Petra Karl\u00e5\" \/>\n<meta name=\"twitter:card\" content=\"summary_large_image\" \/>\n<meta name=\"twitter:label1\" content=\"Skriven av\" \/>\n\t<meta name=\"twitter:data1\" content=\"Petra Karl\u00e5\" \/>\n\t<meta name=\"twitter:label2\" content=\"Ber\u00e4knad l\u00e4stid\" \/>\n\t<meta name=\"twitter:data2\" content=\"2 minuter\" \/>\n<script type=\"application\/ld+json\" class=\"yoast-schema-graph\">{\"@context\":\"https:\\\/\\\/schema.org\",\"@graph\":[{\"@type\":\"Article\",\"@id\":\"https:\\\/\\\/wp.kristdemokraterna.se\\\/uppsala\\\/patienter-i-uppsala-lan-nast-nojdast-i-landet-med-sin-vard\\\/#article\",\"isPartOf\":{\"@id\":\"https:\\\/\\\/wp.kristdemokraterna.se\\\/uppsala\\\/patienter-i-uppsala-lan-nast-nojdast-i-landet-med-sin-vard\\\/\"},\"author\":{\"name\":\"Petra Karl\u00e5\",\"@id\":\"https:\\\/\\\/wp.kristdemokraterna.se\\\/uppsala\\\/#\\\/schema\\\/person\\\/9c9d6764688a85f6a5a9bc0aeab97665\"},\"headline\":\"Patienter i Uppsala l\u00e4n n\u00e4st n\u00f6jdast i landet med sin v\u00e5rd\",\"datePublished\":\"2014-03-04T08:20:44+00:00\",\"dateModified\":\"2024-04-03T20:25:51+00:00\",\"mainEntityOfPage\":{\"@id\":\"https:\\\/\\\/wp.kristdemokraterna.se\\\/uppsala\\\/patienter-i-uppsala-lan-nast-nojdast-i-landet-med-sin-vard\\\/\"},\"wordCount\":498,\"publisher\":{\"@id\":\"https:\\\/\\\/wp.kristdemokraterna.se\\\/uppsala\\\/#organization\"},\"keywords\":[\"Anna-Karin Klomp\",\"Bruksh\u00e4lsan i S\u00f6derfors\",\"Knivsta v\u00e5rdcentral\",\"Landstinget i Uppsala l\u00e4n\",\"N\u00f6jda patienter\"],\"articleSection\":[\"V\u00e5rd &amp; omsorg\"],\"inLanguage\":\"sv-SE\"},{\"@type\":\"WebPage\",\"@id\":\"https:\\\/\\\/wp.kristdemokraterna.se\\\/uppsala\\\/patienter-i-uppsala-lan-nast-nojdast-i-landet-med-sin-vard\\\/\",\"url\":\"https:\\\/\\\/wp.kristdemokraterna.se\\\/uppsala\\\/patienter-i-uppsala-lan-nast-nojdast-i-landet-med-sin-vard\\\/\",\"name\":\"Patienter i Uppsala l\u00e4n n\u00e4st n\u00f6jdast i landet med sin v\u00e5rd | Kristdemokraterna | Uppsala\",\"isPartOf\":{\"@id\":\"https:\\\/\\\/wp.kristdemokraterna.se\\\/uppsala\\\/#website\"},\"datePublished\":\"2014-03-04T08:20:44+00:00\",\"dateModified\":\"2024-04-03T20:25:51+00:00\",\"breadcrumb\":{\"@id\":\"https:\\\/\\\/wp.kristdemokraterna.se\\\/uppsala\\\/patienter-i-uppsala-lan-nast-nojdast-i-landet-med-sin-vard\\\/#breadcrumb\"},\"inLanguage\":\"sv-SE\",\"potentialAction\":[{\"@type\":\"ReadAction\",\"target\":[\"https:\\\/\\\/wp.kristdemokraterna.se\\\/uppsala\\\/patienter-i-uppsala-lan-nast-nojdast-i-landet-med-sin-vard\\\/\"]}]},{\"@type\":\"BreadcrumbList\",\"@id\":\"https:\\\/\\\/wp.kristdemokraterna.se\\\/uppsala\\\/patienter-i-uppsala-lan-nast-nojdast-i-landet-med-sin-vard\\\/#breadcrumb\",\"itemListElement\":[{\"@type\":\"ListItem\",\"position\":1,\"name\":\"Hem\",\"item\":\"https:\\\/\\\/wp.kristdemokraterna.se\\\/uppsala\\\/\"},{\"@type\":\"ListItem\",\"position\":2,\"name\":\"Patienter i Uppsala l\u00e4n n\u00e4st n\u00f6jdast i landet med sin v\u00e5rd\"}]},{\"@type\":\"WebSite\",\"@id\":\"https:\\\/\\\/wp.kristdemokraterna.se\\\/uppsala\\\/#website\",\"url\":\"https:\\\/\\\/wp.kristdemokraterna.se\\\/uppsala\\\/\",\"name\":\"Kristdemokraterna Uppsala\",\"description\":\"Tryggare Uppsala\",\"publisher\":{\"@id\":\"https:\\\/\\\/wp.kristdemokraterna.se\\\/uppsala\\\/#organization\"},\"inLanguage\":\"sv-SE\"},{\"@type\":\"Organization\",\"@id\":\"https:\\\/\\\/wp.kristdemokraterna.se\\\/uppsala\\\/#organization\",\"name\":\"Kristdemokraterna Uppsala\",\"url\":\"https:\\\/\\\/wp.kristdemokraterna.se\\\/uppsala\\\/\",\"logo\":{\"@type\":\"ImageObject\",\"inLanguage\":\"sv-SE\",\"@id\":\"https:\\\/\\\/wp.kristdemokraterna.se\\\/uppsala\\\/#\\\/schema\\\/logo\\\/image\\\/\",\"url\":\"https:\\\/\\\/wp.kristdemokraterna.se\\\/uppsala\\\/files\\\/2019\\\/10\\\/kd-uppsala.png\",\"contentUrl\":\"https:\\\/\\\/wp.kristdemokraterna.se\\\/uppsala\\\/files\\\/2019\\\/10\\\/kd-uppsala.png\",\"width\":804,\"height\":421,\"caption\":\"Kristdemokraterna Uppsala\"},\"image\":{\"@id\":\"https:\\\/\\\/wp.kristdemokraterna.se\\\/uppsala\\\/#\\\/schema\\\/logo\\\/image\\\/\"},\"sameAs\":[\"https:\\\/\\\/www.facebook.com\\\/UppsalaKD\\\/\",\"https:\\\/\\\/www.instagram.com\\\/uppsalakd\\\/\"]},{\"@type\":\"Person\",\"@id\":\"https:\\\/\\\/wp.kristdemokraterna.se\\\/uppsala\\\/#\\\/schema\\\/person\\\/9c9d6764688a85f6a5a9bc0aeab97665\",\"name\":\"Petra Karl\u00e5\",\"image\":{\"@type\":\"ImageObject\",\"inLanguage\":\"sv-SE\",\"@id\":\"https:\\\/\\\/secure.gravatar.com\\\/avatar\\\/4a0351df3ec5e473a63caa9ade3c07a69c688dacf0d1055a81464c4244cd8431?s=96&r=g\",\"url\":\"https:\\\/\\\/secure.gravatar.com\\\/avatar\\\/4a0351df3ec5e473a63caa9ade3c07a69c688dacf0d1055a81464c4244cd8431?s=96&r=g\",\"contentUrl\":\"https:\\\/\\\/secure.gravatar.com\\\/avatar\\\/4a0351df3ec5e473a63caa9ade3c07a69c688dacf0d1055a81464c4244cd8431?s=96&r=g\",\"caption\":\"Petra Karl\u00e5\"},\"url\":\"https:\\\/\\\/wp.kristdemokraterna.se\\\/uppsala\\\/author\\\/petrakarla\\\/\"}]}<\/script>\n<!-- \/ Yoast SEO plugin. -->","yoast_head_json":{"title":"Patienter i Uppsala l\u00e4n n\u00e4st n\u00f6jdast i landet med sin v\u00e5rd | Kristdemokraterna | Uppsala","robots":{"index":"index","follow":"follow","max-snippet":"max-snippet:-1","max-image-preview":"max-image-preview:large","max-video-preview":"max-video-preview:-1"},"canonical":"https:\/\/wp.kristdemokraterna.se\/uppsala\/patienter-i-uppsala-lan-nast-nojdast-i-landet-med-sin-vard\/","og_locale":"sv_SE","og_type":"article","og_title":"Patienter i Uppsala l\u00e4n n\u00e4st n\u00f6jdast i landet med sin v\u00e5rd | Kristdemokraterna | Uppsala","og_description":"Patienterna i Uppsala l\u00e4n \u00e4r p\u00e5 det hela taget n\u00f6jda med den v\u00e5rd och behandling de f\u00e5r n\u00e4r de bes\u00f6ker prim\u00e4rv\u00e5rden. Uppsala l\u00e4n har det n\u00e4st h\u00f6gsta betyget i landet, visar en resultatet av en stor enk\u00e4tunders\u00f6kning som presenteras idag. H\u00f6gst betyg fick Halland. &#8211; Genom v\u00e5rdvalet har vi gett patienterna mer inflytande i v\u00e5rden Read More","og_url":"https:\/\/wp.kristdemokraterna.se\/uppsala\/patienter-i-uppsala-lan-nast-nojdast-i-landet-med-sin-vard\/","og_site_name":"Kristdemokraterna | Uppsala","article_publisher":"https:\/\/www.facebook.com\/UppsalaKD\/","article_published_time":"2014-03-04T08:20:44+00:00","article_modified_time":"2024-04-03T20:25:51+00:00","og_image":[{"width":770,"height":404,"url":"https:\/\/wp.kristdemokraterna.se\/uppsala\/files\/2021\/12\/kom1.png","type":"image\/png"}],"author":"Petra Karl\u00e5","twitter_card":"summary_large_image","twitter_misc":{"Skriven av":"Petra Karl\u00e5","Ber\u00e4knad l\u00e4stid":"2 minuter"},"schema":{"@context":"https:\/\/schema.org","@graph":[{"@type":"Article","@id":"https:\/\/wp.kristdemokraterna.se\/uppsala\/patienter-i-uppsala-lan-nast-nojdast-i-landet-med-sin-vard\/#article","isPartOf":{"@id":"https:\/\/wp.kristdemokraterna.se\/uppsala\/patienter-i-uppsala-lan-nast-nojdast-i-landet-med-sin-vard\/"},"author":{"name":"Petra Karl\u00e5","@id":"https:\/\/wp.kristdemokraterna.se\/uppsala\/#\/schema\/person\/9c9d6764688a85f6a5a9bc0aeab97665"},"headline":"Patienter i Uppsala l\u00e4n n\u00e4st n\u00f6jdast i landet med sin v\u00e5rd","datePublished":"2014-03-04T08:20:44+00:00","dateModified":"2024-04-03T20:25:51+00:00","mainEntityOfPage":{"@id":"https:\/\/wp.kristdemokraterna.se\/uppsala\/patienter-i-uppsala-lan-nast-nojdast-i-landet-med-sin-vard\/"},"wordCount":498,"publisher":{"@id":"https:\/\/wp.kristdemokraterna.se\/uppsala\/#organization"},"keywords":["Anna-Karin Klomp","Bruksh\u00e4lsan i S\u00f6derfors","Knivsta v\u00e5rdcentral","Landstinget i Uppsala l\u00e4n","N\u00f6jda patienter"],"articleSection":["V\u00e5rd &amp; omsorg"],"inLanguage":"sv-SE"},{"@type":"WebPage","@id":"https:\/\/wp.kristdemokraterna.se\/uppsala\/patienter-i-uppsala-lan-nast-nojdast-i-landet-med-sin-vard\/","url":"https:\/\/wp.kristdemokraterna.se\/uppsala\/patienter-i-uppsala-lan-nast-nojdast-i-landet-med-sin-vard\/","name":"Patienter i Uppsala l\u00e4n n\u00e4st n\u00f6jdast i landet med sin v\u00e5rd | Kristdemokraterna | Uppsala","isPartOf":{"@id":"https:\/\/wp.kristdemokraterna.se\/uppsala\/#website"},"datePublished":"2014-03-04T08:20:44+00:00","dateModified":"2024-04-03T20:25:51+00:00","breadcrumb":{"@id":"https:\/\/wp.kristdemokraterna.se\/uppsala\/patienter-i-uppsala-lan-nast-nojdast-i-landet-med-sin-vard\/#breadcrumb"},"inLanguage":"sv-SE","potentialAction":[{"@type":"ReadAction","target":["https:\/\/wp.kristdemokraterna.se\/uppsala\/patienter-i-uppsala-lan-nast-nojdast-i-landet-med-sin-vard\/"]}]},{"@type":"BreadcrumbList","@id":"https:\/\/wp.kristdemokraterna.se\/uppsala\/patienter-i-uppsala-lan-nast-nojdast-i-landet-med-sin-vard\/#breadcrumb","itemListElement":[{"@type":"ListItem","position":1,"name":"Hem","item":"https:\/\/wp.kristdemokraterna.se\/uppsala\/"},{"@type":"ListItem","position":2,"name":"Patienter i Uppsala l\u00e4n n\u00e4st n\u00f6jdast i landet med sin v\u00e5rd"}]},{"@type":"WebSite","@id":"https:\/\/wp.kristdemokraterna.se\/uppsala\/#website","url":"https:\/\/wp.kristdemokraterna.se\/uppsala\/","name":"Kristdemokraterna Uppsala","description":"Tryggare Uppsala","publisher":{"@id":"https:\/\/wp.kristdemokraterna.se\/uppsala\/#organization"},"inLanguage":"sv-SE"},{"@type":"Organization","@id":"https:\/\/wp.kristdemokraterna.se\/uppsala\/#organization","name":"Kristdemokraterna Uppsala","url":"https:\/\/wp.kristdemokraterna.se\/uppsala\/","logo":{"@type":"ImageObject","inLanguage":"sv-SE","@id":"https:\/\/wp.kristdemokraterna.se\/uppsala\/#\/schema\/logo\/image\/","url":"https:\/\/wp.kristdemokraterna.se\/uppsala\/files\/2019\/10\/kd-uppsala.png","contentUrl":"https:\/\/wp.kristdemokraterna.se\/uppsala\/files\/2019\/10\/kd-uppsala.png","width":804,"height":421,"caption":"Kristdemokraterna Uppsala"},"image":{"@id":"https:\/\/wp.kristdemokraterna.se\/uppsala\/#\/schema\/logo\/image\/"},"sameAs":["https:\/\/www.facebook.com\/UppsalaKD\/","https:\/\/www.instagram.com\/uppsalakd\/"]},{"@type":"Person","@id":"https:\/\/wp.kristdemokraterna.se\/uppsala\/#\/schema\/person\/9c9d6764688a85f6a5a9bc0aeab97665","name":"Petra Karl\u00e5","image":{"@type":"ImageObject","inLanguage":"sv-SE","@id":"https:\/\/secure.gravatar.com\/avatar\/4a0351df3ec5e473a63caa9ade3c07a69c688dacf0d1055a81464c4244cd8431?s=96&r=g","url":"https:\/\/secure.gravatar.com\/avatar\/4a0351df3ec5e473a63caa9ade3c07a69c688dacf0d1055a81464c4244cd8431?s=96&r=g","contentUrl":"https:\/\/secure.gravatar.com\/avatar\/4a0351df3ec5e473a63caa9ade3c07a69c688dacf0d1055a81464c4244cd8431?s=96&r=g","caption":"Petra Karl\u00e5"},"url":"https:\/\/wp.kristdemokraterna.se\/uppsala\/author\/petrakarla\/"}]}},"_links":{"self":[{"href":"https:\/\/wp.kristdemokraterna.se\/uppsala\/wp-json\/wp\/v2\/posts\/885","targetHints":{"allow":["GET"]}}],"collection":[{"href":"https:\/\/wp.kristdemokraterna.se\/uppsala\/wp-json\/wp\/v2\/posts"}],"about":[{"href":"https:\/\/wp.kristdemokraterna.se\/uppsala\/wp-json\/wp\/v2\/types\/post"}],"author":[{"embeddable":true,"href":"https:\/\/wp.kristdemokraterna.se\/uppsala\/wp-json\/wp\/v2\/users\/570"}],"replies":[{"embeddable":true,"href":"https:\/\/wp.kristdemokraterna.se\/uppsala\/wp-json\/wp\/v2\/comments?post=885"}],"version-history":[{"count":1,"href":"https:\/\/wp.kristdemokraterna.se\/uppsala\/wp-json\/wp\/v2\/posts\/885\/revisions"}],"predecessor-version":[{"id":886,"href":"https:\/\/wp.kristdemokraterna.se\/uppsala\/wp-json\/wp\/v2\/posts\/885\/revisions\/886"}],"wp:attachment":[{"href":"https:\/\/wp.kristdemokraterna.se\/uppsala\/wp-json\/wp\/v2\/media?parent=885"}],"wp:term":[{"taxonomy":"category","embeddable":true,"href":"https:\/\/wp.kristdemokraterna.se\/uppsala\/wp-json\/wp\/v2\/categories?post=885"},{"taxonomy":"post_tag","embeddable":true,"href":"https:\/\/wp.kristdemokraterna.se\/uppsala\/wp-json\/wp\/v2\/tags?post=885"}],"curies":[{"name":"wp","href":"https:\/\/api.w.org\/{rel}","templated":true}]}}