{"id":887,"date":"2014-03-11T16:16:44","date_gmt":"2014-03-11T15:16:44","guid":{"rendered":"http:\/\/wp.kristdemokraterna.se\/uppsala\/?p=887"},"modified":"2024-04-03T22:25:40","modified_gmt":"2024-04-03T20:25:40","slug":"vi-driver-fragan-om-betald-specialistutbildning-for-sjukskoterskor","status":"publish","type":"post","link":"https:\/\/wp.kristdemokraterna.se\/uppsala\/vi-driver-fragan-om-betald-specialistutbildning-for-sjukskoterskor\/","title":{"rendered":"Vi driver fr\u00e5gan om betald specialistutbildning f\u00f6r sjuksk\u00f6terskor"},"content":{"rendered":"<p><a href=\"http:\/\/www.dagensmedicin.se\/debatt\/debattvi-driver-fragan-om-betald-specialistutbildning-for-sjukskoterskor\/\">Artikel i Dagens Medicin 11 mars 2014<\/a><\/p>\n<p><strong>Betald specialistutbildning skulle \u00f6ka sjuksk\u00f6terskors framtidstro och samtidigt ge arbetsgivarna st\u00f6rre m\u00f6jligheter att planera sin kompetensf\u00f6rs\u00f6rjning, anser kristdemokraterna Anna-Karin Klomp och Ella Bohlin.<\/strong><\/p>\n<p>Svensk h\u00e4lso- och sjukv\u00e5rd st\u00e5r inf\u00f6r m\u00e5nga utmaningar. En utmaning som det i tider av protester bland sjuksk\u00f6terskorna och hot om upps\u00e4gningar talas allt mer om, \u00e4r dels att klara bemanningen, dels att uppr\u00e4tth\u00e5lla kompetensen hos personalen.<\/p>\n<p>Sjuksk\u00f6terskornas unika kompetens g\u00e5r inte att ers\u00e4tta med n\u00e5gon annan yrkesgrupp. D\u00e4rf\u00f6r \u00e4r det viktigt att yrket \u00e4r attraktivt och byggs p\u00e5 med nya sjuksk\u00f6terskor, som f\u00e5r v\u00e4xa in i yrkesrollen i samspel med erfarna kollegor.<\/p>\n<div>En av tjusningarna med sjuksk\u00f6terskeyrket \u00e4r den breda grunden, som ger m\u00f6jlighet f\u00f6r olika karri\u00e4rv\u00e4gar och specialiseringar. Inom flera v\u00e5rdomr\u00e5den r\u00e5der det i dag brist p\u00e5 beh\u00f6rig personal med specialistutbildning. Under kommande \u00e5r g\u00e5r dessutom m\u00e5nga erfarna sjuksk\u00f6terskor i pension. Det \u00f6ppnar m\u00f6jligheterna f\u00f6r yngre kollegor att ta vid, samtidigt som det \u00e4r en utmaning ur kompetenssynpunkt.<\/div>\n<p>Precis som i \u00f6vriga delar av landet har sjuksk\u00f6terskor b\u00e5de i Uppsala och Stockholm protesterat mot l\u00f6nel\u00e4get och arbetsmilj\u00f6n. De har bland annat f\u00f6rt fram stress i arbetet, som ett resultat av underbemanning och en orimligt l\u00e5g l\u00f6neutveckling. Ska vi klara utmaningen med bemanning och kompetens beh\u00f6ver sjuksk\u00f6terskorna framtidstro. En tro p\u00e5 att arbetet kommer att vara stimulerande, att arbetsbelastningen \u00f6ver tid kommer att vara rimlig, att l\u00f6nen motsvarar insatsen.<\/p>\n<p>Ekvationen \u00e4r r\u00e4tt enkel. Ju fler som v\u00e4ljer att utbilda sig till sjuksk\u00f6terska, desto mer \u00f6kar v\u00e5ra m\u00f6jligheter till god bemanning och i slut\u00e4ndan patients\u00e4ker v\u00e5rd. Ska vi n\u00e5 dit, beh\u00f6ver l\u00f6nel\u00e4get och kompetensutvecklingen bli b\u00e4ttre.<\/p>\n<p>En del har redan gjorts. Det var inte s\u00e5 l\u00e4nge sedan Akademiska sjukhuset i Uppsala h\u00f6jde ing\u00e5ngsl\u00f6nen f\u00f6r nyutbildade sjuksk\u00f6terskor. V\u00e5rdf\u00f6rbundets kampanj \u201dInte under 24 000\u201d har s\u00e4kert bidragit till att l\u00f6nerna h\u00f6jts. P\u00e5slaget har dock lett till att oerfarna sk\u00f6terskor i vissa fall f\u00e5tt mer i pl\u00e5nboken \u00e4n sina avdelningskollegor med betydligt l\u00e4ngre erfarenhet.<\/p>\n<p>I Stockholm f\u00e5r barnmorskor och andra bristyrken minst 1 500 kronor i h\u00f6jd l\u00f6n. Samtidigt satsar regeringen 100 miljoner kronor p\u00e5 240 nya utbildningsplatser till v\u00e5rdutbildningarna. Satsningarna \u00e4r ett led i att s\u00e4kra kompetensen p\u00e5 avdelningarna.<\/p>\n<p>Det \u00e4r inte rimligt att till exempel en barnmorska med 40 \u00e5rs erfarenhet och med ett ansvar f\u00f6r att utbilda nya barnmorskor tj\u00e4nar cirka 8 000 kronor mer i m\u00e5naden \u00e4n sin nyutexaminerade kollega. S\u00e5 kan verkligheten se ut i dag, inom en specialistutbildad yrkesgrupp d\u00e4r det tar m\u00e5nga \u00e5r att bygga upp tillr\u00e4cklig kompetens. Det \u00e4r inte rimligt att det \u00e4r p\u00e5 det viset. Det m\u00e5ste vara mer l\u00f6nsamt med erfarenhet.<\/p>\n<p>Vi beh\u00f6ver ocks\u00e5 g\u00f6ra det mer attraktivt f\u00f6r sjuksk\u00f6terskor att vidareutbilda sig. Vi menar att sjuksk\u00f6terskor kunde f\u00e5 sin specialistutbildning med liknande villkor som l\u00e4karna. Dessv\u00e4rre \u00e4r studievillkoren i dag inte j\u00e4mf\u00f6rbara med l\u00e4kares, som g\u00f6r sin specialisttj\u00e4nstg\u00f6ring (ST) under betald arbetstid. Med skiftande st\u00f6d fr\u00e5n arbetsgivaren kan en sjuksk\u00f6terska i dag tvingas ta tj\u00e4nstledigt och l\u00e5na f\u00f6r att finansiera sina studier. Enligt V\u00e5rdf\u00f6rbundets ber\u00e4kningar handlar det om ett inkomstbortfall p\u00e5 n\u00e4stan en kvarts miljon. Eftersom l\u00f6ne\u00f6kningen efter fullgjord specialistutbildning oftast \u00e4r blygsam kan det inneb\u00e4ra att man f\u00e5r arbeta upp till 19 \u00e5r innan specialiseringen l\u00f6nat sig.<\/p>\n<p>Det \u00e4r knappast ett framtidsscenario som lockar till specialisering. D\u00e4rf\u00f6r vill vi som kristdemokratiska landstingspolitiker driva fr\u00e5gan om betald specialistutbildning, liknande ST-l\u00e4karutbildningen. Det skulle \u00e4ven ge arbetsgivarna st\u00f6rre m\u00f6jligheter att planera f\u00f6r kompetensf\u00f6rs\u00f6rjningen utifr\u00e5n behovet av specialistsjuksk\u00f6terskor inom verksamheterna.<\/p>\n<p>Vi kan bidra till en b\u00e4ttre framtidstro hos v\u00e5rdpersonalen genom att premiera goda arbetsinsatser och m\u00e5ng\u00e5rig erfarenhet, samtidigt som vi skapar goda m\u00f6jligheter till kompetensutveckling. P\u00e5 det hela taget handlar om att ge v\u00e5rdpersonal en god arbetssituation, s\u00e5 att patienterna \u00e4ven i framtiden f\u00e5r b\u00e4sta m\u00f6jliga v\u00e5rd.<\/p>\n<p><strong>Anna-Karin Klomp<\/strong> (KD), landstingsr\u00e5d i Uppsala l\u00e4n<br \/>\n<strong>Ella Bohlin<\/strong> (KD), f\u00f6rstanamn till landstingsvalet i Stockholms l\u00e4n<\/p>\n","protected":false},"excerpt":{"rendered":"<p>Artikel i Dagens Medicin 11 mars 2014 Betald specialistutbildning skulle \u00f6ka sjuksk\u00f6terskors framtidstro och samtidigt ge arbetsgivarna st\u00f6rre m\u00f6jligheter att planera sin kompetensf\u00f6rs\u00f6rjning, anser kristdemokraterna Anna-Karin Klomp och Ella Bohlin. Svensk h\u00e4lso- och sjukv\u00e5rd st\u00e5r inf\u00f6r m\u00e5nga utmaningar. En utmaning som det i tider av protester bland sjuksk\u00f6terskorna och hot om upps\u00e4gningar talas allt mer <a class=\"read-more-link\" href=\"https:\/\/wp.kristdemokraterna.se\/uppsala\/vi-driver-fragan-om-betald-specialistutbildning-for-sjukskoterskor\/\">Read More<\/a><\/p>\n","protected":false},"author":570,"featured_media":0,"comment_status":"closed","ping_status":"closed","sticky":false,"template":"","format":"standard","meta":{"_acf_changed":false,"footnotes":""},"categories":[236],"tags":[7,66,63,52,65,64],"class_list":["post-887","post","type-post","status-publish","format-standard","hentry","category-vard-o-omsorg","tag-annakarinklomp","tag-betald-specialistutbildning","tag-ella-bohlin","tag-landstinget-i-uppsala-lan","tag-sjukskoterskeloner","tag-stockholms-lans-landsting"],"acf":[],"yoast_head":"<!-- This site is optimized with the Yoast SEO plugin v27.4 - https:\/\/yoast.com\/product\/yoast-seo-wordpress\/ -->\n<title>Vi driver fr\u00e5gan om betald specialistutbildning f\u00f6r sjuksk\u00f6terskor | Kristdemokraterna | Uppsala<\/title>\n<meta name=\"robots\" content=\"index, follow, max-snippet:-1, max-image-preview:large, max-video-preview:-1\" \/>\n<link rel=\"canonical\" href=\"https:\/\/wp.kristdemokraterna.se\/uppsala\/vi-driver-fragan-om-betald-specialistutbildning-for-sjukskoterskor\/\" \/>\n<meta property=\"og:locale\" content=\"sv_SE\" \/>\n<meta property=\"og:type\" content=\"article\" \/>\n<meta property=\"og:title\" content=\"Vi driver fr\u00e5gan om betald specialistutbildning f\u00f6r sjuksk\u00f6terskor | Kristdemokraterna | Uppsala\" \/>\n<meta property=\"og:description\" content=\"Artikel i Dagens Medicin 11 mars 2014 Betald specialistutbildning skulle \u00f6ka sjuksk\u00f6terskors framtidstro och samtidigt ge arbetsgivarna st\u00f6rre m\u00f6jligheter att planera sin kompetensf\u00f6rs\u00f6rjning, anser kristdemokraterna Anna-Karin Klomp och Ella Bohlin. Svensk h\u00e4lso- och sjukv\u00e5rd st\u00e5r inf\u00f6r m\u00e5nga utmaningar. En utmaning som det i tider av protester bland sjuksk\u00f6terskorna och hot om upps\u00e4gningar talas allt mer Read More\" \/>\n<meta property=\"og:url\" content=\"https:\/\/wp.kristdemokraterna.se\/uppsala\/vi-driver-fragan-om-betald-specialistutbildning-for-sjukskoterskor\/\" \/>\n<meta property=\"og:site_name\" content=\"Kristdemokraterna | Uppsala\" \/>\n<meta property=\"article:publisher\" content=\"https:\/\/www.facebook.com\/UppsalaKD\/\" \/>\n<meta property=\"article:published_time\" content=\"2014-03-11T15:16:44+00:00\" \/>\n<meta property=\"article:modified_time\" content=\"2024-04-03T20:25:40+00:00\" \/>\n<meta property=\"og:image\" content=\"https:\/\/wp.kristdemokraterna.se\/uppsala\/files\/2021\/12\/kom1.png\" \/>\n\t<meta property=\"og:image:width\" content=\"770\" \/>\n\t<meta property=\"og:image:height\" content=\"404\" \/>\n\t<meta property=\"og:image:type\" content=\"image\/png\" \/>\n<meta name=\"author\" content=\"Petra Karl\u00e5\" \/>\n<meta name=\"twitter:card\" content=\"summary_large_image\" \/>\n<meta name=\"twitter:label1\" content=\"Skriven av\" \/>\n\t<meta name=\"twitter:data1\" content=\"Petra Karl\u00e5\" \/>\n\t<meta name=\"twitter:label2\" content=\"Ber\u00e4knad l\u00e4stid\" \/>\n\t<meta name=\"twitter:data2\" content=\"4 minuter\" \/>\n<script type=\"application\/ld+json\" class=\"yoast-schema-graph\">{\"@context\":\"https:\\\/\\\/schema.org\",\"@graph\":[{\"@type\":\"Article\",\"@id\":\"https:\\\/\\\/wp.kristdemokraterna.se\\\/uppsala\\\/vi-driver-fragan-om-betald-specialistutbildning-for-sjukskoterskor\\\/#article\",\"isPartOf\":{\"@id\":\"https:\\\/\\\/wp.kristdemokraterna.se\\\/uppsala\\\/vi-driver-fragan-om-betald-specialistutbildning-for-sjukskoterskor\\\/\"},\"author\":{\"name\":\"Petra Karl\u00e5\",\"@id\":\"https:\\\/\\\/wp.kristdemokraterna.se\\\/uppsala\\\/#\\\/schema\\\/person\\\/9c9d6764688a85f6a5a9bc0aeab97665\"},\"headline\":\"Vi driver fr\u00e5gan om betald specialistutbildning f\u00f6r sjuksk\u00f6terskor\",\"datePublished\":\"2014-03-11T15:16:44+00:00\",\"dateModified\":\"2024-04-03T20:25:40+00:00\",\"mainEntityOfPage\":{\"@id\":\"https:\\\/\\\/wp.kristdemokraterna.se\\\/uppsala\\\/vi-driver-fragan-om-betald-specialistutbildning-for-sjukskoterskor\\\/\"},\"wordCount\":770,\"publisher\":{\"@id\":\"https:\\\/\\\/wp.kristdemokraterna.se\\\/uppsala\\\/#organization\"},\"keywords\":[\"Anna-Karin Klomp\",\"Betald specialistutbildning\",\"Ella Bohlin\",\"Landstinget i Uppsala l\u00e4n\",\"Sjuksk\u00f6terskel\u00f6ner\",\"Stockholms l\u00e4ns landsting\"],\"articleSection\":[\"V\u00e5rd &amp; omsorg\"],\"inLanguage\":\"sv-SE\"},{\"@type\":\"WebPage\",\"@id\":\"https:\\\/\\\/wp.kristdemokraterna.se\\\/uppsala\\\/vi-driver-fragan-om-betald-specialistutbildning-for-sjukskoterskor\\\/\",\"url\":\"https:\\\/\\\/wp.kristdemokraterna.se\\\/uppsala\\\/vi-driver-fragan-om-betald-specialistutbildning-for-sjukskoterskor\\\/\",\"name\":\"Vi driver fr\u00e5gan om betald specialistutbildning f\u00f6r sjuksk\u00f6terskor | Kristdemokraterna | Uppsala\",\"isPartOf\":{\"@id\":\"https:\\\/\\\/wp.kristdemokraterna.se\\\/uppsala\\\/#website\"},\"datePublished\":\"2014-03-11T15:16:44+00:00\",\"dateModified\":\"2024-04-03T20:25:40+00:00\",\"breadcrumb\":{\"@id\":\"https:\\\/\\\/wp.kristdemokraterna.se\\\/uppsala\\\/vi-driver-fragan-om-betald-specialistutbildning-for-sjukskoterskor\\\/#breadcrumb\"},\"inLanguage\":\"sv-SE\",\"potentialAction\":[{\"@type\":\"ReadAction\",\"target\":[\"https:\\\/\\\/wp.kristdemokraterna.se\\\/uppsala\\\/vi-driver-fragan-om-betald-specialistutbildning-for-sjukskoterskor\\\/\"]}]},{\"@type\":\"BreadcrumbList\",\"@id\":\"https:\\\/\\\/wp.kristdemokraterna.se\\\/uppsala\\\/vi-driver-fragan-om-betald-specialistutbildning-for-sjukskoterskor\\\/#breadcrumb\",\"itemListElement\":[{\"@type\":\"ListItem\",\"position\":1,\"name\":\"Hem\",\"item\":\"https:\\\/\\\/wp.kristdemokraterna.se\\\/uppsala\\\/\"},{\"@type\":\"ListItem\",\"position\":2,\"name\":\"Vi driver fr\u00e5gan om betald specialistutbildning f\u00f6r sjuksk\u00f6terskor\"}]},{\"@type\":\"WebSite\",\"@id\":\"https:\\\/\\\/wp.kristdemokraterna.se\\\/uppsala\\\/#website\",\"url\":\"https:\\\/\\\/wp.kristdemokraterna.se\\\/uppsala\\\/\",\"name\":\"Kristdemokraterna Uppsala\",\"description\":\"Tryggare Uppsala\",\"publisher\":{\"@id\":\"https:\\\/\\\/wp.kristdemokraterna.se\\\/uppsala\\\/#organization\"},\"inLanguage\":\"sv-SE\"},{\"@type\":\"Organization\",\"@id\":\"https:\\\/\\\/wp.kristdemokraterna.se\\\/uppsala\\\/#organization\",\"name\":\"Kristdemokraterna Uppsala\",\"url\":\"https:\\\/\\\/wp.kristdemokraterna.se\\\/uppsala\\\/\",\"logo\":{\"@type\":\"ImageObject\",\"inLanguage\":\"sv-SE\",\"@id\":\"https:\\\/\\\/wp.kristdemokraterna.se\\\/uppsala\\\/#\\\/schema\\\/logo\\\/image\\\/\",\"url\":\"https:\\\/\\\/wp.kristdemokraterna.se\\\/uppsala\\\/files\\\/2019\\\/10\\\/kd-uppsala.png\",\"contentUrl\":\"https:\\\/\\\/wp.kristdemokraterna.se\\\/uppsala\\\/files\\\/2019\\\/10\\\/kd-uppsala.png\",\"width\":804,\"height\":421,\"caption\":\"Kristdemokraterna Uppsala\"},\"image\":{\"@id\":\"https:\\\/\\\/wp.kristdemokraterna.se\\\/uppsala\\\/#\\\/schema\\\/logo\\\/image\\\/\"},\"sameAs\":[\"https:\\\/\\\/www.facebook.com\\\/UppsalaKD\\\/\",\"https:\\\/\\\/www.instagram.com\\\/uppsalakd\\\/\"]},{\"@type\":\"Person\",\"@id\":\"https:\\\/\\\/wp.kristdemokraterna.se\\\/uppsala\\\/#\\\/schema\\\/person\\\/9c9d6764688a85f6a5a9bc0aeab97665\",\"name\":\"Petra Karl\u00e5\",\"image\":{\"@type\":\"ImageObject\",\"inLanguage\":\"sv-SE\",\"@id\":\"https:\\\/\\\/secure.gravatar.com\\\/avatar\\\/4a0351df3ec5e473a63caa9ade3c07a69c688dacf0d1055a81464c4244cd8431?s=96&r=g\",\"url\":\"https:\\\/\\\/secure.gravatar.com\\\/avatar\\\/4a0351df3ec5e473a63caa9ade3c07a69c688dacf0d1055a81464c4244cd8431?s=96&r=g\",\"contentUrl\":\"https:\\\/\\\/secure.gravatar.com\\\/avatar\\\/4a0351df3ec5e473a63caa9ade3c07a69c688dacf0d1055a81464c4244cd8431?s=96&r=g\",\"caption\":\"Petra Karl\u00e5\"},\"url\":\"https:\\\/\\\/wp.kristdemokraterna.se\\\/uppsala\\\/author\\\/petrakarla\\\/\"}]}<\/script>\n<!-- \/ Yoast SEO plugin. -->","yoast_head_json":{"title":"Vi driver fr\u00e5gan om betald specialistutbildning f\u00f6r sjuksk\u00f6terskor | Kristdemokraterna | Uppsala","robots":{"index":"index","follow":"follow","max-snippet":"max-snippet:-1","max-image-preview":"max-image-preview:large","max-video-preview":"max-video-preview:-1"},"canonical":"https:\/\/wp.kristdemokraterna.se\/uppsala\/vi-driver-fragan-om-betald-specialistutbildning-for-sjukskoterskor\/","og_locale":"sv_SE","og_type":"article","og_title":"Vi driver fr\u00e5gan om betald specialistutbildning f\u00f6r sjuksk\u00f6terskor | Kristdemokraterna | Uppsala","og_description":"Artikel i Dagens Medicin 11 mars 2014 Betald specialistutbildning skulle \u00f6ka sjuksk\u00f6terskors framtidstro och samtidigt ge arbetsgivarna st\u00f6rre m\u00f6jligheter att planera sin kompetensf\u00f6rs\u00f6rjning, anser kristdemokraterna Anna-Karin Klomp och Ella Bohlin. Svensk h\u00e4lso- och sjukv\u00e5rd st\u00e5r inf\u00f6r m\u00e5nga utmaningar. En utmaning som det i tider av protester bland sjuksk\u00f6terskorna och hot om upps\u00e4gningar talas allt mer Read More","og_url":"https:\/\/wp.kristdemokraterna.se\/uppsala\/vi-driver-fragan-om-betald-specialistutbildning-for-sjukskoterskor\/","og_site_name":"Kristdemokraterna | Uppsala","article_publisher":"https:\/\/www.facebook.com\/UppsalaKD\/","article_published_time":"2014-03-11T15:16:44+00:00","article_modified_time":"2024-04-03T20:25:40+00:00","og_image":[{"width":770,"height":404,"url":"https:\/\/wp.kristdemokraterna.se\/uppsala\/files\/2021\/12\/kom1.png","type":"image\/png"}],"author":"Petra Karl\u00e5","twitter_card":"summary_large_image","twitter_misc":{"Skriven av":"Petra Karl\u00e5","Ber\u00e4knad l\u00e4stid":"4 minuter"},"schema":{"@context":"https:\/\/schema.org","@graph":[{"@type":"Article","@id":"https:\/\/wp.kristdemokraterna.se\/uppsala\/vi-driver-fragan-om-betald-specialistutbildning-for-sjukskoterskor\/#article","isPartOf":{"@id":"https:\/\/wp.kristdemokraterna.se\/uppsala\/vi-driver-fragan-om-betald-specialistutbildning-for-sjukskoterskor\/"},"author":{"name":"Petra Karl\u00e5","@id":"https:\/\/wp.kristdemokraterna.se\/uppsala\/#\/schema\/person\/9c9d6764688a85f6a5a9bc0aeab97665"},"headline":"Vi driver fr\u00e5gan om betald specialistutbildning f\u00f6r sjuksk\u00f6terskor","datePublished":"2014-03-11T15:16:44+00:00","dateModified":"2024-04-03T20:25:40+00:00","mainEntityOfPage":{"@id":"https:\/\/wp.kristdemokraterna.se\/uppsala\/vi-driver-fragan-om-betald-specialistutbildning-for-sjukskoterskor\/"},"wordCount":770,"publisher":{"@id":"https:\/\/wp.kristdemokraterna.se\/uppsala\/#organization"},"keywords":["Anna-Karin Klomp","Betald specialistutbildning","Ella Bohlin","Landstinget i Uppsala l\u00e4n","Sjuksk\u00f6terskel\u00f6ner","Stockholms l\u00e4ns landsting"],"articleSection":["V\u00e5rd &amp; omsorg"],"inLanguage":"sv-SE"},{"@type":"WebPage","@id":"https:\/\/wp.kristdemokraterna.se\/uppsala\/vi-driver-fragan-om-betald-specialistutbildning-for-sjukskoterskor\/","url":"https:\/\/wp.kristdemokraterna.se\/uppsala\/vi-driver-fragan-om-betald-specialistutbildning-for-sjukskoterskor\/","name":"Vi driver fr\u00e5gan om betald specialistutbildning f\u00f6r sjuksk\u00f6terskor | Kristdemokraterna | Uppsala","isPartOf":{"@id":"https:\/\/wp.kristdemokraterna.se\/uppsala\/#website"},"datePublished":"2014-03-11T15:16:44+00:00","dateModified":"2024-04-03T20:25:40+00:00","breadcrumb":{"@id":"https:\/\/wp.kristdemokraterna.se\/uppsala\/vi-driver-fragan-om-betald-specialistutbildning-for-sjukskoterskor\/#breadcrumb"},"inLanguage":"sv-SE","potentialAction":[{"@type":"ReadAction","target":["https:\/\/wp.kristdemokraterna.se\/uppsala\/vi-driver-fragan-om-betald-specialistutbildning-for-sjukskoterskor\/"]}]},{"@type":"BreadcrumbList","@id":"https:\/\/wp.kristdemokraterna.se\/uppsala\/vi-driver-fragan-om-betald-specialistutbildning-for-sjukskoterskor\/#breadcrumb","itemListElement":[{"@type":"ListItem","position":1,"name":"Hem","item":"https:\/\/wp.kristdemokraterna.se\/uppsala\/"},{"@type":"ListItem","position":2,"name":"Vi driver fr\u00e5gan om betald specialistutbildning f\u00f6r sjuksk\u00f6terskor"}]},{"@type":"WebSite","@id":"https:\/\/wp.kristdemokraterna.se\/uppsala\/#website","url":"https:\/\/wp.kristdemokraterna.se\/uppsala\/","name":"Kristdemokraterna Uppsala","description":"Tryggare Uppsala","publisher":{"@id":"https:\/\/wp.kristdemokraterna.se\/uppsala\/#organization"},"inLanguage":"sv-SE"},{"@type":"Organization","@id":"https:\/\/wp.kristdemokraterna.se\/uppsala\/#organization","name":"Kristdemokraterna Uppsala","url":"https:\/\/wp.kristdemokraterna.se\/uppsala\/","logo":{"@type":"ImageObject","inLanguage":"sv-SE","@id":"https:\/\/wp.kristdemokraterna.se\/uppsala\/#\/schema\/logo\/image\/","url":"https:\/\/wp.kristdemokraterna.se\/uppsala\/files\/2019\/10\/kd-uppsala.png","contentUrl":"https:\/\/wp.kristdemokraterna.se\/uppsala\/files\/2019\/10\/kd-uppsala.png","width":804,"height":421,"caption":"Kristdemokraterna Uppsala"},"image":{"@id":"https:\/\/wp.kristdemokraterna.se\/uppsala\/#\/schema\/logo\/image\/"},"sameAs":["https:\/\/www.facebook.com\/UppsalaKD\/","https:\/\/www.instagram.com\/uppsalakd\/"]},{"@type":"Person","@id":"https:\/\/wp.kristdemokraterna.se\/uppsala\/#\/schema\/person\/9c9d6764688a85f6a5a9bc0aeab97665","name":"Petra Karl\u00e5","image":{"@type":"ImageObject","inLanguage":"sv-SE","@id":"https:\/\/secure.gravatar.com\/avatar\/4a0351df3ec5e473a63caa9ade3c07a69c688dacf0d1055a81464c4244cd8431?s=96&r=g","url":"https:\/\/secure.gravatar.com\/avatar\/4a0351df3ec5e473a63caa9ade3c07a69c688dacf0d1055a81464c4244cd8431?s=96&r=g","contentUrl":"https:\/\/secure.gravatar.com\/avatar\/4a0351df3ec5e473a63caa9ade3c07a69c688dacf0d1055a81464c4244cd8431?s=96&r=g","caption":"Petra Karl\u00e5"},"url":"https:\/\/wp.kristdemokraterna.se\/uppsala\/author\/petrakarla\/"}]}},"_links":{"self":[{"href":"https:\/\/wp.kristdemokraterna.se\/uppsala\/wp-json\/wp\/v2\/posts\/887","targetHints":{"allow":["GET"]}}],"collection":[{"href":"https:\/\/wp.kristdemokraterna.se\/uppsala\/wp-json\/wp\/v2\/posts"}],"about":[{"href":"https:\/\/wp.kristdemokraterna.se\/uppsala\/wp-json\/wp\/v2\/types\/post"}],"author":[{"embeddable":true,"href":"https:\/\/wp.kristdemokraterna.se\/uppsala\/wp-json\/wp\/v2\/users\/570"}],"replies":[{"embeddable":true,"href":"https:\/\/wp.kristdemokraterna.se\/uppsala\/wp-json\/wp\/v2\/comments?post=887"}],"version-history":[{"count":1,"href":"https:\/\/wp.kristdemokraterna.se\/uppsala\/wp-json\/wp\/v2\/posts\/887\/revisions"}],"predecessor-version":[{"id":888,"href":"https:\/\/wp.kristdemokraterna.se\/uppsala\/wp-json\/wp\/v2\/posts\/887\/revisions\/888"}],"wp:attachment":[{"href":"https:\/\/wp.kristdemokraterna.se\/uppsala\/wp-json\/wp\/v2\/media?parent=887"}],"wp:term":[{"taxonomy":"category","embeddable":true,"href":"https:\/\/wp.kristdemokraterna.se\/uppsala\/wp-json\/wp\/v2\/categories?post=887"},{"taxonomy":"post_tag","embeddable":true,"href":"https:\/\/wp.kristdemokraterna.se\/uppsala\/wp-json\/wp\/v2\/tags?post=887"}],"curies":[{"name":"wp","href":"https:\/\/api.w.org\/{rel}","templated":true}]}}