{"id":890,"date":"2014-03-12T10:50:33","date_gmt":"2014-03-12T09:50:33","guid":{"rendered":"http:\/\/wp.kristdemokraterna.se\/uppsala\/?p=890"},"modified":"2024-04-03T22:25:27","modified_gmt":"2024-04-03T20:25:27","slug":"om-tv-serien-sjukhuset-allt-lampar-sig-inte-for-tv","status":"publish","type":"post","link":"https:\/\/wp.kristdemokraterna.se\/uppsala\/om-tv-serien-sjukhuset-allt-lampar-sig-inte-for-tv\/","title":{"rendered":"Om tv-serien Sjukhuset: Allt l\u00e4mpar sig inte f\u00f6r TV"},"content":{"rendered":"<p>1. <a href=\"https:\/\/www.vardforbundet.se\/Vardfokus\/Webbnyheter\/2014\/Mars\/Uppsalas-landsting-har-skarpt-reglerna-for-filmning\/\">Artikel i V\u00e5rdfokus<\/a>\u00a02. <a href=\"http:\/\/www.unt.se\/debatt\/allt-lampar-sig-inte-for-tv-3039098.aspx\">Artikel i UNT: Allt l\u00e4mpar sig inte f\u00f6r TV<\/a><\/p>\n<p><strong>Vi som har det politiska ansvaret f\u00f6r verksamheten i Uppsala l\u00e4ns landsting har noggrant sett \u00f6ver regelverk och riktlinjer f\u00f6r att s\u00e4kra integriteten f\u00f6r patienter och anh\u00f6riga. Det skriver Anna-Karin Klomp (KD), Lina Nordqvist (FP) och Nina Lagh (M).<\/strong><\/p>\n<p><!-- RSPEAK_STOP -->Fr\u00e5n 1994-2009<strong> <\/strong>var dramaserien Cityakuten (ER) en av v\u00e4stv\u00e4rldens mest popul\u00e4ra TV-serier. Den f\u00f6ljdes av en rad underh\u00e5llande dokument\u00e4rserier om sjukv\u00e5rdens vardag. Intresset f\u00f6r att veta mer om sjukv\u00e5rdens vardag ledde snabbt till fler, liknande samh\u00e4llsprogram, och sammantaget har idag n\u00e4ra h\u00e4lften av alla svenska landsting medverkat i underh\u00e5llande dokument\u00e4rserier om sjukhus och sjukv\u00e5rdsverksamhet. En drivkraft var att visa hur v\u00e5rden fungerar p\u00e5 riktigt och vilka verkliga hj\u00e4ltar som faktiskt jobbar d\u00e4r.<\/p>\n<div>\n<p>Under n\u00e5gra \u00e5r med b\u00f6rjan 2007 deltog \u00e4ven Uppsala l\u00e4ns landsting i en TV-serie om det dagliga livet p\u00e5 Akademiska sjukhuset. En sj\u00e4lvklarhet var redan fr\u00e5n b\u00f6rjan att s\u00e4kerst\u00e4lla h\u00f6ga krav p\u00e5 patienters och andra medverkandes integritet. Den debatt vi har idag fanns inte d\u00e5. Vi hade inte samma allm\u00e4nna debatt kring smygfilmning och filmsnuttar p\u00e5 Internet, eller att v\u00e5ra digitala fotsp\u00e5r hamnar i myndigheters eller f\u00f6retags databaser. Det hade varit bra om vi haft dagens debatt redan 2006. Det \u00e4r ingen urs\u00e4kt, men f\u00f6r att l\u00e4ra sig av sina misstag m\u00e5ste man s\u00e4tta sig in i vilket sammanhang de begicks.<\/p>\n<p><strong>Med eftertankens kranka blekhet \u00e4r det uppenbart att det pedagogiska v\u00e4rdet av v\u00e5rddokument\u00e4rer inte uppv\u00e4gs av risken att patienter eller deras anh\u00f6riga hindras fr\u00e5n att fokusera p\u00e5 behandling, tillfrisknande eller en rofylld sista tid. Svenska l\u00e4kares\u00e4llskapets och Svensk sjuksk\u00f6terskef\u00f6renings etiska organ avr\u00e5der numera ocks\u00e5 v\u00e5rdpersonal fr\u00e5n att medverka till inspelningar av &#8221;sv\u00e5rt sjuka patienter p\u00e5 akutavdelningar eller inom den prehospitala v\u00e5rden\u201d. <\/strong><\/p>\n<p>V\u00e5ren 2011 riktade JO kritik mot Uppsala l\u00e4ns landsting. Landstingets deltagande i TV-serien hade d\u00e5 redan upph\u00f6rt, landstinget tog till sig av kritiken och beklagade djupt de fel som f\u00f6rekommit.<\/p>\n<p><strong>Vi som har det politiska ansvaret f\u00f6r verksamheten i Uppsala l\u00e4ns landsting har noggrant sett \u00f6ver regelverk och riktlinjer f\u00f6r att s\u00e4kra integriteten f\u00f6r patienter och anh\u00f6riga. Ett led i detta \u00e4r att Uppsala l\u00e4ns landsting, och d\u00e4rmed ocks\u00e5 Akademiska sjukhuset, har sk\u00e4rpt reglerna f\u00f6r filmning och fotografering. <\/strong><\/p>\n<p><strong><\/strong>G\u00e4llande regler s\u00e4ger idag att \u00e4ven om medgivande inh\u00e4mtats f\u00e5r fotografering eller filmning aldrig ske p\u00e5 s\u00e4tt som kan inneb\u00e4ra att patientsekretessen \u00e4ventyras, eller s\u00e5 att n\u00e5gons personliga integritet kan kr\u00e4nkas. Vi kommer att forts\u00e4tta arbetet med att st\u00e4rka patientens r\u00e4ttigheter och minimera risken f\u00f6r kr\u00e4nkning eller brister i bem\u00f6tande.<\/p>\n<p><strong>En urs\u00e4kt framf\u00f6rdes ocks\u00e5 i december 2007 till de anh\u00f6riga i det fall som har uppm\u00e4rksammats p\u00e5 senare tid. Vi som \u00e4r politiskt ansvariga idag har sj\u00e4lvklart samma uppfattning.<\/strong><\/p>\n<p>Patienter och deras anh\u00f6riga ska aldrig beh\u00f6va tveka om att de \u00e4r trygga i v\u00e5rden.<\/p>\n<p><strong>Anna-Karin Klomp<\/strong>, Landstingsr\u00e5d (KD)<\/p>\n<p><strong>Lina Nordqvist, <\/strong>Landstingsr\u00e5d (FP)<\/p>\n<p><strong>Nina Lagh, <\/strong>Landstingsr\u00e5d (M)<\/p>\n<\/div>\n","protected":false},"excerpt":{"rendered":"<p>1. Artikel i V\u00e5rdfokus\u00a02. Artikel i UNT: Allt l\u00e4mpar sig inte f\u00f6r TV Vi som har det politiska ansvaret f\u00f6r verksamheten i Uppsala l\u00e4ns landsting har noggrant sett \u00f6ver regelverk och riktlinjer f\u00f6r att s\u00e4kra integriteten f\u00f6r patienter och anh\u00f6riga. Det skriver Anna-Karin Klomp (KD), Lina Nordqvist (FP) och Nina Lagh (M). Fr\u00e5n 1994-2009 var <a class=\"read-more-link\" href=\"https:\/\/wp.kristdemokraterna.se\/uppsala\/om-tv-serien-sjukhuset-allt-lampar-sig-inte-for-tv\/\">Read More<\/a><\/p>\n","protected":false},"author":570,"featured_media":0,"comment_status":"closed","ping_status":"closed","sticky":false,"template":"","format":"standard","meta":{"_acf_changed":false,"footnotes":""},"categories":[236],"tags":[67,7,52,69,70,68],"class_list":["post-890","post","type-post","status-publish","format-standard","hentry","category-vard-o-omsorg","tag-akademiska-sjukhuset","tag-annakarinklomp","tag-landstinget-i-uppsala-lan","tag-patienters-integritet","tag-patienters-rattigheter","tag-tv-serien-sjukhuset"],"acf":[],"yoast_head":"<!-- This site is optimized with the Yoast SEO plugin v27.4 - https:\/\/yoast.com\/product\/yoast-seo-wordpress\/ -->\n<title>Om tv-serien Sjukhuset: Allt l\u00e4mpar sig inte f\u00f6r TV | Kristdemokraterna | Uppsala<\/title>\n<meta name=\"robots\" content=\"index, follow, max-snippet:-1, max-image-preview:large, max-video-preview:-1\" \/>\n<link rel=\"canonical\" href=\"https:\/\/wp.kristdemokraterna.se\/uppsala\/om-tv-serien-sjukhuset-allt-lampar-sig-inte-for-tv\/\" \/>\n<meta property=\"og:locale\" content=\"sv_SE\" \/>\n<meta property=\"og:type\" content=\"article\" \/>\n<meta property=\"og:title\" content=\"Om tv-serien Sjukhuset: Allt l\u00e4mpar sig inte f\u00f6r TV | Kristdemokraterna | Uppsala\" \/>\n<meta property=\"og:description\" content=\"1. Artikel i V\u00e5rdfokus\u00a02. Artikel i UNT: Allt l\u00e4mpar sig inte f\u00f6r TV Vi som har det politiska ansvaret f\u00f6r verksamheten i Uppsala l\u00e4ns landsting har noggrant sett \u00f6ver regelverk och riktlinjer f\u00f6r att s\u00e4kra integriteten f\u00f6r patienter och anh\u00f6riga. Det skriver Anna-Karin Klomp (KD), Lina Nordqvist (FP) och Nina Lagh (M). Fr\u00e5n 1994-2009 var Read More\" \/>\n<meta property=\"og:url\" content=\"https:\/\/wp.kristdemokraterna.se\/uppsala\/om-tv-serien-sjukhuset-allt-lampar-sig-inte-for-tv\/\" \/>\n<meta property=\"og:site_name\" content=\"Kristdemokraterna | Uppsala\" \/>\n<meta property=\"article:publisher\" content=\"https:\/\/www.facebook.com\/UppsalaKD\/\" \/>\n<meta property=\"article:published_time\" content=\"2014-03-12T09:50:33+00:00\" \/>\n<meta property=\"article:modified_time\" content=\"2024-04-03T20:25:27+00:00\" \/>\n<meta property=\"og:image\" content=\"https:\/\/wp.kristdemokraterna.se\/uppsala\/files\/2021\/12\/kom1.png\" \/>\n\t<meta property=\"og:image:width\" content=\"770\" \/>\n\t<meta property=\"og:image:height\" content=\"404\" \/>\n\t<meta property=\"og:image:type\" content=\"image\/png\" \/>\n<meta name=\"author\" content=\"Petra Karl\u00e5\" \/>\n<meta name=\"twitter:card\" content=\"summary_large_image\" \/>\n<meta name=\"twitter:label1\" content=\"Skriven av\" \/>\n\t<meta name=\"twitter:data1\" content=\"Petra Karl\u00e5\" \/>\n\t<meta name=\"twitter:label2\" content=\"Ber\u00e4knad l\u00e4stid\" \/>\n\t<meta name=\"twitter:data2\" content=\"3 minuter\" \/>\n<script type=\"application\/ld+json\" class=\"yoast-schema-graph\">{\"@context\":\"https:\\\/\\\/schema.org\",\"@graph\":[{\"@type\":\"Article\",\"@id\":\"https:\\\/\\\/wp.kristdemokraterna.se\\\/uppsala\\\/om-tv-serien-sjukhuset-allt-lampar-sig-inte-for-tv\\\/#article\",\"isPartOf\":{\"@id\":\"https:\\\/\\\/wp.kristdemokraterna.se\\\/uppsala\\\/om-tv-serien-sjukhuset-allt-lampar-sig-inte-for-tv\\\/\"},\"author\":{\"name\":\"Petra Karl\u00e5\",\"@id\":\"https:\\\/\\\/wp.kristdemokraterna.se\\\/uppsala\\\/#\\\/schema\\\/person\\\/9c9d6764688a85f6a5a9bc0aeab97665\"},\"headline\":\"Om tv-serien Sjukhuset: Allt l\u00e4mpar sig inte f\u00f6r TV\",\"datePublished\":\"2014-03-12T09:50:33+00:00\",\"dateModified\":\"2024-04-03T20:25:27+00:00\",\"mainEntityOfPage\":{\"@id\":\"https:\\\/\\\/wp.kristdemokraterna.se\\\/uppsala\\\/om-tv-serien-sjukhuset-allt-lampar-sig-inte-for-tv\\\/\"},\"wordCount\":576,\"publisher\":{\"@id\":\"https:\\\/\\\/wp.kristdemokraterna.se\\\/uppsala\\\/#organization\"},\"keywords\":[\"Akademiska sjukhuset\",\"Anna-Karin Klomp\",\"Landstinget i Uppsala l\u00e4n\",\"Patienters integritet\",\"Patienters r\u00e4ttigheter\",\"TV-serien Sjukhuset\"],\"articleSection\":[\"V\u00e5rd &amp; omsorg\"],\"inLanguage\":\"sv-SE\"},{\"@type\":\"WebPage\",\"@id\":\"https:\\\/\\\/wp.kristdemokraterna.se\\\/uppsala\\\/om-tv-serien-sjukhuset-allt-lampar-sig-inte-for-tv\\\/\",\"url\":\"https:\\\/\\\/wp.kristdemokraterna.se\\\/uppsala\\\/om-tv-serien-sjukhuset-allt-lampar-sig-inte-for-tv\\\/\",\"name\":\"Om tv-serien Sjukhuset: Allt l\u00e4mpar sig inte f\u00f6r TV | Kristdemokraterna | Uppsala\",\"isPartOf\":{\"@id\":\"https:\\\/\\\/wp.kristdemokraterna.se\\\/uppsala\\\/#website\"},\"datePublished\":\"2014-03-12T09:50:33+00:00\",\"dateModified\":\"2024-04-03T20:25:27+00:00\",\"breadcrumb\":{\"@id\":\"https:\\\/\\\/wp.kristdemokraterna.se\\\/uppsala\\\/om-tv-serien-sjukhuset-allt-lampar-sig-inte-for-tv\\\/#breadcrumb\"},\"inLanguage\":\"sv-SE\",\"potentialAction\":[{\"@type\":\"ReadAction\",\"target\":[\"https:\\\/\\\/wp.kristdemokraterna.se\\\/uppsala\\\/om-tv-serien-sjukhuset-allt-lampar-sig-inte-for-tv\\\/\"]}]},{\"@type\":\"BreadcrumbList\",\"@id\":\"https:\\\/\\\/wp.kristdemokraterna.se\\\/uppsala\\\/om-tv-serien-sjukhuset-allt-lampar-sig-inte-for-tv\\\/#breadcrumb\",\"itemListElement\":[{\"@type\":\"ListItem\",\"position\":1,\"name\":\"Hem\",\"item\":\"https:\\\/\\\/wp.kristdemokraterna.se\\\/uppsala\\\/\"},{\"@type\":\"ListItem\",\"position\":2,\"name\":\"Om tv-serien Sjukhuset: Allt l\u00e4mpar sig inte f\u00f6r TV\"}]},{\"@type\":\"WebSite\",\"@id\":\"https:\\\/\\\/wp.kristdemokraterna.se\\\/uppsala\\\/#website\",\"url\":\"https:\\\/\\\/wp.kristdemokraterna.se\\\/uppsala\\\/\",\"name\":\"Kristdemokraterna Uppsala\",\"description\":\"Tryggare Uppsala\",\"publisher\":{\"@id\":\"https:\\\/\\\/wp.kristdemokraterna.se\\\/uppsala\\\/#organization\"},\"inLanguage\":\"sv-SE\"},{\"@type\":\"Organization\",\"@id\":\"https:\\\/\\\/wp.kristdemokraterna.se\\\/uppsala\\\/#organization\",\"name\":\"Kristdemokraterna Uppsala\",\"url\":\"https:\\\/\\\/wp.kristdemokraterna.se\\\/uppsala\\\/\",\"logo\":{\"@type\":\"ImageObject\",\"inLanguage\":\"sv-SE\",\"@id\":\"https:\\\/\\\/wp.kristdemokraterna.se\\\/uppsala\\\/#\\\/schema\\\/logo\\\/image\\\/\",\"url\":\"https:\\\/\\\/wp.kristdemokraterna.se\\\/uppsala\\\/files\\\/2019\\\/10\\\/kd-uppsala.png\",\"contentUrl\":\"https:\\\/\\\/wp.kristdemokraterna.se\\\/uppsala\\\/files\\\/2019\\\/10\\\/kd-uppsala.png\",\"width\":804,\"height\":421,\"caption\":\"Kristdemokraterna Uppsala\"},\"image\":{\"@id\":\"https:\\\/\\\/wp.kristdemokraterna.se\\\/uppsala\\\/#\\\/schema\\\/logo\\\/image\\\/\"},\"sameAs\":[\"https:\\\/\\\/www.facebook.com\\\/UppsalaKD\\\/\",\"https:\\\/\\\/www.instagram.com\\\/uppsalakd\\\/\"]},{\"@type\":\"Person\",\"@id\":\"https:\\\/\\\/wp.kristdemokraterna.se\\\/uppsala\\\/#\\\/schema\\\/person\\\/9c9d6764688a85f6a5a9bc0aeab97665\",\"name\":\"Petra Karl\u00e5\",\"image\":{\"@type\":\"ImageObject\",\"inLanguage\":\"sv-SE\",\"@id\":\"https:\\\/\\\/secure.gravatar.com\\\/avatar\\\/4a0351df3ec5e473a63caa9ade3c07a69c688dacf0d1055a81464c4244cd8431?s=96&r=g\",\"url\":\"https:\\\/\\\/secure.gravatar.com\\\/avatar\\\/4a0351df3ec5e473a63caa9ade3c07a69c688dacf0d1055a81464c4244cd8431?s=96&r=g\",\"contentUrl\":\"https:\\\/\\\/secure.gravatar.com\\\/avatar\\\/4a0351df3ec5e473a63caa9ade3c07a69c688dacf0d1055a81464c4244cd8431?s=96&r=g\",\"caption\":\"Petra Karl\u00e5\"},\"url\":\"https:\\\/\\\/wp.kristdemokraterna.se\\\/uppsala\\\/author\\\/petrakarla\\\/\"}]}<\/script>\n<!-- \/ Yoast SEO plugin. -->","yoast_head_json":{"title":"Om tv-serien Sjukhuset: Allt l\u00e4mpar sig inte f\u00f6r TV | Kristdemokraterna | Uppsala","robots":{"index":"index","follow":"follow","max-snippet":"max-snippet:-1","max-image-preview":"max-image-preview:large","max-video-preview":"max-video-preview:-1"},"canonical":"https:\/\/wp.kristdemokraterna.se\/uppsala\/om-tv-serien-sjukhuset-allt-lampar-sig-inte-for-tv\/","og_locale":"sv_SE","og_type":"article","og_title":"Om tv-serien Sjukhuset: Allt l\u00e4mpar sig inte f\u00f6r TV | Kristdemokraterna | Uppsala","og_description":"1. Artikel i V\u00e5rdfokus\u00a02. Artikel i UNT: Allt l\u00e4mpar sig inte f\u00f6r TV Vi som har det politiska ansvaret f\u00f6r verksamheten i Uppsala l\u00e4ns landsting har noggrant sett \u00f6ver regelverk och riktlinjer f\u00f6r att s\u00e4kra integriteten f\u00f6r patienter och anh\u00f6riga. Det skriver Anna-Karin Klomp (KD), Lina Nordqvist (FP) och Nina Lagh (M). Fr\u00e5n 1994-2009 var Read More","og_url":"https:\/\/wp.kristdemokraterna.se\/uppsala\/om-tv-serien-sjukhuset-allt-lampar-sig-inte-for-tv\/","og_site_name":"Kristdemokraterna | Uppsala","article_publisher":"https:\/\/www.facebook.com\/UppsalaKD\/","article_published_time":"2014-03-12T09:50:33+00:00","article_modified_time":"2024-04-03T20:25:27+00:00","og_image":[{"width":770,"height":404,"url":"https:\/\/wp.kristdemokraterna.se\/uppsala\/files\/2021\/12\/kom1.png","type":"image\/png"}],"author":"Petra Karl\u00e5","twitter_card":"summary_large_image","twitter_misc":{"Skriven av":"Petra Karl\u00e5","Ber\u00e4knad l\u00e4stid":"3 minuter"},"schema":{"@context":"https:\/\/schema.org","@graph":[{"@type":"Article","@id":"https:\/\/wp.kristdemokraterna.se\/uppsala\/om-tv-serien-sjukhuset-allt-lampar-sig-inte-for-tv\/#article","isPartOf":{"@id":"https:\/\/wp.kristdemokraterna.se\/uppsala\/om-tv-serien-sjukhuset-allt-lampar-sig-inte-for-tv\/"},"author":{"name":"Petra Karl\u00e5","@id":"https:\/\/wp.kristdemokraterna.se\/uppsala\/#\/schema\/person\/9c9d6764688a85f6a5a9bc0aeab97665"},"headline":"Om tv-serien Sjukhuset: Allt l\u00e4mpar sig inte f\u00f6r TV","datePublished":"2014-03-12T09:50:33+00:00","dateModified":"2024-04-03T20:25:27+00:00","mainEntityOfPage":{"@id":"https:\/\/wp.kristdemokraterna.se\/uppsala\/om-tv-serien-sjukhuset-allt-lampar-sig-inte-for-tv\/"},"wordCount":576,"publisher":{"@id":"https:\/\/wp.kristdemokraterna.se\/uppsala\/#organization"},"keywords":["Akademiska sjukhuset","Anna-Karin Klomp","Landstinget i Uppsala l\u00e4n","Patienters integritet","Patienters r\u00e4ttigheter","TV-serien Sjukhuset"],"articleSection":["V\u00e5rd &amp; omsorg"],"inLanguage":"sv-SE"},{"@type":"WebPage","@id":"https:\/\/wp.kristdemokraterna.se\/uppsala\/om-tv-serien-sjukhuset-allt-lampar-sig-inte-for-tv\/","url":"https:\/\/wp.kristdemokraterna.se\/uppsala\/om-tv-serien-sjukhuset-allt-lampar-sig-inte-for-tv\/","name":"Om tv-serien Sjukhuset: Allt l\u00e4mpar sig inte f\u00f6r TV | Kristdemokraterna | Uppsala","isPartOf":{"@id":"https:\/\/wp.kristdemokraterna.se\/uppsala\/#website"},"datePublished":"2014-03-12T09:50:33+00:00","dateModified":"2024-04-03T20:25:27+00:00","breadcrumb":{"@id":"https:\/\/wp.kristdemokraterna.se\/uppsala\/om-tv-serien-sjukhuset-allt-lampar-sig-inte-for-tv\/#breadcrumb"},"inLanguage":"sv-SE","potentialAction":[{"@type":"ReadAction","target":["https:\/\/wp.kristdemokraterna.se\/uppsala\/om-tv-serien-sjukhuset-allt-lampar-sig-inte-for-tv\/"]}]},{"@type":"BreadcrumbList","@id":"https:\/\/wp.kristdemokraterna.se\/uppsala\/om-tv-serien-sjukhuset-allt-lampar-sig-inte-for-tv\/#breadcrumb","itemListElement":[{"@type":"ListItem","position":1,"name":"Hem","item":"https:\/\/wp.kristdemokraterna.se\/uppsala\/"},{"@type":"ListItem","position":2,"name":"Om tv-serien Sjukhuset: Allt l\u00e4mpar sig inte f\u00f6r TV"}]},{"@type":"WebSite","@id":"https:\/\/wp.kristdemokraterna.se\/uppsala\/#website","url":"https:\/\/wp.kristdemokraterna.se\/uppsala\/","name":"Kristdemokraterna Uppsala","description":"Tryggare Uppsala","publisher":{"@id":"https:\/\/wp.kristdemokraterna.se\/uppsala\/#organization"},"inLanguage":"sv-SE"},{"@type":"Organization","@id":"https:\/\/wp.kristdemokraterna.se\/uppsala\/#organization","name":"Kristdemokraterna Uppsala","url":"https:\/\/wp.kristdemokraterna.se\/uppsala\/","logo":{"@type":"ImageObject","inLanguage":"sv-SE","@id":"https:\/\/wp.kristdemokraterna.se\/uppsala\/#\/schema\/logo\/image\/","url":"https:\/\/wp.kristdemokraterna.se\/uppsala\/files\/2019\/10\/kd-uppsala.png","contentUrl":"https:\/\/wp.kristdemokraterna.se\/uppsala\/files\/2019\/10\/kd-uppsala.png","width":804,"height":421,"caption":"Kristdemokraterna Uppsala"},"image":{"@id":"https:\/\/wp.kristdemokraterna.se\/uppsala\/#\/schema\/logo\/image\/"},"sameAs":["https:\/\/www.facebook.com\/UppsalaKD\/","https:\/\/www.instagram.com\/uppsalakd\/"]},{"@type":"Person","@id":"https:\/\/wp.kristdemokraterna.se\/uppsala\/#\/schema\/person\/9c9d6764688a85f6a5a9bc0aeab97665","name":"Petra Karl\u00e5","image":{"@type":"ImageObject","inLanguage":"sv-SE","@id":"https:\/\/secure.gravatar.com\/avatar\/4a0351df3ec5e473a63caa9ade3c07a69c688dacf0d1055a81464c4244cd8431?s=96&r=g","url":"https:\/\/secure.gravatar.com\/avatar\/4a0351df3ec5e473a63caa9ade3c07a69c688dacf0d1055a81464c4244cd8431?s=96&r=g","contentUrl":"https:\/\/secure.gravatar.com\/avatar\/4a0351df3ec5e473a63caa9ade3c07a69c688dacf0d1055a81464c4244cd8431?s=96&r=g","caption":"Petra Karl\u00e5"},"url":"https:\/\/wp.kristdemokraterna.se\/uppsala\/author\/petrakarla\/"}]}},"_links":{"self":[{"href":"https:\/\/wp.kristdemokraterna.se\/uppsala\/wp-json\/wp\/v2\/posts\/890","targetHints":{"allow":["GET"]}}],"collection":[{"href":"https:\/\/wp.kristdemokraterna.se\/uppsala\/wp-json\/wp\/v2\/posts"}],"about":[{"href":"https:\/\/wp.kristdemokraterna.se\/uppsala\/wp-json\/wp\/v2\/types\/post"}],"author":[{"embeddable":true,"href":"https:\/\/wp.kristdemokraterna.se\/uppsala\/wp-json\/wp\/v2\/users\/570"}],"replies":[{"embeddable":true,"href":"https:\/\/wp.kristdemokraterna.se\/uppsala\/wp-json\/wp\/v2\/comments?post=890"}],"version-history":[{"count":3,"href":"https:\/\/wp.kristdemokraterna.se\/uppsala\/wp-json\/wp\/v2\/posts\/890\/revisions"}],"predecessor-version":[{"id":919,"href":"https:\/\/wp.kristdemokraterna.se\/uppsala\/wp-json\/wp\/v2\/posts\/890\/revisions\/919"}],"wp:attachment":[{"href":"https:\/\/wp.kristdemokraterna.se\/uppsala\/wp-json\/wp\/v2\/media?parent=890"}],"wp:term":[{"taxonomy":"category","embeddable":true,"href":"https:\/\/wp.kristdemokraterna.se\/uppsala\/wp-json\/wp\/v2\/categories?post=890"},{"taxonomy":"post_tag","embeddable":true,"href":"https:\/\/wp.kristdemokraterna.se\/uppsala\/wp-json\/wp\/v2\/tags?post=890"}],"curies":[{"name":"wp","href":"https:\/\/api.w.org\/{rel}","templated":true}]}}