{"id":921,"date":"2014-03-18T10:32:04","date_gmt":"2014-03-18T09:32:04","guid":{"rendered":"http:\/\/wp.kristdemokraterna.se\/uppsala\/?p=921"},"modified":"2024-04-03T22:25:06","modified_gmt":"2024-04-03T20:25:06","slug":"fler-vardval-for-att-oka-mojligheten-att-valja","status":"publish","type":"post","link":"https:\/\/wp.kristdemokraterna.se\/uppsala\/fler-vardval-for-att-oka-mojligheten-att-valja\/","title":{"rendered":"Fler v\u00e5rdval f\u00f6r att \u00f6ka m\u00f6jligheten att v\u00e4lja"},"content":{"rendered":"<p>I SVT Uppsala: <a href=\"http:\/\/www.svt.se\/nyheter\/regionalt\/abc\/vardval-infors-inom-ortopedi-och-hudsjukvard\">V\u00e5rdval inf\u00f6rs inom ortopedi och hudsjukv\u00e5rd<\/a><\/p>\n<p>Alliansen \u00f6ppnar upp f\u00f6r fler v\u00e5rdval. H\u00e4lso- och sjukv\u00e5rdsstyrelsen beslutade p\u00e5 sitt sammantr\u00e4de att landstinget ska f\u00f6rbereda f\u00f6r att kunna inf\u00f6ra v\u00e5rdval inom specialiserad ortopedi och hudsjukv\u00e5rd i \u00f6ppenv\u00e5rd.<\/p>\n<div><!-- body.tag --><\/p>\n<div id=\"article1902017\">\n<p><strong>\u2013 Vi forts\u00e4tter att utveckla och ut\u00f6ka v\u00e5rden, s\u00e5 att fler patienter ska kunna v\u00e4lja v\u00e5rdgivare och f\u00e5 v\u00e5rd snabbare, s\u00e4ger Anna-Karin Klomp (KD), ordf\u00f6rande f\u00f6r h\u00e4lso- och sjukv\u00e5rdsstyrelsen.<\/strong><\/p>\n<p>Landstinget har sedan 2011 inf\u00f6rt v\u00e5rdval f\u00f6r specialistv\u00e5rd inom flera omr\u00e5den. V\u00e5rdvalet inneb\u00e4r att patienter kan v\u00e4lja mellan olika v\u00e5rdgivare, b\u00e5de privata och landstingdrivna. Exempel p\u00e5 omr\u00e5den d\u00e4r v\u00e5rdval har inf\u00f6rts \u00e4r operationer av gr\u00e5starr, h\u00f6ft- och kn\u00e4proteseroperationer samt gynekologi.<\/p>\n<p>Nu har h\u00e4lso- och sjukv\u00e5rdsstyrelsen fattat ett inriktningsbeslut som inneb\u00e4r att landstinget ska f\u00f6rbereda f\u00f6r att eventuellt inf\u00f6ra v\u00e5rdval inom ortopedi och hudsjukv\u00e5rd.<\/p>\n<p>H\u00e4lso- och sjukv\u00e5rdsstyrelsen beslutade att ge tj\u00e4nstemannaorganisationen i uppdrag att ta fram ett f\u00f6rfr\u00e5gningsunderlag utifr\u00e5n lagen om valfrihetssystem. Under f\u00f6ruts\u00e4ttning att h\u00e4lso- och sjukv\u00e5rdsstyrelsen godk\u00e4nner f\u00f6rfr\u00e5gningsunderlaget kommer v\u00e5rdvalet att inf\u00f6ras fr\u00e5n den 1 januari 2016.<\/p>\n<p>Under 2015 ska det g\u00f6ras en utv\u00e4rdering d\u00e4r man tittar p\u00e5 vilka effekter v\u00e5rdvalet inom specialistv\u00e5rden har haft f\u00f6r forskning och utbildning.<\/p>\n<p>Oppositionspartierna (S), (V) och (MP) reserverade sig mot beslutet och yrkade p\u00e5 avslag.<\/p>\n<\/div>\n<\/div>\n<p>&nbsp;<\/p>\n","protected":false},"excerpt":{"rendered":"<p>I SVT Uppsala: V\u00e5rdval inf\u00f6rs inom ortopedi och hudsjukv\u00e5rd Alliansen \u00f6ppnar upp f\u00f6r fler v\u00e5rdval. H\u00e4lso- och sjukv\u00e5rdsstyrelsen beslutade p\u00e5 sitt sammantr\u00e4de att landstinget ska f\u00f6rbereda f\u00f6r att kunna inf\u00f6ra v\u00e5rdval inom specialiserad ortopedi och hudsjukv\u00e5rd i \u00f6ppenv\u00e5rd. \u2013 Vi forts\u00e4tter att utveckla och ut\u00f6ka v\u00e5rden, s\u00e5 att fler patienter ska kunna v\u00e4lja v\u00e5rdgivare och <a class=\"read-more-link\" href=\"https:\/\/wp.kristdemokraterna.se\/uppsala\/fler-vardval-for-att-oka-mojligheten-att-valja\/\">Read More<\/a><\/p>\n","protected":false},"author":570,"featured_media":0,"comment_status":"closed","ping_status":"closed","sticky":false,"template":"","format":"standard","meta":{"_acf_changed":false,"footnotes":""},"categories":[236],"tags":[7,52,72,71],"class_list":["post-921","post","type-post","status-publish","format-standard","hentry","category-vard-o-omsorg","tag-annakarinklomp","tag-landstinget-i-uppsala-lan","tag-valfrihet","tag-vardval"],"acf":[],"yoast_head":"<!-- This site is optimized with the Yoast SEO plugin v27.4 - https:\/\/yoast.com\/product\/yoast-seo-wordpress\/ -->\n<title>Fler v\u00e5rdval f\u00f6r att \u00f6ka m\u00f6jligheten att v\u00e4lja | Kristdemokraterna | Uppsala<\/title>\n<meta name=\"robots\" content=\"index, follow, max-snippet:-1, max-image-preview:large, max-video-preview:-1\" \/>\n<link rel=\"canonical\" href=\"https:\/\/wp.kristdemokraterna.se\/uppsala\/fler-vardval-for-att-oka-mojligheten-att-valja\/\" \/>\n<meta property=\"og:locale\" content=\"sv_SE\" \/>\n<meta property=\"og:type\" content=\"article\" \/>\n<meta property=\"og:title\" content=\"Fler v\u00e5rdval f\u00f6r att \u00f6ka m\u00f6jligheten att v\u00e4lja | Kristdemokraterna | Uppsala\" \/>\n<meta property=\"og:description\" content=\"I SVT Uppsala: V\u00e5rdval inf\u00f6rs inom ortopedi och hudsjukv\u00e5rd Alliansen \u00f6ppnar upp f\u00f6r fler v\u00e5rdval. H\u00e4lso- och sjukv\u00e5rdsstyrelsen beslutade p\u00e5 sitt sammantr\u00e4de att landstinget ska f\u00f6rbereda f\u00f6r att kunna inf\u00f6ra v\u00e5rdval inom specialiserad ortopedi och hudsjukv\u00e5rd i \u00f6ppenv\u00e5rd. \u2013 Vi forts\u00e4tter att utveckla och ut\u00f6ka v\u00e5rden, s\u00e5 att fler patienter ska kunna v\u00e4lja v\u00e5rdgivare och Read More\" \/>\n<meta property=\"og:url\" content=\"https:\/\/wp.kristdemokraterna.se\/uppsala\/fler-vardval-for-att-oka-mojligheten-att-valja\/\" \/>\n<meta property=\"og:site_name\" content=\"Kristdemokraterna | Uppsala\" \/>\n<meta property=\"article:publisher\" content=\"https:\/\/www.facebook.com\/UppsalaKD\/\" \/>\n<meta property=\"article:published_time\" content=\"2014-03-18T09:32:04+00:00\" \/>\n<meta property=\"article:modified_time\" content=\"2024-04-03T20:25:06+00:00\" \/>\n<meta property=\"og:image\" content=\"https:\/\/wp.kristdemokraterna.se\/uppsala\/files\/2021\/12\/kom1.png\" \/>\n\t<meta property=\"og:image:width\" content=\"770\" \/>\n\t<meta property=\"og:image:height\" content=\"404\" \/>\n\t<meta property=\"og:image:type\" content=\"image\/png\" \/>\n<meta name=\"author\" content=\"Petra Karl\u00e5\" \/>\n<meta name=\"twitter:card\" content=\"summary_large_image\" \/>\n<meta name=\"twitter:label1\" content=\"Skriven av\" \/>\n\t<meta name=\"twitter:data1\" content=\"Petra Karl\u00e5\" \/>\n\t<meta name=\"twitter:label2\" content=\"Ber\u00e4knad l\u00e4stid\" \/>\n\t<meta name=\"twitter:data2\" content=\"1 minut\" \/>\n<script type=\"application\/ld+json\" class=\"yoast-schema-graph\">{\"@context\":\"https:\\\/\\\/schema.org\",\"@graph\":[{\"@type\":\"Article\",\"@id\":\"https:\\\/\\\/wp.kristdemokraterna.se\\\/uppsala\\\/fler-vardval-for-att-oka-mojligheten-att-valja\\\/#article\",\"isPartOf\":{\"@id\":\"https:\\\/\\\/wp.kristdemokraterna.se\\\/uppsala\\\/fler-vardval-for-att-oka-mojligheten-att-valja\\\/\"},\"author\":{\"name\":\"Petra Karl\u00e5\",\"@id\":\"https:\\\/\\\/wp.kristdemokraterna.se\\\/uppsala\\\/#\\\/schema\\\/person\\\/9c9d6764688a85f6a5a9bc0aeab97665\"},\"headline\":\"Fler v\u00e5rdval f\u00f6r att \u00f6ka m\u00f6jligheten att v\u00e4lja\",\"datePublished\":\"2014-03-18T09:32:04+00:00\",\"dateModified\":\"2024-04-03T20:25:06+00:00\",\"mainEntityOfPage\":{\"@id\":\"https:\\\/\\\/wp.kristdemokraterna.se\\\/uppsala\\\/fler-vardval-for-att-oka-mojligheten-att-valja\\\/\"},\"wordCount\":280,\"publisher\":{\"@id\":\"https:\\\/\\\/wp.kristdemokraterna.se\\\/uppsala\\\/#organization\"},\"keywords\":[\"Anna-Karin Klomp\",\"Landstinget i Uppsala l\u00e4n\",\"Valfrihet\",\"V\u00e5rdval\"],\"articleSection\":[\"V\u00e5rd &amp; omsorg\"],\"inLanguage\":\"sv-SE\"},{\"@type\":\"WebPage\",\"@id\":\"https:\\\/\\\/wp.kristdemokraterna.se\\\/uppsala\\\/fler-vardval-for-att-oka-mojligheten-att-valja\\\/\",\"url\":\"https:\\\/\\\/wp.kristdemokraterna.se\\\/uppsala\\\/fler-vardval-for-att-oka-mojligheten-att-valja\\\/\",\"name\":\"Fler v\u00e5rdval f\u00f6r att \u00f6ka m\u00f6jligheten att v\u00e4lja | Kristdemokraterna | Uppsala\",\"isPartOf\":{\"@id\":\"https:\\\/\\\/wp.kristdemokraterna.se\\\/uppsala\\\/#website\"},\"datePublished\":\"2014-03-18T09:32:04+00:00\",\"dateModified\":\"2024-04-03T20:25:06+00:00\",\"breadcrumb\":{\"@id\":\"https:\\\/\\\/wp.kristdemokraterna.se\\\/uppsala\\\/fler-vardval-for-att-oka-mojligheten-att-valja\\\/#breadcrumb\"},\"inLanguage\":\"sv-SE\",\"potentialAction\":[{\"@type\":\"ReadAction\",\"target\":[\"https:\\\/\\\/wp.kristdemokraterna.se\\\/uppsala\\\/fler-vardval-for-att-oka-mojligheten-att-valja\\\/\"]}]},{\"@type\":\"BreadcrumbList\",\"@id\":\"https:\\\/\\\/wp.kristdemokraterna.se\\\/uppsala\\\/fler-vardval-for-att-oka-mojligheten-att-valja\\\/#breadcrumb\",\"itemListElement\":[{\"@type\":\"ListItem\",\"position\":1,\"name\":\"Hem\",\"item\":\"https:\\\/\\\/wp.kristdemokraterna.se\\\/uppsala\\\/\"},{\"@type\":\"ListItem\",\"position\":2,\"name\":\"Fler v\u00e5rdval f\u00f6r att \u00f6ka m\u00f6jligheten att v\u00e4lja\"}]},{\"@type\":\"WebSite\",\"@id\":\"https:\\\/\\\/wp.kristdemokraterna.se\\\/uppsala\\\/#website\",\"url\":\"https:\\\/\\\/wp.kristdemokraterna.se\\\/uppsala\\\/\",\"name\":\"Kristdemokraterna Uppsala\",\"description\":\"Tryggare Uppsala\",\"publisher\":{\"@id\":\"https:\\\/\\\/wp.kristdemokraterna.se\\\/uppsala\\\/#organization\"},\"inLanguage\":\"sv-SE\"},{\"@type\":\"Organization\",\"@id\":\"https:\\\/\\\/wp.kristdemokraterna.se\\\/uppsala\\\/#organization\",\"name\":\"Kristdemokraterna Uppsala\",\"url\":\"https:\\\/\\\/wp.kristdemokraterna.se\\\/uppsala\\\/\",\"logo\":{\"@type\":\"ImageObject\",\"inLanguage\":\"sv-SE\",\"@id\":\"https:\\\/\\\/wp.kristdemokraterna.se\\\/uppsala\\\/#\\\/schema\\\/logo\\\/image\\\/\",\"url\":\"https:\\\/\\\/wp.kristdemokraterna.se\\\/uppsala\\\/files\\\/2019\\\/10\\\/kd-uppsala.png\",\"contentUrl\":\"https:\\\/\\\/wp.kristdemokraterna.se\\\/uppsala\\\/files\\\/2019\\\/10\\\/kd-uppsala.png\",\"width\":804,\"height\":421,\"caption\":\"Kristdemokraterna Uppsala\"},\"image\":{\"@id\":\"https:\\\/\\\/wp.kristdemokraterna.se\\\/uppsala\\\/#\\\/schema\\\/logo\\\/image\\\/\"},\"sameAs\":[\"https:\\\/\\\/www.facebook.com\\\/UppsalaKD\\\/\",\"https:\\\/\\\/www.instagram.com\\\/uppsalakd\\\/\"]},{\"@type\":\"Person\",\"@id\":\"https:\\\/\\\/wp.kristdemokraterna.se\\\/uppsala\\\/#\\\/schema\\\/person\\\/9c9d6764688a85f6a5a9bc0aeab97665\",\"name\":\"Petra Karl\u00e5\",\"image\":{\"@type\":\"ImageObject\",\"inLanguage\":\"sv-SE\",\"@id\":\"https:\\\/\\\/secure.gravatar.com\\\/avatar\\\/4a0351df3ec5e473a63caa9ade3c07a69c688dacf0d1055a81464c4244cd8431?s=96&r=g\",\"url\":\"https:\\\/\\\/secure.gravatar.com\\\/avatar\\\/4a0351df3ec5e473a63caa9ade3c07a69c688dacf0d1055a81464c4244cd8431?s=96&r=g\",\"contentUrl\":\"https:\\\/\\\/secure.gravatar.com\\\/avatar\\\/4a0351df3ec5e473a63caa9ade3c07a69c688dacf0d1055a81464c4244cd8431?s=96&r=g\",\"caption\":\"Petra Karl\u00e5\"},\"url\":\"https:\\\/\\\/wp.kristdemokraterna.se\\\/uppsala\\\/author\\\/petrakarla\\\/\"}]}<\/script>\n<!-- \/ Yoast SEO plugin. -->","yoast_head_json":{"title":"Fler v\u00e5rdval f\u00f6r att \u00f6ka m\u00f6jligheten att v\u00e4lja | Kristdemokraterna | Uppsala","robots":{"index":"index","follow":"follow","max-snippet":"max-snippet:-1","max-image-preview":"max-image-preview:large","max-video-preview":"max-video-preview:-1"},"canonical":"https:\/\/wp.kristdemokraterna.se\/uppsala\/fler-vardval-for-att-oka-mojligheten-att-valja\/","og_locale":"sv_SE","og_type":"article","og_title":"Fler v\u00e5rdval f\u00f6r att \u00f6ka m\u00f6jligheten att v\u00e4lja | Kristdemokraterna | Uppsala","og_description":"I SVT Uppsala: V\u00e5rdval inf\u00f6rs inom ortopedi och hudsjukv\u00e5rd Alliansen \u00f6ppnar upp f\u00f6r fler v\u00e5rdval. H\u00e4lso- och sjukv\u00e5rdsstyrelsen beslutade p\u00e5 sitt sammantr\u00e4de att landstinget ska f\u00f6rbereda f\u00f6r att kunna inf\u00f6ra v\u00e5rdval inom specialiserad ortopedi och hudsjukv\u00e5rd i \u00f6ppenv\u00e5rd. \u2013 Vi forts\u00e4tter att utveckla och ut\u00f6ka v\u00e5rden, s\u00e5 att fler patienter ska kunna v\u00e4lja v\u00e5rdgivare och Read More","og_url":"https:\/\/wp.kristdemokraterna.se\/uppsala\/fler-vardval-for-att-oka-mojligheten-att-valja\/","og_site_name":"Kristdemokraterna | Uppsala","article_publisher":"https:\/\/www.facebook.com\/UppsalaKD\/","article_published_time":"2014-03-18T09:32:04+00:00","article_modified_time":"2024-04-03T20:25:06+00:00","og_image":[{"width":770,"height":404,"url":"https:\/\/wp.kristdemokraterna.se\/uppsala\/files\/2021\/12\/kom1.png","type":"image\/png"}],"author":"Petra Karl\u00e5","twitter_card":"summary_large_image","twitter_misc":{"Skriven av":"Petra Karl\u00e5","Ber\u00e4knad l\u00e4stid":"1 minut"},"schema":{"@context":"https:\/\/schema.org","@graph":[{"@type":"Article","@id":"https:\/\/wp.kristdemokraterna.se\/uppsala\/fler-vardval-for-att-oka-mojligheten-att-valja\/#article","isPartOf":{"@id":"https:\/\/wp.kristdemokraterna.se\/uppsala\/fler-vardval-for-att-oka-mojligheten-att-valja\/"},"author":{"name":"Petra Karl\u00e5","@id":"https:\/\/wp.kristdemokraterna.se\/uppsala\/#\/schema\/person\/9c9d6764688a85f6a5a9bc0aeab97665"},"headline":"Fler v\u00e5rdval f\u00f6r att \u00f6ka m\u00f6jligheten att v\u00e4lja","datePublished":"2014-03-18T09:32:04+00:00","dateModified":"2024-04-03T20:25:06+00:00","mainEntityOfPage":{"@id":"https:\/\/wp.kristdemokraterna.se\/uppsala\/fler-vardval-for-att-oka-mojligheten-att-valja\/"},"wordCount":280,"publisher":{"@id":"https:\/\/wp.kristdemokraterna.se\/uppsala\/#organization"},"keywords":["Anna-Karin Klomp","Landstinget i Uppsala l\u00e4n","Valfrihet","V\u00e5rdval"],"articleSection":["V\u00e5rd &amp; omsorg"],"inLanguage":"sv-SE"},{"@type":"WebPage","@id":"https:\/\/wp.kristdemokraterna.se\/uppsala\/fler-vardval-for-att-oka-mojligheten-att-valja\/","url":"https:\/\/wp.kristdemokraterna.se\/uppsala\/fler-vardval-for-att-oka-mojligheten-att-valja\/","name":"Fler v\u00e5rdval f\u00f6r att \u00f6ka m\u00f6jligheten att v\u00e4lja | Kristdemokraterna | Uppsala","isPartOf":{"@id":"https:\/\/wp.kristdemokraterna.se\/uppsala\/#website"},"datePublished":"2014-03-18T09:32:04+00:00","dateModified":"2024-04-03T20:25:06+00:00","breadcrumb":{"@id":"https:\/\/wp.kristdemokraterna.se\/uppsala\/fler-vardval-for-att-oka-mojligheten-att-valja\/#breadcrumb"},"inLanguage":"sv-SE","potentialAction":[{"@type":"ReadAction","target":["https:\/\/wp.kristdemokraterna.se\/uppsala\/fler-vardval-for-att-oka-mojligheten-att-valja\/"]}]},{"@type":"BreadcrumbList","@id":"https:\/\/wp.kristdemokraterna.se\/uppsala\/fler-vardval-for-att-oka-mojligheten-att-valja\/#breadcrumb","itemListElement":[{"@type":"ListItem","position":1,"name":"Hem","item":"https:\/\/wp.kristdemokraterna.se\/uppsala\/"},{"@type":"ListItem","position":2,"name":"Fler v\u00e5rdval f\u00f6r att \u00f6ka m\u00f6jligheten att v\u00e4lja"}]},{"@type":"WebSite","@id":"https:\/\/wp.kristdemokraterna.se\/uppsala\/#website","url":"https:\/\/wp.kristdemokraterna.se\/uppsala\/","name":"Kristdemokraterna Uppsala","description":"Tryggare Uppsala","publisher":{"@id":"https:\/\/wp.kristdemokraterna.se\/uppsala\/#organization"},"inLanguage":"sv-SE"},{"@type":"Organization","@id":"https:\/\/wp.kristdemokraterna.se\/uppsala\/#organization","name":"Kristdemokraterna Uppsala","url":"https:\/\/wp.kristdemokraterna.se\/uppsala\/","logo":{"@type":"ImageObject","inLanguage":"sv-SE","@id":"https:\/\/wp.kristdemokraterna.se\/uppsala\/#\/schema\/logo\/image\/","url":"https:\/\/wp.kristdemokraterna.se\/uppsala\/files\/2019\/10\/kd-uppsala.png","contentUrl":"https:\/\/wp.kristdemokraterna.se\/uppsala\/files\/2019\/10\/kd-uppsala.png","width":804,"height":421,"caption":"Kristdemokraterna Uppsala"},"image":{"@id":"https:\/\/wp.kristdemokraterna.se\/uppsala\/#\/schema\/logo\/image\/"},"sameAs":["https:\/\/www.facebook.com\/UppsalaKD\/","https:\/\/www.instagram.com\/uppsalakd\/"]},{"@type":"Person","@id":"https:\/\/wp.kristdemokraterna.se\/uppsala\/#\/schema\/person\/9c9d6764688a85f6a5a9bc0aeab97665","name":"Petra Karl\u00e5","image":{"@type":"ImageObject","inLanguage":"sv-SE","@id":"https:\/\/secure.gravatar.com\/avatar\/4a0351df3ec5e473a63caa9ade3c07a69c688dacf0d1055a81464c4244cd8431?s=96&r=g","url":"https:\/\/secure.gravatar.com\/avatar\/4a0351df3ec5e473a63caa9ade3c07a69c688dacf0d1055a81464c4244cd8431?s=96&r=g","contentUrl":"https:\/\/secure.gravatar.com\/avatar\/4a0351df3ec5e473a63caa9ade3c07a69c688dacf0d1055a81464c4244cd8431?s=96&r=g","caption":"Petra Karl\u00e5"},"url":"https:\/\/wp.kristdemokraterna.se\/uppsala\/author\/petrakarla\/"}]}},"_links":{"self":[{"href":"https:\/\/wp.kristdemokraterna.se\/uppsala\/wp-json\/wp\/v2\/posts\/921","targetHints":{"allow":["GET"]}}],"collection":[{"href":"https:\/\/wp.kristdemokraterna.se\/uppsala\/wp-json\/wp\/v2\/posts"}],"about":[{"href":"https:\/\/wp.kristdemokraterna.se\/uppsala\/wp-json\/wp\/v2\/types\/post"}],"author":[{"embeddable":true,"href":"https:\/\/wp.kristdemokraterna.se\/uppsala\/wp-json\/wp\/v2\/users\/570"}],"replies":[{"embeddable":true,"href":"https:\/\/wp.kristdemokraterna.se\/uppsala\/wp-json\/wp\/v2\/comments?post=921"}],"version-history":[{"count":4,"href":"https:\/\/wp.kristdemokraterna.se\/uppsala\/wp-json\/wp\/v2\/posts\/921\/revisions"}],"predecessor-version":[{"id":928,"href":"https:\/\/wp.kristdemokraterna.se\/uppsala\/wp-json\/wp\/v2\/posts\/921\/revisions\/928"}],"wp:attachment":[{"href":"https:\/\/wp.kristdemokraterna.se\/uppsala\/wp-json\/wp\/v2\/media?parent=921"}],"wp:term":[{"taxonomy":"category","embeddable":true,"href":"https:\/\/wp.kristdemokraterna.se\/uppsala\/wp-json\/wp\/v2\/categories?post=921"},{"taxonomy":"post_tag","embeddable":true,"href":"https:\/\/wp.kristdemokraterna.se\/uppsala\/wp-json\/wp\/v2\/tags?post=921"}],"curies":[{"name":"wp","href":"https:\/\/api.w.org\/{rel}","templated":true}]}}