{"id":943,"date":"2014-04-01T10:16:19","date_gmt":"2014-04-01T08:16:19","guid":{"rendered":"http:\/\/wp.kristdemokraterna.se\/uppsala\/?p=943"},"modified":"2024-04-04T01:23:11","modified_gmt":"2024-04-03T23:23:11","slug":"nytt-och-battre-prissystem-i-kollektivtrafiken","status":"publish","type":"post","link":"https:\/\/wp.kristdemokraterna.se\/uppsala\/nytt-och-battre-prissystem-i-kollektivtrafiken\/","title":{"rendered":"Nytt och b\u00e4ttre prissystem i kollektivtrafiken"},"content":{"rendered":"<p><a href=\"http:\/\/www.unt.se\/debatt\/nya-battre-biljetter-3068198.aspx\">Alliansartikel i UNT 1 april<\/a><\/p>\n<p><strong>I dag inf\u00f6rs det prissystem som ska g\u00f6ra kollektivtrafiken attraktivare, skriver Alliansens landstingsr\u00e5d Johan \u00d6rjes (C), Erik Weiman (M), Lina Nordquist (FP) och Anna-Karin Klomp (KD).<\/strong><\/p>\n<p><!-- RSPEAK_STOP --><strong>Under ledning av Alliansen<\/strong> i landstinget har kollektivtrafiken i Uppsala l\u00e4n st\u00e4rkts. Vi har m\u00e5lmedvetet satsat p\u00e5 b\u00e4ttre service och \u00f6kat \u00adresande. Under mandatperioden har antalet resande \u00f6kat med \u00f6ver sju miljoner.<!--more--><\/p>\n<div>\n<p><strong>I dag inf\u00f6r vi ett nytt och enklare prissystem som g\u00f6r kollektiv\u00adtrafiken mer attraktiv, forts\u00e4tter att bygga samman Stockholm med Uppsala och knyter samman Uppsala l\u00e4n. Det kommer att leda till att fler v\u00e4ljer kollektivtrafik b\u00e5de f\u00f6r resor till arbetet och fritid. <\/strong><\/p>\n<p>De f\u00f6rsta f\u00f6renklingarna \u00e4r redan gjorda. Inom UL:s egen trafik \u00e4r det m\u00f6jligt att betala biljetten med betalkort p\u00e5 bussen eller t\u00e5get.<\/p>\n<p>F\u00f6r dem som reser mer regelbundet har vi ett nytt UL-kort som g\u00e4ller i hela l\u00e4net, oavsett om man reser med Uppt\u00e5get, stadsbussarna i Uppsala eller bussen fr\u00e5n \u00d6sterv\u00e5la. De olika tekniska system som tidigare f\u00f6rsv\u00e5rade f\u00f6r kunderna \u00e4r nu borta.<\/p>\n<p>Men det \u00e4r inte bara tekniken som har varit ett problem f\u00f6r v\u00e5ra resen\u00e4rer. M\u00e5nga har ocks\u00e5 upplevt att det har varit sv\u00e5rt att veta vad man ska betala i l\u00e4nets kollektivtrafik. Detta\u00ad har dels berott p\u00e5 att det varit olika regler beroende p\u00e5 vem som best\u00e4llt trafiken, dels p\u00e5 att det funnits m\u00e4ngder av undantag.<\/p>\n<p>Ett annat problem har varit att priset f\u00f6r enkelresor i regiontrafiken, b\u00e5de p\u00e5 kortare str\u00e4ckor inom en zon och \u00f6ver zongr\u00e4ns, upplevts som dyra. En resa \u00f6ver en zongr\u00e4ns kostade innan f\u00f6r\u00e4ndringen 90 kronor, \u00e4ven om resan inte \u00e4r s\u00e4rskilt l\u00e5ng. Att resa de f\u00e5 kilometrarna fr\u00e5n L\u00e4nna till Almunge i Uppsala kommun gick p\u00e5 45 kronor.<\/p>\n<p><strong>N\u00e4r landstinget tog \u00f6ver ansvaret f\u00f6r all kollektivtrafik i l\u00e4net var det d\u00e4rf\u00f6r n\u00f6dv\u00e4ndigt att se \u00f6ver b\u00e5de priser och zoner. Utg\u00e5ngspunkten var att skapa ett enklare system, utan undantag som samtidigt inte innebar minskade int\u00e4kter. UL har studerat en stor m\u00e4ngd alternativ med utblickar b\u00e5de inom landet och utanf\u00f6r. <\/strong><\/p>\n<p>Vi har fr\u00e5n i dag ett enhetligt zonsystem, d\u00e4r priset f\u00f6r en enkelbiljett blir 25 kronor och den som reser med reskassa bara betalar 20 kronor. Vi har valt att ha en zon f\u00f6r Uppsala stad och en f\u00f6r Uppsala n\u00e4romr\u00e5de. Resten av Uppsala l\u00e4n utg\u00f6r zon 3, orter utanf\u00f6r l\u00e4net som Sala, V\u00e4ster\u00e5s och G\u00e4vle zon 4 och Arlanda zon 5.<\/p>\n<p><strong>F\u00f6r de flesta resor inneb\u00e4r f\u00f6rslaget att priset f\u00f6r en resa blir l\u00e4gre eller ungef\u00e4r lika h\u00f6gt som i dag. Resan fr\u00e5n L\u00e4nna till Almunge s\u00e4nks till 20 kronor med reskassa. F\u00f6r vissa resor blir det dock dyrare, till exempel f\u00f6r den som reser Sala\u2013 Arlanda p\u00e5 en enkelbiljett.<\/strong><\/p>\n<p>Ett alternativ som UL tittat p\u00e5 \u00e4r att ha en enkelpriszon f\u00f6r Uppsala n\u00e4romr\u00e5de, inklusive Uppsala stad. Det skulle dock ha inneburit att priset hade beh\u00f6vt bli betydligt h\u00f6g\u00adre \u00e4n 20 kronor. En s\u00e5dan h\u00f6jning skulle f\u00e5 alltf\u00f6r negativa effekter p\u00e5 kollektivtrafiken i Uppsala stad d\u00e4r en stor del av resandet sker med olika former av enkelbiljetter, s\u00e5 det avf\u00f6rdes som alternativ.<\/p>\n<p><strong>N\u00e4r det g\u00e4ller m\u00e5nadskort f\u00f6ljer vi exemplet fr\u00e5n Stockholm. Vi vill ha ett m\u00e5nadskort som g\u00e4ller f\u00f6r all UL:s trafik. Samma kort g\u00e4ller p\u00e5 Uppt\u00e5get till Tierp, bussen till Sunnersta och bussen till Arlanda. Den som v\u00e4ljer att k\u00f6pa ett m\u00e5nadskort slipper allt kr\u00e5ngel med att h\u00e5lla reda p\u00e5 olika priser och ha olika biljetter beroende p\u00e5 vart man ska \u00e5ka. Allt ing\u00e5r i ett kort.<\/strong><\/p>\n<p>F\u00f6r v\u00e4ldigt m\u00e5nga inneb\u00e4r det ocks\u00e5 att resandet blir billigare. Den som bor i Uppsala men jobbar p\u00e5 Arlanda s\u00e4nker sin reskostnad med \u00f6ver 400 kronor per m\u00e5nad.<\/p>\n<p>Den som bor i Tierp f\u00e5r m\u00f6jlighet att ta del n\u00f6jesutbudet i b\u00e5de \u00adUppsala och G\u00e4vle och den som bor i \u00adUppsala och har UL-kortet beh\u00f6ver bara l\u00e4gga till SL-biljetten fr\u00e5n Arlanda f\u00f6r att \u00e5ka till Stockholm. Detta g\u00f6r att vi tror att det nya kortet kommer att vara popul\u00e4rt, \u00e4ven om det kan dr\u00f6ja n\u00e5gra \u00e5r innan alla uppt\u00e4cker m\u00f6jligheterna. F\u00f6r dem som inte tror att det nya kortet \u00e4r en bra aff\u00e4r finns precis som hittills m\u00f6jligheten att f\u00e5 rabatt genom att resa med UL:s reskassa.<\/p>\n<p><strong>Det moderna resandet sker \u00f6ver allt l\u00e4ngre avst\u00e5nd, och d\u00e5 m\u00e5ste kollektivtrafiken h\u00e4nga med. Med ett f\u00f6renklat biljettutbud tar vi n\u00e4sta steg i utvecklingen. <\/strong><\/p>\n<p>Vi har ocks\u00e5 m\u00e5nga andra saker p\u00e5 g\u00e5ng, s\u00e5som zonl\u00f6sa biljetter, teknisk samordning av SL-access och UL-reskassa, fler t\u00e5g och bussar, f\u00f6r att n\u00e4mna n\u00e5gra exempel.<\/p>\n<p>Vi \u00e4r \u00f6vertygade om att n\u00e4r vi om n\u00e5gra \u00e5r ser tillbaka p\u00e5 utvecklingen, s\u00e5 kommer detta att vara ett beslut som tydligt st\u00e4rkte kollektivtrafikens attraktivitet och marknadsandel i Uppsala l\u00e4n. D\u00e5 r\u00e4knar vi ocks\u00e5 med att det arbete som p\u00e5g\u00e5r gemensamt mellan landstinget och Uppsala kommun b\u00f6rjar m\u00e4rkas i form av en attraktivare och starkare kollektivtrafik i Uppsala stad.<\/p>\n<p><strong>Johan \u00d6rjes (C), Erik Weiman (M), Lina Nordquist (FP), Anna-Karin Klomp (KD)<\/strong><\/p>\n<\/div>\n","protected":false},"excerpt":{"rendered":"<p>Alliansartikel i UNT 1 april I dag inf\u00f6rs det prissystem som ska g\u00f6ra kollektivtrafiken attraktivare, skriver Alliansens landstingsr\u00e5d Johan \u00d6rjes (C), Erik Weiman (M), Lina Nordquist (FP) och Anna-Karin Klomp (KD). Under ledning av Alliansen i landstinget har kollektivtrafiken i Uppsala l\u00e4n st\u00e4rkts. Vi har m\u00e5lmedvetet satsat p\u00e5 b\u00e4ttre service och \u00f6kat \u00adresande. Under mandatperioden <a class=\"read-more-link\" href=\"https:\/\/wp.kristdemokraterna.se\/uppsala\/nytt-och-battre-prissystem-i-kollektivtrafiken\/\">Read More<\/a><\/p>\n","protected":false},"author":570,"featured_media":1044,"comment_status":"closed","ping_status":"closed","sticky":false,"template":"","format":"standard","meta":{"_acf_changed":false,"footnotes":""},"categories":[232],"tags":[7,98,123,137,55,136,139,138],"class_list":["post-943","post","type-post","status-publish","format-standard","hentry","category-kollektivtrafik-o-stadsplanering","tag-annakarinklomp","tag-frihet","tag-jamstalldhet","tag-kollektivtrafik","tag-landstinget","tag-manniskovarde","tag-sl","tag-ul"],"acf":[],"yoast_head":"<!-- This site is optimized with the Yoast SEO plugin v27.4 - https:\/\/yoast.com\/product\/yoast-seo-wordpress\/ -->\n<title>Nytt och b\u00e4ttre prissystem i kollektivtrafiken | Kristdemokraterna | Uppsala<\/title>\n<meta name=\"robots\" content=\"index, follow, max-snippet:-1, max-image-preview:large, max-video-preview:-1\" \/>\n<link rel=\"canonical\" href=\"https:\/\/wp.kristdemokraterna.se\/uppsala\/nytt-och-battre-prissystem-i-kollektivtrafiken\/\" \/>\n<meta property=\"og:locale\" content=\"sv_SE\" \/>\n<meta property=\"og:type\" content=\"article\" \/>\n<meta property=\"og:title\" content=\"Nytt och b\u00e4ttre prissystem i kollektivtrafiken | Kristdemokraterna | Uppsala\" \/>\n<meta property=\"og:description\" content=\"Alliansartikel i UNT 1 april I dag inf\u00f6rs det prissystem som ska g\u00f6ra kollektivtrafiken attraktivare, skriver Alliansens landstingsr\u00e5d Johan \u00d6rjes (C), Erik Weiman (M), Lina Nordquist (FP) och Anna-Karin Klomp (KD). Under ledning av Alliansen i landstinget har kollektivtrafiken i Uppsala l\u00e4n st\u00e4rkts. Vi har m\u00e5lmedvetet satsat p\u00e5 b\u00e4ttre service och \u00f6kat \u00adresande. Under mandatperioden Read More\" \/>\n<meta property=\"og:url\" content=\"https:\/\/wp.kristdemokraterna.se\/uppsala\/nytt-och-battre-prissystem-i-kollektivtrafiken\/\" \/>\n<meta property=\"og:site_name\" content=\"Kristdemokraterna | Uppsala\" \/>\n<meta property=\"article:publisher\" content=\"https:\/\/www.facebook.com\/UppsalaKD\/\" \/>\n<meta property=\"article:published_time\" content=\"2014-04-01T08:16:19+00:00\" \/>\n<meta property=\"article:modified_time\" content=\"2024-04-03T23:23:11+00:00\" \/>\n<meta property=\"og:image\" content=\"http:\/\/wp.kristdemokraterna.se\/uppsala\/files\/2014\/08\/annakarinklomp.jpg\" \/>\n\t<meta property=\"og:image:width\" content=\"478\" \/>\n\t<meta property=\"og:image:height\" content=\"262\" \/>\n\t<meta property=\"og:image:type\" content=\"image\/jpeg\" \/>\n<meta name=\"author\" content=\"Petra Karl\u00e5\" \/>\n<meta name=\"twitter:card\" content=\"summary_large_image\" \/>\n<meta name=\"twitter:label1\" content=\"Skriven av\" \/>\n\t<meta name=\"twitter:data1\" content=\"Petra Karl\u00e5\" \/>\n\t<meta name=\"twitter:label2\" content=\"Ber\u00e4knad l\u00e4stid\" \/>\n\t<meta name=\"twitter:data2\" content=\"5 minuter\" \/>\n<script type=\"application\/ld+json\" class=\"yoast-schema-graph\">{\"@context\":\"https:\\\/\\\/schema.org\",\"@graph\":[{\"@type\":\"Article\",\"@id\":\"https:\\\/\\\/wp.kristdemokraterna.se\\\/uppsala\\\/nytt-och-battre-prissystem-i-kollektivtrafiken\\\/#article\",\"isPartOf\":{\"@id\":\"https:\\\/\\\/wp.kristdemokraterna.se\\\/uppsala\\\/nytt-och-battre-prissystem-i-kollektivtrafiken\\\/\"},\"author\":{\"name\":\"Petra Karl\u00e5\",\"@id\":\"https:\\\/\\\/wp.kristdemokraterna.se\\\/uppsala\\\/#\\\/schema\\\/person\\\/9c9d6764688a85f6a5a9bc0aeab97665\"},\"headline\":\"Nytt och b\u00e4ttre prissystem i kollektivtrafiken\",\"datePublished\":\"2014-04-01T08:16:19+00:00\",\"dateModified\":\"2024-04-03T23:23:11+00:00\",\"mainEntityOfPage\":{\"@id\":\"https:\\\/\\\/wp.kristdemokraterna.se\\\/uppsala\\\/nytt-och-battre-prissystem-i-kollektivtrafiken\\\/\"},\"wordCount\":967,\"publisher\":{\"@id\":\"https:\\\/\\\/wp.kristdemokraterna.se\\\/uppsala\\\/#organization\"},\"image\":{\"@id\":\"https:\\\/\\\/wp.kristdemokraterna.se\\\/uppsala\\\/nytt-och-battre-prissystem-i-kollektivtrafiken\\\/#primaryimage\"},\"thumbnailUrl\":\"https:\\\/\\\/wp.kristdemokraterna.se\\\/uppsala\\\/files\\\/2014\\\/08\\\/annakarinklomp.jpg\",\"keywords\":[\"Anna-Karin Klomp\",\"Frihet\",\"J\u00e4mst\u00e4lldhet\",\"kollektivtrafik\",\"landstinget\",\"m\u00e4nniskov\u00e4rde\",\"SL\",\"UL\"],\"articleSection\":[\"Kollektivtrafik &amp; Stadsplanering\"],\"inLanguage\":\"sv-SE\"},{\"@type\":\"WebPage\",\"@id\":\"https:\\\/\\\/wp.kristdemokraterna.se\\\/uppsala\\\/nytt-och-battre-prissystem-i-kollektivtrafiken\\\/\",\"url\":\"https:\\\/\\\/wp.kristdemokraterna.se\\\/uppsala\\\/nytt-och-battre-prissystem-i-kollektivtrafiken\\\/\",\"name\":\"Nytt och b\u00e4ttre prissystem i kollektivtrafiken | Kristdemokraterna | Uppsala\",\"isPartOf\":{\"@id\":\"https:\\\/\\\/wp.kristdemokraterna.se\\\/uppsala\\\/#website\"},\"primaryImageOfPage\":{\"@id\":\"https:\\\/\\\/wp.kristdemokraterna.se\\\/uppsala\\\/nytt-och-battre-prissystem-i-kollektivtrafiken\\\/#primaryimage\"},\"image\":{\"@id\":\"https:\\\/\\\/wp.kristdemokraterna.se\\\/uppsala\\\/nytt-och-battre-prissystem-i-kollektivtrafiken\\\/#primaryimage\"},\"thumbnailUrl\":\"https:\\\/\\\/wp.kristdemokraterna.se\\\/uppsala\\\/files\\\/2014\\\/08\\\/annakarinklomp.jpg\",\"datePublished\":\"2014-04-01T08:16:19+00:00\",\"dateModified\":\"2024-04-03T23:23:11+00:00\",\"breadcrumb\":{\"@id\":\"https:\\\/\\\/wp.kristdemokraterna.se\\\/uppsala\\\/nytt-och-battre-prissystem-i-kollektivtrafiken\\\/#breadcrumb\"},\"inLanguage\":\"sv-SE\",\"potentialAction\":[{\"@type\":\"ReadAction\",\"target\":[\"https:\\\/\\\/wp.kristdemokraterna.se\\\/uppsala\\\/nytt-och-battre-prissystem-i-kollektivtrafiken\\\/\"]}]},{\"@type\":\"ImageObject\",\"inLanguage\":\"sv-SE\",\"@id\":\"https:\\\/\\\/wp.kristdemokraterna.se\\\/uppsala\\\/nytt-och-battre-prissystem-i-kollektivtrafiken\\\/#primaryimage\",\"url\":\"https:\\\/\\\/wp.kristdemokraterna.se\\\/uppsala\\\/files\\\/2014\\\/08\\\/annakarinklomp.jpg\",\"contentUrl\":\"https:\\\/\\\/wp.kristdemokraterna.se\\\/uppsala\\\/files\\\/2014\\\/08\\\/annakarinklomp.jpg\",\"width\":478,\"height\":262,\"caption\":\"Foto: Truls Busch Christensen\"},{\"@type\":\"BreadcrumbList\",\"@id\":\"https:\\\/\\\/wp.kristdemokraterna.se\\\/uppsala\\\/nytt-och-battre-prissystem-i-kollektivtrafiken\\\/#breadcrumb\",\"itemListElement\":[{\"@type\":\"ListItem\",\"position\":1,\"name\":\"Hem\",\"item\":\"https:\\\/\\\/wp.kristdemokraterna.se\\\/uppsala\\\/\"},{\"@type\":\"ListItem\",\"position\":2,\"name\":\"Nytt och b\u00e4ttre prissystem i kollektivtrafiken\"}]},{\"@type\":\"WebSite\",\"@id\":\"https:\\\/\\\/wp.kristdemokraterna.se\\\/uppsala\\\/#website\",\"url\":\"https:\\\/\\\/wp.kristdemokraterna.se\\\/uppsala\\\/\",\"name\":\"Kristdemokraterna Uppsala\",\"description\":\"Tryggare Uppsala\",\"publisher\":{\"@id\":\"https:\\\/\\\/wp.kristdemokraterna.se\\\/uppsala\\\/#organization\"},\"inLanguage\":\"sv-SE\"},{\"@type\":\"Organization\",\"@id\":\"https:\\\/\\\/wp.kristdemokraterna.se\\\/uppsala\\\/#organization\",\"name\":\"Kristdemokraterna Uppsala\",\"url\":\"https:\\\/\\\/wp.kristdemokraterna.se\\\/uppsala\\\/\",\"logo\":{\"@type\":\"ImageObject\",\"inLanguage\":\"sv-SE\",\"@id\":\"https:\\\/\\\/wp.kristdemokraterna.se\\\/uppsala\\\/#\\\/schema\\\/logo\\\/image\\\/\",\"url\":\"https:\\\/\\\/wp.kristdemokraterna.se\\\/uppsala\\\/files\\\/2019\\\/10\\\/kd-uppsala.png\",\"contentUrl\":\"https:\\\/\\\/wp.kristdemokraterna.se\\\/uppsala\\\/files\\\/2019\\\/10\\\/kd-uppsala.png\",\"width\":804,\"height\":421,\"caption\":\"Kristdemokraterna Uppsala\"},\"image\":{\"@id\":\"https:\\\/\\\/wp.kristdemokraterna.se\\\/uppsala\\\/#\\\/schema\\\/logo\\\/image\\\/\"},\"sameAs\":[\"https:\\\/\\\/www.facebook.com\\\/UppsalaKD\\\/\",\"https:\\\/\\\/www.instagram.com\\\/uppsalakd\\\/\"]},{\"@type\":\"Person\",\"@id\":\"https:\\\/\\\/wp.kristdemokraterna.se\\\/uppsala\\\/#\\\/schema\\\/person\\\/9c9d6764688a85f6a5a9bc0aeab97665\",\"name\":\"Petra Karl\u00e5\",\"image\":{\"@type\":\"ImageObject\",\"inLanguage\":\"sv-SE\",\"@id\":\"https:\\\/\\\/secure.gravatar.com\\\/avatar\\\/4a0351df3ec5e473a63caa9ade3c07a69c688dacf0d1055a81464c4244cd8431?s=96&r=g\",\"url\":\"https:\\\/\\\/secure.gravatar.com\\\/avatar\\\/4a0351df3ec5e473a63caa9ade3c07a69c688dacf0d1055a81464c4244cd8431?s=96&r=g\",\"contentUrl\":\"https:\\\/\\\/secure.gravatar.com\\\/avatar\\\/4a0351df3ec5e473a63caa9ade3c07a69c688dacf0d1055a81464c4244cd8431?s=96&r=g\",\"caption\":\"Petra Karl\u00e5\"},\"url\":\"https:\\\/\\\/wp.kristdemokraterna.se\\\/uppsala\\\/author\\\/petrakarla\\\/\"}]}<\/script>\n<!-- \/ Yoast SEO plugin. -->","yoast_head_json":{"title":"Nytt och b\u00e4ttre prissystem i kollektivtrafiken | Kristdemokraterna | Uppsala","robots":{"index":"index","follow":"follow","max-snippet":"max-snippet:-1","max-image-preview":"max-image-preview:large","max-video-preview":"max-video-preview:-1"},"canonical":"https:\/\/wp.kristdemokraterna.se\/uppsala\/nytt-och-battre-prissystem-i-kollektivtrafiken\/","og_locale":"sv_SE","og_type":"article","og_title":"Nytt och b\u00e4ttre prissystem i kollektivtrafiken | Kristdemokraterna | Uppsala","og_description":"Alliansartikel i UNT 1 april I dag inf\u00f6rs det prissystem som ska g\u00f6ra kollektivtrafiken attraktivare, skriver Alliansens landstingsr\u00e5d Johan \u00d6rjes (C), Erik Weiman (M), Lina Nordquist (FP) och Anna-Karin Klomp (KD). Under ledning av Alliansen i landstinget har kollektivtrafiken i Uppsala l\u00e4n st\u00e4rkts. Vi har m\u00e5lmedvetet satsat p\u00e5 b\u00e4ttre service och \u00f6kat \u00adresande. Under mandatperioden Read More","og_url":"https:\/\/wp.kristdemokraterna.se\/uppsala\/nytt-och-battre-prissystem-i-kollektivtrafiken\/","og_site_name":"Kristdemokraterna | Uppsala","article_publisher":"https:\/\/www.facebook.com\/UppsalaKD\/","article_published_time":"2014-04-01T08:16:19+00:00","article_modified_time":"2024-04-03T23:23:11+00:00","og_image":[{"width":478,"height":262,"url":"http:\/\/wp.kristdemokraterna.se\/uppsala\/files\/2014\/08\/annakarinklomp.jpg","type":"image\/jpeg"}],"author":"Petra Karl\u00e5","twitter_card":"summary_large_image","twitter_misc":{"Skriven av":"Petra Karl\u00e5","Ber\u00e4knad l\u00e4stid":"5 minuter"},"schema":{"@context":"https:\/\/schema.org","@graph":[{"@type":"Article","@id":"https:\/\/wp.kristdemokraterna.se\/uppsala\/nytt-och-battre-prissystem-i-kollektivtrafiken\/#article","isPartOf":{"@id":"https:\/\/wp.kristdemokraterna.se\/uppsala\/nytt-och-battre-prissystem-i-kollektivtrafiken\/"},"author":{"name":"Petra Karl\u00e5","@id":"https:\/\/wp.kristdemokraterna.se\/uppsala\/#\/schema\/person\/9c9d6764688a85f6a5a9bc0aeab97665"},"headline":"Nytt och b\u00e4ttre prissystem i kollektivtrafiken","datePublished":"2014-04-01T08:16:19+00:00","dateModified":"2024-04-03T23:23:11+00:00","mainEntityOfPage":{"@id":"https:\/\/wp.kristdemokraterna.se\/uppsala\/nytt-och-battre-prissystem-i-kollektivtrafiken\/"},"wordCount":967,"publisher":{"@id":"https:\/\/wp.kristdemokraterna.se\/uppsala\/#organization"},"image":{"@id":"https:\/\/wp.kristdemokraterna.se\/uppsala\/nytt-och-battre-prissystem-i-kollektivtrafiken\/#primaryimage"},"thumbnailUrl":"https:\/\/wp.kristdemokraterna.se\/uppsala\/files\/2014\/08\/annakarinklomp.jpg","keywords":["Anna-Karin Klomp","Frihet","J\u00e4mst\u00e4lldhet","kollektivtrafik","landstinget","m\u00e4nniskov\u00e4rde","SL","UL"],"articleSection":["Kollektivtrafik &amp; Stadsplanering"],"inLanguage":"sv-SE"},{"@type":"WebPage","@id":"https:\/\/wp.kristdemokraterna.se\/uppsala\/nytt-och-battre-prissystem-i-kollektivtrafiken\/","url":"https:\/\/wp.kristdemokraterna.se\/uppsala\/nytt-och-battre-prissystem-i-kollektivtrafiken\/","name":"Nytt och b\u00e4ttre prissystem i kollektivtrafiken | Kristdemokraterna | Uppsala","isPartOf":{"@id":"https:\/\/wp.kristdemokraterna.se\/uppsala\/#website"},"primaryImageOfPage":{"@id":"https:\/\/wp.kristdemokraterna.se\/uppsala\/nytt-och-battre-prissystem-i-kollektivtrafiken\/#primaryimage"},"image":{"@id":"https:\/\/wp.kristdemokraterna.se\/uppsala\/nytt-och-battre-prissystem-i-kollektivtrafiken\/#primaryimage"},"thumbnailUrl":"https:\/\/wp.kristdemokraterna.se\/uppsala\/files\/2014\/08\/annakarinklomp.jpg","datePublished":"2014-04-01T08:16:19+00:00","dateModified":"2024-04-03T23:23:11+00:00","breadcrumb":{"@id":"https:\/\/wp.kristdemokraterna.se\/uppsala\/nytt-och-battre-prissystem-i-kollektivtrafiken\/#breadcrumb"},"inLanguage":"sv-SE","potentialAction":[{"@type":"ReadAction","target":["https:\/\/wp.kristdemokraterna.se\/uppsala\/nytt-och-battre-prissystem-i-kollektivtrafiken\/"]}]},{"@type":"ImageObject","inLanguage":"sv-SE","@id":"https:\/\/wp.kristdemokraterna.se\/uppsala\/nytt-och-battre-prissystem-i-kollektivtrafiken\/#primaryimage","url":"https:\/\/wp.kristdemokraterna.se\/uppsala\/files\/2014\/08\/annakarinklomp.jpg","contentUrl":"https:\/\/wp.kristdemokraterna.se\/uppsala\/files\/2014\/08\/annakarinklomp.jpg","width":478,"height":262,"caption":"Foto: Truls Busch Christensen"},{"@type":"BreadcrumbList","@id":"https:\/\/wp.kristdemokraterna.se\/uppsala\/nytt-och-battre-prissystem-i-kollektivtrafiken\/#breadcrumb","itemListElement":[{"@type":"ListItem","position":1,"name":"Hem","item":"https:\/\/wp.kristdemokraterna.se\/uppsala\/"},{"@type":"ListItem","position":2,"name":"Nytt och b\u00e4ttre prissystem i kollektivtrafiken"}]},{"@type":"WebSite","@id":"https:\/\/wp.kristdemokraterna.se\/uppsala\/#website","url":"https:\/\/wp.kristdemokraterna.se\/uppsala\/","name":"Kristdemokraterna Uppsala","description":"Tryggare Uppsala","publisher":{"@id":"https:\/\/wp.kristdemokraterna.se\/uppsala\/#organization"},"inLanguage":"sv-SE"},{"@type":"Organization","@id":"https:\/\/wp.kristdemokraterna.se\/uppsala\/#organization","name":"Kristdemokraterna Uppsala","url":"https:\/\/wp.kristdemokraterna.se\/uppsala\/","logo":{"@type":"ImageObject","inLanguage":"sv-SE","@id":"https:\/\/wp.kristdemokraterna.se\/uppsala\/#\/schema\/logo\/image\/","url":"https:\/\/wp.kristdemokraterna.se\/uppsala\/files\/2019\/10\/kd-uppsala.png","contentUrl":"https:\/\/wp.kristdemokraterna.se\/uppsala\/files\/2019\/10\/kd-uppsala.png","width":804,"height":421,"caption":"Kristdemokraterna Uppsala"},"image":{"@id":"https:\/\/wp.kristdemokraterna.se\/uppsala\/#\/schema\/logo\/image\/"},"sameAs":["https:\/\/www.facebook.com\/UppsalaKD\/","https:\/\/www.instagram.com\/uppsalakd\/"]},{"@type":"Person","@id":"https:\/\/wp.kristdemokraterna.se\/uppsala\/#\/schema\/person\/9c9d6764688a85f6a5a9bc0aeab97665","name":"Petra Karl\u00e5","image":{"@type":"ImageObject","inLanguage":"sv-SE","@id":"https:\/\/secure.gravatar.com\/avatar\/4a0351df3ec5e473a63caa9ade3c07a69c688dacf0d1055a81464c4244cd8431?s=96&r=g","url":"https:\/\/secure.gravatar.com\/avatar\/4a0351df3ec5e473a63caa9ade3c07a69c688dacf0d1055a81464c4244cd8431?s=96&r=g","contentUrl":"https:\/\/secure.gravatar.com\/avatar\/4a0351df3ec5e473a63caa9ade3c07a69c688dacf0d1055a81464c4244cd8431?s=96&r=g","caption":"Petra Karl\u00e5"},"url":"https:\/\/wp.kristdemokraterna.se\/uppsala\/author\/petrakarla\/"}]}},"_links":{"self":[{"href":"https:\/\/wp.kristdemokraterna.se\/uppsala\/wp-json\/wp\/v2\/posts\/943","targetHints":{"allow":["GET"]}}],"collection":[{"href":"https:\/\/wp.kristdemokraterna.se\/uppsala\/wp-json\/wp\/v2\/posts"}],"about":[{"href":"https:\/\/wp.kristdemokraterna.se\/uppsala\/wp-json\/wp\/v2\/types\/post"}],"author":[{"embeddable":true,"href":"https:\/\/wp.kristdemokraterna.se\/uppsala\/wp-json\/wp\/v2\/users\/570"}],"replies":[{"embeddable":true,"href":"https:\/\/wp.kristdemokraterna.se\/uppsala\/wp-json\/wp\/v2\/comments?post=943"}],"version-history":[{"count":4,"href":"https:\/\/wp.kristdemokraterna.se\/uppsala\/wp-json\/wp\/v2\/posts\/943\/revisions"}],"predecessor-version":[{"id":1577,"href":"https:\/\/wp.kristdemokraterna.se\/uppsala\/wp-json\/wp\/v2\/posts\/943\/revisions\/1577"}],"wp:featuredmedia":[{"embeddable":true,"href":"https:\/\/wp.kristdemokraterna.se\/uppsala\/wp-json\/wp\/v2\/media\/1044"}],"wp:attachment":[{"href":"https:\/\/wp.kristdemokraterna.se\/uppsala\/wp-json\/wp\/v2\/media?parent=943"}],"wp:term":[{"taxonomy":"category","embeddable":true,"href":"https:\/\/wp.kristdemokraterna.se\/uppsala\/wp-json\/wp\/v2\/categories?post=943"},{"taxonomy":"post_tag","embeddable":true,"href":"https:\/\/wp.kristdemokraterna.se\/uppsala\/wp-json\/wp\/v2\/tags?post=943"}],"curies":[{"name":"wp","href":"https:\/\/api.w.org\/{rel}","templated":true}]}}