{"id":948,"date":"2014-04-14T09:37:46","date_gmt":"2014-04-14T07:37:46","guid":{"rendered":"http:\/\/wp.kristdemokraterna.se\/uppsala\/?p=948"},"modified":"2024-04-04T01:25:14","modified_gmt":"2024-04-03T23:25:14","slug":"rehabilitering-en-investering-i-manniskor","status":"publish","type":"post","link":"https:\/\/wp.kristdemokraterna.se\/uppsala\/rehabilitering-en-investering-i-manniskor\/","title":{"rendered":"Rehabilitering \u2013 en investering i m\u00e4nniskor"},"content":{"rendered":"<p><a href=\"http:\/\/www.unt.se\/debatt\/rehabilitering-ndash-en-investering-i-manniskor-3093916-default.aspx\">Artikel i UNT 13 april<\/a><\/p>\n<p><strong>Vi menar att v\u00e5rden beh\u00f6ver bli b\u00e4ttre p\u00e5 att ta tillvara p\u00e5 varje persons fulla potential och hj\u00e4lpa alla att leva ett bra liv. Det skriver Anna-Karin Klomp (KD), tillsammans med allianskollegorna Lina Nordqvist (FP), Nina Lagh (M) och Johan \u00d6rjes (C) replikerar om rehabilitering.<\/strong><\/p>\n<p><!-- RSPEAK_STOP --><strong>Lindberg med flera<\/strong> fr\u00e5n Neurof\u00f6rbunden i l\u00e4net och Strokef\u00f6reningen (UNT 3\/4) undrar hur partierna ser p\u00e5 fr\u00e5gan om rehabilitering.<!--more--><\/p>\n<div>\n<p>Under tre \u00e5r har landstinget i Uppsala l\u00e4n deltagit i en nationell kampanj f\u00f6r att l\u00e4ra ut symtomen p\u00e5 stroke. Kampanjen, som nyligen uts\u00e5gs av World Stroke Organization till v\u00e4rldens b\u00e4sta, har bidragit till att fler strokedrabbade snabbare kunnat f\u00e5 v\u00e5rd. Ju snabbare patienterna f\u00e5r v\u00e5rd, desto st\u00f6rre \u00e4r m\u00f6jligheterna till \u00e5terh\u00e4mtning.<\/p>\n<p><strong>Fr\u00e5gan lyfts \u00e4ven p\u00e5 riksniv\u00e5. Regeringens fyra\u00e5riga satsning p\u00e5 450 miljoner kronor f\u00f6r att f\u00f6rb\u00e4ttra v\u00e5rden f\u00f6r personer med kroniska sjukdomar rymmer insatser b\u00e5de f\u00f6r att minska f\u00f6rekomsten av kroniska sjukdomar och f\u00f6r att minimera besv\u00e4r av kroniska sjukdomar. Under 2014 ska \u00e4ven nationella riktlinjer f\u00f6r MS och Parkinson tas fram. <\/strong><\/p>\n<p>Trots dessa satsningar \u00e4r det tydligt att mer beh\u00f6ver g\u00f6ras inom rehabiliteringsomr\u00e5det. Vi gjorde nyligen en utredning av bristerna i rehabiliteringen. Den visar att behovet av fungerande v\u00e5rdkedjor \u2013 d\u00e4r r\u00e4tt rehabiliteringsinsats ges i r\u00e4tt tid och smidiga \u00f6verf\u00f6ringar mellan sjukhusanknuten sluten- och \u00f6ppen v\u00e5rd, prim\u00e4rv\u00e5rd och kommunerna g\u00f6rs \u2013 \u00e4r stort. Idag finns fall d\u00e4r det \u00e4r oklart vem som ska rehabiliteras, hur mycket och av vem.<\/p>\n<p>Lindberg med flera lyfter i sin artikel betydelsen av vattengymnastik som en del av rehabiliteringen. \u00c4ven om man kan uppn\u00e5 likv\u00e4rdiga resultat med annan tr\u00e4ning, uppskattas bass\u00e4ngtr\u00e4ningen av m\u00e5nga patienter och d\u00e4rf\u00f6r anser vi att den forts\u00e4ttningsvis beh\u00f6ver finnas kvar.<\/p>\n<p><strong>Vi menar att v\u00e5rden beh\u00f6ver bli b\u00e4ttre p\u00e5 att ta tillvara p\u00e5 varje persons fulla potential och hj\u00e4lpa alla att leva ett bra liv. Rehabiliteringen \u00e4r en investering i m\u00e4nniskor. F\u00f6r att det ska kunna bli verklighet beh\u00f6ver v\u00e5rden samlas kring individen. Utan fungerande samverkan blir risken f\u00f6r att falla mellan stolarna p\u00e5taglig. <\/strong><\/p>\n<p>Det ska vara tydligt vem som har ansvar f\u00f6r patienten och vilken v\u00e5rd som ska ges. Vi kommer d\u00e4rf\u00f6r inom kort att ta fram en \u00e5tg\u00e4rds- och tidplan f\u00f6r att ta tag i problemen som lyfts i rehabiliteringsutredningen.<\/p>\n<p><strong>Anna-Karin Klomp,<\/strong> landstingsr\u00e5d (KD), <strong>Lina Nordqvist,<\/strong> landstingsr\u00e5d (FP), <strong>Nina Lagh<\/strong>, landstingsr\u00e5d (M), <strong>Johan \u00d6rjes,<\/strong> landstingsr\u00e5d (C)<\/p>\n<\/div>\n","protected":false},"excerpt":{"rendered":"<p>Artikel i UNT 13 april Vi menar att v\u00e5rden beh\u00f6ver bli b\u00e4ttre p\u00e5 att ta tillvara p\u00e5 varje persons fulla potential och hj\u00e4lpa alla att leva ett bra liv. Det skriver Anna-Karin Klomp (KD), tillsammans med allianskollegorna Lina Nordqvist (FP), Nina Lagh (M) och Johan \u00d6rjes (C) replikerar om rehabilitering. Lindberg med flera fr\u00e5n Neurof\u00f6rbunden <a class=\"read-more-link\" href=\"https:\/\/wp.kristdemokraterna.se\/uppsala\/rehabilitering-en-investering-i-manniskor\/\">Read More<\/a><\/p>\n","protected":false},"author":570,"featured_media":1044,"comment_status":"closed","ping_status":"closed","sticky":false,"template":"","format":"standard","meta":{"_acf_changed":false,"footnotes":""},"categories":[236],"tags":[7,74,50],"class_list":["post-948","post","type-post","status-publish","format-standard","hentry","category-vard-o-omsorg","tag-annakarinklomp","tag-rehabilitering","tag-vard"],"acf":[],"yoast_head":"<!-- This site is optimized with the Yoast SEO plugin v27.4 - https:\/\/yoast.com\/product\/yoast-seo-wordpress\/ -->\n<title>Rehabilitering \u2013 en investering i m\u00e4nniskor | Kristdemokraterna | Uppsala<\/title>\n<meta name=\"robots\" content=\"index, follow, max-snippet:-1, max-image-preview:large, max-video-preview:-1\" \/>\n<link rel=\"canonical\" href=\"https:\/\/wp.kristdemokraterna.se\/uppsala\/rehabilitering-en-investering-i-manniskor\/\" \/>\n<meta property=\"og:locale\" content=\"sv_SE\" \/>\n<meta property=\"og:type\" content=\"article\" \/>\n<meta property=\"og:title\" content=\"Rehabilitering \u2013 en investering i m\u00e4nniskor | Kristdemokraterna | Uppsala\" \/>\n<meta property=\"og:description\" content=\"Artikel i UNT 13 april Vi menar att v\u00e5rden beh\u00f6ver bli b\u00e4ttre p\u00e5 att ta tillvara p\u00e5 varje persons fulla potential och hj\u00e4lpa alla att leva ett bra liv. Det skriver Anna-Karin Klomp (KD), tillsammans med allianskollegorna Lina Nordqvist (FP), Nina Lagh (M) och Johan \u00d6rjes (C) replikerar om rehabilitering. Lindberg med flera fr\u00e5n Neurof\u00f6rbunden Read More\" \/>\n<meta property=\"og:url\" content=\"https:\/\/wp.kristdemokraterna.se\/uppsala\/rehabilitering-en-investering-i-manniskor\/\" \/>\n<meta property=\"og:site_name\" content=\"Kristdemokraterna | Uppsala\" \/>\n<meta property=\"article:publisher\" content=\"https:\/\/www.facebook.com\/UppsalaKD\/\" \/>\n<meta property=\"article:published_time\" content=\"2014-04-14T07:37:46+00:00\" \/>\n<meta property=\"article:modified_time\" content=\"2024-04-03T23:25:14+00:00\" \/>\n<meta property=\"og:image\" content=\"http:\/\/wp.kristdemokraterna.se\/uppsala\/files\/2014\/08\/annakarinklomp.jpg\" \/>\n\t<meta property=\"og:image:width\" content=\"478\" \/>\n\t<meta property=\"og:image:height\" content=\"262\" \/>\n\t<meta property=\"og:image:type\" content=\"image\/jpeg\" \/>\n<meta name=\"author\" content=\"Petra Karl\u00e5\" \/>\n<meta name=\"twitter:card\" content=\"summary_large_image\" \/>\n<meta name=\"twitter:label1\" content=\"Skriven av\" \/>\n\t<meta name=\"twitter:data1\" content=\"Petra Karl\u00e5\" \/>\n\t<meta name=\"twitter:label2\" content=\"Ber\u00e4knad l\u00e4stid\" \/>\n\t<meta name=\"twitter:data2\" content=\"2 minuter\" \/>\n<script type=\"application\/ld+json\" class=\"yoast-schema-graph\">{\"@context\":\"https:\\\/\\\/schema.org\",\"@graph\":[{\"@type\":\"Article\",\"@id\":\"https:\\\/\\\/wp.kristdemokraterna.se\\\/uppsala\\\/rehabilitering-en-investering-i-manniskor\\\/#article\",\"isPartOf\":{\"@id\":\"https:\\\/\\\/wp.kristdemokraterna.se\\\/uppsala\\\/rehabilitering-en-investering-i-manniskor\\\/\"},\"author\":{\"name\":\"Petra Karl\u00e5\",\"@id\":\"https:\\\/\\\/wp.kristdemokraterna.se\\\/uppsala\\\/#\\\/schema\\\/person\\\/9c9d6764688a85f6a5a9bc0aeab97665\"},\"headline\":\"Rehabilitering \u2013 en investering i m\u00e4nniskor\",\"datePublished\":\"2014-04-14T07:37:46+00:00\",\"dateModified\":\"2024-04-03T23:25:14+00:00\",\"mainEntityOfPage\":{\"@id\":\"https:\\\/\\\/wp.kristdemokraterna.se\\\/uppsala\\\/rehabilitering-en-investering-i-manniskor\\\/\"},\"wordCount\":463,\"publisher\":{\"@id\":\"https:\\\/\\\/wp.kristdemokraterna.se\\\/uppsala\\\/#organization\"},\"image\":{\"@id\":\"https:\\\/\\\/wp.kristdemokraterna.se\\\/uppsala\\\/rehabilitering-en-investering-i-manniskor\\\/#primaryimage\"},\"thumbnailUrl\":\"https:\\\/\\\/wp.kristdemokraterna.se\\\/uppsala\\\/files\\\/2014\\\/08\\\/annakarinklomp.jpg\",\"keywords\":[\"Anna-Karin Klomp\",\"Rehabilitering\",\"V\u00e5rd\"],\"articleSection\":[\"V\u00e5rd &amp; omsorg\"],\"inLanguage\":\"sv-SE\"},{\"@type\":\"WebPage\",\"@id\":\"https:\\\/\\\/wp.kristdemokraterna.se\\\/uppsala\\\/rehabilitering-en-investering-i-manniskor\\\/\",\"url\":\"https:\\\/\\\/wp.kristdemokraterna.se\\\/uppsala\\\/rehabilitering-en-investering-i-manniskor\\\/\",\"name\":\"Rehabilitering \u2013 en investering i m\u00e4nniskor | Kristdemokraterna | Uppsala\",\"isPartOf\":{\"@id\":\"https:\\\/\\\/wp.kristdemokraterna.se\\\/uppsala\\\/#website\"},\"primaryImageOfPage\":{\"@id\":\"https:\\\/\\\/wp.kristdemokraterna.se\\\/uppsala\\\/rehabilitering-en-investering-i-manniskor\\\/#primaryimage\"},\"image\":{\"@id\":\"https:\\\/\\\/wp.kristdemokraterna.se\\\/uppsala\\\/rehabilitering-en-investering-i-manniskor\\\/#primaryimage\"},\"thumbnailUrl\":\"https:\\\/\\\/wp.kristdemokraterna.se\\\/uppsala\\\/files\\\/2014\\\/08\\\/annakarinklomp.jpg\",\"datePublished\":\"2014-04-14T07:37:46+00:00\",\"dateModified\":\"2024-04-03T23:25:14+00:00\",\"breadcrumb\":{\"@id\":\"https:\\\/\\\/wp.kristdemokraterna.se\\\/uppsala\\\/rehabilitering-en-investering-i-manniskor\\\/#breadcrumb\"},\"inLanguage\":\"sv-SE\",\"potentialAction\":[{\"@type\":\"ReadAction\",\"target\":[\"https:\\\/\\\/wp.kristdemokraterna.se\\\/uppsala\\\/rehabilitering-en-investering-i-manniskor\\\/\"]}]},{\"@type\":\"ImageObject\",\"inLanguage\":\"sv-SE\",\"@id\":\"https:\\\/\\\/wp.kristdemokraterna.se\\\/uppsala\\\/rehabilitering-en-investering-i-manniskor\\\/#primaryimage\",\"url\":\"https:\\\/\\\/wp.kristdemokraterna.se\\\/uppsala\\\/files\\\/2014\\\/08\\\/annakarinklomp.jpg\",\"contentUrl\":\"https:\\\/\\\/wp.kristdemokraterna.se\\\/uppsala\\\/files\\\/2014\\\/08\\\/annakarinklomp.jpg\",\"width\":478,\"height\":262,\"caption\":\"Foto: Truls Busch Christensen\"},{\"@type\":\"BreadcrumbList\",\"@id\":\"https:\\\/\\\/wp.kristdemokraterna.se\\\/uppsala\\\/rehabilitering-en-investering-i-manniskor\\\/#breadcrumb\",\"itemListElement\":[{\"@type\":\"ListItem\",\"position\":1,\"name\":\"Hem\",\"item\":\"https:\\\/\\\/wp.kristdemokraterna.se\\\/uppsala\\\/\"},{\"@type\":\"ListItem\",\"position\":2,\"name\":\"Rehabilitering \u2013 en investering i m\u00e4nniskor\"}]},{\"@type\":\"WebSite\",\"@id\":\"https:\\\/\\\/wp.kristdemokraterna.se\\\/uppsala\\\/#website\",\"url\":\"https:\\\/\\\/wp.kristdemokraterna.se\\\/uppsala\\\/\",\"name\":\"Kristdemokraterna Uppsala\",\"description\":\"Tryggare Uppsala\",\"publisher\":{\"@id\":\"https:\\\/\\\/wp.kristdemokraterna.se\\\/uppsala\\\/#organization\"},\"inLanguage\":\"sv-SE\"},{\"@type\":\"Organization\",\"@id\":\"https:\\\/\\\/wp.kristdemokraterna.se\\\/uppsala\\\/#organization\",\"name\":\"Kristdemokraterna Uppsala\",\"url\":\"https:\\\/\\\/wp.kristdemokraterna.se\\\/uppsala\\\/\",\"logo\":{\"@type\":\"ImageObject\",\"inLanguage\":\"sv-SE\",\"@id\":\"https:\\\/\\\/wp.kristdemokraterna.se\\\/uppsala\\\/#\\\/schema\\\/logo\\\/image\\\/\",\"url\":\"https:\\\/\\\/wp.kristdemokraterna.se\\\/uppsala\\\/files\\\/2019\\\/10\\\/kd-uppsala.png\",\"contentUrl\":\"https:\\\/\\\/wp.kristdemokraterna.se\\\/uppsala\\\/files\\\/2019\\\/10\\\/kd-uppsala.png\",\"width\":804,\"height\":421,\"caption\":\"Kristdemokraterna Uppsala\"},\"image\":{\"@id\":\"https:\\\/\\\/wp.kristdemokraterna.se\\\/uppsala\\\/#\\\/schema\\\/logo\\\/image\\\/\"},\"sameAs\":[\"https:\\\/\\\/www.facebook.com\\\/UppsalaKD\\\/\",\"https:\\\/\\\/www.instagram.com\\\/uppsalakd\\\/\"]},{\"@type\":\"Person\",\"@id\":\"https:\\\/\\\/wp.kristdemokraterna.se\\\/uppsala\\\/#\\\/schema\\\/person\\\/9c9d6764688a85f6a5a9bc0aeab97665\",\"name\":\"Petra Karl\u00e5\",\"image\":{\"@type\":\"ImageObject\",\"inLanguage\":\"sv-SE\",\"@id\":\"https:\\\/\\\/secure.gravatar.com\\\/avatar\\\/4a0351df3ec5e473a63caa9ade3c07a69c688dacf0d1055a81464c4244cd8431?s=96&r=g\",\"url\":\"https:\\\/\\\/secure.gravatar.com\\\/avatar\\\/4a0351df3ec5e473a63caa9ade3c07a69c688dacf0d1055a81464c4244cd8431?s=96&r=g\",\"contentUrl\":\"https:\\\/\\\/secure.gravatar.com\\\/avatar\\\/4a0351df3ec5e473a63caa9ade3c07a69c688dacf0d1055a81464c4244cd8431?s=96&r=g\",\"caption\":\"Petra Karl\u00e5\"},\"url\":\"https:\\\/\\\/wp.kristdemokraterna.se\\\/uppsala\\\/author\\\/petrakarla\\\/\"}]}<\/script>\n<!-- \/ Yoast SEO plugin. -->","yoast_head_json":{"title":"Rehabilitering \u2013 en investering i m\u00e4nniskor | Kristdemokraterna | Uppsala","robots":{"index":"index","follow":"follow","max-snippet":"max-snippet:-1","max-image-preview":"max-image-preview:large","max-video-preview":"max-video-preview:-1"},"canonical":"https:\/\/wp.kristdemokraterna.se\/uppsala\/rehabilitering-en-investering-i-manniskor\/","og_locale":"sv_SE","og_type":"article","og_title":"Rehabilitering \u2013 en investering i m\u00e4nniskor | Kristdemokraterna | Uppsala","og_description":"Artikel i UNT 13 april Vi menar att v\u00e5rden beh\u00f6ver bli b\u00e4ttre p\u00e5 att ta tillvara p\u00e5 varje persons fulla potential och hj\u00e4lpa alla att leva ett bra liv. Det skriver Anna-Karin Klomp (KD), tillsammans med allianskollegorna Lina Nordqvist (FP), Nina Lagh (M) och Johan \u00d6rjes (C) replikerar om rehabilitering. Lindberg med flera fr\u00e5n Neurof\u00f6rbunden Read More","og_url":"https:\/\/wp.kristdemokraterna.se\/uppsala\/rehabilitering-en-investering-i-manniskor\/","og_site_name":"Kristdemokraterna | Uppsala","article_publisher":"https:\/\/www.facebook.com\/UppsalaKD\/","article_published_time":"2014-04-14T07:37:46+00:00","article_modified_time":"2024-04-03T23:25:14+00:00","og_image":[{"width":478,"height":262,"url":"http:\/\/wp.kristdemokraterna.se\/uppsala\/files\/2014\/08\/annakarinklomp.jpg","type":"image\/jpeg"}],"author":"Petra Karl\u00e5","twitter_card":"summary_large_image","twitter_misc":{"Skriven av":"Petra Karl\u00e5","Ber\u00e4knad l\u00e4stid":"2 minuter"},"schema":{"@context":"https:\/\/schema.org","@graph":[{"@type":"Article","@id":"https:\/\/wp.kristdemokraterna.se\/uppsala\/rehabilitering-en-investering-i-manniskor\/#article","isPartOf":{"@id":"https:\/\/wp.kristdemokraterna.se\/uppsala\/rehabilitering-en-investering-i-manniskor\/"},"author":{"name":"Petra Karl\u00e5","@id":"https:\/\/wp.kristdemokraterna.se\/uppsala\/#\/schema\/person\/9c9d6764688a85f6a5a9bc0aeab97665"},"headline":"Rehabilitering \u2013 en investering i m\u00e4nniskor","datePublished":"2014-04-14T07:37:46+00:00","dateModified":"2024-04-03T23:25:14+00:00","mainEntityOfPage":{"@id":"https:\/\/wp.kristdemokraterna.se\/uppsala\/rehabilitering-en-investering-i-manniskor\/"},"wordCount":463,"publisher":{"@id":"https:\/\/wp.kristdemokraterna.se\/uppsala\/#organization"},"image":{"@id":"https:\/\/wp.kristdemokraterna.se\/uppsala\/rehabilitering-en-investering-i-manniskor\/#primaryimage"},"thumbnailUrl":"https:\/\/wp.kristdemokraterna.se\/uppsala\/files\/2014\/08\/annakarinklomp.jpg","keywords":["Anna-Karin Klomp","Rehabilitering","V\u00e5rd"],"articleSection":["V\u00e5rd &amp; omsorg"],"inLanguage":"sv-SE"},{"@type":"WebPage","@id":"https:\/\/wp.kristdemokraterna.se\/uppsala\/rehabilitering-en-investering-i-manniskor\/","url":"https:\/\/wp.kristdemokraterna.se\/uppsala\/rehabilitering-en-investering-i-manniskor\/","name":"Rehabilitering \u2013 en investering i m\u00e4nniskor | Kristdemokraterna | Uppsala","isPartOf":{"@id":"https:\/\/wp.kristdemokraterna.se\/uppsala\/#website"},"primaryImageOfPage":{"@id":"https:\/\/wp.kristdemokraterna.se\/uppsala\/rehabilitering-en-investering-i-manniskor\/#primaryimage"},"image":{"@id":"https:\/\/wp.kristdemokraterna.se\/uppsala\/rehabilitering-en-investering-i-manniskor\/#primaryimage"},"thumbnailUrl":"https:\/\/wp.kristdemokraterna.se\/uppsala\/files\/2014\/08\/annakarinklomp.jpg","datePublished":"2014-04-14T07:37:46+00:00","dateModified":"2024-04-03T23:25:14+00:00","breadcrumb":{"@id":"https:\/\/wp.kristdemokraterna.se\/uppsala\/rehabilitering-en-investering-i-manniskor\/#breadcrumb"},"inLanguage":"sv-SE","potentialAction":[{"@type":"ReadAction","target":["https:\/\/wp.kristdemokraterna.se\/uppsala\/rehabilitering-en-investering-i-manniskor\/"]}]},{"@type":"ImageObject","inLanguage":"sv-SE","@id":"https:\/\/wp.kristdemokraterna.se\/uppsala\/rehabilitering-en-investering-i-manniskor\/#primaryimage","url":"https:\/\/wp.kristdemokraterna.se\/uppsala\/files\/2014\/08\/annakarinklomp.jpg","contentUrl":"https:\/\/wp.kristdemokraterna.se\/uppsala\/files\/2014\/08\/annakarinklomp.jpg","width":478,"height":262,"caption":"Foto: Truls Busch Christensen"},{"@type":"BreadcrumbList","@id":"https:\/\/wp.kristdemokraterna.se\/uppsala\/rehabilitering-en-investering-i-manniskor\/#breadcrumb","itemListElement":[{"@type":"ListItem","position":1,"name":"Hem","item":"https:\/\/wp.kristdemokraterna.se\/uppsala\/"},{"@type":"ListItem","position":2,"name":"Rehabilitering \u2013 en investering i m\u00e4nniskor"}]},{"@type":"WebSite","@id":"https:\/\/wp.kristdemokraterna.se\/uppsala\/#website","url":"https:\/\/wp.kristdemokraterna.se\/uppsala\/","name":"Kristdemokraterna Uppsala","description":"Tryggare Uppsala","publisher":{"@id":"https:\/\/wp.kristdemokraterna.se\/uppsala\/#organization"},"inLanguage":"sv-SE"},{"@type":"Organization","@id":"https:\/\/wp.kristdemokraterna.se\/uppsala\/#organization","name":"Kristdemokraterna Uppsala","url":"https:\/\/wp.kristdemokraterna.se\/uppsala\/","logo":{"@type":"ImageObject","inLanguage":"sv-SE","@id":"https:\/\/wp.kristdemokraterna.se\/uppsala\/#\/schema\/logo\/image\/","url":"https:\/\/wp.kristdemokraterna.se\/uppsala\/files\/2019\/10\/kd-uppsala.png","contentUrl":"https:\/\/wp.kristdemokraterna.se\/uppsala\/files\/2019\/10\/kd-uppsala.png","width":804,"height":421,"caption":"Kristdemokraterna Uppsala"},"image":{"@id":"https:\/\/wp.kristdemokraterna.se\/uppsala\/#\/schema\/logo\/image\/"},"sameAs":["https:\/\/www.facebook.com\/UppsalaKD\/","https:\/\/www.instagram.com\/uppsalakd\/"]},{"@type":"Person","@id":"https:\/\/wp.kristdemokraterna.se\/uppsala\/#\/schema\/person\/9c9d6764688a85f6a5a9bc0aeab97665","name":"Petra Karl\u00e5","image":{"@type":"ImageObject","inLanguage":"sv-SE","@id":"https:\/\/secure.gravatar.com\/avatar\/4a0351df3ec5e473a63caa9ade3c07a69c688dacf0d1055a81464c4244cd8431?s=96&r=g","url":"https:\/\/secure.gravatar.com\/avatar\/4a0351df3ec5e473a63caa9ade3c07a69c688dacf0d1055a81464c4244cd8431?s=96&r=g","contentUrl":"https:\/\/secure.gravatar.com\/avatar\/4a0351df3ec5e473a63caa9ade3c07a69c688dacf0d1055a81464c4244cd8431?s=96&r=g","caption":"Petra Karl\u00e5"},"url":"https:\/\/wp.kristdemokraterna.se\/uppsala\/author\/petrakarla\/"}]}},"_links":{"self":[{"href":"https:\/\/wp.kristdemokraterna.se\/uppsala\/wp-json\/wp\/v2\/posts\/948","targetHints":{"allow":["GET"]}}],"collection":[{"href":"https:\/\/wp.kristdemokraterna.se\/uppsala\/wp-json\/wp\/v2\/posts"}],"about":[{"href":"https:\/\/wp.kristdemokraterna.se\/uppsala\/wp-json\/wp\/v2\/types\/post"}],"author":[{"embeddable":true,"href":"https:\/\/wp.kristdemokraterna.se\/uppsala\/wp-json\/wp\/v2\/users\/570"}],"replies":[{"embeddable":true,"href":"https:\/\/wp.kristdemokraterna.se\/uppsala\/wp-json\/wp\/v2\/comments?post=948"}],"version-history":[{"count":3,"href":"https:\/\/wp.kristdemokraterna.se\/uppsala\/wp-json\/wp\/v2\/posts\/948\/revisions"}],"predecessor-version":[{"id":1575,"href":"https:\/\/wp.kristdemokraterna.se\/uppsala\/wp-json\/wp\/v2\/posts\/948\/revisions\/1575"}],"wp:featuredmedia":[{"embeddable":true,"href":"https:\/\/wp.kristdemokraterna.se\/uppsala\/wp-json\/wp\/v2\/media\/1044"}],"wp:attachment":[{"href":"https:\/\/wp.kristdemokraterna.se\/uppsala\/wp-json\/wp\/v2\/media?parent=948"}],"wp:term":[{"taxonomy":"category","embeddable":true,"href":"https:\/\/wp.kristdemokraterna.se\/uppsala\/wp-json\/wp\/v2\/categories?post=948"},{"taxonomy":"post_tag","embeddable":true,"href":"https:\/\/wp.kristdemokraterna.se\/uppsala\/wp-json\/wp\/v2\/tags?post=948"}],"curies":[{"name":"wp","href":"https:\/\/api.w.org\/{rel}","templated":true}]}}