{"id":953,"date":"2014-04-17T22:07:25","date_gmt":"2014-04-17T20:07:25","guid":{"rendered":"http:\/\/wp.kristdemokraterna.se\/uppsala\/?p=953"},"modified":"2024-04-04T01:25:01","modified_gmt":"2024-04-03T23:25:01","slug":"familjen-forst-1-maj-i-uppsala","status":"publish","type":"post","link":"https:\/\/wp.kristdemokraterna.se\/uppsala\/familjen-forst-1-maj-i-uppsala\/","title":{"rendered":"Familjen f\u00f6rst &#8211; 1 maj i Uppsala"},"content":{"rendered":"<p>F\u00f6r tionde \u00e5ret i rad f\u00e5r v\u00e4nstern konkurrens den f\u00f6rsta maj i Uppsala. \u00c4ven 2014 blir det en demonstration och stort finalm\u00f6te med familjen i fokus.<\/p>\n<p>F\u00f6rra \u00e5ret slog vi publikrekord med 1 000 personer, och vi tror att vi kan bli \u00e4nnu fler \u00e4n s\u00e5 detta \u00e5r.<\/p>\n<p>I \u00e5r medverkar journalisten och EU-kandidaten Lars Adaktusson, kommunalr\u00e5det och EU-kandidaten Ebba Busch Thor, poeten och debatt\u00f6ren Marcus Birro, EU-parlamentariker Alf Svensson samt chefredakt\u00f6r f\u00f6r tidningen NEO Paulina Neuding.<!--more--><\/p>\n<p>Extra f\u00f6r i \u00e5r \u00e4r att KDU kommer ha sitt Riksm\u00f6te i Uppsala och delta, en stor MC-kortege f\u00f6rst i t\u00e5get samt fikabord med t\u00e5rta f\u00f6r 1200 personer.<\/p>\n<p>Program<br \/>\n13.00 Samling p\u00e5 Vaksala torg<br \/>\n13.30 Avmarsch<br \/>\n14.00 Finalm\u00f6te p\u00e5 S:t Eriks torg<br \/>\n14.45 Alla bjuds p\u00e5 fika<\/p>\n<p>Tycker du att familjen kommer f\u00f6rst &#8211; se till att vara med 1 maj i Uppsala!<\/p>\n","protected":false},"excerpt":{"rendered":"<p>F\u00f6r tionde \u00e5ret i rad f\u00e5r v\u00e4nstern konkurrens den f\u00f6rsta maj i Uppsala. \u00c4ven 2014 blir det en demonstration och stort finalm\u00f6te med familjen i fokus. F\u00f6rra \u00e5ret slog vi publikrekord med 1 000 personer, och vi tror att vi kan bli \u00e4nnu fler \u00e4n s\u00e5 detta \u00e5r. I \u00e5r medverkar journalisten och EU-kandidaten Lars <a class=\"read-more-link\" href=\"https:\/\/wp.kristdemokraterna.se\/uppsala\/familjen-forst-1-maj-i-uppsala\/\">Read More<\/a><\/p>\n","protected":false},"author":574,"featured_media":619,"comment_status":"closed","ping_status":"closed","sticky":false,"template":"","format":"standard","meta":{"_acf_changed":false,"footnotes":""},"categories":[243],"tags":[],"class_list":["post-953","post","type-post","status-publish","format-standard","hentry","category-kd-distrikt-uppsala"],"acf":[],"yoast_head":"<!-- This site is optimized with the Yoast SEO plugin v27.4 - https:\/\/yoast.com\/product\/yoast-seo-wordpress\/ -->\n<title>Familjen f\u00f6rst - 1 maj i Uppsala | Kristdemokraterna | Uppsala<\/title>\n<meta name=\"robots\" content=\"index, follow, max-snippet:-1, max-image-preview:large, max-video-preview:-1\" \/>\n<link rel=\"canonical\" href=\"https:\/\/wp.kristdemokraterna.se\/uppsala\/familjen-forst-1-maj-i-uppsala\/\" \/>\n<meta property=\"og:locale\" content=\"sv_SE\" \/>\n<meta property=\"og:type\" content=\"article\" \/>\n<meta property=\"og:title\" content=\"Familjen f\u00f6rst - 1 maj i Uppsala | Kristdemokraterna | Uppsala\" \/>\n<meta property=\"og:description\" content=\"F\u00f6r tionde \u00e5ret i rad f\u00e5r v\u00e4nstern konkurrens den f\u00f6rsta maj i Uppsala. \u00c4ven 2014 blir det en demonstration och stort finalm\u00f6te med familjen i fokus. F\u00f6rra \u00e5ret slog vi publikrekord med 1 000 personer, och vi tror att vi kan bli \u00e4nnu fler \u00e4n s\u00e5 detta \u00e5r. I \u00e5r medverkar journalisten och EU-kandidaten Lars Read More\" \/>\n<meta property=\"og:url\" content=\"https:\/\/wp.kristdemokraterna.se\/uppsala\/familjen-forst-1-maj-i-uppsala\/\" \/>\n<meta property=\"og:site_name\" content=\"Kristdemokraterna | Uppsala\" \/>\n<meta property=\"article:publisher\" content=\"https:\/\/www.facebook.com\/UppsalaKD\/\" \/>\n<meta property=\"article:published_time\" content=\"2014-04-17T20:07:25+00:00\" \/>\n<meta property=\"article:modified_time\" content=\"2024-04-03T23:25:01+00:00\" \/>\n<meta property=\"og:image\" content=\"http:\/\/wp.kristdemokraterna.se\/uppsala\/files\/2013\/04\/IMG_64301-Maj-KD2011-540x360.jpg\" \/>\n\t<meta property=\"og:image:width\" content=\"540\" \/>\n\t<meta property=\"og:image:height\" content=\"360\" \/>\n\t<meta property=\"og:image:type\" content=\"image\/jpeg\" \/>\n<meta name=\"author\" content=\"Mikael Oscarsson\" \/>\n<meta name=\"twitter:card\" content=\"summary_large_image\" \/>\n<meta name=\"twitter:label1\" content=\"Skriven av\" \/>\n\t<meta name=\"twitter:data1\" content=\"Mikael Oscarsson\" \/>\n\t<meta name=\"twitter:label2\" content=\"Ber\u00e4knad l\u00e4stid\" \/>\n\t<meta name=\"twitter:data2\" content=\"1 minut\" \/>\n<script type=\"application\/ld+json\" class=\"yoast-schema-graph\">{\"@context\":\"https:\\\/\\\/schema.org\",\"@graph\":[{\"@type\":\"Article\",\"@id\":\"https:\\\/\\\/wp.kristdemokraterna.se\\\/uppsala\\\/familjen-forst-1-maj-i-uppsala\\\/#article\",\"isPartOf\":{\"@id\":\"https:\\\/\\\/wp.kristdemokraterna.se\\\/uppsala\\\/familjen-forst-1-maj-i-uppsala\\\/\"},\"author\":{\"name\":\"Mikael Oscarsson\",\"@id\":\"https:\\\/\\\/wp.kristdemokraterna.se\\\/uppsala\\\/#\\\/schema\\\/person\\\/35cfc18a4fb325c7f6e262fb7ce3cfc0\"},\"headline\":\"Familjen f\u00f6rst &#8211; 1 maj i Uppsala\",\"datePublished\":\"2014-04-17T20:07:25+00:00\",\"dateModified\":\"2024-04-03T23:25:01+00:00\",\"mainEntityOfPage\":{\"@id\":\"https:\\\/\\\/wp.kristdemokraterna.se\\\/uppsala\\\/familjen-forst-1-maj-i-uppsala\\\/\"},\"wordCount\":157,\"publisher\":{\"@id\":\"https:\\\/\\\/wp.kristdemokraterna.se\\\/uppsala\\\/#organization\"},\"image\":{\"@id\":\"https:\\\/\\\/wp.kristdemokraterna.se\\\/uppsala\\\/familjen-forst-1-maj-i-uppsala\\\/#primaryimage\"},\"thumbnailUrl\":\"https:\\\/\\\/wp.kristdemokraterna.se\\\/uppsala\\\/files\\\/2013\\\/04\\\/IMG_64301-Maj-KD2011.jpg\",\"articleSection\":[\"KD Distrikt Uppsala\"],\"inLanguage\":\"sv-SE\"},{\"@type\":\"WebPage\",\"@id\":\"https:\\\/\\\/wp.kristdemokraterna.se\\\/uppsala\\\/familjen-forst-1-maj-i-uppsala\\\/\",\"url\":\"https:\\\/\\\/wp.kristdemokraterna.se\\\/uppsala\\\/familjen-forst-1-maj-i-uppsala\\\/\",\"name\":\"Familjen f\u00f6rst - 1 maj i Uppsala | Kristdemokraterna | Uppsala\",\"isPartOf\":{\"@id\":\"https:\\\/\\\/wp.kristdemokraterna.se\\\/uppsala\\\/#website\"},\"primaryImageOfPage\":{\"@id\":\"https:\\\/\\\/wp.kristdemokraterna.se\\\/uppsala\\\/familjen-forst-1-maj-i-uppsala\\\/#primaryimage\"},\"image\":{\"@id\":\"https:\\\/\\\/wp.kristdemokraterna.se\\\/uppsala\\\/familjen-forst-1-maj-i-uppsala\\\/#primaryimage\"},\"thumbnailUrl\":\"https:\\\/\\\/wp.kristdemokraterna.se\\\/uppsala\\\/files\\\/2013\\\/04\\\/IMG_64301-Maj-KD2011.jpg\",\"datePublished\":\"2014-04-17T20:07:25+00:00\",\"dateModified\":\"2024-04-03T23:25:01+00:00\",\"breadcrumb\":{\"@id\":\"https:\\\/\\\/wp.kristdemokraterna.se\\\/uppsala\\\/familjen-forst-1-maj-i-uppsala\\\/#breadcrumb\"},\"inLanguage\":\"sv-SE\",\"potentialAction\":[{\"@type\":\"ReadAction\",\"target\":[\"https:\\\/\\\/wp.kristdemokraterna.se\\\/uppsala\\\/familjen-forst-1-maj-i-uppsala\\\/\"]}]},{\"@type\":\"ImageObject\",\"inLanguage\":\"sv-SE\",\"@id\":\"https:\\\/\\\/wp.kristdemokraterna.se\\\/uppsala\\\/familjen-forst-1-maj-i-uppsala\\\/#primaryimage\",\"url\":\"https:\\\/\\\/wp.kristdemokraterna.se\\\/uppsala\\\/files\\\/2013\\\/04\\\/IMG_64301-Maj-KD2011.jpg\",\"contentUrl\":\"https:\\\/\\\/wp.kristdemokraterna.se\\\/uppsala\\\/files\\\/2013\\\/04\\\/IMG_64301-Maj-KD2011.jpg\",\"width\":3543,\"height\":2362,\"caption\":\"Fr\u00e5n 1 maj 2011\"},{\"@type\":\"BreadcrumbList\",\"@id\":\"https:\\\/\\\/wp.kristdemokraterna.se\\\/uppsala\\\/familjen-forst-1-maj-i-uppsala\\\/#breadcrumb\",\"itemListElement\":[{\"@type\":\"ListItem\",\"position\":1,\"name\":\"Hem\",\"item\":\"https:\\\/\\\/wp.kristdemokraterna.se\\\/uppsala\\\/\"},{\"@type\":\"ListItem\",\"position\":2,\"name\":\"Familjen f\u00f6rst &#8211; 1 maj i Uppsala\"}]},{\"@type\":\"WebSite\",\"@id\":\"https:\\\/\\\/wp.kristdemokraterna.se\\\/uppsala\\\/#website\",\"url\":\"https:\\\/\\\/wp.kristdemokraterna.se\\\/uppsala\\\/\",\"name\":\"Kristdemokraterna Uppsala\",\"description\":\"Tryggare Uppsala\",\"publisher\":{\"@id\":\"https:\\\/\\\/wp.kristdemokraterna.se\\\/uppsala\\\/#organization\"},\"inLanguage\":\"sv-SE\"},{\"@type\":\"Organization\",\"@id\":\"https:\\\/\\\/wp.kristdemokraterna.se\\\/uppsala\\\/#organization\",\"name\":\"Kristdemokraterna Uppsala\",\"url\":\"https:\\\/\\\/wp.kristdemokraterna.se\\\/uppsala\\\/\",\"logo\":{\"@type\":\"ImageObject\",\"inLanguage\":\"sv-SE\",\"@id\":\"https:\\\/\\\/wp.kristdemokraterna.se\\\/uppsala\\\/#\\\/schema\\\/logo\\\/image\\\/\",\"url\":\"https:\\\/\\\/wp.kristdemokraterna.se\\\/uppsala\\\/files\\\/2019\\\/10\\\/kd-uppsala.png\",\"contentUrl\":\"https:\\\/\\\/wp.kristdemokraterna.se\\\/uppsala\\\/files\\\/2019\\\/10\\\/kd-uppsala.png\",\"width\":804,\"height\":421,\"caption\":\"Kristdemokraterna Uppsala\"},\"image\":{\"@id\":\"https:\\\/\\\/wp.kristdemokraterna.se\\\/uppsala\\\/#\\\/schema\\\/logo\\\/image\\\/\"},\"sameAs\":[\"https:\\\/\\\/www.facebook.com\\\/UppsalaKD\\\/\",\"https:\\\/\\\/www.instagram.com\\\/uppsalakd\\\/\"]},{\"@type\":\"Person\",\"@id\":\"https:\\\/\\\/wp.kristdemokraterna.se\\\/uppsala\\\/#\\\/schema\\\/person\\\/35cfc18a4fb325c7f6e262fb7ce3cfc0\",\"name\":\"Mikael Oscarsson\",\"image\":{\"@type\":\"ImageObject\",\"inLanguage\":\"sv-SE\",\"@id\":\"https:\\\/\\\/secure.gravatar.com\\\/avatar\\\/766f069e133be0ee244c75d202fc5fcf4f883f182ecfd2933528f0a587902143?s=96&r=g\",\"url\":\"https:\\\/\\\/secure.gravatar.com\\\/avatar\\\/766f069e133be0ee244c75d202fc5fcf4f883f182ecfd2933528f0a587902143?s=96&r=g\",\"contentUrl\":\"https:\\\/\\\/secure.gravatar.com\\\/avatar\\\/766f069e133be0ee244c75d202fc5fcf4f883f182ecfd2933528f0a587902143?s=96&r=g\",\"caption\":\"Mikael Oscarsson\"},\"url\":\"https:\\\/\\\/wp.kristdemokraterna.se\\\/uppsala\\\/author\\\/mos\\\/\"}]}<\/script>\n<!-- \/ Yoast SEO plugin. -->","yoast_head_json":{"title":"Familjen f\u00f6rst - 1 maj i Uppsala | Kristdemokraterna | Uppsala","robots":{"index":"index","follow":"follow","max-snippet":"max-snippet:-1","max-image-preview":"max-image-preview:large","max-video-preview":"max-video-preview:-1"},"canonical":"https:\/\/wp.kristdemokraterna.se\/uppsala\/familjen-forst-1-maj-i-uppsala\/","og_locale":"sv_SE","og_type":"article","og_title":"Familjen f\u00f6rst - 1 maj i Uppsala | Kristdemokraterna | Uppsala","og_description":"F\u00f6r tionde \u00e5ret i rad f\u00e5r v\u00e4nstern konkurrens den f\u00f6rsta maj i Uppsala. \u00c4ven 2014 blir det en demonstration och stort finalm\u00f6te med familjen i fokus. F\u00f6rra \u00e5ret slog vi publikrekord med 1 000 personer, och vi tror att vi kan bli \u00e4nnu fler \u00e4n s\u00e5 detta \u00e5r. I \u00e5r medverkar journalisten och EU-kandidaten Lars Read More","og_url":"https:\/\/wp.kristdemokraterna.se\/uppsala\/familjen-forst-1-maj-i-uppsala\/","og_site_name":"Kristdemokraterna | Uppsala","article_publisher":"https:\/\/www.facebook.com\/UppsalaKD\/","article_published_time":"2014-04-17T20:07:25+00:00","article_modified_time":"2024-04-03T23:25:01+00:00","og_image":[{"width":540,"height":360,"url":"http:\/\/wp.kristdemokraterna.se\/uppsala\/files\/2013\/04\/IMG_64301-Maj-KD2011-540x360.jpg","type":"image\/jpeg"}],"author":"Mikael Oscarsson","twitter_card":"summary_large_image","twitter_misc":{"Skriven av":"Mikael Oscarsson","Ber\u00e4knad l\u00e4stid":"1 minut"},"schema":{"@context":"https:\/\/schema.org","@graph":[{"@type":"Article","@id":"https:\/\/wp.kristdemokraterna.se\/uppsala\/familjen-forst-1-maj-i-uppsala\/#article","isPartOf":{"@id":"https:\/\/wp.kristdemokraterna.se\/uppsala\/familjen-forst-1-maj-i-uppsala\/"},"author":{"name":"Mikael Oscarsson","@id":"https:\/\/wp.kristdemokraterna.se\/uppsala\/#\/schema\/person\/35cfc18a4fb325c7f6e262fb7ce3cfc0"},"headline":"Familjen f\u00f6rst &#8211; 1 maj i Uppsala","datePublished":"2014-04-17T20:07:25+00:00","dateModified":"2024-04-03T23:25:01+00:00","mainEntityOfPage":{"@id":"https:\/\/wp.kristdemokraterna.se\/uppsala\/familjen-forst-1-maj-i-uppsala\/"},"wordCount":157,"publisher":{"@id":"https:\/\/wp.kristdemokraterna.se\/uppsala\/#organization"},"image":{"@id":"https:\/\/wp.kristdemokraterna.se\/uppsala\/familjen-forst-1-maj-i-uppsala\/#primaryimage"},"thumbnailUrl":"https:\/\/wp.kristdemokraterna.se\/uppsala\/files\/2013\/04\/IMG_64301-Maj-KD2011.jpg","articleSection":["KD Distrikt Uppsala"],"inLanguage":"sv-SE"},{"@type":"WebPage","@id":"https:\/\/wp.kristdemokraterna.se\/uppsala\/familjen-forst-1-maj-i-uppsala\/","url":"https:\/\/wp.kristdemokraterna.se\/uppsala\/familjen-forst-1-maj-i-uppsala\/","name":"Familjen f\u00f6rst - 1 maj i Uppsala | Kristdemokraterna | Uppsala","isPartOf":{"@id":"https:\/\/wp.kristdemokraterna.se\/uppsala\/#website"},"primaryImageOfPage":{"@id":"https:\/\/wp.kristdemokraterna.se\/uppsala\/familjen-forst-1-maj-i-uppsala\/#primaryimage"},"image":{"@id":"https:\/\/wp.kristdemokraterna.se\/uppsala\/familjen-forst-1-maj-i-uppsala\/#primaryimage"},"thumbnailUrl":"https:\/\/wp.kristdemokraterna.se\/uppsala\/files\/2013\/04\/IMG_64301-Maj-KD2011.jpg","datePublished":"2014-04-17T20:07:25+00:00","dateModified":"2024-04-03T23:25:01+00:00","breadcrumb":{"@id":"https:\/\/wp.kristdemokraterna.se\/uppsala\/familjen-forst-1-maj-i-uppsala\/#breadcrumb"},"inLanguage":"sv-SE","potentialAction":[{"@type":"ReadAction","target":["https:\/\/wp.kristdemokraterna.se\/uppsala\/familjen-forst-1-maj-i-uppsala\/"]}]},{"@type":"ImageObject","inLanguage":"sv-SE","@id":"https:\/\/wp.kristdemokraterna.se\/uppsala\/familjen-forst-1-maj-i-uppsala\/#primaryimage","url":"https:\/\/wp.kristdemokraterna.se\/uppsala\/files\/2013\/04\/IMG_64301-Maj-KD2011.jpg","contentUrl":"https:\/\/wp.kristdemokraterna.se\/uppsala\/files\/2013\/04\/IMG_64301-Maj-KD2011.jpg","width":3543,"height":2362,"caption":"Fr\u00e5n 1 maj 2011"},{"@type":"BreadcrumbList","@id":"https:\/\/wp.kristdemokraterna.se\/uppsala\/familjen-forst-1-maj-i-uppsala\/#breadcrumb","itemListElement":[{"@type":"ListItem","position":1,"name":"Hem","item":"https:\/\/wp.kristdemokraterna.se\/uppsala\/"},{"@type":"ListItem","position":2,"name":"Familjen f\u00f6rst &#8211; 1 maj i Uppsala"}]},{"@type":"WebSite","@id":"https:\/\/wp.kristdemokraterna.se\/uppsala\/#website","url":"https:\/\/wp.kristdemokraterna.se\/uppsala\/","name":"Kristdemokraterna Uppsala","description":"Tryggare Uppsala","publisher":{"@id":"https:\/\/wp.kristdemokraterna.se\/uppsala\/#organization"},"inLanguage":"sv-SE"},{"@type":"Organization","@id":"https:\/\/wp.kristdemokraterna.se\/uppsala\/#organization","name":"Kristdemokraterna Uppsala","url":"https:\/\/wp.kristdemokraterna.se\/uppsala\/","logo":{"@type":"ImageObject","inLanguage":"sv-SE","@id":"https:\/\/wp.kristdemokraterna.se\/uppsala\/#\/schema\/logo\/image\/","url":"https:\/\/wp.kristdemokraterna.se\/uppsala\/files\/2019\/10\/kd-uppsala.png","contentUrl":"https:\/\/wp.kristdemokraterna.se\/uppsala\/files\/2019\/10\/kd-uppsala.png","width":804,"height":421,"caption":"Kristdemokraterna Uppsala"},"image":{"@id":"https:\/\/wp.kristdemokraterna.se\/uppsala\/#\/schema\/logo\/image\/"},"sameAs":["https:\/\/www.facebook.com\/UppsalaKD\/","https:\/\/www.instagram.com\/uppsalakd\/"]},{"@type":"Person","@id":"https:\/\/wp.kristdemokraterna.se\/uppsala\/#\/schema\/person\/35cfc18a4fb325c7f6e262fb7ce3cfc0","name":"Mikael Oscarsson","image":{"@type":"ImageObject","inLanguage":"sv-SE","@id":"https:\/\/secure.gravatar.com\/avatar\/766f069e133be0ee244c75d202fc5fcf4f883f182ecfd2933528f0a587902143?s=96&r=g","url":"https:\/\/secure.gravatar.com\/avatar\/766f069e133be0ee244c75d202fc5fcf4f883f182ecfd2933528f0a587902143?s=96&r=g","contentUrl":"https:\/\/secure.gravatar.com\/avatar\/766f069e133be0ee244c75d202fc5fcf4f883f182ecfd2933528f0a587902143?s=96&r=g","caption":"Mikael Oscarsson"},"url":"https:\/\/wp.kristdemokraterna.se\/uppsala\/author\/mos\/"}]}},"_links":{"self":[{"href":"https:\/\/wp.kristdemokraterna.se\/uppsala\/wp-json\/wp\/v2\/posts\/953","targetHints":{"allow":["GET"]}}],"collection":[{"href":"https:\/\/wp.kristdemokraterna.se\/uppsala\/wp-json\/wp\/v2\/posts"}],"about":[{"href":"https:\/\/wp.kristdemokraterna.se\/uppsala\/wp-json\/wp\/v2\/types\/post"}],"author":[{"embeddable":true,"href":"https:\/\/wp.kristdemokraterna.se\/uppsala\/wp-json\/wp\/v2\/users\/574"}],"replies":[{"embeddable":true,"href":"https:\/\/wp.kristdemokraterna.se\/uppsala\/wp-json\/wp\/v2\/comments?post=953"}],"version-history":[{"count":2,"href":"https:\/\/wp.kristdemokraterna.se\/uppsala\/wp-json\/wp\/v2\/posts\/953\/revisions"}],"predecessor-version":[{"id":1574,"href":"https:\/\/wp.kristdemokraterna.se\/uppsala\/wp-json\/wp\/v2\/posts\/953\/revisions\/1574"}],"wp:featuredmedia":[{"embeddable":true,"href":"https:\/\/wp.kristdemokraterna.se\/uppsala\/wp-json\/wp\/v2\/media\/619"}],"wp:attachment":[{"href":"https:\/\/wp.kristdemokraterna.se\/uppsala\/wp-json\/wp\/v2\/media?parent=953"}],"wp:term":[{"taxonomy":"category","embeddable":true,"href":"https:\/\/wp.kristdemokraterna.se\/uppsala\/wp-json\/wp\/v2\/categories?post=953"},{"taxonomy":"post_tag","embeddable":true,"href":"https:\/\/wp.kristdemokraterna.se\/uppsala\/wp-json\/wp\/v2\/tags?post=953"}],"curies":[{"name":"wp","href":"https:\/\/api.w.org\/{rel}","templated":true}]}}