{"id":988,"date":"2014-04-24T14:58:52","date_gmt":"2014-04-24T12:58:52","guid":{"rendered":"http:\/\/wp.kristdemokraterna.se\/uppsala\/?p=988"},"modified":"2024-04-04T01:20:35","modified_gmt":"2024-04-03T23:20:35","slug":"koerna-i-sjukvarden-kortas","status":"publish","type":"post","link":"https:\/\/wp.kristdemokraterna.se\/uppsala\/koerna-i-sjukvarden-kortas\/","title":{"rendered":"K\u00f6erna i sjukv\u00e5rden kortas"},"content":{"rendered":"<p><strong>Vid landstinget i Uppsala l\u00e4n kapas k\u00f6erna i sjukv\u00e5rden i rasande fart. Under mars m\u00e5nad opererades drygt 1600 personer, vilket \u00e4r den h\u00f6gsta siffran p\u00e5 flera \u00e5r. Detta gjorde att landstinget\u00a0f\u00f6r mars m\u00e5nad f\u00e5r del av k\u00f6miljarden.<\/strong><\/p>\n<p>&#8211; Detta \u00e4r goda nyheter f\u00f6r v\u00e5ra patienter. Vi kunde i oktober 2013 se ett trendbrott och den positiva utvecklingen kvarst\u00e5r. V\u00e5ra sjukhus levererar v\u00e5rd s\u00e5 det ryker, s\u00e4ger landstingsr\u00e5det och tillika h\u00e4lso- och sjukv\u00e5rdsstyrelsens ordf\u00f6rande Anna-Karin Klomp (KD).<!--more--><\/p>\n<p>F\u00f6r att f\u00e5 del av k\u00f6miljarden kr\u00e4vs att minst 70% av patienterna ska f\u00e5 ett f\u00f6rsta bes\u00f6k hos specialist och behandling inom tv\u00e5 m\u00e5nader. I mars klarade landstinget grundkravet f\u00f6r b\u00e5de bes\u00f6k och behandling, men bara prestationskravet &#8211; som ger k\u00f6miljardspengar &#8211; f\u00f6r behandling.<\/p>\n<p>&#8211; Fortfarande finns utmaningar. Vi hoppas att vi snart klarar <em>alla<\/em> k\u00f6miljardens krav, forts\u00e4tter Klomp.<\/p>\n","protected":false},"excerpt":{"rendered":"<p>Vid landstinget i Uppsala l\u00e4n kapas k\u00f6erna i sjukv\u00e5rden i rasande fart. Under mars m\u00e5nad opererades drygt 1600 personer, vilket \u00e4r den h\u00f6gsta siffran p\u00e5 flera \u00e5r. Detta gjorde att landstinget\u00a0f\u00f6r mars m\u00e5nad f\u00e5r del av k\u00f6miljarden. &#8211; Detta \u00e4r goda nyheter f\u00f6r v\u00e5ra patienter. Vi kunde i oktober 2013 se ett trendbrott och den <a class=\"read-more-link\" href=\"https:\/\/wp.kristdemokraterna.se\/uppsala\/koerna-i-sjukvarden-kortas\/\">Read More<\/a><\/p>\n","protected":false},"author":570,"featured_media":1044,"comment_status":"closed","ping_status":"closed","sticky":false,"template":"","format":"standard","meta":{"_acf_changed":false,"footnotes":""},"categories":[236],"tags":[7,53,75,73],"class_list":["post-988","post","type-post","status-publish","format-standard","hentry","category-vard-o-omsorg","tag-annakarinklomp","tag-komiljard","tag-kortare-vantetider-i-varden","tag-sjukvard"],"acf":[],"yoast_head":"<!-- This site is optimized with the Yoast SEO plugin v27.4 - https:\/\/yoast.com\/product\/yoast-seo-wordpress\/ -->\n<title>K\u00f6erna i sjukv\u00e5rden kortas | Kristdemokraterna | Uppsala<\/title>\n<meta name=\"robots\" content=\"index, follow, max-snippet:-1, max-image-preview:large, max-video-preview:-1\" \/>\n<link rel=\"canonical\" href=\"https:\/\/wp.kristdemokraterna.se\/uppsala\/koerna-i-sjukvarden-kortas\/\" \/>\n<meta property=\"og:locale\" content=\"sv_SE\" \/>\n<meta property=\"og:type\" content=\"article\" \/>\n<meta property=\"og:title\" content=\"K\u00f6erna i sjukv\u00e5rden kortas | Kristdemokraterna | Uppsala\" \/>\n<meta property=\"og:description\" content=\"Vid landstinget i Uppsala l\u00e4n kapas k\u00f6erna i sjukv\u00e5rden i rasande fart. Under mars m\u00e5nad opererades drygt 1600 personer, vilket \u00e4r den h\u00f6gsta siffran p\u00e5 flera \u00e5r. Detta gjorde att landstinget\u00a0f\u00f6r mars m\u00e5nad f\u00e5r del av k\u00f6miljarden. &#8211; Detta \u00e4r goda nyheter f\u00f6r v\u00e5ra patienter. Vi kunde i oktober 2013 se ett trendbrott och den Read More\" \/>\n<meta property=\"og:url\" content=\"https:\/\/wp.kristdemokraterna.se\/uppsala\/koerna-i-sjukvarden-kortas\/\" \/>\n<meta property=\"og:site_name\" content=\"Kristdemokraterna | Uppsala\" \/>\n<meta property=\"article:publisher\" content=\"https:\/\/www.facebook.com\/UppsalaKD\/\" \/>\n<meta property=\"article:published_time\" content=\"2014-04-24T12:58:52+00:00\" \/>\n<meta property=\"article:modified_time\" content=\"2024-04-03T23:20:35+00:00\" \/>\n<meta property=\"og:image\" content=\"http:\/\/wp.kristdemokraterna.se\/uppsala\/files\/2014\/08\/annakarinklomp.jpg\" \/>\n\t<meta property=\"og:image:width\" content=\"478\" \/>\n\t<meta property=\"og:image:height\" content=\"262\" \/>\n\t<meta property=\"og:image:type\" content=\"image\/jpeg\" \/>\n<meta name=\"author\" content=\"Petra Karl\u00e5\" \/>\n<meta name=\"twitter:card\" content=\"summary_large_image\" \/>\n<meta name=\"twitter:label1\" content=\"Skriven av\" \/>\n\t<meta name=\"twitter:data1\" content=\"Petra Karl\u00e5\" \/>\n\t<meta name=\"twitter:label2\" content=\"Ber\u00e4knad l\u00e4stid\" \/>\n\t<meta name=\"twitter:data2\" content=\"1 minut\" \/>\n<script type=\"application\/ld+json\" class=\"yoast-schema-graph\">{\"@context\":\"https:\\\/\\\/schema.org\",\"@graph\":[{\"@type\":\"Article\",\"@id\":\"https:\\\/\\\/wp.kristdemokraterna.se\\\/uppsala\\\/koerna-i-sjukvarden-kortas\\\/#article\",\"isPartOf\":{\"@id\":\"https:\\\/\\\/wp.kristdemokraterna.se\\\/uppsala\\\/koerna-i-sjukvarden-kortas\\\/\"},\"author\":{\"name\":\"Petra Karl\u00e5\",\"@id\":\"https:\\\/\\\/wp.kristdemokraterna.se\\\/uppsala\\\/#\\\/schema\\\/person\\\/9c9d6764688a85f6a5a9bc0aeab97665\"},\"headline\":\"K\u00f6erna i sjukv\u00e5rden kortas\",\"datePublished\":\"2014-04-24T12:58:52+00:00\",\"dateModified\":\"2024-04-03T23:20:35+00:00\",\"mainEntityOfPage\":{\"@id\":\"https:\\\/\\\/wp.kristdemokraterna.se\\\/uppsala\\\/koerna-i-sjukvarden-kortas\\\/\"},\"wordCount\":171,\"publisher\":{\"@id\":\"https:\\\/\\\/wp.kristdemokraterna.se\\\/uppsala\\\/#organization\"},\"image\":{\"@id\":\"https:\\\/\\\/wp.kristdemokraterna.se\\\/uppsala\\\/koerna-i-sjukvarden-kortas\\\/#primaryimage\"},\"thumbnailUrl\":\"https:\\\/\\\/wp.kristdemokraterna.se\\\/uppsala\\\/files\\\/2014\\\/08\\\/annakarinklomp.jpg\",\"keywords\":[\"Anna-Karin Klomp\",\"k\u00f6miljard\",\"Kortare v\u00e4ntetider i v\u00e5rden\",\"Sjukv\u00e5rd\"],\"articleSection\":[\"V\u00e5rd &amp; omsorg\"],\"inLanguage\":\"sv-SE\"},{\"@type\":\"WebPage\",\"@id\":\"https:\\\/\\\/wp.kristdemokraterna.se\\\/uppsala\\\/koerna-i-sjukvarden-kortas\\\/\",\"url\":\"https:\\\/\\\/wp.kristdemokraterna.se\\\/uppsala\\\/koerna-i-sjukvarden-kortas\\\/\",\"name\":\"K\u00f6erna i sjukv\u00e5rden kortas | Kristdemokraterna | Uppsala\",\"isPartOf\":{\"@id\":\"https:\\\/\\\/wp.kristdemokraterna.se\\\/uppsala\\\/#website\"},\"primaryImageOfPage\":{\"@id\":\"https:\\\/\\\/wp.kristdemokraterna.se\\\/uppsala\\\/koerna-i-sjukvarden-kortas\\\/#primaryimage\"},\"image\":{\"@id\":\"https:\\\/\\\/wp.kristdemokraterna.se\\\/uppsala\\\/koerna-i-sjukvarden-kortas\\\/#primaryimage\"},\"thumbnailUrl\":\"https:\\\/\\\/wp.kristdemokraterna.se\\\/uppsala\\\/files\\\/2014\\\/08\\\/annakarinklomp.jpg\",\"datePublished\":\"2014-04-24T12:58:52+00:00\",\"dateModified\":\"2024-04-03T23:20:35+00:00\",\"breadcrumb\":{\"@id\":\"https:\\\/\\\/wp.kristdemokraterna.se\\\/uppsala\\\/koerna-i-sjukvarden-kortas\\\/#breadcrumb\"},\"inLanguage\":\"sv-SE\",\"potentialAction\":[{\"@type\":\"ReadAction\",\"target\":[\"https:\\\/\\\/wp.kristdemokraterna.se\\\/uppsala\\\/koerna-i-sjukvarden-kortas\\\/\"]}]},{\"@type\":\"ImageObject\",\"inLanguage\":\"sv-SE\",\"@id\":\"https:\\\/\\\/wp.kristdemokraterna.se\\\/uppsala\\\/koerna-i-sjukvarden-kortas\\\/#primaryimage\",\"url\":\"https:\\\/\\\/wp.kristdemokraterna.se\\\/uppsala\\\/files\\\/2014\\\/08\\\/annakarinklomp.jpg\",\"contentUrl\":\"https:\\\/\\\/wp.kristdemokraterna.se\\\/uppsala\\\/files\\\/2014\\\/08\\\/annakarinklomp.jpg\",\"width\":478,\"height\":262,\"caption\":\"Foto: Truls Busch Christensen\"},{\"@type\":\"BreadcrumbList\",\"@id\":\"https:\\\/\\\/wp.kristdemokraterna.se\\\/uppsala\\\/koerna-i-sjukvarden-kortas\\\/#breadcrumb\",\"itemListElement\":[{\"@type\":\"ListItem\",\"position\":1,\"name\":\"Hem\",\"item\":\"https:\\\/\\\/wp.kristdemokraterna.se\\\/uppsala\\\/\"},{\"@type\":\"ListItem\",\"position\":2,\"name\":\"K\u00f6erna i sjukv\u00e5rden kortas\"}]},{\"@type\":\"WebSite\",\"@id\":\"https:\\\/\\\/wp.kristdemokraterna.se\\\/uppsala\\\/#website\",\"url\":\"https:\\\/\\\/wp.kristdemokraterna.se\\\/uppsala\\\/\",\"name\":\"Kristdemokraterna Uppsala\",\"description\":\"Tryggare Uppsala\",\"publisher\":{\"@id\":\"https:\\\/\\\/wp.kristdemokraterna.se\\\/uppsala\\\/#organization\"},\"inLanguage\":\"sv-SE\"},{\"@type\":\"Organization\",\"@id\":\"https:\\\/\\\/wp.kristdemokraterna.se\\\/uppsala\\\/#organization\",\"name\":\"Kristdemokraterna Uppsala\",\"url\":\"https:\\\/\\\/wp.kristdemokraterna.se\\\/uppsala\\\/\",\"logo\":{\"@type\":\"ImageObject\",\"inLanguage\":\"sv-SE\",\"@id\":\"https:\\\/\\\/wp.kristdemokraterna.se\\\/uppsala\\\/#\\\/schema\\\/logo\\\/image\\\/\",\"url\":\"https:\\\/\\\/wp.kristdemokraterna.se\\\/uppsala\\\/files\\\/2019\\\/10\\\/kd-uppsala.png\",\"contentUrl\":\"https:\\\/\\\/wp.kristdemokraterna.se\\\/uppsala\\\/files\\\/2019\\\/10\\\/kd-uppsala.png\",\"width\":804,\"height\":421,\"caption\":\"Kristdemokraterna Uppsala\"},\"image\":{\"@id\":\"https:\\\/\\\/wp.kristdemokraterna.se\\\/uppsala\\\/#\\\/schema\\\/logo\\\/image\\\/\"},\"sameAs\":[\"https:\\\/\\\/www.facebook.com\\\/UppsalaKD\\\/\",\"https:\\\/\\\/www.instagram.com\\\/uppsalakd\\\/\"]},{\"@type\":\"Person\",\"@id\":\"https:\\\/\\\/wp.kristdemokraterna.se\\\/uppsala\\\/#\\\/schema\\\/person\\\/9c9d6764688a85f6a5a9bc0aeab97665\",\"name\":\"Petra Karl\u00e5\",\"image\":{\"@type\":\"ImageObject\",\"inLanguage\":\"sv-SE\",\"@id\":\"https:\\\/\\\/secure.gravatar.com\\\/avatar\\\/4a0351df3ec5e473a63caa9ade3c07a69c688dacf0d1055a81464c4244cd8431?s=96&r=g\",\"url\":\"https:\\\/\\\/secure.gravatar.com\\\/avatar\\\/4a0351df3ec5e473a63caa9ade3c07a69c688dacf0d1055a81464c4244cd8431?s=96&r=g\",\"contentUrl\":\"https:\\\/\\\/secure.gravatar.com\\\/avatar\\\/4a0351df3ec5e473a63caa9ade3c07a69c688dacf0d1055a81464c4244cd8431?s=96&r=g\",\"caption\":\"Petra Karl\u00e5\"},\"url\":\"https:\\\/\\\/wp.kristdemokraterna.se\\\/uppsala\\\/author\\\/petrakarla\\\/\"}]}<\/script>\n<!-- \/ Yoast SEO plugin. -->","yoast_head_json":{"title":"K\u00f6erna i sjukv\u00e5rden kortas | Kristdemokraterna | Uppsala","robots":{"index":"index","follow":"follow","max-snippet":"max-snippet:-1","max-image-preview":"max-image-preview:large","max-video-preview":"max-video-preview:-1"},"canonical":"https:\/\/wp.kristdemokraterna.se\/uppsala\/koerna-i-sjukvarden-kortas\/","og_locale":"sv_SE","og_type":"article","og_title":"K\u00f6erna i sjukv\u00e5rden kortas | Kristdemokraterna | Uppsala","og_description":"Vid landstinget i Uppsala l\u00e4n kapas k\u00f6erna i sjukv\u00e5rden i rasande fart. Under mars m\u00e5nad opererades drygt 1600 personer, vilket \u00e4r den h\u00f6gsta siffran p\u00e5 flera \u00e5r. Detta gjorde att landstinget\u00a0f\u00f6r mars m\u00e5nad f\u00e5r del av k\u00f6miljarden. &#8211; Detta \u00e4r goda nyheter f\u00f6r v\u00e5ra patienter. Vi kunde i oktober 2013 se ett trendbrott och den Read More","og_url":"https:\/\/wp.kristdemokraterna.se\/uppsala\/koerna-i-sjukvarden-kortas\/","og_site_name":"Kristdemokraterna | Uppsala","article_publisher":"https:\/\/www.facebook.com\/UppsalaKD\/","article_published_time":"2014-04-24T12:58:52+00:00","article_modified_time":"2024-04-03T23:20:35+00:00","og_image":[{"width":478,"height":262,"url":"http:\/\/wp.kristdemokraterna.se\/uppsala\/files\/2014\/08\/annakarinklomp.jpg","type":"image\/jpeg"}],"author":"Petra Karl\u00e5","twitter_card":"summary_large_image","twitter_misc":{"Skriven av":"Petra Karl\u00e5","Ber\u00e4knad l\u00e4stid":"1 minut"},"schema":{"@context":"https:\/\/schema.org","@graph":[{"@type":"Article","@id":"https:\/\/wp.kristdemokraterna.se\/uppsala\/koerna-i-sjukvarden-kortas\/#article","isPartOf":{"@id":"https:\/\/wp.kristdemokraterna.se\/uppsala\/koerna-i-sjukvarden-kortas\/"},"author":{"name":"Petra Karl\u00e5","@id":"https:\/\/wp.kristdemokraterna.se\/uppsala\/#\/schema\/person\/9c9d6764688a85f6a5a9bc0aeab97665"},"headline":"K\u00f6erna i sjukv\u00e5rden kortas","datePublished":"2014-04-24T12:58:52+00:00","dateModified":"2024-04-03T23:20:35+00:00","mainEntityOfPage":{"@id":"https:\/\/wp.kristdemokraterna.se\/uppsala\/koerna-i-sjukvarden-kortas\/"},"wordCount":171,"publisher":{"@id":"https:\/\/wp.kristdemokraterna.se\/uppsala\/#organization"},"image":{"@id":"https:\/\/wp.kristdemokraterna.se\/uppsala\/koerna-i-sjukvarden-kortas\/#primaryimage"},"thumbnailUrl":"https:\/\/wp.kristdemokraterna.se\/uppsala\/files\/2014\/08\/annakarinklomp.jpg","keywords":["Anna-Karin Klomp","k\u00f6miljard","Kortare v\u00e4ntetider i v\u00e5rden","Sjukv\u00e5rd"],"articleSection":["V\u00e5rd &amp; omsorg"],"inLanguage":"sv-SE"},{"@type":"WebPage","@id":"https:\/\/wp.kristdemokraterna.se\/uppsala\/koerna-i-sjukvarden-kortas\/","url":"https:\/\/wp.kristdemokraterna.se\/uppsala\/koerna-i-sjukvarden-kortas\/","name":"K\u00f6erna i sjukv\u00e5rden kortas | Kristdemokraterna | Uppsala","isPartOf":{"@id":"https:\/\/wp.kristdemokraterna.se\/uppsala\/#website"},"primaryImageOfPage":{"@id":"https:\/\/wp.kristdemokraterna.se\/uppsala\/koerna-i-sjukvarden-kortas\/#primaryimage"},"image":{"@id":"https:\/\/wp.kristdemokraterna.se\/uppsala\/koerna-i-sjukvarden-kortas\/#primaryimage"},"thumbnailUrl":"https:\/\/wp.kristdemokraterna.se\/uppsala\/files\/2014\/08\/annakarinklomp.jpg","datePublished":"2014-04-24T12:58:52+00:00","dateModified":"2024-04-03T23:20:35+00:00","breadcrumb":{"@id":"https:\/\/wp.kristdemokraterna.se\/uppsala\/koerna-i-sjukvarden-kortas\/#breadcrumb"},"inLanguage":"sv-SE","potentialAction":[{"@type":"ReadAction","target":["https:\/\/wp.kristdemokraterna.se\/uppsala\/koerna-i-sjukvarden-kortas\/"]}]},{"@type":"ImageObject","inLanguage":"sv-SE","@id":"https:\/\/wp.kristdemokraterna.se\/uppsala\/koerna-i-sjukvarden-kortas\/#primaryimage","url":"https:\/\/wp.kristdemokraterna.se\/uppsala\/files\/2014\/08\/annakarinklomp.jpg","contentUrl":"https:\/\/wp.kristdemokraterna.se\/uppsala\/files\/2014\/08\/annakarinklomp.jpg","width":478,"height":262,"caption":"Foto: Truls Busch Christensen"},{"@type":"BreadcrumbList","@id":"https:\/\/wp.kristdemokraterna.se\/uppsala\/koerna-i-sjukvarden-kortas\/#breadcrumb","itemListElement":[{"@type":"ListItem","position":1,"name":"Hem","item":"https:\/\/wp.kristdemokraterna.se\/uppsala\/"},{"@type":"ListItem","position":2,"name":"K\u00f6erna i sjukv\u00e5rden kortas"}]},{"@type":"WebSite","@id":"https:\/\/wp.kristdemokraterna.se\/uppsala\/#website","url":"https:\/\/wp.kristdemokraterna.se\/uppsala\/","name":"Kristdemokraterna Uppsala","description":"Tryggare Uppsala","publisher":{"@id":"https:\/\/wp.kristdemokraterna.se\/uppsala\/#organization"},"inLanguage":"sv-SE"},{"@type":"Organization","@id":"https:\/\/wp.kristdemokraterna.se\/uppsala\/#organization","name":"Kristdemokraterna Uppsala","url":"https:\/\/wp.kristdemokraterna.se\/uppsala\/","logo":{"@type":"ImageObject","inLanguage":"sv-SE","@id":"https:\/\/wp.kristdemokraterna.se\/uppsala\/#\/schema\/logo\/image\/","url":"https:\/\/wp.kristdemokraterna.se\/uppsala\/files\/2019\/10\/kd-uppsala.png","contentUrl":"https:\/\/wp.kristdemokraterna.se\/uppsala\/files\/2019\/10\/kd-uppsala.png","width":804,"height":421,"caption":"Kristdemokraterna Uppsala"},"image":{"@id":"https:\/\/wp.kristdemokraterna.se\/uppsala\/#\/schema\/logo\/image\/"},"sameAs":["https:\/\/www.facebook.com\/UppsalaKD\/","https:\/\/www.instagram.com\/uppsalakd\/"]},{"@type":"Person","@id":"https:\/\/wp.kristdemokraterna.se\/uppsala\/#\/schema\/person\/9c9d6764688a85f6a5a9bc0aeab97665","name":"Petra Karl\u00e5","image":{"@type":"ImageObject","inLanguage":"sv-SE","@id":"https:\/\/secure.gravatar.com\/avatar\/4a0351df3ec5e473a63caa9ade3c07a69c688dacf0d1055a81464c4244cd8431?s=96&r=g","url":"https:\/\/secure.gravatar.com\/avatar\/4a0351df3ec5e473a63caa9ade3c07a69c688dacf0d1055a81464c4244cd8431?s=96&r=g","contentUrl":"https:\/\/secure.gravatar.com\/avatar\/4a0351df3ec5e473a63caa9ade3c07a69c688dacf0d1055a81464c4244cd8431?s=96&r=g","caption":"Petra Karl\u00e5"},"url":"https:\/\/wp.kristdemokraterna.se\/uppsala\/author\/petrakarla\/"}]}},"_links":{"self":[{"href":"https:\/\/wp.kristdemokraterna.se\/uppsala\/wp-json\/wp\/v2\/posts\/988","targetHints":{"allow":["GET"]}}],"collection":[{"href":"https:\/\/wp.kristdemokraterna.se\/uppsala\/wp-json\/wp\/v2\/posts"}],"about":[{"href":"https:\/\/wp.kristdemokraterna.se\/uppsala\/wp-json\/wp\/v2\/types\/post"}],"author":[{"embeddable":true,"href":"https:\/\/wp.kristdemokraterna.se\/uppsala\/wp-json\/wp\/v2\/users\/570"}],"replies":[{"embeddable":true,"href":"https:\/\/wp.kristdemokraterna.se\/uppsala\/wp-json\/wp\/v2\/comments?post=988"}],"version-history":[{"count":6,"href":"https:\/\/wp.kristdemokraterna.se\/uppsala\/wp-json\/wp\/v2\/posts\/988\/revisions"}],"predecessor-version":[{"id":1572,"href":"https:\/\/wp.kristdemokraterna.se\/uppsala\/wp-json\/wp\/v2\/posts\/988\/revisions\/1572"}],"wp:featuredmedia":[{"embeddable":true,"href":"https:\/\/wp.kristdemokraterna.se\/uppsala\/wp-json\/wp\/v2\/media\/1044"}],"wp:attachment":[{"href":"https:\/\/wp.kristdemokraterna.se\/uppsala\/wp-json\/wp\/v2\/media?parent=988"}],"wp:term":[{"taxonomy":"category","embeddable":true,"href":"https:\/\/wp.kristdemokraterna.se\/uppsala\/wp-json\/wp\/v2\/categories?post=988"},{"taxonomy":"post_tag","embeddable":true,"href":"https:\/\/wp.kristdemokraterna.se\/uppsala\/wp-json\/wp\/v2\/tags?post=988"}],"curies":[{"name":"wp","href":"https:\/\/api.w.org\/{rel}","templated":true}]}}