{"id":995,"date":"2014-04-29T11:51:12","date_gmt":"2014-04-29T09:51:12","guid":{"rendered":"http:\/\/wp.kristdemokraterna.se\/uppsala\/?p=995"},"modified":"2024-04-07T17:26:33","modified_gmt":"2024-04-07T15:26:33","slug":"brister-i-rehabilitering-ska-atgardas","status":"publish","type":"post","link":"https:\/\/wp.kristdemokraterna.se\/uppsala\/brister-i-rehabilitering-ska-atgardas\/","title":{"rendered":"Brister i rehabilitering ska \u00e5tg\u00e4rdas"},"content":{"rendered":"<p><a href=\"http:\/\/sverigesradio.se\/sida\/artikel.aspx?programid=114&amp;artikel=5848672\">Notis i P4 Uppland 29 april 2014<\/a><\/p>\n<p><strong>Det finns m\u00e5nga brister i v\u00e5rdkedjan f\u00f6r rehabiliteringen inom flera omr\u00e5den.<\/strong> Det framg\u00e5r av en utredningsrapport som presenterades p\u00e5 h\u00e4lso- och sjukv\u00e5rdsstyrelsen idag. Nu ska en \u00e5tg\u00e4rdsplan tas fram f\u00f6r att r\u00e4tta till bristerna.<\/p>\n<p><strong>\u2013 Rehabiliteringen \u00e4r en viktig del av v\u00e5rden och vi beh\u00f6ver \u00e5tg\u00e4rda de brister som finns idag, s\u00e5 att patienterna inte ska riskera att komma i kl\u00e4m, s\u00e4ger Anna-Karin Klomp (KD) ordf\u00f6rande i h\u00e4lso- och sjukv\u00e5rdsstyrelsen.<\/strong><!--more--><\/p>\n<p>Utredningens uppdrag var att kartl\u00e4gga brister i v\u00e5rdkedjan n\u00e4r det g\u00e4ller rehabilitering och att ta fram f\u00f6rslag p\u00e5 \u00e5tg\u00e4rder f\u00f6r att r\u00e4tta till bristerna. Slutsatsen \u00e4r att det finns m\u00e5nga brister i v\u00e5rdkedjan. Bland annat saknas enhetliga rutiner f\u00f6r samverkan och informations\u00f6verf\u00f6ring. Det finns ocks\u00e5 oklarheter kring ansvarsf\u00f6rdelningen, s\u00e4rskilt mellan prim\u00e4rv\u00e5rd och kommun. Dessutom har rehabilitering som kunskaps- och kompetensomr\u00e5de l\u00e5g status och det saknas b\u00e5de resultatm\u00e5tt och kvalitetsm\u00e5tt.<\/p>\n<p>Med utredningen f\u00f6ljer ocks\u00e5 en lista med f\u00f6rslag till \u00e5tg\u00e4rder. H\u00e4lso- och sjukv\u00e5rdsstyrelsen gav h\u00e4lso- och sjukv\u00e5rdsdirekt\u00f6ren i uppdrag att ta fram en \u00e5tg\u00e4rdsplan med en ekonomisk kalkyl till h\u00e4lso- och sjukv\u00e5rdsstyrelsens junim\u00f6te.<\/p>\n","protected":false},"excerpt":{"rendered":"<p>Notis i P4 Uppland 29 april 2014 Det finns m\u00e5nga brister i v\u00e5rdkedjan f\u00f6r rehabiliteringen inom flera omr\u00e5den. Det framg\u00e5r av en utredningsrapport som presenterades p\u00e5 h\u00e4lso- och sjukv\u00e5rdsstyrelsen idag. Nu ska en \u00e5tg\u00e4rdsplan tas fram f\u00f6r att r\u00e4tta till bristerna. \u2013 Rehabiliteringen \u00e4r en viktig del av v\u00e5rden och vi beh\u00f6ver \u00e5tg\u00e4rda de brister <a class=\"read-more-link\" href=\"https:\/\/wp.kristdemokraterna.se\/uppsala\/brister-i-rehabilitering-ska-atgardas\/\">Read More<\/a><\/p>\n","protected":false},"author":570,"featured_media":1044,"comment_status":"closed","ping_status":"closed","sticky":false,"template":"","format":"standard","meta":{"_acf_changed":false,"footnotes":""},"categories":[236],"tags":[7,52,74],"class_list":["post-995","post","type-post","status-publish","format-standard","hentry","category-vard-o-omsorg","tag-annakarinklomp","tag-landstinget-i-uppsala-lan","tag-rehabilitering"],"acf":[],"yoast_head":"<!-- This site is optimized with the Yoast SEO plugin v27.4 - https:\/\/yoast.com\/product\/yoast-seo-wordpress\/ -->\n<title>Brister i rehabilitering ska \u00e5tg\u00e4rdas | Kristdemokraterna | Uppsala<\/title>\n<meta name=\"robots\" content=\"index, follow, max-snippet:-1, max-image-preview:large, max-video-preview:-1\" \/>\n<link rel=\"canonical\" href=\"https:\/\/wp.kristdemokraterna.se\/uppsala\/brister-i-rehabilitering-ska-atgardas\/\" \/>\n<meta property=\"og:locale\" content=\"sv_SE\" \/>\n<meta property=\"og:type\" content=\"article\" \/>\n<meta property=\"og:title\" content=\"Brister i rehabilitering ska \u00e5tg\u00e4rdas | Kristdemokraterna | Uppsala\" \/>\n<meta property=\"og:description\" content=\"Notis i P4 Uppland 29 april 2014 Det finns m\u00e5nga brister i v\u00e5rdkedjan f\u00f6r rehabiliteringen inom flera omr\u00e5den. Det framg\u00e5r av en utredningsrapport som presenterades p\u00e5 h\u00e4lso- och sjukv\u00e5rdsstyrelsen idag. Nu ska en \u00e5tg\u00e4rdsplan tas fram f\u00f6r att r\u00e4tta till bristerna. \u2013 Rehabiliteringen \u00e4r en viktig del av v\u00e5rden och vi beh\u00f6ver \u00e5tg\u00e4rda de brister Read More\" \/>\n<meta property=\"og:url\" content=\"https:\/\/wp.kristdemokraterna.se\/uppsala\/brister-i-rehabilitering-ska-atgardas\/\" \/>\n<meta property=\"og:site_name\" content=\"Kristdemokraterna | Uppsala\" \/>\n<meta property=\"article:publisher\" content=\"https:\/\/www.facebook.com\/UppsalaKD\/\" \/>\n<meta property=\"article:published_time\" content=\"2014-04-29T09:51:12+00:00\" \/>\n<meta property=\"article:modified_time\" content=\"2024-04-07T15:26:33+00:00\" \/>\n<meta property=\"og:image\" content=\"http:\/\/wp.kristdemokraterna.se\/uppsala\/files\/2014\/08\/annakarinklomp.jpg\" \/>\n\t<meta property=\"og:image:width\" content=\"478\" \/>\n\t<meta property=\"og:image:height\" content=\"262\" \/>\n\t<meta property=\"og:image:type\" content=\"image\/jpeg\" \/>\n<meta name=\"author\" content=\"Petra Karl\u00e5\" \/>\n<meta name=\"twitter:card\" content=\"summary_large_image\" \/>\n<meta name=\"twitter:label1\" content=\"Skriven av\" \/>\n\t<meta name=\"twitter:data1\" content=\"Petra Karl\u00e5\" \/>\n\t<meta name=\"twitter:label2\" content=\"Ber\u00e4knad l\u00e4stid\" \/>\n\t<meta name=\"twitter:data2\" content=\"1 minut\" \/>\n<script type=\"application\/ld+json\" class=\"yoast-schema-graph\">{\"@context\":\"https:\\\/\\\/schema.org\",\"@graph\":[{\"@type\":\"Article\",\"@id\":\"https:\\\/\\\/wp.kristdemokraterna.se\\\/uppsala\\\/brister-i-rehabilitering-ska-atgardas\\\/#article\",\"isPartOf\":{\"@id\":\"https:\\\/\\\/wp.kristdemokraterna.se\\\/uppsala\\\/brister-i-rehabilitering-ska-atgardas\\\/\"},\"author\":{\"name\":\"Petra Karl\u00e5\",\"@id\":\"https:\\\/\\\/wp.kristdemokraterna.se\\\/uppsala\\\/#\\\/schema\\\/person\\\/9c9d6764688a85f6a5a9bc0aeab97665\"},\"headline\":\"Brister i rehabilitering ska \u00e5tg\u00e4rdas\",\"datePublished\":\"2014-04-29T09:51:12+00:00\",\"dateModified\":\"2024-04-07T15:26:33+00:00\",\"mainEntityOfPage\":{\"@id\":\"https:\\\/\\\/wp.kristdemokraterna.se\\\/uppsala\\\/brister-i-rehabilitering-ska-atgardas\\\/\"},\"wordCount\":234,\"publisher\":{\"@id\":\"https:\\\/\\\/wp.kristdemokraterna.se\\\/uppsala\\\/#organization\"},\"image\":{\"@id\":\"https:\\\/\\\/wp.kristdemokraterna.se\\\/uppsala\\\/brister-i-rehabilitering-ska-atgardas\\\/#primaryimage\"},\"thumbnailUrl\":\"https:\\\/\\\/wp.kristdemokraterna.se\\\/uppsala\\\/files\\\/2014\\\/08\\\/annakarinklomp.jpg\",\"keywords\":[\"Anna-Karin Klomp\",\"Landstinget i Uppsala l\u00e4n\",\"Rehabilitering\"],\"articleSection\":[\"V\u00e5rd &amp; omsorg\"],\"inLanguage\":\"sv-SE\"},{\"@type\":\"WebPage\",\"@id\":\"https:\\\/\\\/wp.kristdemokraterna.se\\\/uppsala\\\/brister-i-rehabilitering-ska-atgardas\\\/\",\"url\":\"https:\\\/\\\/wp.kristdemokraterna.se\\\/uppsala\\\/brister-i-rehabilitering-ska-atgardas\\\/\",\"name\":\"Brister i rehabilitering ska \u00e5tg\u00e4rdas | Kristdemokraterna | Uppsala\",\"isPartOf\":{\"@id\":\"https:\\\/\\\/wp.kristdemokraterna.se\\\/uppsala\\\/#website\"},\"primaryImageOfPage\":{\"@id\":\"https:\\\/\\\/wp.kristdemokraterna.se\\\/uppsala\\\/brister-i-rehabilitering-ska-atgardas\\\/#primaryimage\"},\"image\":{\"@id\":\"https:\\\/\\\/wp.kristdemokraterna.se\\\/uppsala\\\/brister-i-rehabilitering-ska-atgardas\\\/#primaryimage\"},\"thumbnailUrl\":\"https:\\\/\\\/wp.kristdemokraterna.se\\\/uppsala\\\/files\\\/2014\\\/08\\\/annakarinklomp.jpg\",\"datePublished\":\"2014-04-29T09:51:12+00:00\",\"dateModified\":\"2024-04-07T15:26:33+00:00\",\"breadcrumb\":{\"@id\":\"https:\\\/\\\/wp.kristdemokraterna.se\\\/uppsala\\\/brister-i-rehabilitering-ska-atgardas\\\/#breadcrumb\"},\"inLanguage\":\"sv-SE\",\"potentialAction\":[{\"@type\":\"ReadAction\",\"target\":[\"https:\\\/\\\/wp.kristdemokraterna.se\\\/uppsala\\\/brister-i-rehabilitering-ska-atgardas\\\/\"]}]},{\"@type\":\"ImageObject\",\"inLanguage\":\"sv-SE\",\"@id\":\"https:\\\/\\\/wp.kristdemokraterna.se\\\/uppsala\\\/brister-i-rehabilitering-ska-atgardas\\\/#primaryimage\",\"url\":\"https:\\\/\\\/wp.kristdemokraterna.se\\\/uppsala\\\/files\\\/2014\\\/08\\\/annakarinklomp.jpg\",\"contentUrl\":\"https:\\\/\\\/wp.kristdemokraterna.se\\\/uppsala\\\/files\\\/2014\\\/08\\\/annakarinklomp.jpg\",\"width\":478,\"height\":262,\"caption\":\"Foto: Truls Busch Christensen\"},{\"@type\":\"BreadcrumbList\",\"@id\":\"https:\\\/\\\/wp.kristdemokraterna.se\\\/uppsala\\\/brister-i-rehabilitering-ska-atgardas\\\/#breadcrumb\",\"itemListElement\":[{\"@type\":\"ListItem\",\"position\":1,\"name\":\"Hem\",\"item\":\"https:\\\/\\\/wp.kristdemokraterna.se\\\/uppsala\\\/\"},{\"@type\":\"ListItem\",\"position\":2,\"name\":\"Brister i rehabilitering ska \u00e5tg\u00e4rdas\"}]},{\"@type\":\"WebSite\",\"@id\":\"https:\\\/\\\/wp.kristdemokraterna.se\\\/uppsala\\\/#website\",\"url\":\"https:\\\/\\\/wp.kristdemokraterna.se\\\/uppsala\\\/\",\"name\":\"Kristdemokraterna Uppsala\",\"description\":\"Tryggare Uppsala\",\"publisher\":{\"@id\":\"https:\\\/\\\/wp.kristdemokraterna.se\\\/uppsala\\\/#organization\"},\"inLanguage\":\"sv-SE\"},{\"@type\":\"Organization\",\"@id\":\"https:\\\/\\\/wp.kristdemokraterna.se\\\/uppsala\\\/#organization\",\"name\":\"Kristdemokraterna Uppsala\",\"url\":\"https:\\\/\\\/wp.kristdemokraterna.se\\\/uppsala\\\/\",\"logo\":{\"@type\":\"ImageObject\",\"inLanguage\":\"sv-SE\",\"@id\":\"https:\\\/\\\/wp.kristdemokraterna.se\\\/uppsala\\\/#\\\/schema\\\/logo\\\/image\\\/\",\"url\":\"https:\\\/\\\/wp.kristdemokraterna.se\\\/uppsala\\\/files\\\/2019\\\/10\\\/kd-uppsala.png\",\"contentUrl\":\"https:\\\/\\\/wp.kristdemokraterna.se\\\/uppsala\\\/files\\\/2019\\\/10\\\/kd-uppsala.png\",\"width\":804,\"height\":421,\"caption\":\"Kristdemokraterna Uppsala\"},\"image\":{\"@id\":\"https:\\\/\\\/wp.kristdemokraterna.se\\\/uppsala\\\/#\\\/schema\\\/logo\\\/image\\\/\"},\"sameAs\":[\"https:\\\/\\\/www.facebook.com\\\/UppsalaKD\\\/\",\"https:\\\/\\\/www.instagram.com\\\/uppsalakd\\\/\"]},{\"@type\":\"Person\",\"@id\":\"https:\\\/\\\/wp.kristdemokraterna.se\\\/uppsala\\\/#\\\/schema\\\/person\\\/9c9d6764688a85f6a5a9bc0aeab97665\",\"name\":\"Petra Karl\u00e5\",\"image\":{\"@type\":\"ImageObject\",\"inLanguage\":\"sv-SE\",\"@id\":\"https:\\\/\\\/secure.gravatar.com\\\/avatar\\\/4a0351df3ec5e473a63caa9ade3c07a69c688dacf0d1055a81464c4244cd8431?s=96&r=g\",\"url\":\"https:\\\/\\\/secure.gravatar.com\\\/avatar\\\/4a0351df3ec5e473a63caa9ade3c07a69c688dacf0d1055a81464c4244cd8431?s=96&r=g\",\"contentUrl\":\"https:\\\/\\\/secure.gravatar.com\\\/avatar\\\/4a0351df3ec5e473a63caa9ade3c07a69c688dacf0d1055a81464c4244cd8431?s=96&r=g\",\"caption\":\"Petra Karl\u00e5\"},\"url\":\"https:\\\/\\\/wp.kristdemokraterna.se\\\/uppsala\\\/author\\\/petrakarla\\\/\"}]}<\/script>\n<!-- \/ Yoast SEO plugin. -->","yoast_head_json":{"title":"Brister i rehabilitering ska \u00e5tg\u00e4rdas | Kristdemokraterna | Uppsala","robots":{"index":"index","follow":"follow","max-snippet":"max-snippet:-1","max-image-preview":"max-image-preview:large","max-video-preview":"max-video-preview:-1"},"canonical":"https:\/\/wp.kristdemokraterna.se\/uppsala\/brister-i-rehabilitering-ska-atgardas\/","og_locale":"sv_SE","og_type":"article","og_title":"Brister i rehabilitering ska \u00e5tg\u00e4rdas | Kristdemokraterna | Uppsala","og_description":"Notis i P4 Uppland 29 april 2014 Det finns m\u00e5nga brister i v\u00e5rdkedjan f\u00f6r rehabiliteringen inom flera omr\u00e5den. Det framg\u00e5r av en utredningsrapport som presenterades p\u00e5 h\u00e4lso- och sjukv\u00e5rdsstyrelsen idag. Nu ska en \u00e5tg\u00e4rdsplan tas fram f\u00f6r att r\u00e4tta till bristerna. \u2013 Rehabiliteringen \u00e4r en viktig del av v\u00e5rden och vi beh\u00f6ver \u00e5tg\u00e4rda de brister Read More","og_url":"https:\/\/wp.kristdemokraterna.se\/uppsala\/brister-i-rehabilitering-ska-atgardas\/","og_site_name":"Kristdemokraterna | Uppsala","article_publisher":"https:\/\/www.facebook.com\/UppsalaKD\/","article_published_time":"2014-04-29T09:51:12+00:00","article_modified_time":"2024-04-07T15:26:33+00:00","og_image":[{"width":478,"height":262,"url":"http:\/\/wp.kristdemokraterna.se\/uppsala\/files\/2014\/08\/annakarinklomp.jpg","type":"image\/jpeg"}],"author":"Petra Karl\u00e5","twitter_card":"summary_large_image","twitter_misc":{"Skriven av":"Petra Karl\u00e5","Ber\u00e4knad l\u00e4stid":"1 minut"},"schema":{"@context":"https:\/\/schema.org","@graph":[{"@type":"Article","@id":"https:\/\/wp.kristdemokraterna.se\/uppsala\/brister-i-rehabilitering-ska-atgardas\/#article","isPartOf":{"@id":"https:\/\/wp.kristdemokraterna.se\/uppsala\/brister-i-rehabilitering-ska-atgardas\/"},"author":{"name":"Petra Karl\u00e5","@id":"https:\/\/wp.kristdemokraterna.se\/uppsala\/#\/schema\/person\/9c9d6764688a85f6a5a9bc0aeab97665"},"headline":"Brister i rehabilitering ska \u00e5tg\u00e4rdas","datePublished":"2014-04-29T09:51:12+00:00","dateModified":"2024-04-07T15:26:33+00:00","mainEntityOfPage":{"@id":"https:\/\/wp.kristdemokraterna.se\/uppsala\/brister-i-rehabilitering-ska-atgardas\/"},"wordCount":234,"publisher":{"@id":"https:\/\/wp.kristdemokraterna.se\/uppsala\/#organization"},"image":{"@id":"https:\/\/wp.kristdemokraterna.se\/uppsala\/brister-i-rehabilitering-ska-atgardas\/#primaryimage"},"thumbnailUrl":"https:\/\/wp.kristdemokraterna.se\/uppsala\/files\/2014\/08\/annakarinklomp.jpg","keywords":["Anna-Karin Klomp","Landstinget i Uppsala l\u00e4n","Rehabilitering"],"articleSection":["V\u00e5rd &amp; omsorg"],"inLanguage":"sv-SE"},{"@type":"WebPage","@id":"https:\/\/wp.kristdemokraterna.se\/uppsala\/brister-i-rehabilitering-ska-atgardas\/","url":"https:\/\/wp.kristdemokraterna.se\/uppsala\/brister-i-rehabilitering-ska-atgardas\/","name":"Brister i rehabilitering ska \u00e5tg\u00e4rdas | Kristdemokraterna | Uppsala","isPartOf":{"@id":"https:\/\/wp.kristdemokraterna.se\/uppsala\/#website"},"primaryImageOfPage":{"@id":"https:\/\/wp.kristdemokraterna.se\/uppsala\/brister-i-rehabilitering-ska-atgardas\/#primaryimage"},"image":{"@id":"https:\/\/wp.kristdemokraterna.se\/uppsala\/brister-i-rehabilitering-ska-atgardas\/#primaryimage"},"thumbnailUrl":"https:\/\/wp.kristdemokraterna.se\/uppsala\/files\/2014\/08\/annakarinklomp.jpg","datePublished":"2014-04-29T09:51:12+00:00","dateModified":"2024-04-07T15:26:33+00:00","breadcrumb":{"@id":"https:\/\/wp.kristdemokraterna.se\/uppsala\/brister-i-rehabilitering-ska-atgardas\/#breadcrumb"},"inLanguage":"sv-SE","potentialAction":[{"@type":"ReadAction","target":["https:\/\/wp.kristdemokraterna.se\/uppsala\/brister-i-rehabilitering-ska-atgardas\/"]}]},{"@type":"ImageObject","inLanguage":"sv-SE","@id":"https:\/\/wp.kristdemokraterna.se\/uppsala\/brister-i-rehabilitering-ska-atgardas\/#primaryimage","url":"https:\/\/wp.kristdemokraterna.se\/uppsala\/files\/2014\/08\/annakarinklomp.jpg","contentUrl":"https:\/\/wp.kristdemokraterna.se\/uppsala\/files\/2014\/08\/annakarinklomp.jpg","width":478,"height":262,"caption":"Foto: Truls Busch Christensen"},{"@type":"BreadcrumbList","@id":"https:\/\/wp.kristdemokraterna.se\/uppsala\/brister-i-rehabilitering-ska-atgardas\/#breadcrumb","itemListElement":[{"@type":"ListItem","position":1,"name":"Hem","item":"https:\/\/wp.kristdemokraterna.se\/uppsala\/"},{"@type":"ListItem","position":2,"name":"Brister i rehabilitering ska \u00e5tg\u00e4rdas"}]},{"@type":"WebSite","@id":"https:\/\/wp.kristdemokraterna.se\/uppsala\/#website","url":"https:\/\/wp.kristdemokraterna.se\/uppsala\/","name":"Kristdemokraterna Uppsala","description":"Tryggare Uppsala","publisher":{"@id":"https:\/\/wp.kristdemokraterna.se\/uppsala\/#organization"},"inLanguage":"sv-SE"},{"@type":"Organization","@id":"https:\/\/wp.kristdemokraterna.se\/uppsala\/#organization","name":"Kristdemokraterna Uppsala","url":"https:\/\/wp.kristdemokraterna.se\/uppsala\/","logo":{"@type":"ImageObject","inLanguage":"sv-SE","@id":"https:\/\/wp.kristdemokraterna.se\/uppsala\/#\/schema\/logo\/image\/","url":"https:\/\/wp.kristdemokraterna.se\/uppsala\/files\/2019\/10\/kd-uppsala.png","contentUrl":"https:\/\/wp.kristdemokraterna.se\/uppsala\/files\/2019\/10\/kd-uppsala.png","width":804,"height":421,"caption":"Kristdemokraterna Uppsala"},"image":{"@id":"https:\/\/wp.kristdemokraterna.se\/uppsala\/#\/schema\/logo\/image\/"},"sameAs":["https:\/\/www.facebook.com\/UppsalaKD\/","https:\/\/www.instagram.com\/uppsalakd\/"]},{"@type":"Person","@id":"https:\/\/wp.kristdemokraterna.se\/uppsala\/#\/schema\/person\/9c9d6764688a85f6a5a9bc0aeab97665","name":"Petra Karl\u00e5","image":{"@type":"ImageObject","inLanguage":"sv-SE","@id":"https:\/\/secure.gravatar.com\/avatar\/4a0351df3ec5e473a63caa9ade3c07a69c688dacf0d1055a81464c4244cd8431?s=96&r=g","url":"https:\/\/secure.gravatar.com\/avatar\/4a0351df3ec5e473a63caa9ade3c07a69c688dacf0d1055a81464c4244cd8431?s=96&r=g","contentUrl":"https:\/\/secure.gravatar.com\/avatar\/4a0351df3ec5e473a63caa9ade3c07a69c688dacf0d1055a81464c4244cd8431?s=96&r=g","caption":"Petra Karl\u00e5"},"url":"https:\/\/wp.kristdemokraterna.se\/uppsala\/author\/petrakarla\/"}]}},"_links":{"self":[{"href":"https:\/\/wp.kristdemokraterna.se\/uppsala\/wp-json\/wp\/v2\/posts\/995","targetHints":{"allow":["GET"]}}],"collection":[{"href":"https:\/\/wp.kristdemokraterna.se\/uppsala\/wp-json\/wp\/v2\/posts"}],"about":[{"href":"https:\/\/wp.kristdemokraterna.se\/uppsala\/wp-json\/wp\/v2\/types\/post"}],"author":[{"embeddable":true,"href":"https:\/\/wp.kristdemokraterna.se\/uppsala\/wp-json\/wp\/v2\/users\/570"}],"replies":[{"embeddable":true,"href":"https:\/\/wp.kristdemokraterna.se\/uppsala\/wp-json\/wp\/v2\/comments?post=995"}],"version-history":[{"count":2,"href":"https:\/\/wp.kristdemokraterna.se\/uppsala\/wp-json\/wp\/v2\/posts\/995\/revisions"}],"predecessor-version":[{"id":1571,"href":"https:\/\/wp.kristdemokraterna.se\/uppsala\/wp-json\/wp\/v2\/posts\/995\/revisions\/1571"}],"wp:featuredmedia":[{"embeddable":true,"href":"https:\/\/wp.kristdemokraterna.se\/uppsala\/wp-json\/wp\/v2\/media\/1044"}],"wp:attachment":[{"href":"https:\/\/wp.kristdemokraterna.se\/uppsala\/wp-json\/wp\/v2\/media?parent=995"}],"wp:term":[{"taxonomy":"category","embeddable":true,"href":"https:\/\/wp.kristdemokraterna.se\/uppsala\/wp-json\/wp\/v2\/categories?post=995"},{"taxonomy":"post_tag","embeddable":true,"href":"https:\/\/wp.kristdemokraterna.se\/uppsala\/wp-json\/wp\/v2\/tags?post=995"}],"curies":[{"name":"wp","href":"https:\/\/api.w.org\/{rel}","templated":true}]}}