{"id":1059,"date":"2018-09-05T21:06:50","date_gmt":"2018-09-05T19:06:50","guid":{"rendered":"http:\/\/wp.kristdemokraterna.se\/vaggeryd\/?p=1059"},"modified":"2018-09-05T21:17:50","modified_gmt":"2018-09-05T19:17:50","slug":"demokrati-och-varderingar","status":"publish","type":"post","link":"https:\/\/wp.kristdemokraterna.se\/vaggeryd\/demokrati-och-varderingar\/","title":{"rendered":"Demokrati och v\u00e4rderingar"},"content":{"rendered":"<p class=\"p1\"><span class=\"s1\"><b>Dags att v\u00e4lja f\u00f6retr\u00e4dare<\/b><\/span><\/p>\n<p class=\"p1\"><span class=\"s1\">V\u00e5ra liv pr\u00e4glas av de erfarenheter vi har. Tillsammans formar vi ett gott samh\u00e4lle och en god v\u00e4rld oavsett om vi \u00e4r politiker eller inte. Vi har alla f\u00f6rm\u00e5nen att vara en del av en demokrati med ett representativt partipolitiskt system. Partiers ideologi och uttalade uppfattningar utkristalliseras i att vi v\u00e4ljer vem vill ge f\u00f6rtroende att styra och f\u00f6rdela v\u00e5ra insamlade skattemedel. Det \u00e4r du som v\u00e4ljer. Ditt val g\u00f6r skillnad.<\/span><\/p>\n<p class=\"p1\"><span class=\"s1\">\u00a0<\/span><\/p>\n<p class=\"p1\"><span class=\"s1\"><b>Politikens v\u00e4rderingar<\/b><\/span><\/p>\n<p class=\"p1\"><span class=\"s1\">Att vara politiskt aktiv i en liten kommun \u00e4r en m\u00f6jlighet att engagera sig f\u00f6r att utveckla n\u00e4rsamh\u00e4llet. I grunden finns partipolitiska v\u00e4rderingar och livs\u00e5sk\u00e5dningar. Kristdemokrati handlar om att kristna v\u00e4rderingar beh\u00f6ver f\u00e5 forts\u00e4tta ha plats i v\u00e5rt samh\u00e4lle. Ett samh\u00e4lle d\u00e4r vi st\u00f6djer de utsatta, d\u00e4r vi s\u00e4tter barnens behov h\u00f6gt p\u00e5 agendan och inte blundar f\u00f6r omv\u00e4rldens<\/span>\u00a0<span class=\"s1\">bekymmer. D\u00e4r finns en \u00f6ppenhet f\u00f6r varje m\u00e4nniskas unikhet och egenv\u00e4rde oavsett vem man \u00e4r eller var man kommer ifr\u00e5n. En fundamentalistisk, sn\u00e4v m\u00e4nniskosyn \u00e4r d\u00e4remot inte f\u00f6renlig med en kristen v\u00e4rdegrund och kristdemokratisk politik. Kristdemokraterna vill verka f\u00f6r ett samh\u00e4lle, som bygger p\u00e5 etik och v\u00e4rderingar, som h\u00e5ller \u00f6ver tid och som f\u00f6renar frihet med socialt ansvarstagande.<\/span><\/p>\n<p class=\"p1\"><span class=\"s1\">\u00a0<\/span><\/p>\n<p class=\"p1\"><span class=\"s1\"><b>Demokrati i vardagen<\/b><\/span><\/p>\n<p class=\"p1\"><span class=\"s1\">I ett \u00f6ppet samh\u00e4lle ryms b\u00e5de olikhet och olikt\u00e4nkande. Demokrati \u00e4r inte n\u00e5got som fr\u00e4mst utspelar sig i valdebatter, vallokaler eller n\u00e4mndsammantr\u00e4den, utan i vardagen. I det privata, p\u00e5 arbetsplatser, i en f\u00f6rening eller kyrka, s\u00e5 skapas och f\u00f6rvaltas ocks\u00e5 v\u00e5r demokrati.<\/span><\/p>\n<p class=\"p1\"><span class=\"s1\">Vi ska ha en stor respekt f\u00f6r tidigare generationers entr\u00e4gna politiska arbete som lett fram till ett gott samh\u00e4lle och gjort Vaggeryds kommun till en god plats att leva p\u00e5.<\/span><\/p>\n<p class=\"p2\"><span class=\"s1\">De politiska uppdragen kr\u00e4ver mod och kommer ta b\u00e5de tid och intellekt i anspr\u00e5k. Det politiska arbetet inneb\u00e4r att nya kontakter knyts och att intressanta samtal f\u00f6rs \u2013 inte bara mellan politiker utan \u00e4ven med alla medborgare som vill delta i samtalen. S\u00e5 l\u00e5t oss anv\u00e4nda v\u00e5r tid, v\u00e5r kraft och v\u00e5ra f\u00f6rm\u00e5gor f\u00f6r ett gott samh\u00e4lle.<\/span><\/p>\n<p class=\"p1\"><span class=\"s1\">Ditt val g\u00f6r skillnad<\/span><\/p>\n<p class=\"p1\"><span class=\"s1\">Camilla Olsson, Byarum. Kandidat till Kommunfullm\u00e4ktige f\u00f6r Kristdemokraterna<\/span><\/p>\n","protected":false},"excerpt":{"rendered":"<p>Dags att v\u00e4lja f\u00f6retr\u00e4dare V\u00e5ra liv pr\u00e4glas av de erfarenheter vi har. Tillsammans formar vi ett gott samh\u00e4lle och en god v\u00e4rld oavsett om vi \u00e4r politiker eller inte. Vi har alla f\u00f6rm\u00e5nen att vara en del av en demokrati med ett representativt partipolitiskt system. Partiers ideologi och uttalade uppfattningar utkristalliseras i att vi v\u00e4ljer <a class=\"read-more-link\" href=\"https:\/\/wp.kristdemokraterna.se\/vaggeryd\/demokrati-och-varderingar\/\">Read More<\/a><\/p>\n","protected":false},"author":447,"featured_media":0,"comment_status":"closed","ping_status":"closed","sticky":false,"template":"","format":"standard","meta":{"_acf_changed":false,"footnotes":""},"categories":[8,9],"tags":[],"class_list":["post-1059","post","type-post","status-publish","format-standard","hentry","category-nyheter","category-var-politik"],"acf":[],"yoast_head":"<!-- This site is optimized with the Yoast SEO plugin v27.4 - https:\/\/yoast.com\/product\/yoast-seo-wordpress\/ -->\n<title>Demokrati och v\u00e4rderingar - Vaggeryd<\/title>\n<meta name=\"robots\" content=\"index, follow, max-snippet:-1, max-image-preview:large, max-video-preview:-1\" \/>\n<link rel=\"canonical\" href=\"https:\/\/wp.kristdemokraterna.se\/vaggeryd\/demokrati-och-varderingar\/\" \/>\n<meta property=\"og:locale\" content=\"sv_SE\" \/>\n<meta property=\"og:type\" content=\"article\" \/>\n<meta property=\"og:title\" content=\"Demokrati och v\u00e4rderingar - Vaggeryd\" \/>\n<meta property=\"og:description\" content=\"Dags att v\u00e4lja f\u00f6retr\u00e4dare V\u00e5ra liv pr\u00e4glas av de erfarenheter vi har. Tillsammans formar vi ett gott samh\u00e4lle och en god v\u00e4rld oavsett om vi \u00e4r politiker eller inte. Vi har alla f\u00f6rm\u00e5nen att vara en del av en demokrati med ett representativt partipolitiskt system. Partiers ideologi och uttalade uppfattningar utkristalliseras i att vi v\u00e4ljer Read More\" \/>\n<meta property=\"og:url\" content=\"https:\/\/wp.kristdemokraterna.se\/vaggeryd\/demokrati-och-varderingar\/\" \/>\n<meta property=\"og:site_name\" content=\"Vaggeryd\" \/>\n<meta property=\"article:published_time\" content=\"2018-09-05T19:06:50+00:00\" \/>\n<meta property=\"article:modified_time\" content=\"2018-09-05T19:17:50+00:00\" \/>\n<meta name=\"author\" content=\"jenny\" \/>\n<meta name=\"twitter:card\" content=\"summary_large_image\" \/>\n<meta name=\"twitter:label1\" content=\"Skriven av\" \/>\n\t<meta name=\"twitter:data1\" content=\"jenny\" \/>\n\t<meta name=\"twitter:label2\" content=\"Ber\u00e4knad l\u00e4stid\" \/>\n\t<meta name=\"twitter:data2\" content=\"2 minuter\" \/>\n<script type=\"application\/ld+json\" class=\"yoast-schema-graph\">{\"@context\":\"https:\\\/\\\/schema.org\",\"@graph\":[{\"@type\":\"Article\",\"@id\":\"https:\\\/\\\/wp.kristdemokraterna.se\\\/vaggeryd\\\/demokrati-och-varderingar\\\/#article\",\"isPartOf\":{\"@id\":\"https:\\\/\\\/wp.kristdemokraterna.se\\\/vaggeryd\\\/demokrati-och-varderingar\\\/\"},\"author\":{\"name\":\"jenny\",\"@id\":\"https:\\\/\\\/wp.kristdemokraterna.se\\\/vaggeryd\\\/#\\\/schema\\\/person\\\/0af524ca60b38954726ae26be3744902\"},\"headline\":\"Demokrati och v\u00e4rderingar\",\"datePublished\":\"2018-09-05T19:06:50+00:00\",\"dateModified\":\"2018-09-05T19:17:50+00:00\",\"mainEntityOfPage\":{\"@id\":\"https:\\\/\\\/wp.kristdemokraterna.se\\\/vaggeryd\\\/demokrati-och-varderingar\\\/\"},\"wordCount\":422,\"articleSection\":[\"Nyheter\",\"V\u00e5r politik\"],\"inLanguage\":\"sv-SE\"},{\"@type\":\"WebPage\",\"@id\":\"https:\\\/\\\/wp.kristdemokraterna.se\\\/vaggeryd\\\/demokrati-och-varderingar\\\/\",\"url\":\"https:\\\/\\\/wp.kristdemokraterna.se\\\/vaggeryd\\\/demokrati-och-varderingar\\\/\",\"name\":\"Demokrati och v\u00e4rderingar - Vaggeryd\",\"isPartOf\":{\"@id\":\"https:\\\/\\\/wp.kristdemokraterna.se\\\/vaggeryd\\\/#website\"},\"datePublished\":\"2018-09-05T19:06:50+00:00\",\"dateModified\":\"2018-09-05T19:17:50+00:00\",\"author\":{\"@id\":\"https:\\\/\\\/wp.kristdemokraterna.se\\\/vaggeryd\\\/#\\\/schema\\\/person\\\/0af524ca60b38954726ae26be3744902\"},\"breadcrumb\":{\"@id\":\"https:\\\/\\\/wp.kristdemokraterna.se\\\/vaggeryd\\\/demokrati-och-varderingar\\\/#breadcrumb\"},\"inLanguage\":\"sv-SE\",\"potentialAction\":[{\"@type\":\"ReadAction\",\"target\":[\"https:\\\/\\\/wp.kristdemokraterna.se\\\/vaggeryd\\\/demokrati-och-varderingar\\\/\"]}]},{\"@type\":\"BreadcrumbList\",\"@id\":\"https:\\\/\\\/wp.kristdemokraterna.se\\\/vaggeryd\\\/demokrati-och-varderingar\\\/#breadcrumb\",\"itemListElement\":[{\"@type\":\"ListItem\",\"position\":1,\"name\":\"Hem\",\"item\":\"https:\\\/\\\/wp.kristdemokraterna.se\\\/vaggeryd\\\/\"},{\"@type\":\"ListItem\",\"position\":2,\"name\":\"Demokrati och v\u00e4rderingar\"}]},{\"@type\":\"WebSite\",\"@id\":\"https:\\\/\\\/wp.kristdemokraterna.se\\\/vaggeryd\\\/#website\",\"url\":\"https:\\\/\\\/wp.kristdemokraterna.se\\\/vaggeryd\\\/\",\"name\":\"Vaggeryd\",\"description\":\"Kristdemokraterna Familjens r\u00f6st\",\"inLanguage\":\"sv-SE\"},{\"@type\":\"Person\",\"@id\":\"https:\\\/\\\/wp.kristdemokraterna.se\\\/vaggeryd\\\/#\\\/schema\\\/person\\\/0af524ca60b38954726ae26be3744902\",\"name\":\"jenny\",\"image\":{\"@type\":\"ImageObject\",\"inLanguage\":\"sv-SE\",\"@id\":\"https:\\\/\\\/secure.gravatar.com\\\/avatar\\\/656c66c6ccff223a7b53f0e00cd7661619d16e1acc9fd417c92bdf03499b6c4b?s=96&r=g\",\"url\":\"https:\\\/\\\/secure.gravatar.com\\\/avatar\\\/656c66c6ccff223a7b53f0e00cd7661619d16e1acc9fd417c92bdf03499b6c4b?s=96&r=g\",\"contentUrl\":\"https:\\\/\\\/secure.gravatar.com\\\/avatar\\\/656c66c6ccff223a7b53f0e00cd7661619d16e1acc9fd417c92bdf03499b6c4b?s=96&r=g\",\"caption\":\"jenny\"},\"url\":\"https:\\\/\\\/wp.kristdemokraterna.se\\\/vaggeryd\\\/author\\\/jenny\\\/\"}]}<\/script>\n<!-- \/ Yoast SEO plugin. -->","yoast_head_json":{"title":"Demokrati och v\u00e4rderingar - Vaggeryd","robots":{"index":"index","follow":"follow","max-snippet":"max-snippet:-1","max-image-preview":"max-image-preview:large","max-video-preview":"max-video-preview:-1"},"canonical":"https:\/\/wp.kristdemokraterna.se\/vaggeryd\/demokrati-och-varderingar\/","og_locale":"sv_SE","og_type":"article","og_title":"Demokrati och v\u00e4rderingar - Vaggeryd","og_description":"Dags att v\u00e4lja f\u00f6retr\u00e4dare V\u00e5ra liv pr\u00e4glas av de erfarenheter vi har. Tillsammans formar vi ett gott samh\u00e4lle och en god v\u00e4rld oavsett om vi \u00e4r politiker eller inte. Vi har alla f\u00f6rm\u00e5nen att vara en del av en demokrati med ett representativt partipolitiskt system. Partiers ideologi och uttalade uppfattningar utkristalliseras i att vi v\u00e4ljer Read More","og_url":"https:\/\/wp.kristdemokraterna.se\/vaggeryd\/demokrati-och-varderingar\/","og_site_name":"Vaggeryd","article_published_time":"2018-09-05T19:06:50+00:00","article_modified_time":"2018-09-05T19:17:50+00:00","author":"jenny","twitter_card":"summary_large_image","twitter_misc":{"Skriven av":"jenny","Ber\u00e4knad l\u00e4stid":"2 minuter"},"schema":{"@context":"https:\/\/schema.org","@graph":[{"@type":"Article","@id":"https:\/\/wp.kristdemokraterna.se\/vaggeryd\/demokrati-och-varderingar\/#article","isPartOf":{"@id":"https:\/\/wp.kristdemokraterna.se\/vaggeryd\/demokrati-och-varderingar\/"},"author":{"name":"jenny","@id":"https:\/\/wp.kristdemokraterna.se\/vaggeryd\/#\/schema\/person\/0af524ca60b38954726ae26be3744902"},"headline":"Demokrati och v\u00e4rderingar","datePublished":"2018-09-05T19:06:50+00:00","dateModified":"2018-09-05T19:17:50+00:00","mainEntityOfPage":{"@id":"https:\/\/wp.kristdemokraterna.se\/vaggeryd\/demokrati-och-varderingar\/"},"wordCount":422,"articleSection":["Nyheter","V\u00e5r politik"],"inLanguage":"sv-SE"},{"@type":"WebPage","@id":"https:\/\/wp.kristdemokraterna.se\/vaggeryd\/demokrati-och-varderingar\/","url":"https:\/\/wp.kristdemokraterna.se\/vaggeryd\/demokrati-och-varderingar\/","name":"Demokrati och v\u00e4rderingar - Vaggeryd","isPartOf":{"@id":"https:\/\/wp.kristdemokraterna.se\/vaggeryd\/#website"},"datePublished":"2018-09-05T19:06:50+00:00","dateModified":"2018-09-05T19:17:50+00:00","author":{"@id":"https:\/\/wp.kristdemokraterna.se\/vaggeryd\/#\/schema\/person\/0af524ca60b38954726ae26be3744902"},"breadcrumb":{"@id":"https:\/\/wp.kristdemokraterna.se\/vaggeryd\/demokrati-och-varderingar\/#breadcrumb"},"inLanguage":"sv-SE","potentialAction":[{"@type":"ReadAction","target":["https:\/\/wp.kristdemokraterna.se\/vaggeryd\/demokrati-och-varderingar\/"]}]},{"@type":"BreadcrumbList","@id":"https:\/\/wp.kristdemokraterna.se\/vaggeryd\/demokrati-och-varderingar\/#breadcrumb","itemListElement":[{"@type":"ListItem","position":1,"name":"Hem","item":"https:\/\/wp.kristdemokraterna.se\/vaggeryd\/"},{"@type":"ListItem","position":2,"name":"Demokrati och v\u00e4rderingar"}]},{"@type":"WebSite","@id":"https:\/\/wp.kristdemokraterna.se\/vaggeryd\/#website","url":"https:\/\/wp.kristdemokraterna.se\/vaggeryd\/","name":"Vaggeryd","description":"Kristdemokraterna Familjens r\u00f6st","inLanguage":"sv-SE"},{"@type":"Person","@id":"https:\/\/wp.kristdemokraterna.se\/vaggeryd\/#\/schema\/person\/0af524ca60b38954726ae26be3744902","name":"jenny","image":{"@type":"ImageObject","inLanguage":"sv-SE","@id":"https:\/\/secure.gravatar.com\/avatar\/656c66c6ccff223a7b53f0e00cd7661619d16e1acc9fd417c92bdf03499b6c4b?s=96&r=g","url":"https:\/\/secure.gravatar.com\/avatar\/656c66c6ccff223a7b53f0e00cd7661619d16e1acc9fd417c92bdf03499b6c4b?s=96&r=g","contentUrl":"https:\/\/secure.gravatar.com\/avatar\/656c66c6ccff223a7b53f0e00cd7661619d16e1acc9fd417c92bdf03499b6c4b?s=96&r=g","caption":"jenny"},"url":"https:\/\/wp.kristdemokraterna.se\/vaggeryd\/author\/jenny\/"}]}},"_links":{"self":[{"href":"https:\/\/wp.kristdemokraterna.se\/vaggeryd\/wp-json\/wp\/v2\/posts\/1059","targetHints":{"allow":["GET"]}}],"collection":[{"href":"https:\/\/wp.kristdemokraterna.se\/vaggeryd\/wp-json\/wp\/v2\/posts"}],"about":[{"href":"https:\/\/wp.kristdemokraterna.se\/vaggeryd\/wp-json\/wp\/v2\/types\/post"}],"author":[{"embeddable":true,"href":"https:\/\/wp.kristdemokraterna.se\/vaggeryd\/wp-json\/wp\/v2\/users\/447"}],"replies":[{"embeddable":true,"href":"https:\/\/wp.kristdemokraterna.se\/vaggeryd\/wp-json\/wp\/v2\/comments?post=1059"}],"version-history":[{"count":2,"href":"https:\/\/wp.kristdemokraterna.se\/vaggeryd\/wp-json\/wp\/v2\/posts\/1059\/revisions"}],"predecessor-version":[{"id":1064,"href":"https:\/\/wp.kristdemokraterna.se\/vaggeryd\/wp-json\/wp\/v2\/posts\/1059\/revisions\/1064"}],"wp:attachment":[{"href":"https:\/\/wp.kristdemokraterna.se\/vaggeryd\/wp-json\/wp\/v2\/media?parent=1059"}],"wp:term":[{"taxonomy":"category","embeddable":true,"href":"https:\/\/wp.kristdemokraterna.se\/vaggeryd\/wp-json\/wp\/v2\/categories?post=1059"},{"taxonomy":"post_tag","embeddable":true,"href":"https:\/\/wp.kristdemokraterna.se\/vaggeryd\/wp-json\/wp\/v2\/tags?post=1059"}],"curies":[{"name":"wp","href":"https:\/\/api.w.org\/{rel}","templated":true}]}}