{"id":1115,"date":"2019-02-22T13:13:52","date_gmt":"2019-02-22T12:13:52","guid":{"rendered":"http:\/\/wp.kristdemokraterna.se\/vaggeryd\/?p=1115"},"modified":"2019-02-22T13:13:52","modified_gmt":"2019-02-22T12:13:52","slug":"arsmote-2019","status":"publish","type":"post","link":"https:\/\/wp.kristdemokraterna.se\/vaggeryd\/arsmote-2019\/","title":{"rendered":"\u00c5rsm\u00f6te 2019"},"content":{"rendered":"<p>\u00c5rm\u00f6te h\u00f6lls p\u00e5 bullerbyns f\u00f6rskola d\u00e4r vi fick se de nya rymliga lokalerna. <strong>Mattias Ingeson<\/strong> bitr\u00e4dande generalsekreterare f\u00f6r Erikshj\u00e4lpen ber\u00e4ttade om Erikshj\u00e4lpens arbete i Vitryssland med barn som har funktionsneds\u00e4ttning.<\/p>\n<p><strong>KD:s styrelse:<\/strong><br \/>\nP\u00e5 \u00e5rsm\u00f6tet omvaldes <strong>Tomas Axelsson<\/strong> som ordf\u00f6rande och <strong>Anna Vingrahn<\/strong> som vice ordf\u00f6rande. Till ledam\u00f6ter i styrelsen valdes <strong>Jenny Larsen, Maritha Bengtsson, Nicklas Nordqvist, Sofia Isaksson<\/strong> och <strong>Hanna Willermark<\/strong>. Som ers\u00e4ttare valdes <strong>Viktoria<\/strong> <strong>\u00d6nneby<\/strong> och <strong>Camilla<\/strong> <strong>Ohlsson<\/strong>.<\/p>\n","protected":false},"excerpt":{"rendered":"<p>\u00c5rm\u00f6te h\u00f6lls p\u00e5 bullerbyns f\u00f6rskola d\u00e4r vi fick se de nya rymliga lokalerna. Mattias Ingeson bitr\u00e4dande generalsekreterare f\u00f6r Erikshj\u00e4lpen ber\u00e4ttade om Erikshj\u00e4lpens arbete i Vitryssland med barn som har funktionsneds\u00e4ttning. KD:s styrelse: P\u00e5 \u00e5rsm\u00f6tet omvaldes Tomas Axelsson som ordf\u00f6rande och Anna Vingrahn som vice ordf\u00f6rande. Till ledam\u00f6ter i styrelsen valdes Jenny Larsen, Maritha Bengtsson, Nicklas <a class=\"read-more-link\" href=\"https:\/\/wp.kristdemokraterna.se\/vaggeryd\/arsmote-2019\/\">Read More<\/a><\/p>\n","protected":false},"author":447,"featured_media":0,"comment_status":"closed","ping_status":"closed","sticky":false,"template":"","format":"standard","meta":{"_acf_changed":false,"footnotes":""},"categories":[8],"tags":[],"class_list":["post-1115","post","type-post","status-publish","format-standard","hentry","category-nyheter"],"acf":[],"yoast_head":"<!-- This site is optimized with the Yoast SEO plugin v27.4 - https:\/\/yoast.com\/product\/yoast-seo-wordpress\/ -->\n<title>\u00c5rsm\u00f6te 2019 - Vaggeryd<\/title>\n<meta name=\"robots\" content=\"index, follow, max-snippet:-1, max-image-preview:large, max-video-preview:-1\" \/>\n<link rel=\"canonical\" href=\"https:\/\/wp.kristdemokraterna.se\/vaggeryd\/arsmote-2019\/\" \/>\n<meta property=\"og:locale\" content=\"sv_SE\" \/>\n<meta property=\"og:type\" content=\"article\" \/>\n<meta property=\"og:title\" content=\"\u00c5rsm\u00f6te 2019 - Vaggeryd\" \/>\n<meta property=\"og:description\" content=\"\u00c5rm\u00f6te h\u00f6lls p\u00e5 bullerbyns f\u00f6rskola d\u00e4r vi fick se de nya rymliga lokalerna. Mattias Ingeson bitr\u00e4dande generalsekreterare f\u00f6r Erikshj\u00e4lpen ber\u00e4ttade om Erikshj\u00e4lpens arbete i Vitryssland med barn som har funktionsneds\u00e4ttning. KD:s styrelse: P\u00e5 \u00e5rsm\u00f6tet omvaldes Tomas Axelsson som ordf\u00f6rande och Anna Vingrahn som vice ordf\u00f6rande. Till ledam\u00f6ter i styrelsen valdes Jenny Larsen, Maritha Bengtsson, Nicklas Read More\" \/>\n<meta property=\"og:url\" content=\"https:\/\/wp.kristdemokraterna.se\/vaggeryd\/arsmote-2019\/\" \/>\n<meta property=\"og:site_name\" content=\"Vaggeryd\" \/>\n<meta property=\"article:published_time\" content=\"2019-02-22T12:13:52+00:00\" \/>\n<meta name=\"author\" content=\"jenny\" \/>\n<meta name=\"twitter:card\" content=\"summary_large_image\" \/>\n<meta name=\"twitter:label1\" content=\"Skriven av\" \/>\n\t<meta name=\"twitter:data1\" content=\"jenny\" \/>\n<script type=\"application\/ld+json\" class=\"yoast-schema-graph\">{\"@context\":\"https:\\\/\\\/schema.org\",\"@graph\":[{\"@type\":\"Article\",\"@id\":\"https:\\\/\\\/wp.kristdemokraterna.se\\\/vaggeryd\\\/arsmote-2019\\\/#article\",\"isPartOf\":{\"@id\":\"https:\\\/\\\/wp.kristdemokraterna.se\\\/vaggeryd\\\/arsmote-2019\\\/\"},\"author\":{\"name\":\"jenny\",\"@id\":\"https:\\\/\\\/wp.kristdemokraterna.se\\\/vaggeryd\\\/#\\\/schema\\\/person\\\/0af524ca60b38954726ae26be3744902\"},\"headline\":\"\u00c5rsm\u00f6te 2019\",\"datePublished\":\"2019-02-22T12:13:52+00:00\",\"mainEntityOfPage\":{\"@id\":\"https:\\\/\\\/wp.kristdemokraterna.se\\\/vaggeryd\\\/arsmote-2019\\\/\"},\"wordCount\":87,\"articleSection\":[\"Nyheter\"],\"inLanguage\":\"sv-SE\"},{\"@type\":\"WebPage\",\"@id\":\"https:\\\/\\\/wp.kristdemokraterna.se\\\/vaggeryd\\\/arsmote-2019\\\/\",\"url\":\"https:\\\/\\\/wp.kristdemokraterna.se\\\/vaggeryd\\\/arsmote-2019\\\/\",\"name\":\"\u00c5rsm\u00f6te 2019 - Vaggeryd\",\"isPartOf\":{\"@id\":\"https:\\\/\\\/wp.kristdemokraterna.se\\\/vaggeryd\\\/#website\"},\"datePublished\":\"2019-02-22T12:13:52+00:00\",\"author\":{\"@id\":\"https:\\\/\\\/wp.kristdemokraterna.se\\\/vaggeryd\\\/#\\\/schema\\\/person\\\/0af524ca60b38954726ae26be3744902\"},\"breadcrumb\":{\"@id\":\"https:\\\/\\\/wp.kristdemokraterna.se\\\/vaggeryd\\\/arsmote-2019\\\/#breadcrumb\"},\"inLanguage\":\"sv-SE\",\"potentialAction\":[{\"@type\":\"ReadAction\",\"target\":[\"https:\\\/\\\/wp.kristdemokraterna.se\\\/vaggeryd\\\/arsmote-2019\\\/\"]}]},{\"@type\":\"BreadcrumbList\",\"@id\":\"https:\\\/\\\/wp.kristdemokraterna.se\\\/vaggeryd\\\/arsmote-2019\\\/#breadcrumb\",\"itemListElement\":[{\"@type\":\"ListItem\",\"position\":1,\"name\":\"Hem\",\"item\":\"https:\\\/\\\/wp.kristdemokraterna.se\\\/vaggeryd\\\/\"},{\"@type\":\"ListItem\",\"position\":2,\"name\":\"\u00c5rsm\u00f6te 2019\"}]},{\"@type\":\"WebSite\",\"@id\":\"https:\\\/\\\/wp.kristdemokraterna.se\\\/vaggeryd\\\/#website\",\"url\":\"https:\\\/\\\/wp.kristdemokraterna.se\\\/vaggeryd\\\/\",\"name\":\"Vaggeryd\",\"description\":\"Kristdemokraterna Familjens r\u00f6st\",\"inLanguage\":\"sv-SE\"},{\"@type\":\"Person\",\"@id\":\"https:\\\/\\\/wp.kristdemokraterna.se\\\/vaggeryd\\\/#\\\/schema\\\/person\\\/0af524ca60b38954726ae26be3744902\",\"name\":\"jenny\",\"image\":{\"@type\":\"ImageObject\",\"inLanguage\":\"sv-SE\",\"@id\":\"https:\\\/\\\/secure.gravatar.com\\\/avatar\\\/656c66c6ccff223a7b53f0e00cd7661619d16e1acc9fd417c92bdf03499b6c4b?s=96&r=g\",\"url\":\"https:\\\/\\\/secure.gravatar.com\\\/avatar\\\/656c66c6ccff223a7b53f0e00cd7661619d16e1acc9fd417c92bdf03499b6c4b?s=96&r=g\",\"contentUrl\":\"https:\\\/\\\/secure.gravatar.com\\\/avatar\\\/656c66c6ccff223a7b53f0e00cd7661619d16e1acc9fd417c92bdf03499b6c4b?s=96&r=g\",\"caption\":\"jenny\"},\"url\":\"https:\\\/\\\/wp.kristdemokraterna.se\\\/vaggeryd\\\/author\\\/jenny\\\/\"}]}<\/script>\n<!-- \/ Yoast SEO plugin. -->","yoast_head_json":{"title":"\u00c5rsm\u00f6te 2019 - Vaggeryd","robots":{"index":"index","follow":"follow","max-snippet":"max-snippet:-1","max-image-preview":"max-image-preview:large","max-video-preview":"max-video-preview:-1"},"canonical":"https:\/\/wp.kristdemokraterna.se\/vaggeryd\/arsmote-2019\/","og_locale":"sv_SE","og_type":"article","og_title":"\u00c5rsm\u00f6te 2019 - Vaggeryd","og_description":"\u00c5rm\u00f6te h\u00f6lls p\u00e5 bullerbyns f\u00f6rskola d\u00e4r vi fick se de nya rymliga lokalerna. Mattias Ingeson bitr\u00e4dande generalsekreterare f\u00f6r Erikshj\u00e4lpen ber\u00e4ttade om Erikshj\u00e4lpens arbete i Vitryssland med barn som har funktionsneds\u00e4ttning. KD:s styrelse: P\u00e5 \u00e5rsm\u00f6tet omvaldes Tomas Axelsson som ordf\u00f6rande och Anna Vingrahn som vice ordf\u00f6rande. Till ledam\u00f6ter i styrelsen valdes Jenny Larsen, Maritha Bengtsson, Nicklas Read More","og_url":"https:\/\/wp.kristdemokraterna.se\/vaggeryd\/arsmote-2019\/","og_site_name":"Vaggeryd","article_published_time":"2019-02-22T12:13:52+00:00","author":"jenny","twitter_card":"summary_large_image","twitter_misc":{"Skriven av":"jenny"},"schema":{"@context":"https:\/\/schema.org","@graph":[{"@type":"Article","@id":"https:\/\/wp.kristdemokraterna.se\/vaggeryd\/arsmote-2019\/#article","isPartOf":{"@id":"https:\/\/wp.kristdemokraterna.se\/vaggeryd\/arsmote-2019\/"},"author":{"name":"jenny","@id":"https:\/\/wp.kristdemokraterna.se\/vaggeryd\/#\/schema\/person\/0af524ca60b38954726ae26be3744902"},"headline":"\u00c5rsm\u00f6te 2019","datePublished":"2019-02-22T12:13:52+00:00","mainEntityOfPage":{"@id":"https:\/\/wp.kristdemokraterna.se\/vaggeryd\/arsmote-2019\/"},"wordCount":87,"articleSection":["Nyheter"],"inLanguage":"sv-SE"},{"@type":"WebPage","@id":"https:\/\/wp.kristdemokraterna.se\/vaggeryd\/arsmote-2019\/","url":"https:\/\/wp.kristdemokraterna.se\/vaggeryd\/arsmote-2019\/","name":"\u00c5rsm\u00f6te 2019 - Vaggeryd","isPartOf":{"@id":"https:\/\/wp.kristdemokraterna.se\/vaggeryd\/#website"},"datePublished":"2019-02-22T12:13:52+00:00","author":{"@id":"https:\/\/wp.kristdemokraterna.se\/vaggeryd\/#\/schema\/person\/0af524ca60b38954726ae26be3744902"},"breadcrumb":{"@id":"https:\/\/wp.kristdemokraterna.se\/vaggeryd\/arsmote-2019\/#breadcrumb"},"inLanguage":"sv-SE","potentialAction":[{"@type":"ReadAction","target":["https:\/\/wp.kristdemokraterna.se\/vaggeryd\/arsmote-2019\/"]}]},{"@type":"BreadcrumbList","@id":"https:\/\/wp.kristdemokraterna.se\/vaggeryd\/arsmote-2019\/#breadcrumb","itemListElement":[{"@type":"ListItem","position":1,"name":"Hem","item":"https:\/\/wp.kristdemokraterna.se\/vaggeryd\/"},{"@type":"ListItem","position":2,"name":"\u00c5rsm\u00f6te 2019"}]},{"@type":"WebSite","@id":"https:\/\/wp.kristdemokraterna.se\/vaggeryd\/#website","url":"https:\/\/wp.kristdemokraterna.se\/vaggeryd\/","name":"Vaggeryd","description":"Kristdemokraterna Familjens r\u00f6st","inLanguage":"sv-SE"},{"@type":"Person","@id":"https:\/\/wp.kristdemokraterna.se\/vaggeryd\/#\/schema\/person\/0af524ca60b38954726ae26be3744902","name":"jenny","image":{"@type":"ImageObject","inLanguage":"sv-SE","@id":"https:\/\/secure.gravatar.com\/avatar\/656c66c6ccff223a7b53f0e00cd7661619d16e1acc9fd417c92bdf03499b6c4b?s=96&r=g","url":"https:\/\/secure.gravatar.com\/avatar\/656c66c6ccff223a7b53f0e00cd7661619d16e1acc9fd417c92bdf03499b6c4b?s=96&r=g","contentUrl":"https:\/\/secure.gravatar.com\/avatar\/656c66c6ccff223a7b53f0e00cd7661619d16e1acc9fd417c92bdf03499b6c4b?s=96&r=g","caption":"jenny"},"url":"https:\/\/wp.kristdemokraterna.se\/vaggeryd\/author\/jenny\/"}]}},"_links":{"self":[{"href":"https:\/\/wp.kristdemokraterna.se\/vaggeryd\/wp-json\/wp\/v2\/posts\/1115","targetHints":{"allow":["GET"]}}],"collection":[{"href":"https:\/\/wp.kristdemokraterna.se\/vaggeryd\/wp-json\/wp\/v2\/posts"}],"about":[{"href":"https:\/\/wp.kristdemokraterna.se\/vaggeryd\/wp-json\/wp\/v2\/types\/post"}],"author":[{"embeddable":true,"href":"https:\/\/wp.kristdemokraterna.se\/vaggeryd\/wp-json\/wp\/v2\/users\/447"}],"replies":[{"embeddable":true,"href":"https:\/\/wp.kristdemokraterna.se\/vaggeryd\/wp-json\/wp\/v2\/comments?post=1115"}],"version-history":[{"count":2,"href":"https:\/\/wp.kristdemokraterna.se\/vaggeryd\/wp-json\/wp\/v2\/posts\/1115\/revisions"}],"predecessor-version":[{"id":1118,"href":"https:\/\/wp.kristdemokraterna.se\/vaggeryd\/wp-json\/wp\/v2\/posts\/1115\/revisions\/1118"}],"wp:attachment":[{"href":"https:\/\/wp.kristdemokraterna.se\/vaggeryd\/wp-json\/wp\/v2\/media?parent=1115"}],"wp:term":[{"taxonomy":"category","embeddable":true,"href":"https:\/\/wp.kristdemokraterna.se\/vaggeryd\/wp-json\/wp\/v2\/categories?post=1115"},{"taxonomy":"post_tag","embeddable":true,"href":"https:\/\/wp.kristdemokraterna.se\/vaggeryd\/wp-json\/wp\/v2\/tags?post=1115"}],"curies":[{"name":"wp","href":"https:\/\/api.w.org\/{rel}","templated":true}]}}