{"id":1263,"date":"2020-08-22T19:32:37","date_gmt":"2020-08-22T17:32:37","guid":{"rendered":"http:\/\/wp.kristdemokraterna.se\/vaggeryd\/?p=1263"},"modified":"2021-02-01T19:47:59","modified_gmt":"2021-02-01T18:47:59","slug":"en-god-och-vardig-aldreomsorg","status":"publish","type":"post","link":"https:\/\/wp.kristdemokraterna.se\/vaggeryd\/en-god-och-vardig-aldreomsorg\/","title":{"rendered":"En god och v\u00e4rdig \u00e4ldreomsorg"},"content":{"rendered":"<div class=\"article-main-content\">\n<p><strong>\u00c4ldre ska kunna leva ett aktivt liv och ha inflytande \u00f6ver sin vardag med bibeh\u00e5llet oberoende, bem\u00f6tas med respekt och ha tillg\u00e5ng till god v\u00e5rd och omsorg. V\u00e5ra \u00e4ldre har varit isolerade l\u00e4nge nu. I m\u00e5nga fall \u00e4r ensamheten p\u00e5taglig och skapar oro bland de \u00e4ldre f\u00f6r sin h\u00e4lsa. Eller g\u00e5r det s\u00e5 l\u00e5ngt att det till och med sk\u00f6rdar liv.\u00a0<\/strong><\/p>\n<\/div>\n<section id=\"block-1\" class=\"block-text-image\" data-block=\"block-text-image\">\n<section class=\"block-text-image__content\">\n<section class=\"block-text-image__text block-text-image__text\">\n<p class=\"p1\"><span class=\"s1\">Har vi haft tillr\u00e4cklig beredskap inom \u00e4ldreomsorgen f\u00f6r en allvarlig kris som covid-19?\u00a0<\/span><\/p>\n<p class=\"p1\"><span class=\"s1\">Kan vi s\u00e4kerst\u00e4lla att vi skyddar denna grupp framledes?<\/span><\/p>\n<p class=\"p1\"><span class=\"s1\">Har vi de resurser att leverera en milj\u00f6 f\u00f6r de \u00e4ldre att leva och bo sj\u00e4lvst\u00e4ndigt under trygga f\u00f6rh\u00e5llanden och ha en aktiv och meningsfull tillvaro i gemenskap med andra?<\/span><\/p>\n<p class=\"p1\"><span class=\"s1\">Hur \u00e4r v\u00e5r kommun rustad n\u00e4r det g\u00e4ller v\u00e5rdk\u00f6er?<\/span><\/p>\n<p class=\"p1\"><span class=\"s1\">Det \u00e4r fr\u00e5gor som riskerar att s\u00e5 split \u2013 men de m\u00e5ste \u00e4nd\u00e5 f\u00e5 st\u00e4llas.<\/span><\/p>\n<p class=\"p1\"><span class=\"s1\">\u00a0<\/span><span class=\"s1\">De senaste veckorna har m\u00e5nga hyllat och uppm\u00e4rksammat personalen inom v\u00e5rden som \u00e4r de som st\u00e5r i frontlinjen f\u00f6r att hj\u00e4lpa de som blivit sjuka i Covid 19. Ber\u00e4ttelserna \u00e4r m\u00e5nga om l\u00e5nga arbetspass och sv\u00e5righeter med att f\u00e5 tag i skyddsmaterial. Detta utan att personalen har f\u00e5tt n\u00e5gon ers\u00e4ttning.<\/span><\/p>\n<p class=\"p1\"><span class=\"s1\">Arbetsvillkoren m\u00e5ste vara s\u00e5dana att v\u00e5rdpersonalen vill och orkar jobba kvar. De har l\u00e4nge haft en pressad arbetssituation som vi m\u00e5ste g\u00f6ra n\u00e5got \u00e5t.<\/span><\/p>\n<p class=\"p1\"><span class=\"s1\">Kristdemokraterna har f\u00f6reslagit ett stort antal \u00e5tg\u00e4rder v\u00e5rden, detta \u00e4ven innan covid-19 inf\u00f6ll, som kan g\u00f6ra skillnad h\u00e4r och nu. V\u00e5rdkvalitet d\u00e4r de \u00e4ldre \u2013 i hela landet \u2013 ska f\u00e5 tillg\u00e5ng till h\u00f6gkvalitativ v\u00e5rd m\u00e5ste prioriteras.<\/span><\/p>\n<p class=\"p1\"><span class=\"s1\">F\u00f6r oss lokalt i v\u00e5r kommun \u00e4r det av yttersta vikt att vi har en fungerade \u00e4ldreomsorg med tillg\u00e5ng till v\u00e5rdcentraler och till v\u00e5ra l\u00e4nssjukhus. N\u00e4sta vecka \u00f6ppnar Mejeriet i Skillingaryd. Detta kommer inneb\u00e4ra ett lyft av kvalitet i teknisk utrustning och lokaler som personal och v\u00e5rdtagare kommer f\u00e5 ta del av. Sammantaget kommer detta ge en b\u00e4ttre v\u00e5rdkvalitet. Vi m\u00e5ste \u00e4ven satsa och utveckla v\u00e5ra \u00f6vriga v\u00e5rdenheter i kommunen.<\/span><\/p>\n<p class=\"p1\"><span class=\"s1\">Kristdemokraterna vill ocks\u00e5 s\u00e4nka tr\u00f6sklarna f\u00f6r att f\u00e5 ta del av s\u00e4rskilt boende eller f\u00e5 st\u00f6d till anh\u00f6riga. Tyv\u00e4rr har vi sett i n\u00e5gra fall, att det ibland kan vara sv\u00e5rt att f\u00e5 en plats inom kommunens \u00e4ldreomsorg eller f\u00e5 ut\u00f6kat st\u00f6d till anh\u00f6riga.<\/span><\/p>\n<p class=\"p1\"><span class=\"s1\">I en rapport i veckan rapporterades att v\u00e5r kommun bland 40 andra kommuner \u00e4r utpekad av IVO som s\u00e4rskilt drabbade av covid-19. D\u00e4r visas att en av anledningarna kan vara att medianv\u00e5rdtiden inom dessa kommuner \u00e4r betydligt l\u00e4gre \u00e4n rikssnittet. Vaggeryd \u00e4r en av dem.\u00a0\u00a0<\/span><\/p>\n<p class=\"p1\"><span class=\"s1\">Vi inom Kristdemokraterna har tidigare p\u00e5pekat detta, och \u00f6nskar en genomlysning av hela \u00e4ldreomsorgen. Om det beror p\u00e5 brist i v\u00e5rdkvalitet, str\u00e4ngare bed\u00f6mningsregler f\u00f6r s\u00e4rskilt boende m\u00e5ste detta unders\u00f6kas och \u00e5tg\u00e4rdas.<\/span><\/p>\n<p class=\"p1\"><span class=\"s1\">Alla skall ha r\u00e4tt till god v\u00e5rd i tid.<\/span><\/p>\n<p class=\"p1\"><strong><span class=\"s1\">Thomas Axelsson (KD)<br \/>\n<\/span><span class=\"s1\">Ordf\u00f6rande i KD ock ledamot i kommunstyrelsen<\/span><\/strong><\/p>\n<p class=\"p1\"><strong><span class=\"s1\">Emma Ewaldsson (KD)<br \/>\n<\/span><span class=\"s1\">Ledamot i socialn\u00e4mnden<\/span><\/strong><\/p>\n<\/section>\n<\/section>\n<\/section>\n","protected":false},"excerpt":{"rendered":"<p>\u00c4ldre ska kunna leva ett aktivt liv och ha inflytande \u00f6ver sin vardag med bibeh\u00e5llet oberoende, bem\u00f6tas med respekt och ha tillg\u00e5ng till god v\u00e5rd och omsorg. V\u00e5ra \u00e4ldre har varit isolerade l\u00e4nge nu. I m\u00e5nga fall \u00e4r ensamheten p\u00e5taglig och skapar oro bland de \u00e4ldre f\u00f6r sin h\u00e4lsa. Eller g\u00e5r det s\u00e5 l\u00e5ngt att <a class=\"read-more-link\" href=\"https:\/\/wp.kristdemokraterna.se\/vaggeryd\/en-god-och-vardig-aldreomsorg\/\">Read More<\/a><\/p>\n","protected":false},"author":447,"featured_media":0,"comment_status":"closed","ping_status":"closed","sticky":false,"template":"","format":"standard","meta":{"_acf_changed":false,"footnotes":""},"categories":[1,8,9],"tags":[],"class_list":["post-1263","post","type-post","status-publish","format-standard","hentry","category-arkiv","category-nyheter","category-var-politik"],"acf":[],"yoast_head":"<!-- This site is optimized with the Yoast SEO plugin v27.4 - https:\/\/yoast.com\/product\/yoast-seo-wordpress\/ -->\n<title>En god och v\u00e4rdig \u00e4ldreomsorg - Vaggeryd<\/title>\n<meta name=\"robots\" content=\"index, follow, max-snippet:-1, max-image-preview:large, max-video-preview:-1\" \/>\n<link rel=\"canonical\" href=\"https:\/\/wp.kristdemokraterna.se\/vaggeryd\/en-god-och-vardig-aldreomsorg\/\" \/>\n<meta property=\"og:locale\" content=\"sv_SE\" \/>\n<meta property=\"og:type\" content=\"article\" \/>\n<meta property=\"og:title\" content=\"En god och v\u00e4rdig \u00e4ldreomsorg - Vaggeryd\" \/>\n<meta property=\"og:description\" content=\"\u00c4ldre ska kunna leva ett aktivt liv och ha inflytande \u00f6ver sin vardag med bibeh\u00e5llet oberoende, bem\u00f6tas med respekt och ha tillg\u00e5ng till god v\u00e5rd och omsorg. V\u00e5ra \u00e4ldre har varit isolerade l\u00e4nge nu. I m\u00e5nga fall \u00e4r ensamheten p\u00e5taglig och skapar oro bland de \u00e4ldre f\u00f6r sin h\u00e4lsa. Eller g\u00e5r det s\u00e5 l\u00e5ngt att Read More\" \/>\n<meta property=\"og:url\" content=\"https:\/\/wp.kristdemokraterna.se\/vaggeryd\/en-god-och-vardig-aldreomsorg\/\" \/>\n<meta property=\"og:site_name\" content=\"Vaggeryd\" \/>\n<meta property=\"article:published_time\" content=\"2020-08-22T17:32:37+00:00\" \/>\n<meta property=\"article:modified_time\" content=\"2021-02-01T18:47:59+00:00\" \/>\n<meta name=\"author\" content=\"jenny\" \/>\n<meta name=\"twitter:card\" content=\"summary_large_image\" \/>\n<meta name=\"twitter:label1\" content=\"Skriven av\" \/>\n\t<meta name=\"twitter:data1\" content=\"jenny\" \/>\n\t<meta name=\"twitter:label2\" content=\"Ber\u00e4knad l\u00e4stid\" \/>\n\t<meta name=\"twitter:data2\" content=\"3 minuter\" \/>\n<script type=\"application\/ld+json\" class=\"yoast-schema-graph\">{\"@context\":\"https:\\\/\\\/schema.org\",\"@graph\":[{\"@type\":\"Article\",\"@id\":\"https:\\\/\\\/wp.kristdemokraterna.se\\\/vaggeryd\\\/en-god-och-vardig-aldreomsorg\\\/#article\",\"isPartOf\":{\"@id\":\"https:\\\/\\\/wp.kristdemokraterna.se\\\/vaggeryd\\\/en-god-och-vardig-aldreomsorg\\\/\"},\"author\":{\"name\":\"jenny\",\"@id\":\"https:\\\/\\\/wp.kristdemokraterna.se\\\/vaggeryd\\\/#\\\/schema\\\/person\\\/0af524ca60b38954726ae26be3744902\"},\"headline\":\"En god och v\u00e4rdig \u00e4ldreomsorg\",\"datePublished\":\"2020-08-22T17:32:37+00:00\",\"dateModified\":\"2021-02-01T18:47:59+00:00\",\"mainEntityOfPage\":{\"@id\":\"https:\\\/\\\/wp.kristdemokraterna.se\\\/vaggeryd\\\/en-god-och-vardig-aldreomsorg\\\/\"},\"wordCount\":570,\"articleSection\":[\"Arkiv\",\"Nyheter\",\"V\u00e5r politik\"],\"inLanguage\":\"sv-SE\"},{\"@type\":\"WebPage\",\"@id\":\"https:\\\/\\\/wp.kristdemokraterna.se\\\/vaggeryd\\\/en-god-och-vardig-aldreomsorg\\\/\",\"url\":\"https:\\\/\\\/wp.kristdemokraterna.se\\\/vaggeryd\\\/en-god-och-vardig-aldreomsorg\\\/\",\"name\":\"En god och v\u00e4rdig \u00e4ldreomsorg - Vaggeryd\",\"isPartOf\":{\"@id\":\"https:\\\/\\\/wp.kristdemokraterna.se\\\/vaggeryd\\\/#website\"},\"datePublished\":\"2020-08-22T17:32:37+00:00\",\"dateModified\":\"2021-02-01T18:47:59+00:00\",\"author\":{\"@id\":\"https:\\\/\\\/wp.kristdemokraterna.se\\\/vaggeryd\\\/#\\\/schema\\\/person\\\/0af524ca60b38954726ae26be3744902\"},\"breadcrumb\":{\"@id\":\"https:\\\/\\\/wp.kristdemokraterna.se\\\/vaggeryd\\\/en-god-och-vardig-aldreomsorg\\\/#breadcrumb\"},\"inLanguage\":\"sv-SE\",\"potentialAction\":[{\"@type\":\"ReadAction\",\"target\":[\"https:\\\/\\\/wp.kristdemokraterna.se\\\/vaggeryd\\\/en-god-och-vardig-aldreomsorg\\\/\"]}]},{\"@type\":\"BreadcrumbList\",\"@id\":\"https:\\\/\\\/wp.kristdemokraterna.se\\\/vaggeryd\\\/en-god-och-vardig-aldreomsorg\\\/#breadcrumb\",\"itemListElement\":[{\"@type\":\"ListItem\",\"position\":1,\"name\":\"Hem\",\"item\":\"https:\\\/\\\/wp.kristdemokraterna.se\\\/vaggeryd\\\/\"},{\"@type\":\"ListItem\",\"position\":2,\"name\":\"En god och v\u00e4rdig \u00e4ldreomsorg\"}]},{\"@type\":\"WebSite\",\"@id\":\"https:\\\/\\\/wp.kristdemokraterna.se\\\/vaggeryd\\\/#website\",\"url\":\"https:\\\/\\\/wp.kristdemokraterna.se\\\/vaggeryd\\\/\",\"name\":\"Vaggeryd\",\"description\":\"Kristdemokraterna Familjens r\u00f6st\",\"inLanguage\":\"sv-SE\"},{\"@type\":\"Person\",\"@id\":\"https:\\\/\\\/wp.kristdemokraterna.se\\\/vaggeryd\\\/#\\\/schema\\\/person\\\/0af524ca60b38954726ae26be3744902\",\"name\":\"jenny\",\"image\":{\"@type\":\"ImageObject\",\"inLanguage\":\"sv-SE\",\"@id\":\"https:\\\/\\\/secure.gravatar.com\\\/avatar\\\/656c66c6ccff223a7b53f0e00cd7661619d16e1acc9fd417c92bdf03499b6c4b?s=96&r=g\",\"url\":\"https:\\\/\\\/secure.gravatar.com\\\/avatar\\\/656c66c6ccff223a7b53f0e00cd7661619d16e1acc9fd417c92bdf03499b6c4b?s=96&r=g\",\"contentUrl\":\"https:\\\/\\\/secure.gravatar.com\\\/avatar\\\/656c66c6ccff223a7b53f0e00cd7661619d16e1acc9fd417c92bdf03499b6c4b?s=96&r=g\",\"caption\":\"jenny\"},\"url\":\"https:\\\/\\\/wp.kristdemokraterna.se\\\/vaggeryd\\\/author\\\/jenny\\\/\"}]}<\/script>\n<!-- \/ Yoast SEO plugin. -->","yoast_head_json":{"title":"En god och v\u00e4rdig \u00e4ldreomsorg - Vaggeryd","robots":{"index":"index","follow":"follow","max-snippet":"max-snippet:-1","max-image-preview":"max-image-preview:large","max-video-preview":"max-video-preview:-1"},"canonical":"https:\/\/wp.kristdemokraterna.se\/vaggeryd\/en-god-och-vardig-aldreomsorg\/","og_locale":"sv_SE","og_type":"article","og_title":"En god och v\u00e4rdig \u00e4ldreomsorg - Vaggeryd","og_description":"\u00c4ldre ska kunna leva ett aktivt liv och ha inflytande \u00f6ver sin vardag med bibeh\u00e5llet oberoende, bem\u00f6tas med respekt och ha tillg\u00e5ng till god v\u00e5rd och omsorg. V\u00e5ra \u00e4ldre har varit isolerade l\u00e4nge nu. I m\u00e5nga fall \u00e4r ensamheten p\u00e5taglig och skapar oro bland de \u00e4ldre f\u00f6r sin h\u00e4lsa. Eller g\u00e5r det s\u00e5 l\u00e5ngt att Read More","og_url":"https:\/\/wp.kristdemokraterna.se\/vaggeryd\/en-god-och-vardig-aldreomsorg\/","og_site_name":"Vaggeryd","article_published_time":"2020-08-22T17:32:37+00:00","article_modified_time":"2021-02-01T18:47:59+00:00","author":"jenny","twitter_card":"summary_large_image","twitter_misc":{"Skriven av":"jenny","Ber\u00e4knad l\u00e4stid":"3 minuter"},"schema":{"@context":"https:\/\/schema.org","@graph":[{"@type":"Article","@id":"https:\/\/wp.kristdemokraterna.se\/vaggeryd\/en-god-och-vardig-aldreomsorg\/#article","isPartOf":{"@id":"https:\/\/wp.kristdemokraterna.se\/vaggeryd\/en-god-och-vardig-aldreomsorg\/"},"author":{"name":"jenny","@id":"https:\/\/wp.kristdemokraterna.se\/vaggeryd\/#\/schema\/person\/0af524ca60b38954726ae26be3744902"},"headline":"En god och v\u00e4rdig \u00e4ldreomsorg","datePublished":"2020-08-22T17:32:37+00:00","dateModified":"2021-02-01T18:47:59+00:00","mainEntityOfPage":{"@id":"https:\/\/wp.kristdemokraterna.se\/vaggeryd\/en-god-och-vardig-aldreomsorg\/"},"wordCount":570,"articleSection":["Arkiv","Nyheter","V\u00e5r politik"],"inLanguage":"sv-SE"},{"@type":"WebPage","@id":"https:\/\/wp.kristdemokraterna.se\/vaggeryd\/en-god-och-vardig-aldreomsorg\/","url":"https:\/\/wp.kristdemokraterna.se\/vaggeryd\/en-god-och-vardig-aldreomsorg\/","name":"En god och v\u00e4rdig \u00e4ldreomsorg - Vaggeryd","isPartOf":{"@id":"https:\/\/wp.kristdemokraterna.se\/vaggeryd\/#website"},"datePublished":"2020-08-22T17:32:37+00:00","dateModified":"2021-02-01T18:47:59+00:00","author":{"@id":"https:\/\/wp.kristdemokraterna.se\/vaggeryd\/#\/schema\/person\/0af524ca60b38954726ae26be3744902"},"breadcrumb":{"@id":"https:\/\/wp.kristdemokraterna.se\/vaggeryd\/en-god-och-vardig-aldreomsorg\/#breadcrumb"},"inLanguage":"sv-SE","potentialAction":[{"@type":"ReadAction","target":["https:\/\/wp.kristdemokraterna.se\/vaggeryd\/en-god-och-vardig-aldreomsorg\/"]}]},{"@type":"BreadcrumbList","@id":"https:\/\/wp.kristdemokraterna.se\/vaggeryd\/en-god-och-vardig-aldreomsorg\/#breadcrumb","itemListElement":[{"@type":"ListItem","position":1,"name":"Hem","item":"https:\/\/wp.kristdemokraterna.se\/vaggeryd\/"},{"@type":"ListItem","position":2,"name":"En god och v\u00e4rdig \u00e4ldreomsorg"}]},{"@type":"WebSite","@id":"https:\/\/wp.kristdemokraterna.se\/vaggeryd\/#website","url":"https:\/\/wp.kristdemokraterna.se\/vaggeryd\/","name":"Vaggeryd","description":"Kristdemokraterna Familjens r\u00f6st","inLanguage":"sv-SE"},{"@type":"Person","@id":"https:\/\/wp.kristdemokraterna.se\/vaggeryd\/#\/schema\/person\/0af524ca60b38954726ae26be3744902","name":"jenny","image":{"@type":"ImageObject","inLanguage":"sv-SE","@id":"https:\/\/secure.gravatar.com\/avatar\/656c66c6ccff223a7b53f0e00cd7661619d16e1acc9fd417c92bdf03499b6c4b?s=96&r=g","url":"https:\/\/secure.gravatar.com\/avatar\/656c66c6ccff223a7b53f0e00cd7661619d16e1acc9fd417c92bdf03499b6c4b?s=96&r=g","contentUrl":"https:\/\/secure.gravatar.com\/avatar\/656c66c6ccff223a7b53f0e00cd7661619d16e1acc9fd417c92bdf03499b6c4b?s=96&r=g","caption":"jenny"},"url":"https:\/\/wp.kristdemokraterna.se\/vaggeryd\/author\/jenny\/"}]}},"_links":{"self":[{"href":"https:\/\/wp.kristdemokraterna.se\/vaggeryd\/wp-json\/wp\/v2\/posts\/1263","targetHints":{"allow":["GET"]}}],"collection":[{"href":"https:\/\/wp.kristdemokraterna.se\/vaggeryd\/wp-json\/wp\/v2\/posts"}],"about":[{"href":"https:\/\/wp.kristdemokraterna.se\/vaggeryd\/wp-json\/wp\/v2\/types\/post"}],"author":[{"embeddable":true,"href":"https:\/\/wp.kristdemokraterna.se\/vaggeryd\/wp-json\/wp\/v2\/users\/447"}],"replies":[{"embeddable":true,"href":"https:\/\/wp.kristdemokraterna.se\/vaggeryd\/wp-json\/wp\/v2\/comments?post=1263"}],"version-history":[{"count":1,"href":"https:\/\/wp.kristdemokraterna.se\/vaggeryd\/wp-json\/wp\/v2\/posts\/1263\/revisions"}],"predecessor-version":[{"id":1264,"href":"https:\/\/wp.kristdemokraterna.se\/vaggeryd\/wp-json\/wp\/v2\/posts\/1263\/revisions\/1264"}],"wp:attachment":[{"href":"https:\/\/wp.kristdemokraterna.se\/vaggeryd\/wp-json\/wp\/v2\/media?parent=1263"}],"wp:term":[{"taxonomy":"category","embeddable":true,"href":"https:\/\/wp.kristdemokraterna.se\/vaggeryd\/wp-json\/wp\/v2\/categories?post=1263"},{"taxonomy":"post_tag","embeddable":true,"href":"https:\/\/wp.kristdemokraterna.se\/vaggeryd\/wp-json\/wp\/v2\/tags?post=1263"}],"curies":[{"name":"wp","href":"https:\/\/api.w.org\/{rel}","templated":true}]}}