{"id":1285,"date":"2021-02-05T12:45:25","date_gmt":"2021-02-05T11:45:25","guid":{"rendered":"http:\/\/wp.kristdemokraterna.se\/vaggeryd\/?p=1285"},"modified":"2021-02-05T12:57:19","modified_gmt":"2021-02-05T11:57:19","slug":"alla-aldre-har-ratt-till-trygghet-gemenskap-och-framtidstro","status":"publish","type":"post","link":"https:\/\/wp.kristdemokraterna.se\/vaggeryd\/alla-aldre-har-ratt-till-trygghet-gemenskap-och-framtidstro\/","title":{"rendered":"Alla \u00e4ldre har r\u00e4tt till trygghet, gemenskap och framtidstro!"},"content":{"rendered":"<p>\u00c4LDREOMSORG \u2013 VI INOM KD SKA ST\u00c5 F\u00d6R EN V\u00c4RDIG OMSORG<\/p>\n<p>-Under 2021 och fram\u00e5t satsar regeringen p\u00e5 att st\u00e4rka och lyfta \u00e4ldreomsorgen i alla kommuner i Sverige. Det \u00e4r en \u00f6verenskommelse mellan regeringspartierna, Centerpartiet och Liberalerna<span style=\"text-decoration: line-through\">.<\/span> D\u00e5 \u00e4r fr\u00e5gan: Kommer regeringens satsning p\u00e5 resurstillskott f\u00f6r \u00e4ldreomsorgen att r\u00e4cka till f\u00f6r att ge ett verkligt lyft f\u00f6r de \u00e4ldre? Kommer resurserna att anv\u00e4ndas till konkreta \u00e4ndam\u00e5l som p\u00e5verkar tryggheten, gemenskapen och framtidstron f\u00f6r de \u00e4ldre? \u00a0Detta \u00e4r satsningar vi v\u00e4lkomnar men \u00e4r inte tillr\u00e4ckliga.<\/p>\n<p>Kristdemokraterna \u00e4r det parti som under alla tider har v\u00e4rnat om omsorgen f\u00f6r de \u00e4ldre och st\u00e4ndigt framh\u00e5llit vikten av att satsa.<\/p>\n<p>Vi har konkreta f\u00f6rslag f\u00f6r hantering och utveckling av behovsrelaterade f\u00f6r\u00e4ndringar f\u00f6r trygghet, gemenskap och framtidstro f\u00f6r de \u00e4ldre.<\/p>\n<p>HEMTJ\u00c4NST \u2013 VI VILL \u00d6KA TRYGGHETEN<\/p>\n<p>-F\u00f6r att skapa trygghet f\u00f6r de \u00e4ldre, som beh\u00f6ver hemtj\u00e4nstinsatser, beh\u00f6ver antalet olika bes\u00f6kande och v\u00e5rdande till den \u00e4ldre fr\u00e5n hemtj\u00e4nsten minskas drastiskt. Den \u00e4ldre beh\u00f6ver f\u00e5 m\u00f6jligheten att l\u00e4ra k\u00e4nna de bes\u00f6kande i hemmet f\u00f6r att k\u00e4nna trygghet och f\u00f6rtroende och f\u00f6r att kunna fullt ut delge sina behov och uppleva f\u00f6rst\u00e5else f\u00f6r sin situation. M\u00e5let m\u00e5ste vara att f\u00e5 ner antalet olika bes\u00f6kande v\u00e5rdare till max 5 personer\/vecka och att samma bes\u00f6kare f\u00e5r m\u00f6jlighet att \u00e5terkomma till samma v\u00e5rdtagare under en l\u00e4ngre tid. All typ av behandlingar med mindre bra resultat eller otillr\u00e4cklig behandling m\u00e5ste och kan p\u00e5 detta s\u00e4tt undvikas.<\/p>\n<p>SATSA P\u00c5 V\u00c5RDPERSONAL<\/p>\n<p>-All personal som g\u00f6r hembes\u00f6k beh\u00f6ver ha utbildning, kompetens och r\u00e4tta f\u00f6ruts\u00e4ttningar f\u00f6r detta. Det beh\u00f6vs ocks\u00e5 l\u00e4kare och v\u00e5rdpersonal som \u00e4r direkt utbildade, s\u00e4rskilt anst\u00e4llda f\u00f6r att ta hand om de \u00e4ldres v\u00e5rdbehov. Idag skapar det stora avst\u00e5ndet till l\u00e4kare och l\u00e5nga v\u00e4ntetider en stor otrygghet f\u00f6r de \u00e4ldre.<\/p>\n<p>\u00c4LDRE SKA HA R\u00c4TT TILL GEMENSKAP, DELAKTIGHET OCH MENINGSFULLHET<\/p>\n<p>&#8211; F\u00f6r att skapa gemenskap f\u00f6r de \u00e4ldre, och framf\u00f6r allt de \u00e4ldsta, m\u00e5ste samh\u00e4llet erbjuda alla \u00f6ver 85 \u00e5r en plats i n\u00e5gon form av tryggt och s\u00e4kert boende i gemenskap med andra. N\u00e4r man \u00e4r \u00f6ver 85 \u00e5r minskar drastiskt alla m\u00f6jligheter till gemenskap och m\u00f6ten med sl\u00e4kt och v\u00e4nner. D\u00e5 upplever man mer och mer att v\u00e4nner runt omkring d\u00f6r bort och man blir ensam l\u00e4mnad kvar. Hj\u00e4lpen till gemenskap i vardagen \u00e4r d\u00e5 n\u00f6dv\u00e4ndig f\u00f6r att bryta ensamheten. Det b\u00e4sta s\u00e4ttet att motverka ensamheten \u00e4r att erbjuda boende i gemenskap p\u00e5 olika s\u00e4tt och olika former, som den \u00e4ldre kan v\u00e4lja om den s\u00e5 \u00f6nskar. Det handlar om att ta och ha tid till att lyssna p\u00e5 den \u00e4ldres \u00f6nskem\u00e5l och behov. Allt m\u00e5ste, s\u00e5 l\u00e5ngt som det \u00e4r m\u00f6jligt, ordnas utifr\u00e5n de f\u00f6ruts\u00e4ttningar som den \u00e4ldre har.<\/p>\n<p>&#8211; F\u00f6r att skapa framtidstro f\u00f6r de \u00e4ldre beh\u00f6ver alla f\u00e5 k\u00e4nna tillh\u00f6righet, delaktighet och meningsfullhet. S\u00e5 l\u00e4nge vi lever m\u00e5ste vi f\u00e5 chansen att tro p\u00e5 framtiden och uppleva att vi \u00e4r en del av samh\u00e4llet. Att vi \u00e4r b\u00e4rande \u2013 inte t\u00e4rande. Att vi har en uppgift och g\u00f6r nytta. D\u00e4rf\u00f6r b\u00f6r v\u00e5rden och m\u00f6ten med omsorgen syfta till att ge meningsfulla uppgifter och aktiviteter som betyder n\u00e5got, personligen och f\u00f6r andra. Det livsl\u00e5nga l\u00e4randet, som den \u00e4ldre b\u00e4r med sig genom ett l\u00e5ngt liv, har gett en stor potential av erfarenheter och kunskaper som vi har all anledning att ta vara p\u00e5, p\u00e5 alla s\u00e4tt som \u00e4r m\u00f6jliga.<\/p>\n<p>I v\u00e5r kommun vill vi att \u00e4ldreomsorgen skall vara prioriterad inom v\u00e5ra f\u00f6rvaltningars olika verksamheter. \u00a0Samverkan i olika satsningar p\u00e5 boendeformer m\u00e5ste ut\u00f6kas. Gemenskapsaktiviteter b\u00f6r vara fler till antalet, f\u00f6r att minska ensamhet och motverka k\u00e4nsla av isolering hos de \u00e4ldre. Till detta erbjuda v\u00e5ra \u00e4ldre +85 ett boende med kvalitet, n\u00e4r s\u00e5 \u00f6nskas.<\/p>\n","protected":false},"excerpt":{"rendered":"<p>\u00c4LDREOMSORG \u2013 VI INOM KD SKA ST\u00c5 F\u00d6R EN V\u00c4RDIG OMSORG -Under 2021 och fram\u00e5t satsar regeringen p\u00e5 att st\u00e4rka och lyfta \u00e4ldreomsorgen i alla kommuner i Sverige. Det \u00e4r en \u00f6verenskommelse mellan regeringspartierna, Centerpartiet och Liberalerna. D\u00e5 \u00e4r fr\u00e5gan: Kommer regeringens satsning p\u00e5 resurstillskott f\u00f6r \u00e4ldreomsorgen att r\u00e4cka till f\u00f6r att ge ett verkligt <a class=\"read-more-link\" href=\"https:\/\/wp.kristdemokraterna.se\/vaggeryd\/alla-aldre-har-ratt-till-trygghet-gemenskap-och-framtidstro\/\">Read More<\/a><\/p>\n","protected":false},"author":447,"featured_media":0,"comment_status":"closed","ping_status":"closed","sticky":false,"template":"","format":"standard","meta":{"_acf_changed":false,"footnotes":""},"categories":[8,9],"tags":[],"class_list":["post-1285","post","type-post","status-publish","format-standard","hentry","category-nyheter","category-var-politik"],"acf":[],"yoast_head":"<!-- This site is optimized with the Yoast SEO plugin v27.4 - https:\/\/yoast.com\/product\/yoast-seo-wordpress\/ -->\n<title>Alla \u00e4ldre har r\u00e4tt till trygghet, gemenskap och framtidstro! - Vaggeryd<\/title>\n<meta name=\"robots\" content=\"index, follow, max-snippet:-1, max-image-preview:large, max-video-preview:-1\" \/>\n<link rel=\"canonical\" href=\"https:\/\/wp.kristdemokraterna.se\/vaggeryd\/alla-aldre-har-ratt-till-trygghet-gemenskap-och-framtidstro\/\" \/>\n<meta property=\"og:locale\" content=\"sv_SE\" \/>\n<meta property=\"og:type\" content=\"article\" \/>\n<meta property=\"og:title\" content=\"Alla \u00e4ldre har r\u00e4tt till trygghet, gemenskap och framtidstro! - Vaggeryd\" \/>\n<meta property=\"og:description\" content=\"\u00c4LDREOMSORG \u2013 VI INOM KD SKA ST\u00c5 F\u00d6R EN V\u00c4RDIG OMSORG -Under 2021 och fram\u00e5t satsar regeringen p\u00e5 att st\u00e4rka och lyfta \u00e4ldreomsorgen i alla kommuner i Sverige. Det \u00e4r en \u00f6verenskommelse mellan regeringspartierna, Centerpartiet och Liberalerna. D\u00e5 \u00e4r fr\u00e5gan: Kommer regeringens satsning p\u00e5 resurstillskott f\u00f6r \u00e4ldreomsorgen att r\u00e4cka till f\u00f6r att ge ett verkligt Read More\" \/>\n<meta property=\"og:url\" content=\"https:\/\/wp.kristdemokraterna.se\/vaggeryd\/alla-aldre-har-ratt-till-trygghet-gemenskap-och-framtidstro\/\" \/>\n<meta property=\"og:site_name\" content=\"Vaggeryd\" \/>\n<meta property=\"article:published_time\" content=\"2021-02-05T11:45:25+00:00\" \/>\n<meta property=\"article:modified_time\" content=\"2021-02-05T11:57:19+00:00\" \/>\n<meta name=\"author\" content=\"jenny\" \/>\n<meta name=\"twitter:card\" content=\"summary_large_image\" \/>\n<meta name=\"twitter:label1\" content=\"Skriven av\" \/>\n\t<meta name=\"twitter:data1\" content=\"jenny\" \/>\n\t<meta name=\"twitter:label2\" content=\"Ber\u00e4knad l\u00e4stid\" \/>\n\t<meta name=\"twitter:data2\" content=\"3 minuter\" \/>\n<script type=\"application\/ld+json\" class=\"yoast-schema-graph\">{\"@context\":\"https:\\\/\\\/schema.org\",\"@graph\":[{\"@type\":\"Article\",\"@id\":\"https:\\\/\\\/wp.kristdemokraterna.se\\\/vaggeryd\\\/alla-aldre-har-ratt-till-trygghet-gemenskap-och-framtidstro\\\/#article\",\"isPartOf\":{\"@id\":\"https:\\\/\\\/wp.kristdemokraterna.se\\\/vaggeryd\\\/alla-aldre-har-ratt-till-trygghet-gemenskap-och-framtidstro\\\/\"},\"author\":{\"name\":\"jenny\",\"@id\":\"https:\\\/\\\/wp.kristdemokraterna.se\\\/vaggeryd\\\/#\\\/schema\\\/person\\\/0af524ca60b38954726ae26be3744902\"},\"headline\":\"Alla \u00e4ldre har r\u00e4tt till trygghet, gemenskap och framtidstro!\",\"datePublished\":\"2021-02-05T11:45:25+00:00\",\"dateModified\":\"2021-02-05T11:57:19+00:00\",\"mainEntityOfPage\":{\"@id\":\"https:\\\/\\\/wp.kristdemokraterna.se\\\/vaggeryd\\\/alla-aldre-har-ratt-till-trygghet-gemenskap-och-framtidstro\\\/\"},\"wordCount\":750,\"articleSection\":[\"Nyheter\",\"V\u00e5r politik\"],\"inLanguage\":\"sv-SE\"},{\"@type\":\"WebPage\",\"@id\":\"https:\\\/\\\/wp.kristdemokraterna.se\\\/vaggeryd\\\/alla-aldre-har-ratt-till-trygghet-gemenskap-och-framtidstro\\\/\",\"url\":\"https:\\\/\\\/wp.kristdemokraterna.se\\\/vaggeryd\\\/alla-aldre-har-ratt-till-trygghet-gemenskap-och-framtidstro\\\/\",\"name\":\"Alla \u00e4ldre har r\u00e4tt till trygghet, gemenskap och framtidstro! - Vaggeryd\",\"isPartOf\":{\"@id\":\"https:\\\/\\\/wp.kristdemokraterna.se\\\/vaggeryd\\\/#website\"},\"datePublished\":\"2021-02-05T11:45:25+00:00\",\"dateModified\":\"2021-02-05T11:57:19+00:00\",\"author\":{\"@id\":\"https:\\\/\\\/wp.kristdemokraterna.se\\\/vaggeryd\\\/#\\\/schema\\\/person\\\/0af524ca60b38954726ae26be3744902\"},\"breadcrumb\":{\"@id\":\"https:\\\/\\\/wp.kristdemokraterna.se\\\/vaggeryd\\\/alla-aldre-har-ratt-till-trygghet-gemenskap-och-framtidstro\\\/#breadcrumb\"},\"inLanguage\":\"sv-SE\",\"potentialAction\":[{\"@type\":\"ReadAction\",\"target\":[\"https:\\\/\\\/wp.kristdemokraterna.se\\\/vaggeryd\\\/alla-aldre-har-ratt-till-trygghet-gemenskap-och-framtidstro\\\/\"]}]},{\"@type\":\"BreadcrumbList\",\"@id\":\"https:\\\/\\\/wp.kristdemokraterna.se\\\/vaggeryd\\\/alla-aldre-har-ratt-till-trygghet-gemenskap-och-framtidstro\\\/#breadcrumb\",\"itemListElement\":[{\"@type\":\"ListItem\",\"position\":1,\"name\":\"Hem\",\"item\":\"https:\\\/\\\/wp.kristdemokraterna.se\\\/vaggeryd\\\/\"},{\"@type\":\"ListItem\",\"position\":2,\"name\":\"Alla \u00e4ldre har r\u00e4tt till trygghet, gemenskap och framtidstro!\"}]},{\"@type\":\"WebSite\",\"@id\":\"https:\\\/\\\/wp.kristdemokraterna.se\\\/vaggeryd\\\/#website\",\"url\":\"https:\\\/\\\/wp.kristdemokraterna.se\\\/vaggeryd\\\/\",\"name\":\"Vaggeryd\",\"description\":\"Kristdemokraterna Familjens r\u00f6st\",\"inLanguage\":\"sv-SE\"},{\"@type\":\"Person\",\"@id\":\"https:\\\/\\\/wp.kristdemokraterna.se\\\/vaggeryd\\\/#\\\/schema\\\/person\\\/0af524ca60b38954726ae26be3744902\",\"name\":\"jenny\",\"image\":{\"@type\":\"ImageObject\",\"inLanguage\":\"sv-SE\",\"@id\":\"https:\\\/\\\/secure.gravatar.com\\\/avatar\\\/656c66c6ccff223a7b53f0e00cd7661619d16e1acc9fd417c92bdf03499b6c4b?s=96&r=g\",\"url\":\"https:\\\/\\\/secure.gravatar.com\\\/avatar\\\/656c66c6ccff223a7b53f0e00cd7661619d16e1acc9fd417c92bdf03499b6c4b?s=96&r=g\",\"contentUrl\":\"https:\\\/\\\/secure.gravatar.com\\\/avatar\\\/656c66c6ccff223a7b53f0e00cd7661619d16e1acc9fd417c92bdf03499b6c4b?s=96&r=g\",\"caption\":\"jenny\"},\"url\":\"https:\\\/\\\/wp.kristdemokraterna.se\\\/vaggeryd\\\/author\\\/jenny\\\/\"}]}<\/script>\n<!-- \/ Yoast SEO plugin. -->","yoast_head_json":{"title":"Alla \u00e4ldre har r\u00e4tt till trygghet, gemenskap och framtidstro! - Vaggeryd","robots":{"index":"index","follow":"follow","max-snippet":"max-snippet:-1","max-image-preview":"max-image-preview:large","max-video-preview":"max-video-preview:-1"},"canonical":"https:\/\/wp.kristdemokraterna.se\/vaggeryd\/alla-aldre-har-ratt-till-trygghet-gemenskap-och-framtidstro\/","og_locale":"sv_SE","og_type":"article","og_title":"Alla \u00e4ldre har r\u00e4tt till trygghet, gemenskap och framtidstro! - Vaggeryd","og_description":"\u00c4LDREOMSORG \u2013 VI INOM KD SKA ST\u00c5 F\u00d6R EN V\u00c4RDIG OMSORG -Under 2021 och fram\u00e5t satsar regeringen p\u00e5 att st\u00e4rka och lyfta \u00e4ldreomsorgen i alla kommuner i Sverige. Det \u00e4r en \u00f6verenskommelse mellan regeringspartierna, Centerpartiet och Liberalerna. D\u00e5 \u00e4r fr\u00e5gan: Kommer regeringens satsning p\u00e5 resurstillskott f\u00f6r \u00e4ldreomsorgen att r\u00e4cka till f\u00f6r att ge ett verkligt Read More","og_url":"https:\/\/wp.kristdemokraterna.se\/vaggeryd\/alla-aldre-har-ratt-till-trygghet-gemenskap-och-framtidstro\/","og_site_name":"Vaggeryd","article_published_time":"2021-02-05T11:45:25+00:00","article_modified_time":"2021-02-05T11:57:19+00:00","author":"jenny","twitter_card":"summary_large_image","twitter_misc":{"Skriven av":"jenny","Ber\u00e4knad l\u00e4stid":"3 minuter"},"schema":{"@context":"https:\/\/schema.org","@graph":[{"@type":"Article","@id":"https:\/\/wp.kristdemokraterna.se\/vaggeryd\/alla-aldre-har-ratt-till-trygghet-gemenskap-och-framtidstro\/#article","isPartOf":{"@id":"https:\/\/wp.kristdemokraterna.se\/vaggeryd\/alla-aldre-har-ratt-till-trygghet-gemenskap-och-framtidstro\/"},"author":{"name":"jenny","@id":"https:\/\/wp.kristdemokraterna.se\/vaggeryd\/#\/schema\/person\/0af524ca60b38954726ae26be3744902"},"headline":"Alla \u00e4ldre har r\u00e4tt till trygghet, gemenskap och framtidstro!","datePublished":"2021-02-05T11:45:25+00:00","dateModified":"2021-02-05T11:57:19+00:00","mainEntityOfPage":{"@id":"https:\/\/wp.kristdemokraterna.se\/vaggeryd\/alla-aldre-har-ratt-till-trygghet-gemenskap-och-framtidstro\/"},"wordCount":750,"articleSection":["Nyheter","V\u00e5r politik"],"inLanguage":"sv-SE"},{"@type":"WebPage","@id":"https:\/\/wp.kristdemokraterna.se\/vaggeryd\/alla-aldre-har-ratt-till-trygghet-gemenskap-och-framtidstro\/","url":"https:\/\/wp.kristdemokraterna.se\/vaggeryd\/alla-aldre-har-ratt-till-trygghet-gemenskap-och-framtidstro\/","name":"Alla \u00e4ldre har r\u00e4tt till trygghet, gemenskap och framtidstro! - Vaggeryd","isPartOf":{"@id":"https:\/\/wp.kristdemokraterna.se\/vaggeryd\/#website"},"datePublished":"2021-02-05T11:45:25+00:00","dateModified":"2021-02-05T11:57:19+00:00","author":{"@id":"https:\/\/wp.kristdemokraterna.se\/vaggeryd\/#\/schema\/person\/0af524ca60b38954726ae26be3744902"},"breadcrumb":{"@id":"https:\/\/wp.kristdemokraterna.se\/vaggeryd\/alla-aldre-har-ratt-till-trygghet-gemenskap-och-framtidstro\/#breadcrumb"},"inLanguage":"sv-SE","potentialAction":[{"@type":"ReadAction","target":["https:\/\/wp.kristdemokraterna.se\/vaggeryd\/alla-aldre-har-ratt-till-trygghet-gemenskap-och-framtidstro\/"]}]},{"@type":"BreadcrumbList","@id":"https:\/\/wp.kristdemokraterna.se\/vaggeryd\/alla-aldre-har-ratt-till-trygghet-gemenskap-och-framtidstro\/#breadcrumb","itemListElement":[{"@type":"ListItem","position":1,"name":"Hem","item":"https:\/\/wp.kristdemokraterna.se\/vaggeryd\/"},{"@type":"ListItem","position":2,"name":"Alla \u00e4ldre har r\u00e4tt till trygghet, gemenskap och framtidstro!"}]},{"@type":"WebSite","@id":"https:\/\/wp.kristdemokraterna.se\/vaggeryd\/#website","url":"https:\/\/wp.kristdemokraterna.se\/vaggeryd\/","name":"Vaggeryd","description":"Kristdemokraterna Familjens r\u00f6st","inLanguage":"sv-SE"},{"@type":"Person","@id":"https:\/\/wp.kristdemokraterna.se\/vaggeryd\/#\/schema\/person\/0af524ca60b38954726ae26be3744902","name":"jenny","image":{"@type":"ImageObject","inLanguage":"sv-SE","@id":"https:\/\/secure.gravatar.com\/avatar\/656c66c6ccff223a7b53f0e00cd7661619d16e1acc9fd417c92bdf03499b6c4b?s=96&r=g","url":"https:\/\/secure.gravatar.com\/avatar\/656c66c6ccff223a7b53f0e00cd7661619d16e1acc9fd417c92bdf03499b6c4b?s=96&r=g","contentUrl":"https:\/\/secure.gravatar.com\/avatar\/656c66c6ccff223a7b53f0e00cd7661619d16e1acc9fd417c92bdf03499b6c4b?s=96&r=g","caption":"jenny"},"url":"https:\/\/wp.kristdemokraterna.se\/vaggeryd\/author\/jenny\/"}]}},"_links":{"self":[{"href":"https:\/\/wp.kristdemokraterna.se\/vaggeryd\/wp-json\/wp\/v2\/posts\/1285","targetHints":{"allow":["GET"]}}],"collection":[{"href":"https:\/\/wp.kristdemokraterna.se\/vaggeryd\/wp-json\/wp\/v2\/posts"}],"about":[{"href":"https:\/\/wp.kristdemokraterna.se\/vaggeryd\/wp-json\/wp\/v2\/types\/post"}],"author":[{"embeddable":true,"href":"https:\/\/wp.kristdemokraterna.se\/vaggeryd\/wp-json\/wp\/v2\/users\/447"}],"replies":[{"embeddable":true,"href":"https:\/\/wp.kristdemokraterna.se\/vaggeryd\/wp-json\/wp\/v2\/comments?post=1285"}],"version-history":[{"count":4,"href":"https:\/\/wp.kristdemokraterna.se\/vaggeryd\/wp-json\/wp\/v2\/posts\/1285\/revisions"}],"predecessor-version":[{"id":1290,"href":"https:\/\/wp.kristdemokraterna.se\/vaggeryd\/wp-json\/wp\/v2\/posts\/1285\/revisions\/1290"}],"wp:attachment":[{"href":"https:\/\/wp.kristdemokraterna.se\/vaggeryd\/wp-json\/wp\/v2\/media?parent=1285"}],"wp:term":[{"taxonomy":"category","embeddable":true,"href":"https:\/\/wp.kristdemokraterna.se\/vaggeryd\/wp-json\/wp\/v2\/categories?post=1285"},{"taxonomy":"post_tag","embeddable":true,"href":"https:\/\/wp.kristdemokraterna.se\/vaggeryd\/wp-json\/wp\/v2\/tags?post=1285"}],"curies":[{"name":"wp","href":"https:\/\/api.w.org\/{rel}","templated":true}]}}