{"id":1296,"date":"2021-03-31T14:25:38","date_gmt":"2021-03-31T12:25:38","guid":{"rendered":"https:\/\/wp.kristdemokraterna.se\/vaggeryd\/?p=1296"},"modified":"2021-03-31T14:26:40","modified_gmt":"2021-03-31T12:26:40","slug":"flytta-centrum-till-kulturen","status":"publish","type":"post","link":"https:\/\/wp.kristdemokraterna.se\/vaggeryd\/flytta-centrum-till-kulturen\/","title":{"rendered":"Flytta centrum till kulturen"},"content":{"rendered":"<p class=\"p1\">Kultur uppst\u00e5r i m\u00f6tet mellan m\u00e4nniskor och skapas av oss alla gemensamt. Kulturen ger oss mening i nuet, men kulturen b\u00e4r ocks\u00e5 v\u00e5ra historiska r\u00f6tter och f\u00f6der visioner f\u00f6r framtiden. Kulturen bidrar till att vidga den egna verkligheten och fantasin. Den hj\u00e4lper oss att v\u00e4xa som empatiska och igenk\u00e4nnande m\u00e4nniskor. Kulturen, precis som moralen, h\u00e5ller ihop gemenskaper. Den \u00e4r med och skapar f\u00f6ruts\u00e4ttningar f\u00f6r ett gott samh\u00e4lle.<\/p>\n<p class=\"p1\">F\u00f6r ett antal \u00e5r sedan satsade kommunen m\u00e5nga miljoner p\u00e5 att skapa en \u00f6ppen m\u00f6tesplats d\u00e4r alla kommunens inv\u00e5nare skulle f\u00e5 m\u00f6jligheten att m\u00f6tas i Fenix 2. Att f\u00e5 uppleva ett kontinuerligt utbud av kulturarrangemang, ges m\u00f6jligheter att delta i utvecklande kursverksamhet och m\u00f6tas i skapande gemenskaper.<\/p>\n<p class=\"p1\">Med tiden har denna vision fallit i gl\u00f6mska och kvar i lokalerna finns spretiga viljor och ogenomt\u00e4nkta l\u00f6sningar.<\/p>\n<p class=\"p1\">H\u00e4r vill vi i KD s\u00e4tta ner foten. Vi vill driva igenom en diger och genomarbetad utredning som ska resultera i l\u00e5ngsiktighet f\u00f6r kulturens tillh\u00e5ll i Vaggeryd. N\u00e4r Vaggeryds kommun nu v\u00e4xer s\u00e5 det knakar, s\u00e5 \u00e4r det ocks\u00e5 viktigt att komma ih\u00e5g var vi kom ifr\u00e5n. F\u00f6r att kunna gemensamt utvecklas \u00e5t r\u00e4tt h\u00e5ll och v\u00e4xa klokt. Inte bli undang\u00f6mda till f\u00f6rm\u00e5n f\u00f6r n\u00e4sta skeva l\u00f6sning.<\/p>\n<p class=\"p1\"><span class=\"s1\">Kristdemokraterna i Vaggeryds kommun arbetar f\u00f6r att v\u00e5rt kulturcentrum ska inneh\u00e5lla:<\/span><\/p>\n<ul class=\"ul1\">\n<li class=\"li1\">Kulturpedagogisk verksamhet: Kurs- och programsamarbete mellan biblioteket och kulturskolan * musikskola * konst- och bildskola\u00a0 *\u00a0danskola\u00a0* drama och teaterskola\u00a0 *\u00a0media\u00a0*\u00a0skrivande * kurs och program<\/li>\n<li class=\"li1\">Folkbibliotek, mediatek och rum f\u00f6r skapande<\/li>\n<li class=\"li1\">Ungdomsverksamhet<\/li>\n<li class=\"li1\">Resurscentrum f\u00f6r ett n\u00e4ra samarbete med f\u00f6rskola, grundskola, s\u00e4rskola, fritidshem, gymnasieskola, f\u00f6reningsliv, n\u00e4ringsliv\u00a0med flera<\/li>\n<li class=\"li1\">M\u00f6tesplats f\u00f6r allm\u00e4nheten. Evenemang, f\u00f6rel\u00e4sningar, konserter, utst\u00e4llningar, f\u00f6reningsm\u00f6ten, kafeteria med mera.<\/li>\n<\/ul>\n<p class=\"p1\">Vi vill att v\u00e5rt kulturcentrum ska bli ett lyft och en inspirationsk\u00e4lla till personliga initiativ som g\u00f6r Vaggeryds kommun till en god kulturkommun \u2013 \u201d<span class=\"s2\">en plats med stark tradition \u2013 f\u00f6r gr\u00e4nsl\u00f6st skapande, d\u00e4r gemensam vilja och kunskap f\u00e5r livet att lyfta och id\u00e9er blir verklighet\u201d.<\/span><\/p>\n<p class=\"p1\">Mars 2021<br \/>\n<strong>Kristdemokraterna i Vaggeryds kommun genom<\/strong><br \/>\n<strong>Nicklas Nordquist och Jan Eric Victor<\/strong><\/p>\n","protected":false},"excerpt":{"rendered":"<p>Kultur uppst\u00e5r i m\u00f6tet mellan m\u00e4nniskor och skapas av oss alla gemensamt. Kulturen ger oss mening i nuet, men kulturen b\u00e4r ocks\u00e5 v\u00e5ra historiska r\u00f6tter och f\u00f6der visioner f\u00f6r framtiden. Kulturen bidrar till att vidga den egna verkligheten och fantasin. Den hj\u00e4lper oss att v\u00e4xa som empatiska och igenk\u00e4nnande m\u00e4nniskor. Kulturen, precis som moralen, h\u00e5ller <a class=\"read-more-link\" href=\"https:\/\/wp.kristdemokraterna.se\/vaggeryd\/flytta-centrum-till-kulturen\/\">Read More<\/a><\/p>\n","protected":false},"author":447,"featured_media":0,"comment_status":"closed","ping_status":"closed","sticky":false,"template":"","format":"standard","meta":{"_acf_changed":false,"footnotes":""},"categories":[8,9],"tags":[],"class_list":["post-1296","post","type-post","status-publish","format-standard","hentry","category-nyheter","category-var-politik"],"acf":[],"yoast_head":"<!-- This site is optimized with the Yoast SEO plugin v27.4 - https:\/\/yoast.com\/product\/yoast-seo-wordpress\/ -->\n<title>Flytta centrum till kulturen - Vaggeryd<\/title>\n<meta name=\"robots\" content=\"index, follow, max-snippet:-1, max-image-preview:large, max-video-preview:-1\" \/>\n<link rel=\"canonical\" href=\"https:\/\/wp.kristdemokraterna.se\/vaggeryd\/flytta-centrum-till-kulturen\/\" \/>\n<meta property=\"og:locale\" content=\"sv_SE\" \/>\n<meta property=\"og:type\" content=\"article\" \/>\n<meta property=\"og:title\" content=\"Flytta centrum till kulturen - Vaggeryd\" \/>\n<meta property=\"og:description\" content=\"Kultur uppst\u00e5r i m\u00f6tet mellan m\u00e4nniskor och skapas av oss alla gemensamt. Kulturen ger oss mening i nuet, men kulturen b\u00e4r ocks\u00e5 v\u00e5ra historiska r\u00f6tter och f\u00f6der visioner f\u00f6r framtiden. Kulturen bidrar till att vidga den egna verkligheten och fantasin. Den hj\u00e4lper oss att v\u00e4xa som empatiska och igenk\u00e4nnande m\u00e4nniskor. Kulturen, precis som moralen, h\u00e5ller Read More\" \/>\n<meta property=\"og:url\" content=\"https:\/\/wp.kristdemokraterna.se\/vaggeryd\/flytta-centrum-till-kulturen\/\" \/>\n<meta property=\"og:site_name\" content=\"Vaggeryd\" \/>\n<meta property=\"article:published_time\" content=\"2021-03-31T12:25:38+00:00\" \/>\n<meta property=\"article:modified_time\" content=\"2021-03-31T12:26:40+00:00\" \/>\n<meta name=\"author\" content=\"jenny\" \/>\n<meta name=\"twitter:card\" content=\"summary_large_image\" \/>\n<meta name=\"twitter:label1\" content=\"Skriven av\" \/>\n\t<meta name=\"twitter:data1\" content=\"jenny\" \/>\n\t<meta name=\"twitter:label2\" content=\"Ber\u00e4knad l\u00e4stid\" \/>\n\t<meta name=\"twitter:data2\" content=\"2 minuter\" \/>\n<script type=\"application\/ld+json\" class=\"yoast-schema-graph\">{\"@context\":\"https:\\\/\\\/schema.org\",\"@graph\":[{\"@type\":\"Article\",\"@id\":\"https:\\\/\\\/wp.kristdemokraterna.se\\\/vaggeryd\\\/flytta-centrum-till-kulturen\\\/#article\",\"isPartOf\":{\"@id\":\"https:\\\/\\\/wp.kristdemokraterna.se\\\/vaggeryd\\\/flytta-centrum-till-kulturen\\\/\"},\"author\":{\"name\":\"jenny\",\"@id\":\"https:\\\/\\\/wp.kristdemokraterna.se\\\/vaggeryd\\\/#\\\/schema\\\/person\\\/0af524ca60b38954726ae26be3744902\"},\"headline\":\"Flytta centrum till kulturen\",\"datePublished\":\"2021-03-31T12:25:38+00:00\",\"dateModified\":\"2021-03-31T12:26:40+00:00\",\"mainEntityOfPage\":{\"@id\":\"https:\\\/\\\/wp.kristdemokraterna.se\\\/vaggeryd\\\/flytta-centrum-till-kulturen\\\/\"},\"wordCount\":399,\"articleSection\":[\"Nyheter\",\"V\u00e5r politik\"],\"inLanguage\":\"sv-SE\"},{\"@type\":\"WebPage\",\"@id\":\"https:\\\/\\\/wp.kristdemokraterna.se\\\/vaggeryd\\\/flytta-centrum-till-kulturen\\\/\",\"url\":\"https:\\\/\\\/wp.kristdemokraterna.se\\\/vaggeryd\\\/flytta-centrum-till-kulturen\\\/\",\"name\":\"Flytta centrum till kulturen - Vaggeryd\",\"isPartOf\":{\"@id\":\"https:\\\/\\\/wp.kristdemokraterna.se\\\/vaggeryd\\\/#website\"},\"datePublished\":\"2021-03-31T12:25:38+00:00\",\"dateModified\":\"2021-03-31T12:26:40+00:00\",\"author\":{\"@id\":\"https:\\\/\\\/wp.kristdemokraterna.se\\\/vaggeryd\\\/#\\\/schema\\\/person\\\/0af524ca60b38954726ae26be3744902\"},\"breadcrumb\":{\"@id\":\"https:\\\/\\\/wp.kristdemokraterna.se\\\/vaggeryd\\\/flytta-centrum-till-kulturen\\\/#breadcrumb\"},\"inLanguage\":\"sv-SE\",\"potentialAction\":[{\"@type\":\"ReadAction\",\"target\":[\"https:\\\/\\\/wp.kristdemokraterna.se\\\/vaggeryd\\\/flytta-centrum-till-kulturen\\\/\"]}]},{\"@type\":\"BreadcrumbList\",\"@id\":\"https:\\\/\\\/wp.kristdemokraterna.se\\\/vaggeryd\\\/flytta-centrum-till-kulturen\\\/#breadcrumb\",\"itemListElement\":[{\"@type\":\"ListItem\",\"position\":1,\"name\":\"Hem\",\"item\":\"https:\\\/\\\/wp.kristdemokraterna.se\\\/vaggeryd\\\/\"},{\"@type\":\"ListItem\",\"position\":2,\"name\":\"Flytta centrum till kulturen\"}]},{\"@type\":\"WebSite\",\"@id\":\"https:\\\/\\\/wp.kristdemokraterna.se\\\/vaggeryd\\\/#website\",\"url\":\"https:\\\/\\\/wp.kristdemokraterna.se\\\/vaggeryd\\\/\",\"name\":\"Vaggeryd\",\"description\":\"Kristdemokraterna Familjens r\u00f6st\",\"inLanguage\":\"sv-SE\"},{\"@type\":\"Person\",\"@id\":\"https:\\\/\\\/wp.kristdemokraterna.se\\\/vaggeryd\\\/#\\\/schema\\\/person\\\/0af524ca60b38954726ae26be3744902\",\"name\":\"jenny\",\"image\":{\"@type\":\"ImageObject\",\"inLanguage\":\"sv-SE\",\"@id\":\"https:\\\/\\\/secure.gravatar.com\\\/avatar\\\/656c66c6ccff223a7b53f0e00cd7661619d16e1acc9fd417c92bdf03499b6c4b?s=96&r=g\",\"url\":\"https:\\\/\\\/secure.gravatar.com\\\/avatar\\\/656c66c6ccff223a7b53f0e00cd7661619d16e1acc9fd417c92bdf03499b6c4b?s=96&r=g\",\"contentUrl\":\"https:\\\/\\\/secure.gravatar.com\\\/avatar\\\/656c66c6ccff223a7b53f0e00cd7661619d16e1acc9fd417c92bdf03499b6c4b?s=96&r=g\",\"caption\":\"jenny\"},\"url\":\"https:\\\/\\\/wp.kristdemokraterna.se\\\/vaggeryd\\\/author\\\/jenny\\\/\"}]}<\/script>\n<!-- \/ Yoast SEO plugin. -->","yoast_head_json":{"title":"Flytta centrum till kulturen - Vaggeryd","robots":{"index":"index","follow":"follow","max-snippet":"max-snippet:-1","max-image-preview":"max-image-preview:large","max-video-preview":"max-video-preview:-1"},"canonical":"https:\/\/wp.kristdemokraterna.se\/vaggeryd\/flytta-centrum-till-kulturen\/","og_locale":"sv_SE","og_type":"article","og_title":"Flytta centrum till kulturen - Vaggeryd","og_description":"Kultur uppst\u00e5r i m\u00f6tet mellan m\u00e4nniskor och skapas av oss alla gemensamt. Kulturen ger oss mening i nuet, men kulturen b\u00e4r ocks\u00e5 v\u00e5ra historiska r\u00f6tter och f\u00f6der visioner f\u00f6r framtiden. Kulturen bidrar till att vidga den egna verkligheten och fantasin. Den hj\u00e4lper oss att v\u00e4xa som empatiska och igenk\u00e4nnande m\u00e4nniskor. Kulturen, precis som moralen, h\u00e5ller Read More","og_url":"https:\/\/wp.kristdemokraterna.se\/vaggeryd\/flytta-centrum-till-kulturen\/","og_site_name":"Vaggeryd","article_published_time":"2021-03-31T12:25:38+00:00","article_modified_time":"2021-03-31T12:26:40+00:00","author":"jenny","twitter_card":"summary_large_image","twitter_misc":{"Skriven av":"jenny","Ber\u00e4knad l\u00e4stid":"2 minuter"},"schema":{"@context":"https:\/\/schema.org","@graph":[{"@type":"Article","@id":"https:\/\/wp.kristdemokraterna.se\/vaggeryd\/flytta-centrum-till-kulturen\/#article","isPartOf":{"@id":"https:\/\/wp.kristdemokraterna.se\/vaggeryd\/flytta-centrum-till-kulturen\/"},"author":{"name":"jenny","@id":"https:\/\/wp.kristdemokraterna.se\/vaggeryd\/#\/schema\/person\/0af524ca60b38954726ae26be3744902"},"headline":"Flytta centrum till kulturen","datePublished":"2021-03-31T12:25:38+00:00","dateModified":"2021-03-31T12:26:40+00:00","mainEntityOfPage":{"@id":"https:\/\/wp.kristdemokraterna.se\/vaggeryd\/flytta-centrum-till-kulturen\/"},"wordCount":399,"articleSection":["Nyheter","V\u00e5r politik"],"inLanguage":"sv-SE"},{"@type":"WebPage","@id":"https:\/\/wp.kristdemokraterna.se\/vaggeryd\/flytta-centrum-till-kulturen\/","url":"https:\/\/wp.kristdemokraterna.se\/vaggeryd\/flytta-centrum-till-kulturen\/","name":"Flytta centrum till kulturen - Vaggeryd","isPartOf":{"@id":"https:\/\/wp.kristdemokraterna.se\/vaggeryd\/#website"},"datePublished":"2021-03-31T12:25:38+00:00","dateModified":"2021-03-31T12:26:40+00:00","author":{"@id":"https:\/\/wp.kristdemokraterna.se\/vaggeryd\/#\/schema\/person\/0af524ca60b38954726ae26be3744902"},"breadcrumb":{"@id":"https:\/\/wp.kristdemokraterna.se\/vaggeryd\/flytta-centrum-till-kulturen\/#breadcrumb"},"inLanguage":"sv-SE","potentialAction":[{"@type":"ReadAction","target":["https:\/\/wp.kristdemokraterna.se\/vaggeryd\/flytta-centrum-till-kulturen\/"]}]},{"@type":"BreadcrumbList","@id":"https:\/\/wp.kristdemokraterna.se\/vaggeryd\/flytta-centrum-till-kulturen\/#breadcrumb","itemListElement":[{"@type":"ListItem","position":1,"name":"Hem","item":"https:\/\/wp.kristdemokraterna.se\/vaggeryd\/"},{"@type":"ListItem","position":2,"name":"Flytta centrum till kulturen"}]},{"@type":"WebSite","@id":"https:\/\/wp.kristdemokraterna.se\/vaggeryd\/#website","url":"https:\/\/wp.kristdemokraterna.se\/vaggeryd\/","name":"Vaggeryd","description":"Kristdemokraterna Familjens r\u00f6st","inLanguage":"sv-SE"},{"@type":"Person","@id":"https:\/\/wp.kristdemokraterna.se\/vaggeryd\/#\/schema\/person\/0af524ca60b38954726ae26be3744902","name":"jenny","image":{"@type":"ImageObject","inLanguage":"sv-SE","@id":"https:\/\/secure.gravatar.com\/avatar\/656c66c6ccff223a7b53f0e00cd7661619d16e1acc9fd417c92bdf03499b6c4b?s=96&r=g","url":"https:\/\/secure.gravatar.com\/avatar\/656c66c6ccff223a7b53f0e00cd7661619d16e1acc9fd417c92bdf03499b6c4b?s=96&r=g","contentUrl":"https:\/\/secure.gravatar.com\/avatar\/656c66c6ccff223a7b53f0e00cd7661619d16e1acc9fd417c92bdf03499b6c4b?s=96&r=g","caption":"jenny"},"url":"https:\/\/wp.kristdemokraterna.se\/vaggeryd\/author\/jenny\/"}]}},"_links":{"self":[{"href":"https:\/\/wp.kristdemokraterna.se\/vaggeryd\/wp-json\/wp\/v2\/posts\/1296","targetHints":{"allow":["GET"]}}],"collection":[{"href":"https:\/\/wp.kristdemokraterna.se\/vaggeryd\/wp-json\/wp\/v2\/posts"}],"about":[{"href":"https:\/\/wp.kristdemokraterna.se\/vaggeryd\/wp-json\/wp\/v2\/types\/post"}],"author":[{"embeddable":true,"href":"https:\/\/wp.kristdemokraterna.se\/vaggeryd\/wp-json\/wp\/v2\/users\/447"}],"replies":[{"embeddable":true,"href":"https:\/\/wp.kristdemokraterna.se\/vaggeryd\/wp-json\/wp\/v2\/comments?post=1296"}],"version-history":[{"count":2,"href":"https:\/\/wp.kristdemokraterna.se\/vaggeryd\/wp-json\/wp\/v2\/posts\/1296\/revisions"}],"predecessor-version":[{"id":1299,"href":"https:\/\/wp.kristdemokraterna.se\/vaggeryd\/wp-json\/wp\/v2\/posts\/1296\/revisions\/1299"}],"wp:attachment":[{"href":"https:\/\/wp.kristdemokraterna.se\/vaggeryd\/wp-json\/wp\/v2\/media?parent=1296"}],"wp:term":[{"taxonomy":"category","embeddable":true,"href":"https:\/\/wp.kristdemokraterna.se\/vaggeryd\/wp-json\/wp\/v2\/categories?post=1296"},{"taxonomy":"post_tag","embeddable":true,"href":"https:\/\/wp.kristdemokraterna.se\/vaggeryd\/wp-json\/wp\/v2\/tags?post=1296"}],"curies":[{"name":"wp","href":"https:\/\/api.w.org\/{rel}","templated":true}]}}