{"id":1300,"date":"2021-09-23T13:51:08","date_gmt":"2021-09-23T11:51:08","guid":{"rendered":"https:\/\/wp.kristdemokraterna.se\/vaggeryd\/?p=1300"},"modified":"2021-09-23T13:57:14","modified_gmt":"2021-09-23T11:57:14","slug":"aldre-ska-fa-hemtjanst-av-samma-personer","status":"publish","type":"post","link":"https:\/\/wp.kristdemokraterna.se\/vaggeryd\/aldre-ska-fa-hemtjanst-av-samma-personer\/","title":{"rendered":"\u00c4ldre ska f\u00e5 hemtj\u00e4nst av samma personer"},"content":{"rendered":"<p>Att \u00e4ldre med hemtj\u00e4nst i s\u00e5 stor utstr\u00e4ckning som m\u00f6jligt f\u00e5r m\u00f6ta samma personal \u00e4r en trygghets- och kvalitetsfr\u00e5ga. I Vaggeryds kommun m\u00f6ter en hemtj\u00e4nsttagare i snitt 21 personer under 14 dagar (2020). D\u00e4rmed ligger vi s\u00e4mst ibland l\u00e4nets kommuner. Uppgifterna baseras p\u00e5 Kommun- och landstingsdatabasen Kolada. Tyv\u00e4rr ser vi en upp\u00e5tg\u00e5ende trend. J\u00e4mf\u00f6r g\u00e4rna med V\u00e4rnamo som har siffran 9 i samma unders\u00f6kning.<\/p>\n<p>Det \u00e4r s\u00e5 m\u00e5nga \u00e4ldre som upplever en v\u00e4ldigt stor otrygghet p\u00e5 grund utav att det \u00e4r s\u00e5 m\u00e5nga olika personer ifr\u00e5n hemtj\u00e4nsten som bes\u00f6ker dem. Personalen som m\u00e5nga g\u00e5nger g\u00f6r ett fantastiskt jobb, s\u00e4rskilt nu i Covidtider m\u00e5ste ocks\u00e5 premieras, ges tid, flexibilitet och handlingsutrymme i arbetet f\u00f6r att kunna justera schemat utifr\u00e5n brukarnas skiftande behov. En effektivare planering av hemtj\u00e4nstens olika uppdrag m\u00e5ste till.<\/p>\n<p>Vi kristdemokrater vill att Vaggeryds \u00e4ldre ska f\u00e5 uppleva en trygghet oavsett var och hur man bor. Alla har r\u00e4tten att k\u00e4nna sig trygga, oavsett vem man \u00e4r eller vilka behov man har.<br \/>\nVaggeryds kommun \u00e4r en underbar kommun att bo och leva i. Bara f\u00f6r att man blir gammal, betyder inte det att man inte \u00e4r av behov av en social gemenskap, och hemtj\u00e4nsten \u00e4r en del av detta.<\/p>\n<p>Vaggeryds kommun har beslutat om att inf\u00f6ra valfrihetssystem inom hemtj\u00e4nsten i enlighet med lagen om valfrihetssystem. Ut\u00f6ver kommunens egen hemtj\u00e4nst finns ett antal privata utf\u00f6rare. Detta skall vi forts\u00e4tta med och st\u00e4lla krav p\u00e5 bland annat kontinuitet b\u00e5de p\u00e5 kommunens egen hemtj\u00e4nst s\u00e5som privata utf\u00f6rare.<\/p>\n<p>Vi inom Kristdemokraterna vill v\u00e4nda trenden och minska antalet hemtj\u00e4nstpersonal per hemtj\u00e4nsttagare.<\/p>\n<p><strong>Klas Nilsson (KD)<\/strong><br \/>\n<strong>Ledamot i socialn\u00e4mnden<\/strong><\/p>\n<p><strong>Thomas Axelsson (KD)<\/strong><br \/>\n<strong>Ordf\u00f6rande i KD och ledamot i Kommunstyrelsen<\/strong><\/p>\n","protected":false},"excerpt":{"rendered":"<p>Att \u00e4ldre med hemtj\u00e4nst i s\u00e5 stor utstr\u00e4ckning som m\u00f6jligt f\u00e5r m\u00f6ta samma personal \u00e4r en trygghets- och kvalitetsfr\u00e5ga. I Vaggeryds kommun m\u00f6ter en hemtj\u00e4nsttagare i snitt 21 personer under 14 dagar (2020). D\u00e4rmed ligger vi s\u00e4mst ibland l\u00e4nets kommuner. Uppgifterna baseras p\u00e5 Kommun- och landstingsdatabasen Kolada. Tyv\u00e4rr ser vi en upp\u00e5tg\u00e5ende trend. J\u00e4mf\u00f6r g\u00e4rna <a class=\"read-more-link\" href=\"https:\/\/wp.kristdemokraterna.se\/vaggeryd\/aldre-ska-fa-hemtjanst-av-samma-personer\/\">Read More<\/a><\/p>\n","protected":false},"author":447,"featured_media":0,"comment_status":"closed","ping_status":"closed","sticky":false,"template":"","format":"standard","meta":{"_acf_changed":false,"footnotes":""},"categories":[8],"tags":[],"class_list":["post-1300","post","type-post","status-publish","format-standard","hentry","category-nyheter"],"acf":[],"yoast_head":"<!-- This site is optimized with the Yoast SEO plugin v27.4 - https:\/\/yoast.com\/product\/yoast-seo-wordpress\/ -->\n<title>\u00c4ldre ska f\u00e5 hemtj\u00e4nst av samma personer - Vaggeryd<\/title>\n<meta name=\"robots\" content=\"index, follow, max-snippet:-1, max-image-preview:large, max-video-preview:-1\" \/>\n<link rel=\"canonical\" href=\"https:\/\/wp.kristdemokraterna.se\/vaggeryd\/aldre-ska-fa-hemtjanst-av-samma-personer\/\" \/>\n<meta property=\"og:locale\" content=\"sv_SE\" \/>\n<meta property=\"og:type\" content=\"article\" \/>\n<meta property=\"og:title\" content=\"\u00c4ldre ska f\u00e5 hemtj\u00e4nst av samma personer - Vaggeryd\" \/>\n<meta property=\"og:description\" content=\"Att \u00e4ldre med hemtj\u00e4nst i s\u00e5 stor utstr\u00e4ckning som m\u00f6jligt f\u00e5r m\u00f6ta samma personal \u00e4r en trygghets- och kvalitetsfr\u00e5ga. I Vaggeryds kommun m\u00f6ter en hemtj\u00e4nsttagare i snitt 21 personer under 14 dagar (2020). D\u00e4rmed ligger vi s\u00e4mst ibland l\u00e4nets kommuner. Uppgifterna baseras p\u00e5 Kommun- och landstingsdatabasen Kolada. Tyv\u00e4rr ser vi en upp\u00e5tg\u00e5ende trend. J\u00e4mf\u00f6r g\u00e4rna Read More\" \/>\n<meta property=\"og:url\" content=\"https:\/\/wp.kristdemokraterna.se\/vaggeryd\/aldre-ska-fa-hemtjanst-av-samma-personer\/\" \/>\n<meta property=\"og:site_name\" content=\"Vaggeryd\" \/>\n<meta property=\"article:published_time\" content=\"2021-09-23T11:51:08+00:00\" \/>\n<meta property=\"article:modified_time\" content=\"2021-09-23T11:57:14+00:00\" \/>\n<meta name=\"author\" content=\"jenny\" \/>\n<meta name=\"twitter:card\" content=\"summary_large_image\" \/>\n<meta name=\"twitter:label1\" content=\"Skriven av\" \/>\n\t<meta name=\"twitter:data1\" content=\"jenny\" \/>\n\t<meta name=\"twitter:label2\" content=\"Ber\u00e4knad l\u00e4stid\" \/>\n\t<meta name=\"twitter:data2\" content=\"2 minuter\" \/>\n<script type=\"application\/ld+json\" class=\"yoast-schema-graph\">{\"@context\":\"https:\\\/\\\/schema.org\",\"@graph\":[{\"@type\":\"Article\",\"@id\":\"https:\\\/\\\/wp.kristdemokraterna.se\\\/vaggeryd\\\/aldre-ska-fa-hemtjanst-av-samma-personer\\\/#article\",\"isPartOf\":{\"@id\":\"https:\\\/\\\/wp.kristdemokraterna.se\\\/vaggeryd\\\/aldre-ska-fa-hemtjanst-av-samma-personer\\\/\"},\"author\":{\"name\":\"jenny\",\"@id\":\"https:\\\/\\\/wp.kristdemokraterna.se\\\/vaggeryd\\\/#\\\/schema\\\/person\\\/0af524ca60b38954726ae26be3744902\"},\"headline\":\"\u00c4ldre ska f\u00e5 hemtj\u00e4nst av samma personer\",\"datePublished\":\"2021-09-23T11:51:08+00:00\",\"dateModified\":\"2021-09-23T11:57:14+00:00\",\"mainEntityOfPage\":{\"@id\":\"https:\\\/\\\/wp.kristdemokraterna.se\\\/vaggeryd\\\/aldre-ska-fa-hemtjanst-av-samma-personer\\\/\"},\"wordCount\":331,\"articleSection\":[\"Nyheter\"],\"inLanguage\":\"sv-SE\"},{\"@type\":\"WebPage\",\"@id\":\"https:\\\/\\\/wp.kristdemokraterna.se\\\/vaggeryd\\\/aldre-ska-fa-hemtjanst-av-samma-personer\\\/\",\"url\":\"https:\\\/\\\/wp.kristdemokraterna.se\\\/vaggeryd\\\/aldre-ska-fa-hemtjanst-av-samma-personer\\\/\",\"name\":\"\u00c4ldre ska f\u00e5 hemtj\u00e4nst av samma personer - Vaggeryd\",\"isPartOf\":{\"@id\":\"https:\\\/\\\/wp.kristdemokraterna.se\\\/vaggeryd\\\/#website\"},\"datePublished\":\"2021-09-23T11:51:08+00:00\",\"dateModified\":\"2021-09-23T11:57:14+00:00\",\"author\":{\"@id\":\"https:\\\/\\\/wp.kristdemokraterna.se\\\/vaggeryd\\\/#\\\/schema\\\/person\\\/0af524ca60b38954726ae26be3744902\"},\"breadcrumb\":{\"@id\":\"https:\\\/\\\/wp.kristdemokraterna.se\\\/vaggeryd\\\/aldre-ska-fa-hemtjanst-av-samma-personer\\\/#breadcrumb\"},\"inLanguage\":\"sv-SE\",\"potentialAction\":[{\"@type\":\"ReadAction\",\"target\":[\"https:\\\/\\\/wp.kristdemokraterna.se\\\/vaggeryd\\\/aldre-ska-fa-hemtjanst-av-samma-personer\\\/\"]}]},{\"@type\":\"BreadcrumbList\",\"@id\":\"https:\\\/\\\/wp.kristdemokraterna.se\\\/vaggeryd\\\/aldre-ska-fa-hemtjanst-av-samma-personer\\\/#breadcrumb\",\"itemListElement\":[{\"@type\":\"ListItem\",\"position\":1,\"name\":\"Hem\",\"item\":\"https:\\\/\\\/wp.kristdemokraterna.se\\\/vaggeryd\\\/\"},{\"@type\":\"ListItem\",\"position\":2,\"name\":\"\u00c4ldre ska f\u00e5 hemtj\u00e4nst av samma personer\"}]},{\"@type\":\"WebSite\",\"@id\":\"https:\\\/\\\/wp.kristdemokraterna.se\\\/vaggeryd\\\/#website\",\"url\":\"https:\\\/\\\/wp.kristdemokraterna.se\\\/vaggeryd\\\/\",\"name\":\"Vaggeryd\",\"description\":\"Kristdemokraterna Familjens r\u00f6st\",\"inLanguage\":\"sv-SE\"},{\"@type\":\"Person\",\"@id\":\"https:\\\/\\\/wp.kristdemokraterna.se\\\/vaggeryd\\\/#\\\/schema\\\/person\\\/0af524ca60b38954726ae26be3744902\",\"name\":\"jenny\",\"image\":{\"@type\":\"ImageObject\",\"inLanguage\":\"sv-SE\",\"@id\":\"https:\\\/\\\/secure.gravatar.com\\\/avatar\\\/656c66c6ccff223a7b53f0e00cd7661619d16e1acc9fd417c92bdf03499b6c4b?s=96&r=g\",\"url\":\"https:\\\/\\\/secure.gravatar.com\\\/avatar\\\/656c66c6ccff223a7b53f0e00cd7661619d16e1acc9fd417c92bdf03499b6c4b?s=96&r=g\",\"contentUrl\":\"https:\\\/\\\/secure.gravatar.com\\\/avatar\\\/656c66c6ccff223a7b53f0e00cd7661619d16e1acc9fd417c92bdf03499b6c4b?s=96&r=g\",\"caption\":\"jenny\"},\"url\":\"https:\\\/\\\/wp.kristdemokraterna.se\\\/vaggeryd\\\/author\\\/jenny\\\/\"}]}<\/script>\n<!-- \/ Yoast SEO plugin. -->","yoast_head_json":{"title":"\u00c4ldre ska f\u00e5 hemtj\u00e4nst av samma personer - Vaggeryd","robots":{"index":"index","follow":"follow","max-snippet":"max-snippet:-1","max-image-preview":"max-image-preview:large","max-video-preview":"max-video-preview:-1"},"canonical":"https:\/\/wp.kristdemokraterna.se\/vaggeryd\/aldre-ska-fa-hemtjanst-av-samma-personer\/","og_locale":"sv_SE","og_type":"article","og_title":"\u00c4ldre ska f\u00e5 hemtj\u00e4nst av samma personer - Vaggeryd","og_description":"Att \u00e4ldre med hemtj\u00e4nst i s\u00e5 stor utstr\u00e4ckning som m\u00f6jligt f\u00e5r m\u00f6ta samma personal \u00e4r en trygghets- och kvalitetsfr\u00e5ga. I Vaggeryds kommun m\u00f6ter en hemtj\u00e4nsttagare i snitt 21 personer under 14 dagar (2020). D\u00e4rmed ligger vi s\u00e4mst ibland l\u00e4nets kommuner. Uppgifterna baseras p\u00e5 Kommun- och landstingsdatabasen Kolada. Tyv\u00e4rr ser vi en upp\u00e5tg\u00e5ende trend. J\u00e4mf\u00f6r g\u00e4rna Read More","og_url":"https:\/\/wp.kristdemokraterna.se\/vaggeryd\/aldre-ska-fa-hemtjanst-av-samma-personer\/","og_site_name":"Vaggeryd","article_published_time":"2021-09-23T11:51:08+00:00","article_modified_time":"2021-09-23T11:57:14+00:00","author":"jenny","twitter_card":"summary_large_image","twitter_misc":{"Skriven av":"jenny","Ber\u00e4knad l\u00e4stid":"2 minuter"},"schema":{"@context":"https:\/\/schema.org","@graph":[{"@type":"Article","@id":"https:\/\/wp.kristdemokraterna.se\/vaggeryd\/aldre-ska-fa-hemtjanst-av-samma-personer\/#article","isPartOf":{"@id":"https:\/\/wp.kristdemokraterna.se\/vaggeryd\/aldre-ska-fa-hemtjanst-av-samma-personer\/"},"author":{"name":"jenny","@id":"https:\/\/wp.kristdemokraterna.se\/vaggeryd\/#\/schema\/person\/0af524ca60b38954726ae26be3744902"},"headline":"\u00c4ldre ska f\u00e5 hemtj\u00e4nst av samma personer","datePublished":"2021-09-23T11:51:08+00:00","dateModified":"2021-09-23T11:57:14+00:00","mainEntityOfPage":{"@id":"https:\/\/wp.kristdemokraterna.se\/vaggeryd\/aldre-ska-fa-hemtjanst-av-samma-personer\/"},"wordCount":331,"articleSection":["Nyheter"],"inLanguage":"sv-SE"},{"@type":"WebPage","@id":"https:\/\/wp.kristdemokraterna.se\/vaggeryd\/aldre-ska-fa-hemtjanst-av-samma-personer\/","url":"https:\/\/wp.kristdemokraterna.se\/vaggeryd\/aldre-ska-fa-hemtjanst-av-samma-personer\/","name":"\u00c4ldre ska f\u00e5 hemtj\u00e4nst av samma personer - Vaggeryd","isPartOf":{"@id":"https:\/\/wp.kristdemokraterna.se\/vaggeryd\/#website"},"datePublished":"2021-09-23T11:51:08+00:00","dateModified":"2021-09-23T11:57:14+00:00","author":{"@id":"https:\/\/wp.kristdemokraterna.se\/vaggeryd\/#\/schema\/person\/0af524ca60b38954726ae26be3744902"},"breadcrumb":{"@id":"https:\/\/wp.kristdemokraterna.se\/vaggeryd\/aldre-ska-fa-hemtjanst-av-samma-personer\/#breadcrumb"},"inLanguage":"sv-SE","potentialAction":[{"@type":"ReadAction","target":["https:\/\/wp.kristdemokraterna.se\/vaggeryd\/aldre-ska-fa-hemtjanst-av-samma-personer\/"]}]},{"@type":"BreadcrumbList","@id":"https:\/\/wp.kristdemokraterna.se\/vaggeryd\/aldre-ska-fa-hemtjanst-av-samma-personer\/#breadcrumb","itemListElement":[{"@type":"ListItem","position":1,"name":"Hem","item":"https:\/\/wp.kristdemokraterna.se\/vaggeryd\/"},{"@type":"ListItem","position":2,"name":"\u00c4ldre ska f\u00e5 hemtj\u00e4nst av samma personer"}]},{"@type":"WebSite","@id":"https:\/\/wp.kristdemokraterna.se\/vaggeryd\/#website","url":"https:\/\/wp.kristdemokraterna.se\/vaggeryd\/","name":"Vaggeryd","description":"Kristdemokraterna Familjens r\u00f6st","inLanguage":"sv-SE"},{"@type":"Person","@id":"https:\/\/wp.kristdemokraterna.se\/vaggeryd\/#\/schema\/person\/0af524ca60b38954726ae26be3744902","name":"jenny","image":{"@type":"ImageObject","inLanguage":"sv-SE","@id":"https:\/\/secure.gravatar.com\/avatar\/656c66c6ccff223a7b53f0e00cd7661619d16e1acc9fd417c92bdf03499b6c4b?s=96&r=g","url":"https:\/\/secure.gravatar.com\/avatar\/656c66c6ccff223a7b53f0e00cd7661619d16e1acc9fd417c92bdf03499b6c4b?s=96&r=g","contentUrl":"https:\/\/secure.gravatar.com\/avatar\/656c66c6ccff223a7b53f0e00cd7661619d16e1acc9fd417c92bdf03499b6c4b?s=96&r=g","caption":"jenny"},"url":"https:\/\/wp.kristdemokraterna.se\/vaggeryd\/author\/jenny\/"}]}},"_links":{"self":[{"href":"https:\/\/wp.kristdemokraterna.se\/vaggeryd\/wp-json\/wp\/v2\/posts\/1300","targetHints":{"allow":["GET"]}}],"collection":[{"href":"https:\/\/wp.kristdemokraterna.se\/vaggeryd\/wp-json\/wp\/v2\/posts"}],"about":[{"href":"https:\/\/wp.kristdemokraterna.se\/vaggeryd\/wp-json\/wp\/v2\/types\/post"}],"author":[{"embeddable":true,"href":"https:\/\/wp.kristdemokraterna.se\/vaggeryd\/wp-json\/wp\/v2\/users\/447"}],"replies":[{"embeddable":true,"href":"https:\/\/wp.kristdemokraterna.se\/vaggeryd\/wp-json\/wp\/v2\/comments?post=1300"}],"version-history":[{"count":2,"href":"https:\/\/wp.kristdemokraterna.se\/vaggeryd\/wp-json\/wp\/v2\/posts\/1300\/revisions"}],"predecessor-version":[{"id":1303,"href":"https:\/\/wp.kristdemokraterna.se\/vaggeryd\/wp-json\/wp\/v2\/posts\/1300\/revisions\/1303"}],"wp:attachment":[{"href":"https:\/\/wp.kristdemokraterna.se\/vaggeryd\/wp-json\/wp\/v2\/media?parent=1300"}],"wp:term":[{"taxonomy":"category","embeddable":true,"href":"https:\/\/wp.kristdemokraterna.se\/vaggeryd\/wp-json\/wp\/v2\/categories?post=1300"},{"taxonomy":"post_tag","embeddable":true,"href":"https:\/\/wp.kristdemokraterna.se\/vaggeryd\/wp-json\/wp\/v2\/tags?post=1300"}],"curies":[{"name":"wp","href":"https:\/\/api.w.org\/{rel}","templated":true}]}}