{"id":1305,"date":"2022-01-31T17:36:27","date_gmt":"2022-01-31T16:36:27","guid":{"rendered":"https:\/\/wp.kristdemokraterna.se\/vaggeryd\/?p=1305"},"modified":"2022-01-31T17:36:27","modified_gmt":"2022-01-31T16:36:27","slug":"ge-familjer-mer-makt-inte-mindre","status":"publish","type":"post","link":"https:\/\/wp.kristdemokraterna.se\/vaggeryd\/ge-familjer-mer-makt-inte-mindre\/","title":{"rendered":"Ge familjer mer makt, inte mindre"},"content":{"rendered":"<p class=\"p2\"><span class=\"s1\">En god och v\u00e4lfungerande barnomsorg och en flexiblare f\u00f6r\u00e4ldraf\u00f6rs\u00e4kring \u00e4r avg\u00f6rande f\u00f6r att f\u00f6r\u00e4ldrar ska kunna kombinera karri\u00e4r med familjeliv.<\/span><\/p>\n<p class=\"p2\"><span class=\"s1\">Idag tvingas familjen anpassa sig efter hur de offentliga systemen fungerar, snarare \u00e4n tv\u00e4rtom. Kristdemokraterna vill ge dem st\u00f6rre m\u00f6jlighet att v\u00e4lja vad som passar just dem och deras familjer.<\/span><\/p>\n<p class=\"p2\"><span class=\"s1\">Kristdemokraterna vill ha<\/span><\/p>\n<ul>\n<li class=\"p2\"><span class=\"s1\">en friare f\u00f6r\u00e4ldraf\u00f6rs\u00e4kring, d\u00e4r det finns m\u00f6jlighet att fritt \u00f6verl\u00e5ta f\u00f6r\u00e4ldradagar mellan f\u00f6r\u00e4ldrarna och till andra n\u00e4rst\u00e5ende \u2013 exempelvis till morfar eller syster. Vi vill \u00f6ka antalet dubbeldagar i f\u00f6r\u00e4ldraf\u00f6rs\u00e4kringen, s\u00e5 att b\u00e5da f\u00f6r\u00e4ldrar kan vara hemma samtidigt. Det ger f\u00f6r\u00e4ldrar och barn st\u00f6rre trygghet samtidigt som det underl\u00e4ttar f\u00f6r dem att hitta nya rutiner i vardagen.<\/span><span class=\"s1\">\u00a0<\/span><\/li>\n<li class=\"p2\"><span class=\"s1\">en lag om max tolv barn i sm\u00e5barnsgrupperna i f\u00f6rskolan. Vi vill \u00e4ven lagstifta om ett tak p\u00e5 max fem barn per personal i f\u00f6rskolan.<\/span><\/li>\n<li class=\"p2\">att kommuner ska bli skyldiga att erbjuda familjedaghem till de f\u00f6r\u00e4ldrar som \u00f6nskar det som alternativ f\u00f6r sina barn.<\/li>\n<\/ul>\n<p class=\"p2\"><span class=\"s1\">\u00a0<\/span><span class=\"s1\">En j\u00e4mst\u00e4lldhetspolitik v\u00e4rd namnet s\u00e4tter m\u00e4nniskan f\u00f6rst, inte systemet.<\/span><\/p>\n<p class=\"p2\"><span class=\"s1\">Jenny Larsen (KD), ordf\u00f6rande i barn- och utbildningsn\u00e4mnden<br \/>\n<\/span><span class=\"s1\">Ebba Busch (KD), partiledare<\/span><\/p>\n","protected":false},"excerpt":{"rendered":"<p>En god och v\u00e4lfungerande barnomsorg och en flexiblare f\u00f6r\u00e4ldraf\u00f6rs\u00e4kring \u00e4r avg\u00f6rande f\u00f6r att f\u00f6r\u00e4ldrar ska kunna kombinera karri\u00e4r med familjeliv. Idag tvingas familjen anpassa sig efter hur de offentliga systemen fungerar, snarare \u00e4n tv\u00e4rtom. Kristdemokraterna vill ge dem st\u00f6rre m\u00f6jlighet att v\u00e4lja vad som passar just dem och deras familjer. Kristdemokraterna vill ha en friare <a class=\"read-more-link\" href=\"https:\/\/wp.kristdemokraterna.se\/vaggeryd\/ge-familjer-mer-makt-inte-mindre\/\">Read More<\/a><\/p>\n","protected":false},"author":447,"featured_media":0,"comment_status":"closed","ping_status":"closed","sticky":false,"template":"","format":"standard","meta":{"_acf_changed":false,"footnotes":""},"categories":[8,9],"tags":[],"class_list":["post-1305","post","type-post","status-publish","format-standard","hentry","category-nyheter","category-var-politik"],"acf":[],"yoast_head":"<!-- This site is optimized with the Yoast SEO plugin v27.4 - https:\/\/yoast.com\/product\/yoast-seo-wordpress\/ -->\n<title>Ge familjer mer makt, inte mindre - Vaggeryd<\/title>\n<meta name=\"robots\" content=\"index, follow, max-snippet:-1, max-image-preview:large, max-video-preview:-1\" \/>\n<link rel=\"canonical\" href=\"https:\/\/wp.kristdemokraterna.se\/vaggeryd\/ge-familjer-mer-makt-inte-mindre\/\" \/>\n<meta property=\"og:locale\" content=\"sv_SE\" \/>\n<meta property=\"og:type\" content=\"article\" \/>\n<meta property=\"og:title\" content=\"Ge familjer mer makt, inte mindre - Vaggeryd\" \/>\n<meta property=\"og:description\" content=\"En god och v\u00e4lfungerande barnomsorg och en flexiblare f\u00f6r\u00e4ldraf\u00f6rs\u00e4kring \u00e4r avg\u00f6rande f\u00f6r att f\u00f6r\u00e4ldrar ska kunna kombinera karri\u00e4r med familjeliv. Idag tvingas familjen anpassa sig efter hur de offentliga systemen fungerar, snarare \u00e4n tv\u00e4rtom. Kristdemokraterna vill ge dem st\u00f6rre m\u00f6jlighet att v\u00e4lja vad som passar just dem och deras familjer. Kristdemokraterna vill ha en friare Read More\" \/>\n<meta property=\"og:url\" content=\"https:\/\/wp.kristdemokraterna.se\/vaggeryd\/ge-familjer-mer-makt-inte-mindre\/\" \/>\n<meta property=\"og:site_name\" content=\"Vaggeryd\" \/>\n<meta property=\"article:published_time\" content=\"2022-01-31T16:36:27+00:00\" \/>\n<meta name=\"author\" content=\"jenny\" \/>\n<meta name=\"twitter:card\" content=\"summary_large_image\" \/>\n<meta name=\"twitter:label1\" content=\"Skriven av\" \/>\n\t<meta name=\"twitter:data1\" content=\"jenny\" \/>\n\t<meta name=\"twitter:label2\" content=\"Ber\u00e4knad l\u00e4stid\" \/>\n\t<meta name=\"twitter:data2\" content=\"1 minut\" \/>\n<script type=\"application\/ld+json\" class=\"yoast-schema-graph\">{\"@context\":\"https:\\\/\\\/schema.org\",\"@graph\":[{\"@type\":\"Article\",\"@id\":\"https:\\\/\\\/wp.kristdemokraterna.se\\\/vaggeryd\\\/ge-familjer-mer-makt-inte-mindre\\\/#article\",\"isPartOf\":{\"@id\":\"https:\\\/\\\/wp.kristdemokraterna.se\\\/vaggeryd\\\/ge-familjer-mer-makt-inte-mindre\\\/\"},\"author\":{\"name\":\"jenny\",\"@id\":\"https:\\\/\\\/wp.kristdemokraterna.se\\\/vaggeryd\\\/#\\\/schema\\\/person\\\/0af524ca60b38954726ae26be3744902\"},\"headline\":\"Ge familjer mer makt, inte mindre\",\"datePublished\":\"2022-01-31T16:36:27+00:00\",\"mainEntityOfPage\":{\"@id\":\"https:\\\/\\\/wp.kristdemokraterna.se\\\/vaggeryd\\\/ge-familjer-mer-makt-inte-mindre\\\/\"},\"wordCount\":233,\"articleSection\":[\"Nyheter\",\"V\u00e5r politik\"],\"inLanguage\":\"sv-SE\"},{\"@type\":\"WebPage\",\"@id\":\"https:\\\/\\\/wp.kristdemokraterna.se\\\/vaggeryd\\\/ge-familjer-mer-makt-inte-mindre\\\/\",\"url\":\"https:\\\/\\\/wp.kristdemokraterna.se\\\/vaggeryd\\\/ge-familjer-mer-makt-inte-mindre\\\/\",\"name\":\"Ge familjer mer makt, inte mindre - Vaggeryd\",\"isPartOf\":{\"@id\":\"https:\\\/\\\/wp.kristdemokraterna.se\\\/vaggeryd\\\/#website\"},\"datePublished\":\"2022-01-31T16:36:27+00:00\",\"author\":{\"@id\":\"https:\\\/\\\/wp.kristdemokraterna.se\\\/vaggeryd\\\/#\\\/schema\\\/person\\\/0af524ca60b38954726ae26be3744902\"},\"breadcrumb\":{\"@id\":\"https:\\\/\\\/wp.kristdemokraterna.se\\\/vaggeryd\\\/ge-familjer-mer-makt-inte-mindre\\\/#breadcrumb\"},\"inLanguage\":\"sv-SE\",\"potentialAction\":[{\"@type\":\"ReadAction\",\"target\":[\"https:\\\/\\\/wp.kristdemokraterna.se\\\/vaggeryd\\\/ge-familjer-mer-makt-inte-mindre\\\/\"]}]},{\"@type\":\"BreadcrumbList\",\"@id\":\"https:\\\/\\\/wp.kristdemokraterna.se\\\/vaggeryd\\\/ge-familjer-mer-makt-inte-mindre\\\/#breadcrumb\",\"itemListElement\":[{\"@type\":\"ListItem\",\"position\":1,\"name\":\"Hem\",\"item\":\"https:\\\/\\\/wp.kristdemokraterna.se\\\/vaggeryd\\\/\"},{\"@type\":\"ListItem\",\"position\":2,\"name\":\"Ge familjer mer makt, inte mindre\"}]},{\"@type\":\"WebSite\",\"@id\":\"https:\\\/\\\/wp.kristdemokraterna.se\\\/vaggeryd\\\/#website\",\"url\":\"https:\\\/\\\/wp.kristdemokraterna.se\\\/vaggeryd\\\/\",\"name\":\"Vaggeryd\",\"description\":\"Kristdemokraterna Familjens r\u00f6st\",\"inLanguage\":\"sv-SE\"},{\"@type\":\"Person\",\"@id\":\"https:\\\/\\\/wp.kristdemokraterna.se\\\/vaggeryd\\\/#\\\/schema\\\/person\\\/0af524ca60b38954726ae26be3744902\",\"name\":\"jenny\",\"image\":{\"@type\":\"ImageObject\",\"inLanguage\":\"sv-SE\",\"@id\":\"https:\\\/\\\/secure.gravatar.com\\\/avatar\\\/656c66c6ccff223a7b53f0e00cd7661619d16e1acc9fd417c92bdf03499b6c4b?s=96&r=g\",\"url\":\"https:\\\/\\\/secure.gravatar.com\\\/avatar\\\/656c66c6ccff223a7b53f0e00cd7661619d16e1acc9fd417c92bdf03499b6c4b?s=96&r=g\",\"contentUrl\":\"https:\\\/\\\/secure.gravatar.com\\\/avatar\\\/656c66c6ccff223a7b53f0e00cd7661619d16e1acc9fd417c92bdf03499b6c4b?s=96&r=g\",\"caption\":\"jenny\"},\"url\":\"https:\\\/\\\/wp.kristdemokraterna.se\\\/vaggeryd\\\/author\\\/jenny\\\/\"}]}<\/script>\n<!-- \/ Yoast SEO plugin. -->","yoast_head_json":{"title":"Ge familjer mer makt, inte mindre - Vaggeryd","robots":{"index":"index","follow":"follow","max-snippet":"max-snippet:-1","max-image-preview":"max-image-preview:large","max-video-preview":"max-video-preview:-1"},"canonical":"https:\/\/wp.kristdemokraterna.se\/vaggeryd\/ge-familjer-mer-makt-inte-mindre\/","og_locale":"sv_SE","og_type":"article","og_title":"Ge familjer mer makt, inte mindre - Vaggeryd","og_description":"En god och v\u00e4lfungerande barnomsorg och en flexiblare f\u00f6r\u00e4ldraf\u00f6rs\u00e4kring \u00e4r avg\u00f6rande f\u00f6r att f\u00f6r\u00e4ldrar ska kunna kombinera karri\u00e4r med familjeliv. Idag tvingas familjen anpassa sig efter hur de offentliga systemen fungerar, snarare \u00e4n tv\u00e4rtom. Kristdemokraterna vill ge dem st\u00f6rre m\u00f6jlighet att v\u00e4lja vad som passar just dem och deras familjer. Kristdemokraterna vill ha en friare Read More","og_url":"https:\/\/wp.kristdemokraterna.se\/vaggeryd\/ge-familjer-mer-makt-inte-mindre\/","og_site_name":"Vaggeryd","article_published_time":"2022-01-31T16:36:27+00:00","author":"jenny","twitter_card":"summary_large_image","twitter_misc":{"Skriven av":"jenny","Ber\u00e4knad l\u00e4stid":"1 minut"},"schema":{"@context":"https:\/\/schema.org","@graph":[{"@type":"Article","@id":"https:\/\/wp.kristdemokraterna.se\/vaggeryd\/ge-familjer-mer-makt-inte-mindre\/#article","isPartOf":{"@id":"https:\/\/wp.kristdemokraterna.se\/vaggeryd\/ge-familjer-mer-makt-inte-mindre\/"},"author":{"name":"jenny","@id":"https:\/\/wp.kristdemokraterna.se\/vaggeryd\/#\/schema\/person\/0af524ca60b38954726ae26be3744902"},"headline":"Ge familjer mer makt, inte mindre","datePublished":"2022-01-31T16:36:27+00:00","mainEntityOfPage":{"@id":"https:\/\/wp.kristdemokraterna.se\/vaggeryd\/ge-familjer-mer-makt-inte-mindre\/"},"wordCount":233,"articleSection":["Nyheter","V\u00e5r politik"],"inLanguage":"sv-SE"},{"@type":"WebPage","@id":"https:\/\/wp.kristdemokraterna.se\/vaggeryd\/ge-familjer-mer-makt-inte-mindre\/","url":"https:\/\/wp.kristdemokraterna.se\/vaggeryd\/ge-familjer-mer-makt-inte-mindre\/","name":"Ge familjer mer makt, inte mindre - Vaggeryd","isPartOf":{"@id":"https:\/\/wp.kristdemokraterna.se\/vaggeryd\/#website"},"datePublished":"2022-01-31T16:36:27+00:00","author":{"@id":"https:\/\/wp.kristdemokraterna.se\/vaggeryd\/#\/schema\/person\/0af524ca60b38954726ae26be3744902"},"breadcrumb":{"@id":"https:\/\/wp.kristdemokraterna.se\/vaggeryd\/ge-familjer-mer-makt-inte-mindre\/#breadcrumb"},"inLanguage":"sv-SE","potentialAction":[{"@type":"ReadAction","target":["https:\/\/wp.kristdemokraterna.se\/vaggeryd\/ge-familjer-mer-makt-inte-mindre\/"]}]},{"@type":"BreadcrumbList","@id":"https:\/\/wp.kristdemokraterna.se\/vaggeryd\/ge-familjer-mer-makt-inte-mindre\/#breadcrumb","itemListElement":[{"@type":"ListItem","position":1,"name":"Hem","item":"https:\/\/wp.kristdemokraterna.se\/vaggeryd\/"},{"@type":"ListItem","position":2,"name":"Ge familjer mer makt, inte mindre"}]},{"@type":"WebSite","@id":"https:\/\/wp.kristdemokraterna.se\/vaggeryd\/#website","url":"https:\/\/wp.kristdemokraterna.se\/vaggeryd\/","name":"Vaggeryd","description":"Kristdemokraterna Familjens r\u00f6st","inLanguage":"sv-SE"},{"@type":"Person","@id":"https:\/\/wp.kristdemokraterna.se\/vaggeryd\/#\/schema\/person\/0af524ca60b38954726ae26be3744902","name":"jenny","image":{"@type":"ImageObject","inLanguage":"sv-SE","@id":"https:\/\/secure.gravatar.com\/avatar\/656c66c6ccff223a7b53f0e00cd7661619d16e1acc9fd417c92bdf03499b6c4b?s=96&r=g","url":"https:\/\/secure.gravatar.com\/avatar\/656c66c6ccff223a7b53f0e00cd7661619d16e1acc9fd417c92bdf03499b6c4b?s=96&r=g","contentUrl":"https:\/\/secure.gravatar.com\/avatar\/656c66c6ccff223a7b53f0e00cd7661619d16e1acc9fd417c92bdf03499b6c4b?s=96&r=g","caption":"jenny"},"url":"https:\/\/wp.kristdemokraterna.se\/vaggeryd\/author\/jenny\/"}]}},"_links":{"self":[{"href":"https:\/\/wp.kristdemokraterna.se\/vaggeryd\/wp-json\/wp\/v2\/posts\/1305","targetHints":{"allow":["GET"]}}],"collection":[{"href":"https:\/\/wp.kristdemokraterna.se\/vaggeryd\/wp-json\/wp\/v2\/posts"}],"about":[{"href":"https:\/\/wp.kristdemokraterna.se\/vaggeryd\/wp-json\/wp\/v2\/types\/post"}],"author":[{"embeddable":true,"href":"https:\/\/wp.kristdemokraterna.se\/vaggeryd\/wp-json\/wp\/v2\/users\/447"}],"replies":[{"embeddable":true,"href":"https:\/\/wp.kristdemokraterna.se\/vaggeryd\/wp-json\/wp\/v2\/comments?post=1305"}],"version-history":[{"count":3,"href":"https:\/\/wp.kristdemokraterna.se\/vaggeryd\/wp-json\/wp\/v2\/posts\/1305\/revisions"}],"predecessor-version":[{"id":1309,"href":"https:\/\/wp.kristdemokraterna.se\/vaggeryd\/wp-json\/wp\/v2\/posts\/1305\/revisions\/1309"}],"wp:attachment":[{"href":"https:\/\/wp.kristdemokraterna.se\/vaggeryd\/wp-json\/wp\/v2\/media?parent=1305"}],"wp:term":[{"taxonomy":"category","embeddable":true,"href":"https:\/\/wp.kristdemokraterna.se\/vaggeryd\/wp-json\/wp\/v2\/categories?post=1305"},{"taxonomy":"post_tag","embeddable":true,"href":"https:\/\/wp.kristdemokraterna.se\/vaggeryd\/wp-json\/wp\/v2\/tags?post=1305"}],"curies":[{"name":"wp","href":"https:\/\/api.w.org\/{rel}","templated":true}]}}