{"id":1403,"date":"2022-02-16T10:49:06","date_gmt":"2022-02-16T09:49:06","guid":{"rendered":"https:\/\/wp.kristdemokraterna.se\/vaggeryd\/?p=1403"},"modified":"2022-08-11T10:52:06","modified_gmt":"2022-08-11T08:52:06","slug":"vitsippepris-2022","status":"publish","type":"post","link":"https:\/\/wp.kristdemokraterna.se\/vaggeryd\/vitsippepris-2022\/","title":{"rendered":"Vitsippepris 2022"},"content":{"rendered":"<div class=\"article-main-content\">\n<p><strong>\u00a0I \u00e5r gick KD:s vitsippepris till Martin Andreasson, f\u00f6r hans insatser i Kyl\u00e5sbacken och dess f\u00f6rening utanf\u00f6r Nyholm, v\u00e4ster om Skillingaryd<\/strong><\/p>\n<\/div>\n<section id=\"block-1\" class=\"block-text-image\" data-block=\"block-text-image\">\n<section class=\"block-text-image__content\">\n<section class=\"block-text-image__text block-text-image__text\">\n<p class=\"p1\"><span class=\"s1\">Han har med stort engagemang utvecklat denna anl\u00e4ggning utanf\u00f6r Nyholm.<\/span><\/p>\n<p class=\"p1\"><span class=\"s1\">F\u00f6reningen Eks\u00e4ter SAM \u00e4r en ideell f\u00f6rening som driver Kyl\u00e5sbacken, och har med stora frivillighets insatser skapat denna anl\u00e4ggning. Senaste tillskottet \u00e4r en v\u00e4rmestuga.<\/span><\/p>\n<p class=\"p1\"><span class=\"s1\">KD uppvaktar p\u00e5 Alla Hj\u00e4rtans personer som gjort betydande insatser inom f\u00f6reningslivet eller samh\u00e4llet.\u00a0<\/span><span class=\"s1\">I \u00e5r delade \u00a0KD:s representant Peter Kennestig ut priset.<\/span><\/p>\n<\/section>\n<\/section>\n<\/section>\n","protected":false},"excerpt":{"rendered":"<p>\u00a0I \u00e5r gick KD:s vitsippepris till Martin Andreasson, f\u00f6r hans insatser i Kyl\u00e5sbacken och dess f\u00f6rening utanf\u00f6r Nyholm, v\u00e4ster om Skillingaryd Han har med stort engagemang utvecklat denna anl\u00e4ggning utanf\u00f6r Nyholm. F\u00f6reningen Eks\u00e4ter SAM \u00e4r en ideell f\u00f6rening som driver Kyl\u00e5sbacken, och har med stora frivillighets insatser skapat denna anl\u00e4ggning. Senaste tillskottet \u00e4r en v\u00e4rmestuga. <a class=\"read-more-link\" href=\"https:\/\/wp.kristdemokraterna.se\/vaggeryd\/vitsippepris-2022\/\">Read More<\/a><\/p>\n","protected":false},"author":447,"featured_media":0,"comment_status":"closed","ping_status":"closed","sticky":false,"template":"","format":"standard","meta":{"_acf_changed":false,"footnotes":""},"categories":[8],"tags":[],"class_list":["post-1403","post","type-post","status-publish","format-standard","hentry","category-nyheter"],"acf":[],"yoast_head":"<!-- This site is optimized with the Yoast SEO plugin v27.4 - https:\/\/yoast.com\/product\/yoast-seo-wordpress\/ -->\n<title>Vitsippepris 2022 - Vaggeryd<\/title>\n<meta name=\"robots\" content=\"index, follow, max-snippet:-1, max-image-preview:large, max-video-preview:-1\" \/>\n<link rel=\"canonical\" href=\"https:\/\/wp.kristdemokraterna.se\/vaggeryd\/vitsippepris-2022\/\" \/>\n<meta property=\"og:locale\" content=\"sv_SE\" \/>\n<meta property=\"og:type\" content=\"article\" \/>\n<meta property=\"og:title\" content=\"Vitsippepris 2022 - Vaggeryd\" \/>\n<meta property=\"og:description\" content=\"\u00a0I \u00e5r gick KD:s vitsippepris till Martin Andreasson, f\u00f6r hans insatser i Kyl\u00e5sbacken och dess f\u00f6rening utanf\u00f6r Nyholm, v\u00e4ster om Skillingaryd Han har med stort engagemang utvecklat denna anl\u00e4ggning utanf\u00f6r Nyholm. F\u00f6reningen Eks\u00e4ter SAM \u00e4r en ideell f\u00f6rening som driver Kyl\u00e5sbacken, och har med stora frivillighets insatser skapat denna anl\u00e4ggning. Senaste tillskottet \u00e4r en v\u00e4rmestuga. Read More\" \/>\n<meta property=\"og:url\" content=\"https:\/\/wp.kristdemokraterna.se\/vaggeryd\/vitsippepris-2022\/\" \/>\n<meta property=\"og:site_name\" content=\"Vaggeryd\" \/>\n<meta property=\"article:published_time\" content=\"2022-02-16T09:49:06+00:00\" \/>\n<meta property=\"article:modified_time\" content=\"2022-08-11T08:52:06+00:00\" \/>\n<meta name=\"author\" content=\"jenny\" \/>\n<meta name=\"twitter:card\" content=\"summary_large_image\" \/>\n<meta name=\"twitter:label1\" content=\"Skriven av\" \/>\n\t<meta name=\"twitter:data1\" content=\"jenny\" \/>\n\t<meta name=\"twitter:label2\" content=\"Ber\u00e4knad l\u00e4stid\" \/>\n\t<meta name=\"twitter:data2\" content=\"1 minut\" \/>\n<script type=\"application\/ld+json\" class=\"yoast-schema-graph\">{\"@context\":\"https:\\\/\\\/schema.org\",\"@graph\":[{\"@type\":\"Article\",\"@id\":\"https:\\\/\\\/wp.kristdemokraterna.se\\\/vaggeryd\\\/vitsippepris-2022\\\/#article\",\"isPartOf\":{\"@id\":\"https:\\\/\\\/wp.kristdemokraterna.se\\\/vaggeryd\\\/vitsippepris-2022\\\/\"},\"author\":{\"name\":\"jenny\",\"@id\":\"https:\\\/\\\/wp.kristdemokraterna.se\\\/vaggeryd\\\/#\\\/schema\\\/person\\\/0af524ca60b38954726ae26be3744902\"},\"headline\":\"Vitsippepris 2022\",\"datePublished\":\"2022-02-16T09:49:06+00:00\",\"dateModified\":\"2022-08-11T08:52:06+00:00\",\"mainEntityOfPage\":{\"@id\":\"https:\\\/\\\/wp.kristdemokraterna.se\\\/vaggeryd\\\/vitsippepris-2022\\\/\"},\"wordCount\":97,\"articleSection\":[\"Nyheter\"],\"inLanguage\":\"sv-SE\"},{\"@type\":\"WebPage\",\"@id\":\"https:\\\/\\\/wp.kristdemokraterna.se\\\/vaggeryd\\\/vitsippepris-2022\\\/\",\"url\":\"https:\\\/\\\/wp.kristdemokraterna.se\\\/vaggeryd\\\/vitsippepris-2022\\\/\",\"name\":\"Vitsippepris 2022 - Vaggeryd\",\"isPartOf\":{\"@id\":\"https:\\\/\\\/wp.kristdemokraterna.se\\\/vaggeryd\\\/#website\"},\"datePublished\":\"2022-02-16T09:49:06+00:00\",\"dateModified\":\"2022-08-11T08:52:06+00:00\",\"author\":{\"@id\":\"https:\\\/\\\/wp.kristdemokraterna.se\\\/vaggeryd\\\/#\\\/schema\\\/person\\\/0af524ca60b38954726ae26be3744902\"},\"breadcrumb\":{\"@id\":\"https:\\\/\\\/wp.kristdemokraterna.se\\\/vaggeryd\\\/vitsippepris-2022\\\/#breadcrumb\"},\"inLanguage\":\"sv-SE\",\"potentialAction\":[{\"@type\":\"ReadAction\",\"target\":[\"https:\\\/\\\/wp.kristdemokraterna.se\\\/vaggeryd\\\/vitsippepris-2022\\\/\"]}]},{\"@type\":\"BreadcrumbList\",\"@id\":\"https:\\\/\\\/wp.kristdemokraterna.se\\\/vaggeryd\\\/vitsippepris-2022\\\/#breadcrumb\",\"itemListElement\":[{\"@type\":\"ListItem\",\"position\":1,\"name\":\"Hem\",\"item\":\"https:\\\/\\\/wp.kristdemokraterna.se\\\/vaggeryd\\\/\"},{\"@type\":\"ListItem\",\"position\":2,\"name\":\"Vitsippepris 2022\"}]},{\"@type\":\"WebSite\",\"@id\":\"https:\\\/\\\/wp.kristdemokraterna.se\\\/vaggeryd\\\/#website\",\"url\":\"https:\\\/\\\/wp.kristdemokraterna.se\\\/vaggeryd\\\/\",\"name\":\"Vaggeryd\",\"description\":\"Kristdemokraterna Familjens r\u00f6st\",\"inLanguage\":\"sv-SE\"},{\"@type\":\"Person\",\"@id\":\"https:\\\/\\\/wp.kristdemokraterna.se\\\/vaggeryd\\\/#\\\/schema\\\/person\\\/0af524ca60b38954726ae26be3744902\",\"name\":\"jenny\",\"image\":{\"@type\":\"ImageObject\",\"inLanguage\":\"sv-SE\",\"@id\":\"https:\\\/\\\/secure.gravatar.com\\\/avatar\\\/656c66c6ccff223a7b53f0e00cd7661619d16e1acc9fd417c92bdf03499b6c4b?s=96&r=g\",\"url\":\"https:\\\/\\\/secure.gravatar.com\\\/avatar\\\/656c66c6ccff223a7b53f0e00cd7661619d16e1acc9fd417c92bdf03499b6c4b?s=96&r=g\",\"contentUrl\":\"https:\\\/\\\/secure.gravatar.com\\\/avatar\\\/656c66c6ccff223a7b53f0e00cd7661619d16e1acc9fd417c92bdf03499b6c4b?s=96&r=g\",\"caption\":\"jenny\"},\"url\":\"https:\\\/\\\/wp.kristdemokraterna.se\\\/vaggeryd\\\/author\\\/jenny\\\/\"}]}<\/script>\n<!-- \/ Yoast SEO plugin. -->","yoast_head_json":{"title":"Vitsippepris 2022 - Vaggeryd","robots":{"index":"index","follow":"follow","max-snippet":"max-snippet:-1","max-image-preview":"max-image-preview:large","max-video-preview":"max-video-preview:-1"},"canonical":"https:\/\/wp.kristdemokraterna.se\/vaggeryd\/vitsippepris-2022\/","og_locale":"sv_SE","og_type":"article","og_title":"Vitsippepris 2022 - Vaggeryd","og_description":"\u00a0I \u00e5r gick KD:s vitsippepris till Martin Andreasson, f\u00f6r hans insatser i Kyl\u00e5sbacken och dess f\u00f6rening utanf\u00f6r Nyholm, v\u00e4ster om Skillingaryd Han har med stort engagemang utvecklat denna anl\u00e4ggning utanf\u00f6r Nyholm. F\u00f6reningen Eks\u00e4ter SAM \u00e4r en ideell f\u00f6rening som driver Kyl\u00e5sbacken, och har med stora frivillighets insatser skapat denna anl\u00e4ggning. Senaste tillskottet \u00e4r en v\u00e4rmestuga. Read More","og_url":"https:\/\/wp.kristdemokraterna.se\/vaggeryd\/vitsippepris-2022\/","og_site_name":"Vaggeryd","article_published_time":"2022-02-16T09:49:06+00:00","article_modified_time":"2022-08-11T08:52:06+00:00","author":"jenny","twitter_card":"summary_large_image","twitter_misc":{"Skriven av":"jenny","Ber\u00e4knad l\u00e4stid":"1 minut"},"schema":{"@context":"https:\/\/schema.org","@graph":[{"@type":"Article","@id":"https:\/\/wp.kristdemokraterna.se\/vaggeryd\/vitsippepris-2022\/#article","isPartOf":{"@id":"https:\/\/wp.kristdemokraterna.se\/vaggeryd\/vitsippepris-2022\/"},"author":{"name":"jenny","@id":"https:\/\/wp.kristdemokraterna.se\/vaggeryd\/#\/schema\/person\/0af524ca60b38954726ae26be3744902"},"headline":"Vitsippepris 2022","datePublished":"2022-02-16T09:49:06+00:00","dateModified":"2022-08-11T08:52:06+00:00","mainEntityOfPage":{"@id":"https:\/\/wp.kristdemokraterna.se\/vaggeryd\/vitsippepris-2022\/"},"wordCount":97,"articleSection":["Nyheter"],"inLanguage":"sv-SE"},{"@type":"WebPage","@id":"https:\/\/wp.kristdemokraterna.se\/vaggeryd\/vitsippepris-2022\/","url":"https:\/\/wp.kristdemokraterna.se\/vaggeryd\/vitsippepris-2022\/","name":"Vitsippepris 2022 - Vaggeryd","isPartOf":{"@id":"https:\/\/wp.kristdemokraterna.se\/vaggeryd\/#website"},"datePublished":"2022-02-16T09:49:06+00:00","dateModified":"2022-08-11T08:52:06+00:00","author":{"@id":"https:\/\/wp.kristdemokraterna.se\/vaggeryd\/#\/schema\/person\/0af524ca60b38954726ae26be3744902"},"breadcrumb":{"@id":"https:\/\/wp.kristdemokraterna.se\/vaggeryd\/vitsippepris-2022\/#breadcrumb"},"inLanguage":"sv-SE","potentialAction":[{"@type":"ReadAction","target":["https:\/\/wp.kristdemokraterna.se\/vaggeryd\/vitsippepris-2022\/"]}]},{"@type":"BreadcrumbList","@id":"https:\/\/wp.kristdemokraterna.se\/vaggeryd\/vitsippepris-2022\/#breadcrumb","itemListElement":[{"@type":"ListItem","position":1,"name":"Hem","item":"https:\/\/wp.kristdemokraterna.se\/vaggeryd\/"},{"@type":"ListItem","position":2,"name":"Vitsippepris 2022"}]},{"@type":"WebSite","@id":"https:\/\/wp.kristdemokraterna.se\/vaggeryd\/#website","url":"https:\/\/wp.kristdemokraterna.se\/vaggeryd\/","name":"Vaggeryd","description":"Kristdemokraterna Familjens r\u00f6st","inLanguage":"sv-SE"},{"@type":"Person","@id":"https:\/\/wp.kristdemokraterna.se\/vaggeryd\/#\/schema\/person\/0af524ca60b38954726ae26be3744902","name":"jenny","image":{"@type":"ImageObject","inLanguage":"sv-SE","@id":"https:\/\/secure.gravatar.com\/avatar\/656c66c6ccff223a7b53f0e00cd7661619d16e1acc9fd417c92bdf03499b6c4b?s=96&r=g","url":"https:\/\/secure.gravatar.com\/avatar\/656c66c6ccff223a7b53f0e00cd7661619d16e1acc9fd417c92bdf03499b6c4b?s=96&r=g","contentUrl":"https:\/\/secure.gravatar.com\/avatar\/656c66c6ccff223a7b53f0e00cd7661619d16e1acc9fd417c92bdf03499b6c4b?s=96&r=g","caption":"jenny"},"url":"https:\/\/wp.kristdemokraterna.se\/vaggeryd\/author\/jenny\/"}]}},"_links":{"self":[{"href":"https:\/\/wp.kristdemokraterna.se\/vaggeryd\/wp-json\/wp\/v2\/posts\/1403","targetHints":{"allow":["GET"]}}],"collection":[{"href":"https:\/\/wp.kristdemokraterna.se\/vaggeryd\/wp-json\/wp\/v2\/posts"}],"about":[{"href":"https:\/\/wp.kristdemokraterna.se\/vaggeryd\/wp-json\/wp\/v2\/types\/post"}],"author":[{"embeddable":true,"href":"https:\/\/wp.kristdemokraterna.se\/vaggeryd\/wp-json\/wp\/v2\/users\/447"}],"replies":[{"embeddable":true,"href":"https:\/\/wp.kristdemokraterna.se\/vaggeryd\/wp-json\/wp\/v2\/comments?post=1403"}],"version-history":[{"count":1,"href":"https:\/\/wp.kristdemokraterna.se\/vaggeryd\/wp-json\/wp\/v2\/posts\/1403\/revisions"}],"predecessor-version":[{"id":1405,"href":"https:\/\/wp.kristdemokraterna.se\/vaggeryd\/wp-json\/wp\/v2\/posts\/1403\/revisions\/1405"}],"wp:attachment":[{"href":"https:\/\/wp.kristdemokraterna.se\/vaggeryd\/wp-json\/wp\/v2\/media?parent=1403"}],"wp:term":[{"taxonomy":"category","embeddable":true,"href":"https:\/\/wp.kristdemokraterna.se\/vaggeryd\/wp-json\/wp\/v2\/categories?post=1403"},{"taxonomy":"post_tag","embeddable":true,"href":"https:\/\/wp.kristdemokraterna.se\/vaggeryd\/wp-json\/wp\/v2\/tags?post=1403"}],"curies":[{"name":"wp","href":"https:\/\/api.w.org\/{rel}","templated":true}]}}