{"id":1484,"date":"2022-08-17T09:31:18","date_gmt":"2022-08-17T07:31:18","guid":{"rendered":"https:\/\/wp.kristdemokraterna.se\/vaggeryd\/?p=1484"},"modified":"2022-08-17T09:32:03","modified_gmt":"2022-08-17T07:32:03","slug":"acko-besokte-furugarden","status":"publish","type":"post","link":"https:\/\/wp.kristdemokraterna.se\/vaggeryd\/acko-besokte-furugarden\/","title":{"rendered":"Acko bes\u00f6kte Furug\u00e5rden"},"content":{"rendered":"<p>KD vill kunna erbjuda fler alternativ till boenden f\u00f6r \u00e4ldre \u00e4n vad som finns i dag. Bist\u00e5ndsbed\u00f6mt trygghetsboende \u00e4r en boendeform som ligger mellan \u00e4ldreboende och \u201dvanligt\u201d trygghetsboende. Detta \u00e4r p\u00e5 g\u00e5ng p\u00e5 Furug\u00e5rden.<\/p>\n<p>Acko Ankarberg Johansson, ordf\u00f6rande i riksdagens socialutskott s\u00e4ger<\/p>\n<p>\u2013 V\u00e5r po\u00e4ng \u00e4r att ofta \u00e4r man f\u00f6r sjuk innan man v\u00e4l f\u00e5r komma till ett anpassat boende. Jag tror att vi beh\u00f6ver fler former d\u00e4r fler kan flytta in och f\u00e5 ett anpassat boende. Inte minst i Vaggeryd \u00e4r det viktigt att man kan f\u00e5 en fungerande flyttkedja, s\u00e5 det inte stoppar upp f\u00f6r den som vill flytta in i ett mer anpassat boende.<br \/>\n\u2013 Det \u00e4r viktigt b\u00e5de f\u00f6r kommunens utveckling, att man kan f\u00e5 bost\u00e4der, sen ocks\u00e5 att \u00e4ldre kan f\u00e5 den trygghet de beh\u00f6ver.<br \/>\n\u2013 V\u00e5r ing\u00e5ng \u00e4r ju att om man som \u00e4ldre k\u00e4nner att man inte klarar sig sj\u00e4lv hemma utan beh\u00f6ver flytta till ett anpassat boende, d\u00e5 ska v\u00e5r ing\u00e5ng vara att vi ska l\u00f6sa det. S\u00e5 man inte \u00f6verpr\u00f6var \u00e4ldre personers \u00e5sikter. Har man levt ett helt liv och fattat beslut om massa saker och helt pl\u00f6tsligt s\u00e5 \u00f6verpr\u00f6var vi vad de tror \u00e4r b\u00e4ttre sj\u00e4lva.<\/p>\n<p>&nbsp;<\/p>\n<p><a href=\"https:\/\/skillingaryd.nu\/nyheter\/riksdagsledamoten-besokte-vaggeryd\/\">L\u00e4s hela artikeln\u00a0<\/a><\/p>\n","protected":false},"excerpt":{"rendered":"<p>KD vill kunna erbjuda fler alternativ till boenden f\u00f6r \u00e4ldre \u00e4n vad som finns i dag. Bist\u00e5ndsbed\u00f6mt trygghetsboende \u00e4r en boendeform som ligger mellan \u00e4ldreboende och \u201dvanligt\u201d trygghetsboende. Detta \u00e4r p\u00e5 g\u00e5ng p\u00e5 Furug\u00e5rden. Acko Ankarberg Johansson, ordf\u00f6rande i riksdagens socialutskott s\u00e4ger \u2013 V\u00e5r po\u00e4ng \u00e4r att ofta \u00e4r man f\u00f6r sjuk innan man v\u00e4l <a class=\"read-more-link\" href=\"https:\/\/wp.kristdemokraterna.se\/vaggeryd\/acko-besokte-furugarden\/\">Read More<\/a><\/p>\n","protected":false},"author":447,"featured_media":0,"comment_status":"closed","ping_status":"closed","sticky":false,"template":"","format":"standard","meta":{"_acf_changed":false,"footnotes":""},"categories":[8],"tags":[],"class_list":["post-1484","post","type-post","status-publish","format-standard","hentry","category-nyheter"],"acf":[],"yoast_head":"<!-- This site is optimized with the Yoast SEO plugin v27.4 - https:\/\/yoast.com\/product\/yoast-seo-wordpress\/ -->\n<title>Acko bes\u00f6kte Furug\u00e5rden - Vaggeryd<\/title>\n<meta name=\"robots\" content=\"index, follow, max-snippet:-1, max-image-preview:large, max-video-preview:-1\" \/>\n<link rel=\"canonical\" href=\"https:\/\/wp.kristdemokraterna.se\/vaggeryd\/acko-besokte-furugarden\/\" \/>\n<meta property=\"og:locale\" content=\"sv_SE\" \/>\n<meta property=\"og:type\" content=\"article\" \/>\n<meta property=\"og:title\" content=\"Acko bes\u00f6kte Furug\u00e5rden - Vaggeryd\" \/>\n<meta property=\"og:description\" content=\"KD vill kunna erbjuda fler alternativ till boenden f\u00f6r \u00e4ldre \u00e4n vad som finns i dag. Bist\u00e5ndsbed\u00f6mt trygghetsboende \u00e4r en boendeform som ligger mellan \u00e4ldreboende och \u201dvanligt\u201d trygghetsboende. Detta \u00e4r p\u00e5 g\u00e5ng p\u00e5 Furug\u00e5rden. Acko Ankarberg Johansson, ordf\u00f6rande i riksdagens socialutskott s\u00e4ger \u2013 V\u00e5r po\u00e4ng \u00e4r att ofta \u00e4r man f\u00f6r sjuk innan man v\u00e4l Read More\" \/>\n<meta property=\"og:url\" content=\"https:\/\/wp.kristdemokraterna.se\/vaggeryd\/acko-besokte-furugarden\/\" \/>\n<meta property=\"og:site_name\" content=\"Vaggeryd\" \/>\n<meta property=\"article:published_time\" content=\"2022-08-17T07:31:18+00:00\" \/>\n<meta property=\"article:modified_time\" content=\"2022-08-17T07:32:03+00:00\" \/>\n<meta name=\"author\" content=\"jenny\" \/>\n<meta name=\"twitter:card\" content=\"summary_large_image\" \/>\n<meta name=\"twitter:label1\" content=\"Skriven av\" \/>\n\t<meta name=\"twitter:data1\" content=\"jenny\" \/>\n\t<meta name=\"twitter:label2\" content=\"Ber\u00e4knad l\u00e4stid\" \/>\n\t<meta name=\"twitter:data2\" content=\"1 minut\" \/>\n<script type=\"application\/ld+json\" class=\"yoast-schema-graph\">{\"@context\":\"https:\\\/\\\/schema.org\",\"@graph\":[{\"@type\":\"Article\",\"@id\":\"https:\\\/\\\/wp.kristdemokraterna.se\\\/vaggeryd\\\/acko-besokte-furugarden\\\/#article\",\"isPartOf\":{\"@id\":\"https:\\\/\\\/wp.kristdemokraterna.se\\\/vaggeryd\\\/acko-besokte-furugarden\\\/\"},\"author\":{\"name\":\"jenny\",\"@id\":\"https:\\\/\\\/wp.kristdemokraterna.se\\\/vaggeryd\\\/#\\\/schema\\\/person\\\/0af524ca60b38954726ae26be3744902\"},\"headline\":\"Acko bes\u00f6kte Furug\u00e5rden\",\"datePublished\":\"2022-08-17T07:31:18+00:00\",\"dateModified\":\"2022-08-17T07:32:03+00:00\",\"mainEntityOfPage\":{\"@id\":\"https:\\\/\\\/wp.kristdemokraterna.se\\\/vaggeryd\\\/acko-besokte-furugarden\\\/\"},\"wordCount\":236,\"articleSection\":[\"Nyheter\"],\"inLanguage\":\"sv-SE\"},{\"@type\":\"WebPage\",\"@id\":\"https:\\\/\\\/wp.kristdemokraterna.se\\\/vaggeryd\\\/acko-besokte-furugarden\\\/\",\"url\":\"https:\\\/\\\/wp.kristdemokraterna.se\\\/vaggeryd\\\/acko-besokte-furugarden\\\/\",\"name\":\"Acko bes\u00f6kte Furug\u00e5rden - Vaggeryd\",\"isPartOf\":{\"@id\":\"https:\\\/\\\/wp.kristdemokraterna.se\\\/vaggeryd\\\/#website\"},\"datePublished\":\"2022-08-17T07:31:18+00:00\",\"dateModified\":\"2022-08-17T07:32:03+00:00\",\"author\":{\"@id\":\"https:\\\/\\\/wp.kristdemokraterna.se\\\/vaggeryd\\\/#\\\/schema\\\/person\\\/0af524ca60b38954726ae26be3744902\"},\"breadcrumb\":{\"@id\":\"https:\\\/\\\/wp.kristdemokraterna.se\\\/vaggeryd\\\/acko-besokte-furugarden\\\/#breadcrumb\"},\"inLanguage\":\"sv-SE\",\"potentialAction\":[{\"@type\":\"ReadAction\",\"target\":[\"https:\\\/\\\/wp.kristdemokraterna.se\\\/vaggeryd\\\/acko-besokte-furugarden\\\/\"]}]},{\"@type\":\"BreadcrumbList\",\"@id\":\"https:\\\/\\\/wp.kristdemokraterna.se\\\/vaggeryd\\\/acko-besokte-furugarden\\\/#breadcrumb\",\"itemListElement\":[{\"@type\":\"ListItem\",\"position\":1,\"name\":\"Hem\",\"item\":\"https:\\\/\\\/wp.kristdemokraterna.se\\\/vaggeryd\\\/\"},{\"@type\":\"ListItem\",\"position\":2,\"name\":\"Acko bes\u00f6kte Furug\u00e5rden\"}]},{\"@type\":\"WebSite\",\"@id\":\"https:\\\/\\\/wp.kristdemokraterna.se\\\/vaggeryd\\\/#website\",\"url\":\"https:\\\/\\\/wp.kristdemokraterna.se\\\/vaggeryd\\\/\",\"name\":\"Vaggeryd\",\"description\":\"Kristdemokraterna Familjens r\u00f6st\",\"inLanguage\":\"sv-SE\"},{\"@type\":\"Person\",\"@id\":\"https:\\\/\\\/wp.kristdemokraterna.se\\\/vaggeryd\\\/#\\\/schema\\\/person\\\/0af524ca60b38954726ae26be3744902\",\"name\":\"jenny\",\"image\":{\"@type\":\"ImageObject\",\"inLanguage\":\"sv-SE\",\"@id\":\"https:\\\/\\\/secure.gravatar.com\\\/avatar\\\/656c66c6ccff223a7b53f0e00cd7661619d16e1acc9fd417c92bdf03499b6c4b?s=96&r=g\",\"url\":\"https:\\\/\\\/secure.gravatar.com\\\/avatar\\\/656c66c6ccff223a7b53f0e00cd7661619d16e1acc9fd417c92bdf03499b6c4b?s=96&r=g\",\"contentUrl\":\"https:\\\/\\\/secure.gravatar.com\\\/avatar\\\/656c66c6ccff223a7b53f0e00cd7661619d16e1acc9fd417c92bdf03499b6c4b?s=96&r=g\",\"caption\":\"jenny\"},\"url\":\"https:\\\/\\\/wp.kristdemokraterna.se\\\/vaggeryd\\\/author\\\/jenny\\\/\"}]}<\/script>\n<!-- \/ Yoast SEO plugin. -->","yoast_head_json":{"title":"Acko bes\u00f6kte Furug\u00e5rden - Vaggeryd","robots":{"index":"index","follow":"follow","max-snippet":"max-snippet:-1","max-image-preview":"max-image-preview:large","max-video-preview":"max-video-preview:-1"},"canonical":"https:\/\/wp.kristdemokraterna.se\/vaggeryd\/acko-besokte-furugarden\/","og_locale":"sv_SE","og_type":"article","og_title":"Acko bes\u00f6kte Furug\u00e5rden - Vaggeryd","og_description":"KD vill kunna erbjuda fler alternativ till boenden f\u00f6r \u00e4ldre \u00e4n vad som finns i dag. Bist\u00e5ndsbed\u00f6mt trygghetsboende \u00e4r en boendeform som ligger mellan \u00e4ldreboende och \u201dvanligt\u201d trygghetsboende. Detta \u00e4r p\u00e5 g\u00e5ng p\u00e5 Furug\u00e5rden. Acko Ankarberg Johansson, ordf\u00f6rande i riksdagens socialutskott s\u00e4ger \u2013 V\u00e5r po\u00e4ng \u00e4r att ofta \u00e4r man f\u00f6r sjuk innan man v\u00e4l Read More","og_url":"https:\/\/wp.kristdemokraterna.se\/vaggeryd\/acko-besokte-furugarden\/","og_site_name":"Vaggeryd","article_published_time":"2022-08-17T07:31:18+00:00","article_modified_time":"2022-08-17T07:32:03+00:00","author":"jenny","twitter_card":"summary_large_image","twitter_misc":{"Skriven av":"jenny","Ber\u00e4knad l\u00e4stid":"1 minut"},"schema":{"@context":"https:\/\/schema.org","@graph":[{"@type":"Article","@id":"https:\/\/wp.kristdemokraterna.se\/vaggeryd\/acko-besokte-furugarden\/#article","isPartOf":{"@id":"https:\/\/wp.kristdemokraterna.se\/vaggeryd\/acko-besokte-furugarden\/"},"author":{"name":"jenny","@id":"https:\/\/wp.kristdemokraterna.se\/vaggeryd\/#\/schema\/person\/0af524ca60b38954726ae26be3744902"},"headline":"Acko bes\u00f6kte Furug\u00e5rden","datePublished":"2022-08-17T07:31:18+00:00","dateModified":"2022-08-17T07:32:03+00:00","mainEntityOfPage":{"@id":"https:\/\/wp.kristdemokraterna.se\/vaggeryd\/acko-besokte-furugarden\/"},"wordCount":236,"articleSection":["Nyheter"],"inLanguage":"sv-SE"},{"@type":"WebPage","@id":"https:\/\/wp.kristdemokraterna.se\/vaggeryd\/acko-besokte-furugarden\/","url":"https:\/\/wp.kristdemokraterna.se\/vaggeryd\/acko-besokte-furugarden\/","name":"Acko bes\u00f6kte Furug\u00e5rden - Vaggeryd","isPartOf":{"@id":"https:\/\/wp.kristdemokraterna.se\/vaggeryd\/#website"},"datePublished":"2022-08-17T07:31:18+00:00","dateModified":"2022-08-17T07:32:03+00:00","author":{"@id":"https:\/\/wp.kristdemokraterna.se\/vaggeryd\/#\/schema\/person\/0af524ca60b38954726ae26be3744902"},"breadcrumb":{"@id":"https:\/\/wp.kristdemokraterna.se\/vaggeryd\/acko-besokte-furugarden\/#breadcrumb"},"inLanguage":"sv-SE","potentialAction":[{"@type":"ReadAction","target":["https:\/\/wp.kristdemokraterna.se\/vaggeryd\/acko-besokte-furugarden\/"]}]},{"@type":"BreadcrumbList","@id":"https:\/\/wp.kristdemokraterna.se\/vaggeryd\/acko-besokte-furugarden\/#breadcrumb","itemListElement":[{"@type":"ListItem","position":1,"name":"Hem","item":"https:\/\/wp.kristdemokraterna.se\/vaggeryd\/"},{"@type":"ListItem","position":2,"name":"Acko bes\u00f6kte Furug\u00e5rden"}]},{"@type":"WebSite","@id":"https:\/\/wp.kristdemokraterna.se\/vaggeryd\/#website","url":"https:\/\/wp.kristdemokraterna.se\/vaggeryd\/","name":"Vaggeryd","description":"Kristdemokraterna Familjens r\u00f6st","inLanguage":"sv-SE"},{"@type":"Person","@id":"https:\/\/wp.kristdemokraterna.se\/vaggeryd\/#\/schema\/person\/0af524ca60b38954726ae26be3744902","name":"jenny","image":{"@type":"ImageObject","inLanguage":"sv-SE","@id":"https:\/\/secure.gravatar.com\/avatar\/656c66c6ccff223a7b53f0e00cd7661619d16e1acc9fd417c92bdf03499b6c4b?s=96&r=g","url":"https:\/\/secure.gravatar.com\/avatar\/656c66c6ccff223a7b53f0e00cd7661619d16e1acc9fd417c92bdf03499b6c4b?s=96&r=g","contentUrl":"https:\/\/secure.gravatar.com\/avatar\/656c66c6ccff223a7b53f0e00cd7661619d16e1acc9fd417c92bdf03499b6c4b?s=96&r=g","caption":"jenny"},"url":"https:\/\/wp.kristdemokraterna.se\/vaggeryd\/author\/jenny\/"}]}},"_links":{"self":[{"href":"https:\/\/wp.kristdemokraterna.se\/vaggeryd\/wp-json\/wp\/v2\/posts\/1484","targetHints":{"allow":["GET"]}}],"collection":[{"href":"https:\/\/wp.kristdemokraterna.se\/vaggeryd\/wp-json\/wp\/v2\/posts"}],"about":[{"href":"https:\/\/wp.kristdemokraterna.se\/vaggeryd\/wp-json\/wp\/v2\/types\/post"}],"author":[{"embeddable":true,"href":"https:\/\/wp.kristdemokraterna.se\/vaggeryd\/wp-json\/wp\/v2\/users\/447"}],"replies":[{"embeddable":true,"href":"https:\/\/wp.kristdemokraterna.se\/vaggeryd\/wp-json\/wp\/v2\/comments?post=1484"}],"version-history":[{"count":2,"href":"https:\/\/wp.kristdemokraterna.se\/vaggeryd\/wp-json\/wp\/v2\/posts\/1484\/revisions"}],"predecessor-version":[{"id":1487,"href":"https:\/\/wp.kristdemokraterna.se\/vaggeryd\/wp-json\/wp\/v2\/posts\/1484\/revisions\/1487"}],"wp:attachment":[{"href":"https:\/\/wp.kristdemokraterna.se\/vaggeryd\/wp-json\/wp\/v2\/media?parent=1484"}],"wp:term":[{"taxonomy":"category","embeddable":true,"href":"https:\/\/wp.kristdemokraterna.se\/vaggeryd\/wp-json\/wp\/v2\/categories?post=1484"},{"taxonomy":"post_tag","embeddable":true,"href":"https:\/\/wp.kristdemokraterna.se\/vaggeryd\/wp-json\/wp\/v2\/tags?post=1484"}],"curies":[{"name":"wp","href":"https:\/\/api.w.org\/{rel}","templated":true}]}}