{"id":390,"date":"2014-03-02T20:00:51","date_gmt":"2014-03-02T19:00:51","guid":{"rendered":"http:\/\/wp.kristdemokraterna.se\/vaggeryd\/?p=390"},"modified":"2014-03-02T20:13:51","modified_gmt":"2014-03-02T19:13:51","slug":"arsmote-2014","status":"publish","type":"post","link":"https:\/\/wp.kristdemokraterna.se\/vaggeryd\/arsmote-2014\/","title":{"rendered":"\u00c5rsm\u00f6te 2014"},"content":{"rendered":"<p>Kristdemokraterna h\u00f6lls i \u00e5r sitt \u00e5rsm\u00f6te i Vaggeryds energi\/Vaggeryds elverks nya lokaler. Ett 20 tal Kristdemokrater n\u00e4rvarade vid \u00e5rsm\u00f6tet.<\/p>\n<p>Vaggeryds energis VD och tillika elverkschef Anders Wahlgren presenterade verksamheten och h\u00f6ll i en rundvandring i de nya, fina och \u00e4ndam\u00e5lsenliga lokalerna.<\/p>\n<p>Andreas Sturesson talade efter samkv\u00e4m och lotterier. Till vardags \u00e4r Andreas kommunalr\u00e5d i J\u00f6nk\u00f6pings Kommun och ansvarig f\u00f6r v\u00e4lf\u00e4rdsfr\u00e5gor. Andreas ber\u00e4ttade om sitt arbete i tidigare valr\u00f6relser och sina hj\u00e4rtefr\u00e5gor.<\/p>\n<p>Sofia Isaksson omvaldes till ordf\u00f6rande och Maritha Bengtsson till vice ordf\u00f6rande. \u00d6vriga styrelseledam\u00f6ter omvaldes Stefan Ottosson, Gunnel Elg, Jenny Larsen, Stefan Aronsson och Hanna Sand\u00e9n. Till kass\u00f6r omvaldes Hanna Willermark och till gruppledare i kommunfullm\u00e4ktige omvaldes Stefan Ottosson och som ers\u00e4ttare omvaldes Gunnel Elg. Patrik Isaksson nominerades till distriktsstyrelsen. \u00c5rsm\u00f6tet antog listor f\u00f6r val till kommunfullm\u00e4ktige. Det blir en lista f\u00f6r Vaggeryd och en f\u00f6r Skillingaryd med ett 20-tal namn p\u00e5 vardera lista.<\/p>\n<p>Under \u00e5ret har gl\u00e4djande avsmalningarna tagits bort, efter en motion av kristdemokraterna fr\u00e5n 2011 och debatten har varit h\u00f6g i detta \u00e4mne. Kristdemokraterna har \u00e4ven gjort interpellationer om hemtj\u00e4nst\/hemsjukv\u00e5rd och BVC\/MVC samt lagt en motion om \u00f6kat TV utbud p\u00e5 s\u00e4rskilda boenden.<\/p>\n<p><a href=\"http:\/\/wp.kristdemokraterna.se\/vaggeryd\/files\/2014\/03\/IMG_0395.jpg\"><img loading=\"lazy\" decoding=\"async\" class=\"alignnone size-medium wp-image-393\" alt=\"IMG_0395\" src=\"http:\/\/wp.kristdemokraterna.se\/vaggeryd\/files\/2014\/03\/IMG_0395-300x140.jpg\" width=\"300\" height=\"140\" srcset=\"https:\/\/wp.kristdemokraterna.se\/vaggeryd\/files\/2014\/03\/IMG_0395-300x140.jpg 300w, https:\/\/wp.kristdemokraterna.se\/vaggeryd\/files\/2014\/03\/IMG_0395-540x252.jpg 540w, https:\/\/wp.kristdemokraterna.se\/vaggeryd\/files\/2014\/03\/IMG_0395-576x268.jpg 576w, https:\/\/wp.kristdemokraterna.se\/vaggeryd\/files\/2014\/03\/IMG_0395-186x86.jpg 186w, https:\/\/wp.kristdemokraterna.se\/vaggeryd\/files\/2014\/03\/IMG_0395.jpg 600w\" sizes=\"auto, (max-width: 300px) 100vw, 300px\" \/><\/a><\/p>\n","protected":false},"excerpt":{"rendered":"<p>Kristdemokraterna h\u00f6lls i \u00e5r sitt \u00e5rsm\u00f6te i Vaggeryds energi\/Vaggeryds elverks nya lokaler. Ett 20 tal Kristdemokrater n\u00e4rvarade vid \u00e5rsm\u00f6tet. Vaggeryds energis VD och tillika elverkschef Anders Wahlgren presenterade verksamheten och h\u00f6ll i en rundvandring i de nya, fina och \u00e4ndam\u00e5lsenliga lokalerna. Andreas Sturesson talade efter samkv\u00e4m och lotterier. Till vardags \u00e4r Andreas kommunalr\u00e5d i J\u00f6nk\u00f6pings <a class=\"read-more-link\" href=\"https:\/\/wp.kristdemokraterna.se\/vaggeryd\/arsmote-2014\/\">Read More<\/a><\/p>\n","protected":false},"author":447,"featured_media":0,"comment_status":"closed","ping_status":"closed","sticky":false,"template":"","format":"standard","meta":{"_acf_changed":false,"footnotes":""},"categories":[1],"tags":[],"class_list":["post-390","post","type-post","status-publish","format-standard","hentry","category-arkiv"],"acf":[],"yoast_head":"<!-- This site is optimized with the Yoast SEO plugin v27.4 - https:\/\/yoast.com\/product\/yoast-seo-wordpress\/ -->\n<title>\u00c5rsm\u00f6te 2014 - Vaggeryd<\/title>\n<meta name=\"robots\" content=\"index, follow, max-snippet:-1, max-image-preview:large, max-video-preview:-1\" \/>\n<link rel=\"canonical\" href=\"https:\/\/wp.kristdemokraterna.se\/vaggeryd\/arsmote-2014\/\" \/>\n<meta property=\"og:locale\" content=\"sv_SE\" \/>\n<meta property=\"og:type\" content=\"article\" \/>\n<meta property=\"og:title\" content=\"\u00c5rsm\u00f6te 2014 - Vaggeryd\" \/>\n<meta property=\"og:description\" content=\"Kristdemokraterna h\u00f6lls i \u00e5r sitt \u00e5rsm\u00f6te i Vaggeryds energi\/Vaggeryds elverks nya lokaler. Ett 20 tal Kristdemokrater n\u00e4rvarade vid \u00e5rsm\u00f6tet. Vaggeryds energis VD och tillika elverkschef Anders Wahlgren presenterade verksamheten och h\u00f6ll i en rundvandring i de nya, fina och \u00e4ndam\u00e5lsenliga lokalerna. Andreas Sturesson talade efter samkv\u00e4m och lotterier. Till vardags \u00e4r Andreas kommunalr\u00e5d i J\u00f6nk\u00f6pings Read More\" \/>\n<meta property=\"og:url\" content=\"https:\/\/wp.kristdemokraterna.se\/vaggeryd\/arsmote-2014\/\" \/>\n<meta property=\"og:site_name\" content=\"Vaggeryd\" \/>\n<meta property=\"article:published_time\" content=\"2014-03-02T19:00:51+00:00\" \/>\n<meta property=\"article:modified_time\" content=\"2014-03-02T19:13:51+00:00\" \/>\n<meta property=\"og:image\" content=\"http:\/\/wp.kristdemokraterna.se\/vaggeryd\/files\/2014\/03\/IMG_0395-300x140.jpg\" \/>\n<meta name=\"author\" content=\"jenny\" \/>\n<meta name=\"twitter:card\" content=\"summary_large_image\" \/>\n<meta name=\"twitter:label1\" content=\"Skriven av\" \/>\n\t<meta name=\"twitter:data1\" content=\"jenny\" \/>\n\t<meta name=\"twitter:label2\" content=\"Ber\u00e4knad l\u00e4stid\" \/>\n\t<meta name=\"twitter:data2\" content=\"1 minut\" \/>\n<script type=\"application\/ld+json\" class=\"yoast-schema-graph\">{\"@context\":\"https:\\\/\\\/schema.org\",\"@graph\":[{\"@type\":\"Article\",\"@id\":\"https:\\\/\\\/wp.kristdemokraterna.se\\\/vaggeryd\\\/arsmote-2014\\\/#article\",\"isPartOf\":{\"@id\":\"https:\\\/\\\/wp.kristdemokraterna.se\\\/vaggeryd\\\/arsmote-2014\\\/\"},\"author\":{\"name\":\"jenny\",\"@id\":\"https:\\\/\\\/wp.kristdemokraterna.se\\\/vaggeryd\\\/#\\\/schema\\\/person\\\/0af524ca60b38954726ae26be3744902\"},\"headline\":\"\u00c5rsm\u00f6te 2014\",\"datePublished\":\"2014-03-02T19:00:51+00:00\",\"dateModified\":\"2014-03-02T19:13:51+00:00\",\"mainEntityOfPage\":{\"@id\":\"https:\\\/\\\/wp.kristdemokraterna.se\\\/vaggeryd\\\/arsmote-2014\\\/\"},\"wordCount\":225,\"image\":{\"@id\":\"https:\\\/\\\/wp.kristdemokraterna.se\\\/vaggeryd\\\/arsmote-2014\\\/#primaryimage\"},\"thumbnailUrl\":\"http:\\\/\\\/wp.kristdemokraterna.se\\\/vaggeryd\\\/files\\\/2014\\\/03\\\/IMG_0395-300x140.jpg\",\"articleSection\":[\"Arkiv\"],\"inLanguage\":\"sv-SE\"},{\"@type\":\"WebPage\",\"@id\":\"https:\\\/\\\/wp.kristdemokraterna.se\\\/vaggeryd\\\/arsmote-2014\\\/\",\"url\":\"https:\\\/\\\/wp.kristdemokraterna.se\\\/vaggeryd\\\/arsmote-2014\\\/\",\"name\":\"\u00c5rsm\u00f6te 2014 - Vaggeryd\",\"isPartOf\":{\"@id\":\"https:\\\/\\\/wp.kristdemokraterna.se\\\/vaggeryd\\\/#website\"},\"primaryImageOfPage\":{\"@id\":\"https:\\\/\\\/wp.kristdemokraterna.se\\\/vaggeryd\\\/arsmote-2014\\\/#primaryimage\"},\"image\":{\"@id\":\"https:\\\/\\\/wp.kristdemokraterna.se\\\/vaggeryd\\\/arsmote-2014\\\/#primaryimage\"},\"thumbnailUrl\":\"http:\\\/\\\/wp.kristdemokraterna.se\\\/vaggeryd\\\/files\\\/2014\\\/03\\\/IMG_0395-300x140.jpg\",\"datePublished\":\"2014-03-02T19:00:51+00:00\",\"dateModified\":\"2014-03-02T19:13:51+00:00\",\"author\":{\"@id\":\"https:\\\/\\\/wp.kristdemokraterna.se\\\/vaggeryd\\\/#\\\/schema\\\/person\\\/0af524ca60b38954726ae26be3744902\"},\"breadcrumb\":{\"@id\":\"https:\\\/\\\/wp.kristdemokraterna.se\\\/vaggeryd\\\/arsmote-2014\\\/#breadcrumb\"},\"inLanguage\":\"sv-SE\",\"potentialAction\":[{\"@type\":\"ReadAction\",\"target\":[\"https:\\\/\\\/wp.kristdemokraterna.se\\\/vaggeryd\\\/arsmote-2014\\\/\"]}]},{\"@type\":\"ImageObject\",\"inLanguage\":\"sv-SE\",\"@id\":\"https:\\\/\\\/wp.kristdemokraterna.se\\\/vaggeryd\\\/arsmote-2014\\\/#primaryimage\",\"url\":\"https:\\\/\\\/wp.kristdemokraterna.se\\\/vaggeryd\\\/files\\\/2014\\\/03\\\/IMG_0395.jpg\",\"contentUrl\":\"https:\\\/\\\/wp.kristdemokraterna.se\\\/vaggeryd\\\/files\\\/2014\\\/03\\\/IMG_0395.jpg\",\"width\":600,\"height\":280},{\"@type\":\"BreadcrumbList\",\"@id\":\"https:\\\/\\\/wp.kristdemokraterna.se\\\/vaggeryd\\\/arsmote-2014\\\/#breadcrumb\",\"itemListElement\":[{\"@type\":\"ListItem\",\"position\":1,\"name\":\"Hem\",\"item\":\"https:\\\/\\\/wp.kristdemokraterna.se\\\/vaggeryd\\\/\"},{\"@type\":\"ListItem\",\"position\":2,\"name\":\"\u00c5rsm\u00f6te 2014\"}]},{\"@type\":\"WebSite\",\"@id\":\"https:\\\/\\\/wp.kristdemokraterna.se\\\/vaggeryd\\\/#website\",\"url\":\"https:\\\/\\\/wp.kristdemokraterna.se\\\/vaggeryd\\\/\",\"name\":\"Vaggeryd\",\"description\":\"Kristdemokraterna Familjens r\u00f6st\",\"inLanguage\":\"sv-SE\"},{\"@type\":\"Person\",\"@id\":\"https:\\\/\\\/wp.kristdemokraterna.se\\\/vaggeryd\\\/#\\\/schema\\\/person\\\/0af524ca60b38954726ae26be3744902\",\"name\":\"jenny\",\"image\":{\"@type\":\"ImageObject\",\"inLanguage\":\"sv-SE\",\"@id\":\"https:\\\/\\\/secure.gravatar.com\\\/avatar\\\/656c66c6ccff223a7b53f0e00cd7661619d16e1acc9fd417c92bdf03499b6c4b?s=96&r=g\",\"url\":\"https:\\\/\\\/secure.gravatar.com\\\/avatar\\\/656c66c6ccff223a7b53f0e00cd7661619d16e1acc9fd417c92bdf03499b6c4b?s=96&r=g\",\"contentUrl\":\"https:\\\/\\\/secure.gravatar.com\\\/avatar\\\/656c66c6ccff223a7b53f0e00cd7661619d16e1acc9fd417c92bdf03499b6c4b?s=96&r=g\",\"caption\":\"jenny\"},\"url\":\"https:\\\/\\\/wp.kristdemokraterna.se\\\/vaggeryd\\\/author\\\/jenny\\\/\"}]}<\/script>\n<!-- \/ Yoast SEO plugin. -->","yoast_head_json":{"title":"\u00c5rsm\u00f6te 2014 - Vaggeryd","robots":{"index":"index","follow":"follow","max-snippet":"max-snippet:-1","max-image-preview":"max-image-preview:large","max-video-preview":"max-video-preview:-1"},"canonical":"https:\/\/wp.kristdemokraterna.se\/vaggeryd\/arsmote-2014\/","og_locale":"sv_SE","og_type":"article","og_title":"\u00c5rsm\u00f6te 2014 - Vaggeryd","og_description":"Kristdemokraterna h\u00f6lls i \u00e5r sitt \u00e5rsm\u00f6te i Vaggeryds energi\/Vaggeryds elverks nya lokaler. Ett 20 tal Kristdemokrater n\u00e4rvarade vid \u00e5rsm\u00f6tet. Vaggeryds energis VD och tillika elverkschef Anders Wahlgren presenterade verksamheten och h\u00f6ll i en rundvandring i de nya, fina och \u00e4ndam\u00e5lsenliga lokalerna. Andreas Sturesson talade efter samkv\u00e4m och lotterier. Till vardags \u00e4r Andreas kommunalr\u00e5d i J\u00f6nk\u00f6pings Read More","og_url":"https:\/\/wp.kristdemokraterna.se\/vaggeryd\/arsmote-2014\/","og_site_name":"Vaggeryd","article_published_time":"2014-03-02T19:00:51+00:00","article_modified_time":"2014-03-02T19:13:51+00:00","og_image":[{"url":"http:\/\/wp.kristdemokraterna.se\/vaggeryd\/files\/2014\/03\/IMG_0395-300x140.jpg","type":"","width":"","height":""}],"author":"jenny","twitter_card":"summary_large_image","twitter_misc":{"Skriven av":"jenny","Ber\u00e4knad l\u00e4stid":"1 minut"},"schema":{"@context":"https:\/\/schema.org","@graph":[{"@type":"Article","@id":"https:\/\/wp.kristdemokraterna.se\/vaggeryd\/arsmote-2014\/#article","isPartOf":{"@id":"https:\/\/wp.kristdemokraterna.se\/vaggeryd\/arsmote-2014\/"},"author":{"name":"jenny","@id":"https:\/\/wp.kristdemokraterna.se\/vaggeryd\/#\/schema\/person\/0af524ca60b38954726ae26be3744902"},"headline":"\u00c5rsm\u00f6te 2014","datePublished":"2014-03-02T19:00:51+00:00","dateModified":"2014-03-02T19:13:51+00:00","mainEntityOfPage":{"@id":"https:\/\/wp.kristdemokraterna.se\/vaggeryd\/arsmote-2014\/"},"wordCount":225,"image":{"@id":"https:\/\/wp.kristdemokraterna.se\/vaggeryd\/arsmote-2014\/#primaryimage"},"thumbnailUrl":"http:\/\/wp.kristdemokraterna.se\/vaggeryd\/files\/2014\/03\/IMG_0395-300x140.jpg","articleSection":["Arkiv"],"inLanguage":"sv-SE"},{"@type":"WebPage","@id":"https:\/\/wp.kristdemokraterna.se\/vaggeryd\/arsmote-2014\/","url":"https:\/\/wp.kristdemokraterna.se\/vaggeryd\/arsmote-2014\/","name":"\u00c5rsm\u00f6te 2014 - Vaggeryd","isPartOf":{"@id":"https:\/\/wp.kristdemokraterna.se\/vaggeryd\/#website"},"primaryImageOfPage":{"@id":"https:\/\/wp.kristdemokraterna.se\/vaggeryd\/arsmote-2014\/#primaryimage"},"image":{"@id":"https:\/\/wp.kristdemokraterna.se\/vaggeryd\/arsmote-2014\/#primaryimage"},"thumbnailUrl":"http:\/\/wp.kristdemokraterna.se\/vaggeryd\/files\/2014\/03\/IMG_0395-300x140.jpg","datePublished":"2014-03-02T19:00:51+00:00","dateModified":"2014-03-02T19:13:51+00:00","author":{"@id":"https:\/\/wp.kristdemokraterna.se\/vaggeryd\/#\/schema\/person\/0af524ca60b38954726ae26be3744902"},"breadcrumb":{"@id":"https:\/\/wp.kristdemokraterna.se\/vaggeryd\/arsmote-2014\/#breadcrumb"},"inLanguage":"sv-SE","potentialAction":[{"@type":"ReadAction","target":["https:\/\/wp.kristdemokraterna.se\/vaggeryd\/arsmote-2014\/"]}]},{"@type":"ImageObject","inLanguage":"sv-SE","@id":"https:\/\/wp.kristdemokraterna.se\/vaggeryd\/arsmote-2014\/#primaryimage","url":"https:\/\/wp.kristdemokraterna.se\/vaggeryd\/files\/2014\/03\/IMG_0395.jpg","contentUrl":"https:\/\/wp.kristdemokraterna.se\/vaggeryd\/files\/2014\/03\/IMG_0395.jpg","width":600,"height":280},{"@type":"BreadcrumbList","@id":"https:\/\/wp.kristdemokraterna.se\/vaggeryd\/arsmote-2014\/#breadcrumb","itemListElement":[{"@type":"ListItem","position":1,"name":"Hem","item":"https:\/\/wp.kristdemokraterna.se\/vaggeryd\/"},{"@type":"ListItem","position":2,"name":"\u00c5rsm\u00f6te 2014"}]},{"@type":"WebSite","@id":"https:\/\/wp.kristdemokraterna.se\/vaggeryd\/#website","url":"https:\/\/wp.kristdemokraterna.se\/vaggeryd\/","name":"Vaggeryd","description":"Kristdemokraterna Familjens r\u00f6st","inLanguage":"sv-SE"},{"@type":"Person","@id":"https:\/\/wp.kristdemokraterna.se\/vaggeryd\/#\/schema\/person\/0af524ca60b38954726ae26be3744902","name":"jenny","image":{"@type":"ImageObject","inLanguage":"sv-SE","@id":"https:\/\/secure.gravatar.com\/avatar\/656c66c6ccff223a7b53f0e00cd7661619d16e1acc9fd417c92bdf03499b6c4b?s=96&r=g","url":"https:\/\/secure.gravatar.com\/avatar\/656c66c6ccff223a7b53f0e00cd7661619d16e1acc9fd417c92bdf03499b6c4b?s=96&r=g","contentUrl":"https:\/\/secure.gravatar.com\/avatar\/656c66c6ccff223a7b53f0e00cd7661619d16e1acc9fd417c92bdf03499b6c4b?s=96&r=g","caption":"jenny"},"url":"https:\/\/wp.kristdemokraterna.se\/vaggeryd\/author\/jenny\/"}]}},"_links":{"self":[{"href":"https:\/\/wp.kristdemokraterna.se\/vaggeryd\/wp-json\/wp\/v2\/posts\/390","targetHints":{"allow":["GET"]}}],"collection":[{"href":"https:\/\/wp.kristdemokraterna.se\/vaggeryd\/wp-json\/wp\/v2\/posts"}],"about":[{"href":"https:\/\/wp.kristdemokraterna.se\/vaggeryd\/wp-json\/wp\/v2\/types\/post"}],"author":[{"embeddable":true,"href":"https:\/\/wp.kristdemokraterna.se\/vaggeryd\/wp-json\/wp\/v2\/users\/447"}],"replies":[{"embeddable":true,"href":"https:\/\/wp.kristdemokraterna.se\/vaggeryd\/wp-json\/wp\/v2\/comments?post=390"}],"version-history":[{"count":3,"href":"https:\/\/wp.kristdemokraterna.se\/vaggeryd\/wp-json\/wp\/v2\/posts\/390\/revisions"}],"predecessor-version":[{"id":395,"href":"https:\/\/wp.kristdemokraterna.se\/vaggeryd\/wp-json\/wp\/v2\/posts\/390\/revisions\/395"}],"wp:attachment":[{"href":"https:\/\/wp.kristdemokraterna.se\/vaggeryd\/wp-json\/wp\/v2\/media?parent=390"}],"wp:term":[{"taxonomy":"category","embeddable":true,"href":"https:\/\/wp.kristdemokraterna.se\/vaggeryd\/wp-json\/wp\/v2\/categories?post=390"},{"taxonomy":"post_tag","embeddable":true,"href":"https:\/\/wp.kristdemokraterna.se\/vaggeryd\/wp-json\/wp\/v2\/tags?post=390"}],"curies":[{"name":"wp","href":"https:\/\/api.w.org\/{rel}","templated":true}]}}