{"id":407,"date":"2014-03-16T19:24:50","date_gmt":"2014-03-16T18:24:50","guid":{"rendered":"http:\/\/wp.kristdemokraterna.se\/vaggeryd\/?p=407"},"modified":"2018-08-26T19:35:30","modified_gmt":"2018-08-26T17:35:30","slug":"varstamma-med-goran","status":"publish","type":"post","link":"https:\/\/wp.kristdemokraterna.se\/vaggeryd\/varstamma-med-goran\/","title":{"rendered":"2014 V\u00e5rst\u00e4mma med G\u00f6ran"},"content":{"rendered":"<p>G\u00f6ran gav raka besked vid helgens v\u00e5rst\u00e4mma i Huskvarna:<br \/>\n&#8211; Alliansen har s\u00e4nkt skatten f\u00f6r pension\u00e4rerna med 15 miljarder. Hur mycket s\u00e4nkte S skatten f\u00f6r pension\u00e4rerna under sin tid vid makten? Svar 0!<br \/>\n&#8211; Sedan 2006 har alliansen tillf\u00f6rt mer \u00e4n 45 miljarder till v\u00e4lf\u00e4rden, varav 22 miljarder till sjukv\u00e5rden. Allts\u00e5 inte n\u00e5gra neddragningar s\u00e5 som en del verkar tro.<br \/>\n&#8211; V\u00e5rt toppnamn till EU, Lars Adaktusson, \u00e4r igenk\u00e4nd av 52% av svenskarna enligt SvD. N\u00e4st mest av alla kandidater. Ebba Busch \u00e4r ett mycket starkt andranamn. Vi har stora m\u00f6jligheter att ta minst tv\u00e5 EU-mandat.<\/p>\n<p><a href=\"http:\/\/wp.kristdemokraterna.se\/vaggeryd\/files\/2014\/03\/V\u00e5rst\u00e4mma2014.jpg\"><img loading=\"lazy\" decoding=\"async\" class=\"alignnone  wp-image-406\" alt=\"V\u00e5rst\u00e4mma2014\" src=\"http:\/\/wp.kristdemokraterna.se\/vaggeryd\/files\/2014\/03\/V\u00e5rst\u00e4mma2014-300x225.jpg\" width=\"300\" height=\"225\" srcset=\"https:\/\/wp.kristdemokraterna.se\/vaggeryd\/files\/2014\/03\/V\u00e5rst\u00e4mma2014-300x225.jpg 300w, https:\/\/wp.kristdemokraterna.se\/vaggeryd\/files\/2014\/03\/V\u00e5rst\u00e4mma2014-540x405.jpg 540w, https:\/\/wp.kristdemokraterna.se\/vaggeryd\/files\/2014\/03\/V\u00e5rst\u00e4mma2014-600x450.jpg 600w, https:\/\/wp.kristdemokraterna.se\/vaggeryd\/files\/2014\/03\/V\u00e5rst\u00e4mma2014-461x346.jpg 461w, https:\/\/wp.kristdemokraterna.se\/vaggeryd\/files\/2014\/03\/V\u00e5rst\u00e4mma2014-149x112.jpg 149w, https:\/\/wp.kristdemokraterna.se\/vaggeryd\/files\/2014\/03\/V\u00e5rst\u00e4mma2014.jpg 1024w\" sizes=\"auto, (max-width: 300px) 100vw, 300px\" \/><\/a><\/p>\n","protected":false},"excerpt":{"rendered":"<p>G\u00f6ran gav raka besked vid helgens v\u00e5rst\u00e4mma i Huskvarna: &#8211; Alliansen har s\u00e4nkt skatten f\u00f6r pension\u00e4rerna med 15 miljarder. Hur mycket s\u00e4nkte S skatten f\u00f6r pension\u00e4rerna under sin tid vid makten? Svar 0! &#8211; Sedan 2006 har alliansen tillf\u00f6rt mer \u00e4n 45 miljarder till v\u00e4lf\u00e4rden, varav 22 miljarder till sjukv\u00e5rden. Allts\u00e5 inte n\u00e5gra neddragningar s\u00e5 <a class=\"read-more-link\" href=\"https:\/\/wp.kristdemokraterna.se\/vaggeryd\/varstamma-med-goran\/\">Read More<\/a><\/p>\n","protected":false},"author":431,"featured_media":0,"comment_status":"closed","ping_status":"closed","sticky":false,"template":"","format":"standard","meta":{"_acf_changed":false,"footnotes":""},"categories":[1],"tags":[],"class_list":["post-407","post","type-post","status-publish","format-standard","hentry","category-arkiv"],"acf":[],"yoast_head":"<!-- This site is optimized with the Yoast SEO plugin v27.4 - https:\/\/yoast.com\/product\/yoast-seo-wordpress\/ -->\n<title>2014 V\u00e5rst\u00e4mma med G\u00f6ran - Vaggeryd<\/title>\n<meta name=\"robots\" content=\"index, follow, max-snippet:-1, max-image-preview:large, max-video-preview:-1\" \/>\n<link rel=\"canonical\" href=\"https:\/\/wp.kristdemokraterna.se\/vaggeryd\/varstamma-med-goran\/\" \/>\n<meta property=\"og:locale\" content=\"sv_SE\" \/>\n<meta property=\"og:type\" content=\"article\" \/>\n<meta property=\"og:title\" content=\"2014 V\u00e5rst\u00e4mma med G\u00f6ran - Vaggeryd\" \/>\n<meta property=\"og:description\" content=\"G\u00f6ran gav raka besked vid helgens v\u00e5rst\u00e4mma i Huskvarna: &#8211; Alliansen har s\u00e4nkt skatten f\u00f6r pension\u00e4rerna med 15 miljarder. Hur mycket s\u00e4nkte S skatten f\u00f6r pension\u00e4rerna under sin tid vid makten? Svar 0! &#8211; Sedan 2006 har alliansen tillf\u00f6rt mer \u00e4n 45 miljarder till v\u00e4lf\u00e4rden, varav 22 miljarder till sjukv\u00e5rden. Allts\u00e5 inte n\u00e5gra neddragningar s\u00e5 Read More\" \/>\n<meta property=\"og:url\" content=\"https:\/\/wp.kristdemokraterna.se\/vaggeryd\/varstamma-med-goran\/\" \/>\n<meta property=\"og:site_name\" content=\"Vaggeryd\" \/>\n<meta property=\"article:published_time\" content=\"2014-03-16T18:24:50+00:00\" \/>\n<meta property=\"article:modified_time\" content=\"2018-08-26T17:35:30+00:00\" \/>\n<meta property=\"og:image\" content=\"http:\/\/wp.kristdemokraterna.se\/vaggeryd\/files\/2014\/03\/V\u00e5rst\u00e4mma2014-300x225.jpg\" \/>\n<meta name=\"author\" content=\"vaggeryd\" \/>\n<meta name=\"twitter:card\" content=\"summary_large_image\" \/>\n<meta name=\"twitter:label1\" content=\"Skriven av\" \/>\n\t<meta name=\"twitter:data1\" content=\"vaggeryd\" \/>\n\t<meta name=\"twitter:label2\" content=\"Ber\u00e4knad l\u00e4stid\" \/>\n\t<meta name=\"twitter:data2\" content=\"1 minut\" \/>\n<script type=\"application\/ld+json\" class=\"yoast-schema-graph\">{\"@context\":\"https:\\\/\\\/schema.org\",\"@graph\":[{\"@type\":\"Article\",\"@id\":\"https:\\\/\\\/wp.kristdemokraterna.se\\\/vaggeryd\\\/varstamma-med-goran\\\/#article\",\"isPartOf\":{\"@id\":\"https:\\\/\\\/wp.kristdemokraterna.se\\\/vaggeryd\\\/varstamma-med-goran\\\/\"},\"author\":{\"name\":\"vaggeryd\",\"@id\":\"https:\\\/\\\/wp.kristdemokraterna.se\\\/vaggeryd\\\/#\\\/schema\\\/person\\\/9221a7e301cc383ae8e2c8105c80f6a4\"},\"headline\":\"2014 V\u00e5rst\u00e4mma med G\u00f6ran\",\"datePublished\":\"2014-03-16T18:24:50+00:00\",\"dateModified\":\"2018-08-26T17:35:30+00:00\",\"mainEntityOfPage\":{\"@id\":\"https:\\\/\\\/wp.kristdemokraterna.se\\\/vaggeryd\\\/varstamma-med-goran\\\/\"},\"wordCount\":114,\"articleSection\":[\"Arkiv\"],\"inLanguage\":\"sv-SE\"},{\"@type\":\"WebPage\",\"@id\":\"https:\\\/\\\/wp.kristdemokraterna.se\\\/vaggeryd\\\/varstamma-med-goran\\\/\",\"url\":\"https:\\\/\\\/wp.kristdemokraterna.se\\\/vaggeryd\\\/varstamma-med-goran\\\/\",\"name\":\"2014 V\u00e5rst\u00e4mma med G\u00f6ran - Vaggeryd\",\"isPartOf\":{\"@id\":\"https:\\\/\\\/wp.kristdemokraterna.se\\\/vaggeryd\\\/#website\"},\"datePublished\":\"2014-03-16T18:24:50+00:00\",\"dateModified\":\"2018-08-26T17:35:30+00:00\",\"author\":{\"@id\":\"https:\\\/\\\/wp.kristdemokraterna.se\\\/vaggeryd\\\/#\\\/schema\\\/person\\\/9221a7e301cc383ae8e2c8105c80f6a4\"},\"breadcrumb\":{\"@id\":\"https:\\\/\\\/wp.kristdemokraterna.se\\\/vaggeryd\\\/varstamma-med-goran\\\/#breadcrumb\"},\"inLanguage\":\"sv-SE\",\"potentialAction\":[{\"@type\":\"ReadAction\",\"target\":[\"https:\\\/\\\/wp.kristdemokraterna.se\\\/vaggeryd\\\/varstamma-med-goran\\\/\"]}]},{\"@type\":\"BreadcrumbList\",\"@id\":\"https:\\\/\\\/wp.kristdemokraterna.se\\\/vaggeryd\\\/varstamma-med-goran\\\/#breadcrumb\",\"itemListElement\":[{\"@type\":\"ListItem\",\"position\":1,\"name\":\"Hem\",\"item\":\"https:\\\/\\\/wp.kristdemokraterna.se\\\/vaggeryd\\\/\"},{\"@type\":\"ListItem\",\"position\":2,\"name\":\"2014 V\u00e5rst\u00e4mma med G\u00f6ran\"}]},{\"@type\":\"WebSite\",\"@id\":\"https:\\\/\\\/wp.kristdemokraterna.se\\\/vaggeryd\\\/#website\",\"url\":\"https:\\\/\\\/wp.kristdemokraterna.se\\\/vaggeryd\\\/\",\"name\":\"Vaggeryd\",\"description\":\"Kristdemokraterna Familjens r\u00f6st\",\"inLanguage\":\"sv-SE\"},{\"@type\":\"Person\",\"@id\":\"https:\\\/\\\/wp.kristdemokraterna.se\\\/vaggeryd\\\/#\\\/schema\\\/person\\\/9221a7e301cc383ae8e2c8105c80f6a4\",\"name\":\"vaggeryd\",\"image\":{\"@type\":\"ImageObject\",\"inLanguage\":\"sv-SE\",\"@id\":\"https:\\\/\\\/secure.gravatar.com\\\/avatar\\\/6a58ba86a5775ca36f4b36f411a2104cda03e4781a735bd99e222ec69ecbae74?s=96&r=g\",\"url\":\"https:\\\/\\\/secure.gravatar.com\\\/avatar\\\/6a58ba86a5775ca36f4b36f411a2104cda03e4781a735bd99e222ec69ecbae74?s=96&r=g\",\"contentUrl\":\"https:\\\/\\\/secure.gravatar.com\\\/avatar\\\/6a58ba86a5775ca36f4b36f411a2104cda03e4781a735bd99e222ec69ecbae74?s=96&r=g\",\"caption\":\"vaggeryd\"},\"url\":\"https:\\\/\\\/wp.kristdemokraterna.se\\\/vaggeryd\\\/author\\\/vaggeryd\\\/\"}]}<\/script>\n<!-- \/ Yoast SEO plugin. -->","yoast_head_json":{"title":"2014 V\u00e5rst\u00e4mma med G\u00f6ran - Vaggeryd","robots":{"index":"index","follow":"follow","max-snippet":"max-snippet:-1","max-image-preview":"max-image-preview:large","max-video-preview":"max-video-preview:-1"},"canonical":"https:\/\/wp.kristdemokraterna.se\/vaggeryd\/varstamma-med-goran\/","og_locale":"sv_SE","og_type":"article","og_title":"2014 V\u00e5rst\u00e4mma med G\u00f6ran - Vaggeryd","og_description":"G\u00f6ran gav raka besked vid helgens v\u00e5rst\u00e4mma i Huskvarna: &#8211; Alliansen har s\u00e4nkt skatten f\u00f6r pension\u00e4rerna med 15 miljarder. Hur mycket s\u00e4nkte S skatten f\u00f6r pension\u00e4rerna under sin tid vid makten? Svar 0! &#8211; Sedan 2006 har alliansen tillf\u00f6rt mer \u00e4n 45 miljarder till v\u00e4lf\u00e4rden, varav 22 miljarder till sjukv\u00e5rden. Allts\u00e5 inte n\u00e5gra neddragningar s\u00e5 Read More","og_url":"https:\/\/wp.kristdemokraterna.se\/vaggeryd\/varstamma-med-goran\/","og_site_name":"Vaggeryd","article_published_time":"2014-03-16T18:24:50+00:00","article_modified_time":"2018-08-26T17:35:30+00:00","og_image":[{"url":"http:\/\/wp.kristdemokraterna.se\/vaggeryd\/files\/2014\/03\/V\u00e5rst\u00e4mma2014-300x225.jpg","type":"","width":"","height":""}],"author":"vaggeryd","twitter_card":"summary_large_image","twitter_misc":{"Skriven av":"vaggeryd","Ber\u00e4knad l\u00e4stid":"1 minut"},"schema":{"@context":"https:\/\/schema.org","@graph":[{"@type":"Article","@id":"https:\/\/wp.kristdemokraterna.se\/vaggeryd\/varstamma-med-goran\/#article","isPartOf":{"@id":"https:\/\/wp.kristdemokraterna.se\/vaggeryd\/varstamma-med-goran\/"},"author":{"name":"vaggeryd","@id":"https:\/\/wp.kristdemokraterna.se\/vaggeryd\/#\/schema\/person\/9221a7e301cc383ae8e2c8105c80f6a4"},"headline":"2014 V\u00e5rst\u00e4mma med G\u00f6ran","datePublished":"2014-03-16T18:24:50+00:00","dateModified":"2018-08-26T17:35:30+00:00","mainEntityOfPage":{"@id":"https:\/\/wp.kristdemokraterna.se\/vaggeryd\/varstamma-med-goran\/"},"wordCount":114,"articleSection":["Arkiv"],"inLanguage":"sv-SE"},{"@type":"WebPage","@id":"https:\/\/wp.kristdemokraterna.se\/vaggeryd\/varstamma-med-goran\/","url":"https:\/\/wp.kristdemokraterna.se\/vaggeryd\/varstamma-med-goran\/","name":"2014 V\u00e5rst\u00e4mma med G\u00f6ran - Vaggeryd","isPartOf":{"@id":"https:\/\/wp.kristdemokraterna.se\/vaggeryd\/#website"},"datePublished":"2014-03-16T18:24:50+00:00","dateModified":"2018-08-26T17:35:30+00:00","author":{"@id":"https:\/\/wp.kristdemokraterna.se\/vaggeryd\/#\/schema\/person\/9221a7e301cc383ae8e2c8105c80f6a4"},"breadcrumb":{"@id":"https:\/\/wp.kristdemokraterna.se\/vaggeryd\/varstamma-med-goran\/#breadcrumb"},"inLanguage":"sv-SE","potentialAction":[{"@type":"ReadAction","target":["https:\/\/wp.kristdemokraterna.se\/vaggeryd\/varstamma-med-goran\/"]}]},{"@type":"BreadcrumbList","@id":"https:\/\/wp.kristdemokraterna.se\/vaggeryd\/varstamma-med-goran\/#breadcrumb","itemListElement":[{"@type":"ListItem","position":1,"name":"Hem","item":"https:\/\/wp.kristdemokraterna.se\/vaggeryd\/"},{"@type":"ListItem","position":2,"name":"2014 V\u00e5rst\u00e4mma med G\u00f6ran"}]},{"@type":"WebSite","@id":"https:\/\/wp.kristdemokraterna.se\/vaggeryd\/#website","url":"https:\/\/wp.kristdemokraterna.se\/vaggeryd\/","name":"Vaggeryd","description":"Kristdemokraterna Familjens r\u00f6st","inLanguage":"sv-SE"},{"@type":"Person","@id":"https:\/\/wp.kristdemokraterna.se\/vaggeryd\/#\/schema\/person\/9221a7e301cc383ae8e2c8105c80f6a4","name":"vaggeryd","image":{"@type":"ImageObject","inLanguage":"sv-SE","@id":"https:\/\/secure.gravatar.com\/avatar\/6a58ba86a5775ca36f4b36f411a2104cda03e4781a735bd99e222ec69ecbae74?s=96&r=g","url":"https:\/\/secure.gravatar.com\/avatar\/6a58ba86a5775ca36f4b36f411a2104cda03e4781a735bd99e222ec69ecbae74?s=96&r=g","contentUrl":"https:\/\/secure.gravatar.com\/avatar\/6a58ba86a5775ca36f4b36f411a2104cda03e4781a735bd99e222ec69ecbae74?s=96&r=g","caption":"vaggeryd"},"url":"https:\/\/wp.kristdemokraterna.se\/vaggeryd\/author\/vaggeryd\/"}]}},"_links":{"self":[{"href":"https:\/\/wp.kristdemokraterna.se\/vaggeryd\/wp-json\/wp\/v2\/posts\/407","targetHints":{"allow":["GET"]}}],"collection":[{"href":"https:\/\/wp.kristdemokraterna.se\/vaggeryd\/wp-json\/wp\/v2\/posts"}],"about":[{"href":"https:\/\/wp.kristdemokraterna.se\/vaggeryd\/wp-json\/wp\/v2\/types\/post"}],"author":[{"embeddable":true,"href":"https:\/\/wp.kristdemokraterna.se\/vaggeryd\/wp-json\/wp\/v2\/users\/431"}],"replies":[{"embeddable":true,"href":"https:\/\/wp.kristdemokraterna.se\/vaggeryd\/wp-json\/wp\/v2\/comments?post=407"}],"version-history":[{"count":3,"href":"https:\/\/wp.kristdemokraterna.se\/vaggeryd\/wp-json\/wp\/v2\/posts\/407\/revisions"}],"predecessor-version":[{"id":1012,"href":"https:\/\/wp.kristdemokraterna.se\/vaggeryd\/wp-json\/wp\/v2\/posts\/407\/revisions\/1012"}],"wp:attachment":[{"href":"https:\/\/wp.kristdemokraterna.se\/vaggeryd\/wp-json\/wp\/v2\/media?parent=407"}],"wp:term":[{"taxonomy":"category","embeddable":true,"href":"https:\/\/wp.kristdemokraterna.se\/vaggeryd\/wp-json\/wp\/v2\/categories?post=407"},{"taxonomy":"post_tag","embeddable":true,"href":"https:\/\/wp.kristdemokraterna.se\/vaggeryd\/wp-json\/wp\/v2\/tags?post=407"}],"curies":[{"name":"wp","href":"https:\/\/api.w.org\/{rel}","templated":true}]}}