{"id":411,"date":"2014-05-15T23:09:48","date_gmt":"2014-05-15T21:09:48","guid":{"rendered":"http:\/\/wp.kristdemokraterna.se\/vaggeryd\/?p=411"},"modified":"2018-08-26T19:35:15","modified_gmt":"2018-08-26T17:35:15","slug":"nu-ar-eu-affischerna-uppe","status":"publish","type":"post","link":"https:\/\/wp.kristdemokraterna.se\/vaggeryd\/nu-ar-eu-affischerna-uppe\/","title":{"rendered":"2014 Nu \u00e4r EU-affischerna uppe!"},"content":{"rendered":"<p><a href=\"http:\/\/wp.kristdemokraterna.se\/vaggeryd\/files\/2014\/05\/eu-val.jpg\"><img loading=\"lazy\" decoding=\"async\" class=\"alignnone size-medium wp-image-412\" src=\"http:\/\/wp.kristdemokraterna.se\/vaggeryd\/files\/2014\/05\/eu-val-300x170.jpg\" alt=\"EU-val\" width=\"300\" height=\"170\" srcset=\"https:\/\/wp.kristdemokraterna.se\/vaggeryd\/files\/2014\/05\/eu-val-300x170.jpg 300w, https:\/\/wp.kristdemokraterna.se\/vaggeryd\/files\/2014\/05\/eu-val-540x307.jpg 540w, https:\/\/wp.kristdemokraterna.se\/vaggeryd\/files\/2014\/05\/eu-val-576x328.jpg 576w, https:\/\/wp.kristdemokraterna.se\/vaggeryd\/files\/2014\/05\/eu-val-186x105.jpg 186w, https:\/\/wp.kristdemokraterna.se\/vaggeryd\/files\/2014\/05\/eu-val.jpg 2048w\" sizes=\"auto, (max-width: 300px) 100vw, 300px\" \/><\/a><\/p>\n<ul>\n<li>EU-valet n\u00e4rmar sig!<\/li>\n<li>Valaffischerna \u00e4r uppe!<\/li>\n<li>Temperaturen stiger!<\/li>\n<li>Lars Adaktusson kommer till Vaggeryd p\u00e5 m\u00e5ndag den 19 maj!<\/li>\n<li>Den 25 maj r\u00f6star vi p\u00e5 Kristdemokraterna!<\/li>\n<\/ul>\n<p>&nbsp;<\/p>\n","protected":false},"excerpt":{"rendered":"<p>EU-valet n\u00e4rmar sig! Valaffischerna \u00e4r uppe! Temperaturen stiger! Lars Adaktusson kommer till Vaggeryd p\u00e5 m\u00e5ndag den 19 maj! Den 25 maj r\u00f6star vi p\u00e5 Kristdemokraterna! &nbsp;<\/p>\n","protected":false},"author":431,"featured_media":0,"comment_status":"closed","ping_status":"closed","sticky":false,"template":"","format":"standard","meta":{"_acf_changed":false,"footnotes":""},"categories":[1],"tags":[],"class_list":["post-411","post","type-post","status-publish","format-standard","hentry","category-arkiv"],"acf":[],"yoast_head":"<!-- This site is optimized with the Yoast SEO plugin v27.4 - https:\/\/yoast.com\/product\/yoast-seo-wordpress\/ -->\n<title>2014 Nu \u00e4r EU-affischerna uppe! - Vaggeryd<\/title>\n<meta name=\"robots\" content=\"index, follow, max-snippet:-1, max-image-preview:large, max-video-preview:-1\" \/>\n<link rel=\"canonical\" href=\"https:\/\/wp.kristdemokraterna.se\/vaggeryd\/nu-ar-eu-affischerna-uppe\/\" \/>\n<meta property=\"og:locale\" content=\"sv_SE\" \/>\n<meta property=\"og:type\" content=\"article\" \/>\n<meta property=\"og:title\" content=\"2014 Nu \u00e4r EU-affischerna uppe! - Vaggeryd\" \/>\n<meta property=\"og:description\" content=\"EU-valet n\u00e4rmar sig! Valaffischerna \u00e4r uppe! Temperaturen stiger! Lars Adaktusson kommer till Vaggeryd p\u00e5 m\u00e5ndag den 19 maj! Den 25 maj r\u00f6star vi p\u00e5 Kristdemokraterna! &nbsp;\" \/>\n<meta property=\"og:url\" content=\"https:\/\/wp.kristdemokraterna.se\/vaggeryd\/nu-ar-eu-affischerna-uppe\/\" \/>\n<meta property=\"og:site_name\" content=\"Vaggeryd\" \/>\n<meta property=\"article:published_time\" content=\"2014-05-15T21:09:48+00:00\" \/>\n<meta property=\"article:modified_time\" content=\"2018-08-26T17:35:15+00:00\" \/>\n<meta property=\"og:image\" content=\"http:\/\/wp.kristdemokraterna.se\/vaggeryd\/files\/2014\/05\/eu-val-300x170.jpg\" \/>\n<meta name=\"author\" content=\"vaggeryd\" \/>\n<meta name=\"twitter:card\" content=\"summary_large_image\" \/>\n<meta name=\"twitter:label1\" content=\"Skriven av\" \/>\n\t<meta name=\"twitter:data1\" content=\"vaggeryd\" \/>\n<script type=\"application\/ld+json\" class=\"yoast-schema-graph\">{\"@context\":\"https:\\\/\\\/schema.org\",\"@graph\":[{\"@type\":\"Article\",\"@id\":\"https:\\\/\\\/wp.kristdemokraterna.se\\\/vaggeryd\\\/nu-ar-eu-affischerna-uppe\\\/#article\",\"isPartOf\":{\"@id\":\"https:\\\/\\\/wp.kristdemokraterna.se\\\/vaggeryd\\\/nu-ar-eu-affischerna-uppe\\\/\"},\"author\":{\"name\":\"vaggeryd\",\"@id\":\"https:\\\/\\\/wp.kristdemokraterna.se\\\/vaggeryd\\\/#\\\/schema\\\/person\\\/9221a7e301cc383ae8e2c8105c80f6a4\"},\"headline\":\"2014 Nu \u00e4r EU-affischerna uppe!\",\"datePublished\":\"2014-05-15T21:09:48+00:00\",\"dateModified\":\"2018-08-26T17:35:15+00:00\",\"mainEntityOfPage\":{\"@id\":\"https:\\\/\\\/wp.kristdemokraterna.se\\\/vaggeryd\\\/nu-ar-eu-affischerna-uppe\\\/\"},\"wordCount\":31,\"image\":{\"@id\":\"https:\\\/\\\/wp.kristdemokraterna.se\\\/vaggeryd\\\/nu-ar-eu-affischerna-uppe\\\/#primaryimage\"},\"thumbnailUrl\":\"http:\\\/\\\/wp.kristdemokraterna.se\\\/vaggeryd\\\/files\\\/2014\\\/05\\\/eu-val-300x170.jpg\",\"articleSection\":[\"Arkiv\"],\"inLanguage\":\"sv-SE\"},{\"@type\":\"WebPage\",\"@id\":\"https:\\\/\\\/wp.kristdemokraterna.se\\\/vaggeryd\\\/nu-ar-eu-affischerna-uppe\\\/\",\"url\":\"https:\\\/\\\/wp.kristdemokraterna.se\\\/vaggeryd\\\/nu-ar-eu-affischerna-uppe\\\/\",\"name\":\"2014 Nu \u00e4r EU-affischerna uppe! - Vaggeryd\",\"isPartOf\":{\"@id\":\"https:\\\/\\\/wp.kristdemokraterna.se\\\/vaggeryd\\\/#website\"},\"primaryImageOfPage\":{\"@id\":\"https:\\\/\\\/wp.kristdemokraterna.se\\\/vaggeryd\\\/nu-ar-eu-affischerna-uppe\\\/#primaryimage\"},\"image\":{\"@id\":\"https:\\\/\\\/wp.kristdemokraterna.se\\\/vaggeryd\\\/nu-ar-eu-affischerna-uppe\\\/#primaryimage\"},\"thumbnailUrl\":\"http:\\\/\\\/wp.kristdemokraterna.se\\\/vaggeryd\\\/files\\\/2014\\\/05\\\/eu-val-300x170.jpg\",\"datePublished\":\"2014-05-15T21:09:48+00:00\",\"dateModified\":\"2018-08-26T17:35:15+00:00\",\"author\":{\"@id\":\"https:\\\/\\\/wp.kristdemokraterna.se\\\/vaggeryd\\\/#\\\/schema\\\/person\\\/9221a7e301cc383ae8e2c8105c80f6a4\"},\"breadcrumb\":{\"@id\":\"https:\\\/\\\/wp.kristdemokraterna.se\\\/vaggeryd\\\/nu-ar-eu-affischerna-uppe\\\/#breadcrumb\"},\"inLanguage\":\"sv-SE\",\"potentialAction\":[{\"@type\":\"ReadAction\",\"target\":[\"https:\\\/\\\/wp.kristdemokraterna.se\\\/vaggeryd\\\/nu-ar-eu-affischerna-uppe\\\/\"]}]},{\"@type\":\"ImageObject\",\"inLanguage\":\"sv-SE\",\"@id\":\"https:\\\/\\\/wp.kristdemokraterna.se\\\/vaggeryd\\\/nu-ar-eu-affischerna-uppe\\\/#primaryimage\",\"url\":\"https:\\\/\\\/wp.kristdemokraterna.se\\\/vaggeryd\\\/files\\\/2014\\\/05\\\/eu-val.jpg\",\"contentUrl\":\"https:\\\/\\\/wp.kristdemokraterna.se\\\/vaggeryd\\\/files\\\/2014\\\/05\\\/eu-val.jpg\",\"width\":2048,\"height\":1167},{\"@type\":\"BreadcrumbList\",\"@id\":\"https:\\\/\\\/wp.kristdemokraterna.se\\\/vaggeryd\\\/nu-ar-eu-affischerna-uppe\\\/#breadcrumb\",\"itemListElement\":[{\"@type\":\"ListItem\",\"position\":1,\"name\":\"Hem\",\"item\":\"https:\\\/\\\/wp.kristdemokraterna.se\\\/vaggeryd\\\/\"},{\"@type\":\"ListItem\",\"position\":2,\"name\":\"2014 Nu \u00e4r EU-affischerna uppe!\"}]},{\"@type\":\"WebSite\",\"@id\":\"https:\\\/\\\/wp.kristdemokraterna.se\\\/vaggeryd\\\/#website\",\"url\":\"https:\\\/\\\/wp.kristdemokraterna.se\\\/vaggeryd\\\/\",\"name\":\"Vaggeryd\",\"description\":\"Kristdemokraterna Familjens r\u00f6st\",\"inLanguage\":\"sv-SE\"},{\"@type\":\"Person\",\"@id\":\"https:\\\/\\\/wp.kristdemokraterna.se\\\/vaggeryd\\\/#\\\/schema\\\/person\\\/9221a7e301cc383ae8e2c8105c80f6a4\",\"name\":\"vaggeryd\",\"image\":{\"@type\":\"ImageObject\",\"inLanguage\":\"sv-SE\",\"@id\":\"https:\\\/\\\/secure.gravatar.com\\\/avatar\\\/6a58ba86a5775ca36f4b36f411a2104cda03e4781a735bd99e222ec69ecbae74?s=96&r=g\",\"url\":\"https:\\\/\\\/secure.gravatar.com\\\/avatar\\\/6a58ba86a5775ca36f4b36f411a2104cda03e4781a735bd99e222ec69ecbae74?s=96&r=g\",\"contentUrl\":\"https:\\\/\\\/secure.gravatar.com\\\/avatar\\\/6a58ba86a5775ca36f4b36f411a2104cda03e4781a735bd99e222ec69ecbae74?s=96&r=g\",\"caption\":\"vaggeryd\"},\"url\":\"https:\\\/\\\/wp.kristdemokraterna.se\\\/vaggeryd\\\/author\\\/vaggeryd\\\/\"}]}<\/script>\n<!-- \/ Yoast SEO plugin. -->","yoast_head_json":{"title":"2014 Nu \u00e4r EU-affischerna uppe! - Vaggeryd","robots":{"index":"index","follow":"follow","max-snippet":"max-snippet:-1","max-image-preview":"max-image-preview:large","max-video-preview":"max-video-preview:-1"},"canonical":"https:\/\/wp.kristdemokraterna.se\/vaggeryd\/nu-ar-eu-affischerna-uppe\/","og_locale":"sv_SE","og_type":"article","og_title":"2014 Nu \u00e4r EU-affischerna uppe! - Vaggeryd","og_description":"EU-valet n\u00e4rmar sig! Valaffischerna \u00e4r uppe! Temperaturen stiger! Lars Adaktusson kommer till Vaggeryd p\u00e5 m\u00e5ndag den 19 maj! Den 25 maj r\u00f6star vi p\u00e5 Kristdemokraterna! &nbsp;","og_url":"https:\/\/wp.kristdemokraterna.se\/vaggeryd\/nu-ar-eu-affischerna-uppe\/","og_site_name":"Vaggeryd","article_published_time":"2014-05-15T21:09:48+00:00","article_modified_time":"2018-08-26T17:35:15+00:00","og_image":[{"url":"http:\/\/wp.kristdemokraterna.se\/vaggeryd\/files\/2014\/05\/eu-val-300x170.jpg","type":"","width":"","height":""}],"author":"vaggeryd","twitter_card":"summary_large_image","twitter_misc":{"Skriven av":"vaggeryd"},"schema":{"@context":"https:\/\/schema.org","@graph":[{"@type":"Article","@id":"https:\/\/wp.kristdemokraterna.se\/vaggeryd\/nu-ar-eu-affischerna-uppe\/#article","isPartOf":{"@id":"https:\/\/wp.kristdemokraterna.se\/vaggeryd\/nu-ar-eu-affischerna-uppe\/"},"author":{"name":"vaggeryd","@id":"https:\/\/wp.kristdemokraterna.se\/vaggeryd\/#\/schema\/person\/9221a7e301cc383ae8e2c8105c80f6a4"},"headline":"2014 Nu \u00e4r EU-affischerna uppe!","datePublished":"2014-05-15T21:09:48+00:00","dateModified":"2018-08-26T17:35:15+00:00","mainEntityOfPage":{"@id":"https:\/\/wp.kristdemokraterna.se\/vaggeryd\/nu-ar-eu-affischerna-uppe\/"},"wordCount":31,"image":{"@id":"https:\/\/wp.kristdemokraterna.se\/vaggeryd\/nu-ar-eu-affischerna-uppe\/#primaryimage"},"thumbnailUrl":"http:\/\/wp.kristdemokraterna.se\/vaggeryd\/files\/2014\/05\/eu-val-300x170.jpg","articleSection":["Arkiv"],"inLanguage":"sv-SE"},{"@type":"WebPage","@id":"https:\/\/wp.kristdemokraterna.se\/vaggeryd\/nu-ar-eu-affischerna-uppe\/","url":"https:\/\/wp.kristdemokraterna.se\/vaggeryd\/nu-ar-eu-affischerna-uppe\/","name":"2014 Nu \u00e4r EU-affischerna uppe! - Vaggeryd","isPartOf":{"@id":"https:\/\/wp.kristdemokraterna.se\/vaggeryd\/#website"},"primaryImageOfPage":{"@id":"https:\/\/wp.kristdemokraterna.se\/vaggeryd\/nu-ar-eu-affischerna-uppe\/#primaryimage"},"image":{"@id":"https:\/\/wp.kristdemokraterna.se\/vaggeryd\/nu-ar-eu-affischerna-uppe\/#primaryimage"},"thumbnailUrl":"http:\/\/wp.kristdemokraterna.se\/vaggeryd\/files\/2014\/05\/eu-val-300x170.jpg","datePublished":"2014-05-15T21:09:48+00:00","dateModified":"2018-08-26T17:35:15+00:00","author":{"@id":"https:\/\/wp.kristdemokraterna.se\/vaggeryd\/#\/schema\/person\/9221a7e301cc383ae8e2c8105c80f6a4"},"breadcrumb":{"@id":"https:\/\/wp.kristdemokraterna.se\/vaggeryd\/nu-ar-eu-affischerna-uppe\/#breadcrumb"},"inLanguage":"sv-SE","potentialAction":[{"@type":"ReadAction","target":["https:\/\/wp.kristdemokraterna.se\/vaggeryd\/nu-ar-eu-affischerna-uppe\/"]}]},{"@type":"ImageObject","inLanguage":"sv-SE","@id":"https:\/\/wp.kristdemokraterna.se\/vaggeryd\/nu-ar-eu-affischerna-uppe\/#primaryimage","url":"https:\/\/wp.kristdemokraterna.se\/vaggeryd\/files\/2014\/05\/eu-val.jpg","contentUrl":"https:\/\/wp.kristdemokraterna.se\/vaggeryd\/files\/2014\/05\/eu-val.jpg","width":2048,"height":1167},{"@type":"BreadcrumbList","@id":"https:\/\/wp.kristdemokraterna.se\/vaggeryd\/nu-ar-eu-affischerna-uppe\/#breadcrumb","itemListElement":[{"@type":"ListItem","position":1,"name":"Hem","item":"https:\/\/wp.kristdemokraterna.se\/vaggeryd\/"},{"@type":"ListItem","position":2,"name":"2014 Nu \u00e4r EU-affischerna uppe!"}]},{"@type":"WebSite","@id":"https:\/\/wp.kristdemokraterna.se\/vaggeryd\/#website","url":"https:\/\/wp.kristdemokraterna.se\/vaggeryd\/","name":"Vaggeryd","description":"Kristdemokraterna Familjens r\u00f6st","inLanguage":"sv-SE"},{"@type":"Person","@id":"https:\/\/wp.kristdemokraterna.se\/vaggeryd\/#\/schema\/person\/9221a7e301cc383ae8e2c8105c80f6a4","name":"vaggeryd","image":{"@type":"ImageObject","inLanguage":"sv-SE","@id":"https:\/\/secure.gravatar.com\/avatar\/6a58ba86a5775ca36f4b36f411a2104cda03e4781a735bd99e222ec69ecbae74?s=96&r=g","url":"https:\/\/secure.gravatar.com\/avatar\/6a58ba86a5775ca36f4b36f411a2104cda03e4781a735bd99e222ec69ecbae74?s=96&r=g","contentUrl":"https:\/\/secure.gravatar.com\/avatar\/6a58ba86a5775ca36f4b36f411a2104cda03e4781a735bd99e222ec69ecbae74?s=96&r=g","caption":"vaggeryd"},"url":"https:\/\/wp.kristdemokraterna.se\/vaggeryd\/author\/vaggeryd\/"}]}},"_links":{"self":[{"href":"https:\/\/wp.kristdemokraterna.se\/vaggeryd\/wp-json\/wp\/v2\/posts\/411","targetHints":{"allow":["GET"]}}],"collection":[{"href":"https:\/\/wp.kristdemokraterna.se\/vaggeryd\/wp-json\/wp\/v2\/posts"}],"about":[{"href":"https:\/\/wp.kristdemokraterna.se\/vaggeryd\/wp-json\/wp\/v2\/types\/post"}],"author":[{"embeddable":true,"href":"https:\/\/wp.kristdemokraterna.se\/vaggeryd\/wp-json\/wp\/v2\/users\/431"}],"replies":[{"embeddable":true,"href":"https:\/\/wp.kristdemokraterna.se\/vaggeryd\/wp-json\/wp\/v2\/comments?post=411"}],"version-history":[{"count":3,"href":"https:\/\/wp.kristdemokraterna.se\/vaggeryd\/wp-json\/wp\/v2\/posts\/411\/revisions"}],"predecessor-version":[{"id":1011,"href":"https:\/\/wp.kristdemokraterna.se\/vaggeryd\/wp-json\/wp\/v2\/posts\/411\/revisions\/1011"}],"wp:attachment":[{"href":"https:\/\/wp.kristdemokraterna.se\/vaggeryd\/wp-json\/wp\/v2\/media?parent=411"}],"wp:term":[{"taxonomy":"category","embeddable":true,"href":"https:\/\/wp.kristdemokraterna.se\/vaggeryd\/wp-json\/wp\/v2\/categories?post=411"},{"taxonomy":"post_tag","embeddable":true,"href":"https:\/\/wp.kristdemokraterna.se\/vaggeryd\/wp-json\/wp\/v2\/tags?post=411"}],"curies":[{"name":"wp","href":"https:\/\/api.w.org\/{rel}","templated":true}]}}