{"id":415,"date":"2014-05-15T23:15:33","date_gmt":"2014-05-15T21:15:33","guid":{"rendered":"http:\/\/wp.kristdemokraterna.se\/vaggeryd\/?p=415"},"modified":"2018-08-26T19:34:35","modified_gmt":"2018-08-26T17:34:35","slug":"testa-svts-valkompass","status":"publish","type":"post","link":"https:\/\/wp.kristdemokraterna.se\/vaggeryd\/testa-svts-valkompass\/","title":{"rendered":"Testa SVTs valkompass!"},"content":{"rendered":"<p><span class=\"userContent\">Den <strong>25 maj<\/strong> \u00e4r det <strong>EU-val<\/strong>. Har du best\u00e4mt dig vem du skall r\u00f6sta p\u00e5?<br \/>\nG\u00f6r f\u00f6r s\u00e4kerhets skull ett test p\u00e5 <a href=\"http:\/\/www.svt.se\/nyheter\/val2014\/guide\/kompass\/svt\/\" target=\"_blank\" rel=\"nofollow nofollow\">www.svt.se\/nyheter\/val2014\/guide\/kompass\/svt\/<\/a> och kolla att du r\u00f6star r\u00e4tt.<\/span><\/p>\n<p><a href=\"http:\/\/wp.kristdemokraterna.se\/vaggeryd\/files\/2014\/05\/valkompass.jpg\"><img loading=\"lazy\" decoding=\"async\" class=\"alignnone size-medium wp-image-416\" src=\"http:\/\/wp.kristdemokraterna.se\/vaggeryd\/files\/2014\/05\/valkompass-243x300.jpg\" alt=\"valkompass\" width=\"243\" height=\"300\" srcset=\"https:\/\/wp.kristdemokraterna.se\/vaggeryd\/files\/2014\/05\/valkompass-243x300.jpg 243w, https:\/\/wp.kristdemokraterna.se\/vaggeryd\/files\/2014\/05\/valkompass-437x540.jpg 437w, https:\/\/wp.kristdemokraterna.se\/vaggeryd\/files\/2014\/05\/valkompass-280x346.jpg 280w, https:\/\/wp.kristdemokraterna.se\/vaggeryd\/files\/2014\/05\/valkompass-90x112.jpg 90w, https:\/\/wp.kristdemokraterna.se\/vaggeryd\/files\/2014\/05\/valkompass.jpg 485w\" sizes=\"auto, (max-width: 243px) 100vw, 243px\" \/><\/a><\/p>\n<p>&nbsp;<\/p>\n","protected":false},"excerpt":{"rendered":"<p>Den 25 maj \u00e4r det EU-val. Har du best\u00e4mt dig vem du skall r\u00f6sta p\u00e5? G\u00f6r f\u00f6r s\u00e4kerhets skull ett test p\u00e5 www.svt.se\/nyheter\/val2014\/guide\/kompass\/svt\/ och kolla att du r\u00f6star r\u00e4tt. &nbsp;<\/p>\n","protected":false},"author":431,"featured_media":0,"comment_status":"closed","ping_status":"closed","sticky":false,"template":"","format":"standard","meta":{"_acf_changed":false,"footnotes":""},"categories":[1],"tags":[],"class_list":["post-415","post","type-post","status-publish","format-standard","hentry","category-arkiv"],"acf":[],"yoast_head":"<!-- This site is optimized with the Yoast SEO plugin v27.4 - https:\/\/yoast.com\/product\/yoast-seo-wordpress\/ -->\n<title>Testa SVTs valkompass! - Vaggeryd<\/title>\n<meta name=\"robots\" content=\"index, follow, max-snippet:-1, max-image-preview:large, max-video-preview:-1\" \/>\n<link rel=\"canonical\" href=\"https:\/\/wp.kristdemokraterna.se\/vaggeryd\/testa-svts-valkompass\/\" \/>\n<meta property=\"og:locale\" content=\"sv_SE\" \/>\n<meta property=\"og:type\" content=\"article\" \/>\n<meta property=\"og:title\" content=\"Testa SVTs valkompass! - Vaggeryd\" \/>\n<meta property=\"og:description\" content=\"Den 25 maj \u00e4r det EU-val. Har du best\u00e4mt dig vem du skall r\u00f6sta p\u00e5? G\u00f6r f\u00f6r s\u00e4kerhets skull ett test p\u00e5 www.svt.se\/nyheter\/val2014\/guide\/kompass\/svt\/ och kolla att du r\u00f6star r\u00e4tt. &nbsp;\" \/>\n<meta property=\"og:url\" content=\"https:\/\/wp.kristdemokraterna.se\/vaggeryd\/testa-svts-valkompass\/\" \/>\n<meta property=\"og:site_name\" content=\"Vaggeryd\" \/>\n<meta property=\"article:published_time\" content=\"2014-05-15T21:15:33+00:00\" \/>\n<meta property=\"article:modified_time\" content=\"2018-08-26T17:34:35+00:00\" \/>\n<meta property=\"og:image\" content=\"http:\/\/wp.kristdemokraterna.se\/vaggeryd\/files\/2014\/05\/valkompass-243x300.jpg\" \/>\n<meta name=\"author\" content=\"vaggeryd\" \/>\n<meta name=\"twitter:card\" content=\"summary_large_image\" \/>\n<meta name=\"twitter:label1\" content=\"Skriven av\" \/>\n\t<meta name=\"twitter:data1\" content=\"vaggeryd\" \/>\n<script type=\"application\/ld+json\" class=\"yoast-schema-graph\">{\"@context\":\"https:\\\/\\\/schema.org\",\"@graph\":[{\"@type\":\"Article\",\"@id\":\"https:\\\/\\\/wp.kristdemokraterna.se\\\/vaggeryd\\\/testa-svts-valkompass\\\/#article\",\"isPartOf\":{\"@id\":\"https:\\\/\\\/wp.kristdemokraterna.se\\\/vaggeryd\\\/testa-svts-valkompass\\\/\"},\"author\":{\"name\":\"vaggeryd\",\"@id\":\"https:\\\/\\\/wp.kristdemokraterna.se\\\/vaggeryd\\\/#\\\/schema\\\/person\\\/9221a7e301cc383ae8e2c8105c80f6a4\"},\"headline\":\"Testa SVTs valkompass!\",\"datePublished\":\"2014-05-15T21:15:33+00:00\",\"dateModified\":\"2018-08-26T17:34:35+00:00\",\"mainEntityOfPage\":{\"@id\":\"https:\\\/\\\/wp.kristdemokraterna.se\\\/vaggeryd\\\/testa-svts-valkompass\\\/\"},\"wordCount\":46,\"image\":{\"@id\":\"https:\\\/\\\/wp.kristdemokraterna.se\\\/vaggeryd\\\/testa-svts-valkompass\\\/#primaryimage\"},\"thumbnailUrl\":\"http:\\\/\\\/wp.kristdemokraterna.se\\\/vaggeryd\\\/files\\\/2014\\\/05\\\/valkompass-243x300.jpg\",\"articleSection\":[\"Arkiv\"],\"inLanguage\":\"sv-SE\"},{\"@type\":\"WebPage\",\"@id\":\"https:\\\/\\\/wp.kristdemokraterna.se\\\/vaggeryd\\\/testa-svts-valkompass\\\/\",\"url\":\"https:\\\/\\\/wp.kristdemokraterna.se\\\/vaggeryd\\\/testa-svts-valkompass\\\/\",\"name\":\"Testa SVTs valkompass! - Vaggeryd\",\"isPartOf\":{\"@id\":\"https:\\\/\\\/wp.kristdemokraterna.se\\\/vaggeryd\\\/#website\"},\"primaryImageOfPage\":{\"@id\":\"https:\\\/\\\/wp.kristdemokraterna.se\\\/vaggeryd\\\/testa-svts-valkompass\\\/#primaryimage\"},\"image\":{\"@id\":\"https:\\\/\\\/wp.kristdemokraterna.se\\\/vaggeryd\\\/testa-svts-valkompass\\\/#primaryimage\"},\"thumbnailUrl\":\"http:\\\/\\\/wp.kristdemokraterna.se\\\/vaggeryd\\\/files\\\/2014\\\/05\\\/valkompass-243x300.jpg\",\"datePublished\":\"2014-05-15T21:15:33+00:00\",\"dateModified\":\"2018-08-26T17:34:35+00:00\",\"author\":{\"@id\":\"https:\\\/\\\/wp.kristdemokraterna.se\\\/vaggeryd\\\/#\\\/schema\\\/person\\\/9221a7e301cc383ae8e2c8105c80f6a4\"},\"breadcrumb\":{\"@id\":\"https:\\\/\\\/wp.kristdemokraterna.se\\\/vaggeryd\\\/testa-svts-valkompass\\\/#breadcrumb\"},\"inLanguage\":\"sv-SE\",\"potentialAction\":[{\"@type\":\"ReadAction\",\"target\":[\"https:\\\/\\\/wp.kristdemokraterna.se\\\/vaggeryd\\\/testa-svts-valkompass\\\/\"]}]},{\"@type\":\"ImageObject\",\"inLanguage\":\"sv-SE\",\"@id\":\"https:\\\/\\\/wp.kristdemokraterna.se\\\/vaggeryd\\\/testa-svts-valkompass\\\/#primaryimage\",\"url\":\"https:\\\/\\\/wp.kristdemokraterna.se\\\/vaggeryd\\\/files\\\/2014\\\/05\\\/valkompass.jpg\",\"contentUrl\":\"https:\\\/\\\/wp.kristdemokraterna.se\\\/vaggeryd\\\/files\\\/2014\\\/05\\\/valkompass.jpg\",\"width\":485,\"height\":598},{\"@type\":\"BreadcrumbList\",\"@id\":\"https:\\\/\\\/wp.kristdemokraterna.se\\\/vaggeryd\\\/testa-svts-valkompass\\\/#breadcrumb\",\"itemListElement\":[{\"@type\":\"ListItem\",\"position\":1,\"name\":\"Hem\",\"item\":\"https:\\\/\\\/wp.kristdemokraterna.se\\\/vaggeryd\\\/\"},{\"@type\":\"ListItem\",\"position\":2,\"name\":\"Testa SVTs valkompass!\"}]},{\"@type\":\"WebSite\",\"@id\":\"https:\\\/\\\/wp.kristdemokraterna.se\\\/vaggeryd\\\/#website\",\"url\":\"https:\\\/\\\/wp.kristdemokraterna.se\\\/vaggeryd\\\/\",\"name\":\"Vaggeryd\",\"description\":\"Kristdemokraterna Familjens r\u00f6st\",\"inLanguage\":\"sv-SE\"},{\"@type\":\"Person\",\"@id\":\"https:\\\/\\\/wp.kristdemokraterna.se\\\/vaggeryd\\\/#\\\/schema\\\/person\\\/9221a7e301cc383ae8e2c8105c80f6a4\",\"name\":\"vaggeryd\",\"image\":{\"@type\":\"ImageObject\",\"inLanguage\":\"sv-SE\",\"@id\":\"https:\\\/\\\/secure.gravatar.com\\\/avatar\\\/6a58ba86a5775ca36f4b36f411a2104cda03e4781a735bd99e222ec69ecbae74?s=96&r=g\",\"url\":\"https:\\\/\\\/secure.gravatar.com\\\/avatar\\\/6a58ba86a5775ca36f4b36f411a2104cda03e4781a735bd99e222ec69ecbae74?s=96&r=g\",\"contentUrl\":\"https:\\\/\\\/secure.gravatar.com\\\/avatar\\\/6a58ba86a5775ca36f4b36f411a2104cda03e4781a735bd99e222ec69ecbae74?s=96&r=g\",\"caption\":\"vaggeryd\"},\"url\":\"https:\\\/\\\/wp.kristdemokraterna.se\\\/vaggeryd\\\/author\\\/vaggeryd\\\/\"}]}<\/script>\n<!-- \/ Yoast SEO plugin. -->","yoast_head_json":{"title":"Testa SVTs valkompass! - Vaggeryd","robots":{"index":"index","follow":"follow","max-snippet":"max-snippet:-1","max-image-preview":"max-image-preview:large","max-video-preview":"max-video-preview:-1"},"canonical":"https:\/\/wp.kristdemokraterna.se\/vaggeryd\/testa-svts-valkompass\/","og_locale":"sv_SE","og_type":"article","og_title":"Testa SVTs valkompass! - Vaggeryd","og_description":"Den 25 maj \u00e4r det EU-val. Har du best\u00e4mt dig vem du skall r\u00f6sta p\u00e5? G\u00f6r f\u00f6r s\u00e4kerhets skull ett test p\u00e5 www.svt.se\/nyheter\/val2014\/guide\/kompass\/svt\/ och kolla att du r\u00f6star r\u00e4tt. &nbsp;","og_url":"https:\/\/wp.kristdemokraterna.se\/vaggeryd\/testa-svts-valkompass\/","og_site_name":"Vaggeryd","article_published_time":"2014-05-15T21:15:33+00:00","article_modified_time":"2018-08-26T17:34:35+00:00","og_image":[{"url":"http:\/\/wp.kristdemokraterna.se\/vaggeryd\/files\/2014\/05\/valkompass-243x300.jpg","type":"","width":"","height":""}],"author":"vaggeryd","twitter_card":"summary_large_image","twitter_misc":{"Skriven av":"vaggeryd"},"schema":{"@context":"https:\/\/schema.org","@graph":[{"@type":"Article","@id":"https:\/\/wp.kristdemokraterna.se\/vaggeryd\/testa-svts-valkompass\/#article","isPartOf":{"@id":"https:\/\/wp.kristdemokraterna.se\/vaggeryd\/testa-svts-valkompass\/"},"author":{"name":"vaggeryd","@id":"https:\/\/wp.kristdemokraterna.se\/vaggeryd\/#\/schema\/person\/9221a7e301cc383ae8e2c8105c80f6a4"},"headline":"Testa SVTs valkompass!","datePublished":"2014-05-15T21:15:33+00:00","dateModified":"2018-08-26T17:34:35+00:00","mainEntityOfPage":{"@id":"https:\/\/wp.kristdemokraterna.se\/vaggeryd\/testa-svts-valkompass\/"},"wordCount":46,"image":{"@id":"https:\/\/wp.kristdemokraterna.se\/vaggeryd\/testa-svts-valkompass\/#primaryimage"},"thumbnailUrl":"http:\/\/wp.kristdemokraterna.se\/vaggeryd\/files\/2014\/05\/valkompass-243x300.jpg","articleSection":["Arkiv"],"inLanguage":"sv-SE"},{"@type":"WebPage","@id":"https:\/\/wp.kristdemokraterna.se\/vaggeryd\/testa-svts-valkompass\/","url":"https:\/\/wp.kristdemokraterna.se\/vaggeryd\/testa-svts-valkompass\/","name":"Testa SVTs valkompass! - Vaggeryd","isPartOf":{"@id":"https:\/\/wp.kristdemokraterna.se\/vaggeryd\/#website"},"primaryImageOfPage":{"@id":"https:\/\/wp.kristdemokraterna.se\/vaggeryd\/testa-svts-valkompass\/#primaryimage"},"image":{"@id":"https:\/\/wp.kristdemokraterna.se\/vaggeryd\/testa-svts-valkompass\/#primaryimage"},"thumbnailUrl":"http:\/\/wp.kristdemokraterna.se\/vaggeryd\/files\/2014\/05\/valkompass-243x300.jpg","datePublished":"2014-05-15T21:15:33+00:00","dateModified":"2018-08-26T17:34:35+00:00","author":{"@id":"https:\/\/wp.kristdemokraterna.se\/vaggeryd\/#\/schema\/person\/9221a7e301cc383ae8e2c8105c80f6a4"},"breadcrumb":{"@id":"https:\/\/wp.kristdemokraterna.se\/vaggeryd\/testa-svts-valkompass\/#breadcrumb"},"inLanguage":"sv-SE","potentialAction":[{"@type":"ReadAction","target":["https:\/\/wp.kristdemokraterna.se\/vaggeryd\/testa-svts-valkompass\/"]}]},{"@type":"ImageObject","inLanguage":"sv-SE","@id":"https:\/\/wp.kristdemokraterna.se\/vaggeryd\/testa-svts-valkompass\/#primaryimage","url":"https:\/\/wp.kristdemokraterna.se\/vaggeryd\/files\/2014\/05\/valkompass.jpg","contentUrl":"https:\/\/wp.kristdemokraterna.se\/vaggeryd\/files\/2014\/05\/valkompass.jpg","width":485,"height":598},{"@type":"BreadcrumbList","@id":"https:\/\/wp.kristdemokraterna.se\/vaggeryd\/testa-svts-valkompass\/#breadcrumb","itemListElement":[{"@type":"ListItem","position":1,"name":"Hem","item":"https:\/\/wp.kristdemokraterna.se\/vaggeryd\/"},{"@type":"ListItem","position":2,"name":"Testa SVTs valkompass!"}]},{"@type":"WebSite","@id":"https:\/\/wp.kristdemokraterna.se\/vaggeryd\/#website","url":"https:\/\/wp.kristdemokraterna.se\/vaggeryd\/","name":"Vaggeryd","description":"Kristdemokraterna Familjens r\u00f6st","inLanguage":"sv-SE"},{"@type":"Person","@id":"https:\/\/wp.kristdemokraterna.se\/vaggeryd\/#\/schema\/person\/9221a7e301cc383ae8e2c8105c80f6a4","name":"vaggeryd","image":{"@type":"ImageObject","inLanguage":"sv-SE","@id":"https:\/\/secure.gravatar.com\/avatar\/6a58ba86a5775ca36f4b36f411a2104cda03e4781a735bd99e222ec69ecbae74?s=96&r=g","url":"https:\/\/secure.gravatar.com\/avatar\/6a58ba86a5775ca36f4b36f411a2104cda03e4781a735bd99e222ec69ecbae74?s=96&r=g","contentUrl":"https:\/\/secure.gravatar.com\/avatar\/6a58ba86a5775ca36f4b36f411a2104cda03e4781a735bd99e222ec69ecbae74?s=96&r=g","caption":"vaggeryd"},"url":"https:\/\/wp.kristdemokraterna.se\/vaggeryd\/author\/vaggeryd\/"}]}},"_links":{"self":[{"href":"https:\/\/wp.kristdemokraterna.se\/vaggeryd\/wp-json\/wp\/v2\/posts\/415","targetHints":{"allow":["GET"]}}],"collection":[{"href":"https:\/\/wp.kristdemokraterna.se\/vaggeryd\/wp-json\/wp\/v2\/posts"}],"about":[{"href":"https:\/\/wp.kristdemokraterna.se\/vaggeryd\/wp-json\/wp\/v2\/types\/post"}],"author":[{"embeddable":true,"href":"https:\/\/wp.kristdemokraterna.se\/vaggeryd\/wp-json\/wp\/v2\/users\/431"}],"replies":[{"embeddable":true,"href":"https:\/\/wp.kristdemokraterna.se\/vaggeryd\/wp-json\/wp\/v2\/comments?post=415"}],"version-history":[{"count":2,"href":"https:\/\/wp.kristdemokraterna.se\/vaggeryd\/wp-json\/wp\/v2\/posts\/415\/revisions"}],"predecessor-version":[{"id":418,"href":"https:\/\/wp.kristdemokraterna.se\/vaggeryd\/wp-json\/wp\/v2\/posts\/415\/revisions\/418"}],"wp:attachment":[{"href":"https:\/\/wp.kristdemokraterna.se\/vaggeryd\/wp-json\/wp\/v2\/media?parent=415"}],"wp:term":[{"taxonomy":"category","embeddable":true,"href":"https:\/\/wp.kristdemokraterna.se\/vaggeryd\/wp-json\/wp\/v2\/categories?post=415"},{"taxonomy":"post_tag","embeddable":true,"href":"https:\/\/wp.kristdemokraterna.se\/vaggeryd\/wp-json\/wp\/v2\/tags?post=415"}],"curies":[{"name":"wp","href":"https:\/\/api.w.org\/{rel}","templated":true}]}}