{"id":425,"date":"2014-05-26T00:01:16","date_gmt":"2014-05-25T22:01:16","guid":{"rendered":"http:\/\/wp.kristdemokraterna.se\/vaggeryd\/?p=425"},"modified":"2018-08-26T19:34:11","modified_gmt":"2018-08-26T17:34:11","slug":"425","status":"publish","type":"post","link":"https:\/\/wp.kristdemokraterna.se\/vaggeryd\/425\/","title":{"rendered":"KD \u00f6kar 20%"},"content":{"rendered":"<p><span class=\"userContent\">Kristdemokraterna \u00f6kar i Vaggeryds kommun! 20% fler r\u00f6ster nu j\u00e4mf\u00f6rt med f\u00f6rra EU-valet. S och V minskar. En f\u00f6raning om valet i h\u00f6st?<br \/>\nTack alla ni som r\u00f6stat f\u00f6r en politik med fokus p\u00e5 m\u00e4nniskov\u00e4rde, barn och unga.<\/span><a href=\"http:\/\/wp.kristdemokraterna.se\/vaggeryd\/files\/2014\/05\/eu-valresultat.jpg\"><img loading=\"lazy\" decoding=\"async\" class=\"alignnone size-medium wp-image-424\" src=\"http:\/\/wp.kristdemokraterna.se\/vaggeryd\/files\/2014\/05\/eu-valresultat-300x148.jpg\" alt=\"EU-valresultat\" width=\"300\" height=\"148\" srcset=\"https:\/\/wp.kristdemokraterna.se\/vaggeryd\/files\/2014\/05\/eu-valresultat-300x148.jpg 300w, https:\/\/wp.kristdemokraterna.se\/vaggeryd\/files\/2014\/05\/eu-valresultat-540x267.jpg 540w, https:\/\/wp.kristdemokraterna.se\/vaggeryd\/files\/2014\/05\/eu-valresultat-186x92.jpg 186w, https:\/\/wp.kristdemokraterna.se\/vaggeryd\/files\/2014\/05\/eu-valresultat.jpg 563w\" sizes=\"auto, (max-width: 300px) 100vw, 300px\" \/><\/a><\/p>\n","protected":false},"excerpt":{"rendered":"<p>Kristdemokraterna \u00f6kar i Vaggeryds kommun! 20% fler r\u00f6ster nu j\u00e4mf\u00f6rt med f\u00f6rra EU-valet. S och V minskar. En f\u00f6raning om valet i h\u00f6st? Tack alla ni som r\u00f6stat f\u00f6r en politik med fokus p\u00e5 m\u00e4nniskov\u00e4rde, barn och unga.<\/p>\n","protected":false},"author":431,"featured_media":0,"comment_status":"closed","ping_status":"closed","sticky":false,"template":"","format":"standard","meta":{"_acf_changed":false,"footnotes":""},"categories":[1],"tags":[],"class_list":["post-425","post","type-post","status-publish","format-standard","hentry","category-arkiv"],"acf":[],"yoast_head":"<!-- This site is optimized with the Yoast SEO plugin v27.4 - https:\/\/yoast.com\/product\/yoast-seo-wordpress\/ -->\n<title>KD \u00f6kar 20% - Vaggeryd<\/title>\n<meta name=\"robots\" content=\"index, follow, max-snippet:-1, max-image-preview:large, max-video-preview:-1\" \/>\n<link rel=\"canonical\" href=\"https:\/\/wp.kristdemokraterna.se\/vaggeryd\/425\/\" \/>\n<meta property=\"og:locale\" content=\"sv_SE\" \/>\n<meta property=\"og:type\" content=\"article\" \/>\n<meta property=\"og:title\" content=\"KD \u00f6kar 20% - Vaggeryd\" \/>\n<meta property=\"og:description\" content=\"Kristdemokraterna \u00f6kar i Vaggeryds kommun! 20% fler r\u00f6ster nu j\u00e4mf\u00f6rt med f\u00f6rra EU-valet. S och V minskar. En f\u00f6raning om valet i h\u00f6st? Tack alla ni som r\u00f6stat f\u00f6r en politik med fokus p\u00e5 m\u00e4nniskov\u00e4rde, barn och unga.\" \/>\n<meta property=\"og:url\" content=\"https:\/\/wp.kristdemokraterna.se\/vaggeryd\/425\/\" \/>\n<meta property=\"og:site_name\" content=\"Vaggeryd\" \/>\n<meta property=\"article:published_time\" content=\"2014-05-25T22:01:16+00:00\" \/>\n<meta property=\"article:modified_time\" content=\"2018-08-26T17:34:11+00:00\" \/>\n<meta property=\"og:image\" content=\"http:\/\/wp.kristdemokraterna.se\/vaggeryd\/files\/2014\/05\/eu-valresultat-300x148.jpg\" \/>\n<meta name=\"author\" content=\"vaggeryd\" \/>\n<meta name=\"twitter:card\" content=\"summary_large_image\" \/>\n<meta name=\"twitter:label1\" content=\"Skriven av\" \/>\n\t<meta name=\"twitter:data1\" content=\"vaggeryd\" \/>\n<script type=\"application\/ld+json\" class=\"yoast-schema-graph\">{\"@context\":\"https:\\\/\\\/schema.org\",\"@graph\":[{\"@type\":\"Article\",\"@id\":\"https:\\\/\\\/wp.kristdemokraterna.se\\\/vaggeryd\\\/425\\\/#article\",\"isPartOf\":{\"@id\":\"https:\\\/\\\/wp.kristdemokraterna.se\\\/vaggeryd\\\/425\\\/\"},\"author\":{\"name\":\"vaggeryd\",\"@id\":\"https:\\\/\\\/wp.kristdemokraterna.se\\\/vaggeryd\\\/#\\\/schema\\\/person\\\/9221a7e301cc383ae8e2c8105c80f6a4\"},\"headline\":\"KD \u00f6kar 20%\",\"datePublished\":\"2014-05-25T22:01:16+00:00\",\"dateModified\":\"2018-08-26T17:34:11+00:00\",\"mainEntityOfPage\":{\"@id\":\"https:\\\/\\\/wp.kristdemokraterna.se\\\/vaggeryd\\\/425\\\/\"},\"wordCount\":49,\"image\":{\"@id\":\"https:\\\/\\\/wp.kristdemokraterna.se\\\/vaggeryd\\\/425\\\/#primaryimage\"},\"thumbnailUrl\":\"http:\\\/\\\/wp.kristdemokraterna.se\\\/vaggeryd\\\/files\\\/2014\\\/05\\\/eu-valresultat-300x148.jpg\",\"articleSection\":[\"Arkiv\"],\"inLanguage\":\"sv-SE\"},{\"@type\":\"WebPage\",\"@id\":\"https:\\\/\\\/wp.kristdemokraterna.se\\\/vaggeryd\\\/425\\\/\",\"url\":\"https:\\\/\\\/wp.kristdemokraterna.se\\\/vaggeryd\\\/425\\\/\",\"name\":\"KD \u00f6kar 20% - Vaggeryd\",\"isPartOf\":{\"@id\":\"https:\\\/\\\/wp.kristdemokraterna.se\\\/vaggeryd\\\/#website\"},\"primaryImageOfPage\":{\"@id\":\"https:\\\/\\\/wp.kristdemokraterna.se\\\/vaggeryd\\\/425\\\/#primaryimage\"},\"image\":{\"@id\":\"https:\\\/\\\/wp.kristdemokraterna.se\\\/vaggeryd\\\/425\\\/#primaryimage\"},\"thumbnailUrl\":\"http:\\\/\\\/wp.kristdemokraterna.se\\\/vaggeryd\\\/files\\\/2014\\\/05\\\/eu-valresultat-300x148.jpg\",\"datePublished\":\"2014-05-25T22:01:16+00:00\",\"dateModified\":\"2018-08-26T17:34:11+00:00\",\"author\":{\"@id\":\"https:\\\/\\\/wp.kristdemokraterna.se\\\/vaggeryd\\\/#\\\/schema\\\/person\\\/9221a7e301cc383ae8e2c8105c80f6a4\"},\"breadcrumb\":{\"@id\":\"https:\\\/\\\/wp.kristdemokraterna.se\\\/vaggeryd\\\/425\\\/#breadcrumb\"},\"inLanguage\":\"sv-SE\",\"potentialAction\":[{\"@type\":\"ReadAction\",\"target\":[\"https:\\\/\\\/wp.kristdemokraterna.se\\\/vaggeryd\\\/425\\\/\"]}]},{\"@type\":\"ImageObject\",\"inLanguage\":\"sv-SE\",\"@id\":\"https:\\\/\\\/wp.kristdemokraterna.se\\\/vaggeryd\\\/425\\\/#primaryimage\",\"url\":\"https:\\\/\\\/wp.kristdemokraterna.se\\\/vaggeryd\\\/files\\\/2014\\\/05\\\/eu-valresultat.jpg\",\"contentUrl\":\"https:\\\/\\\/wp.kristdemokraterna.se\\\/vaggeryd\\\/files\\\/2014\\\/05\\\/eu-valresultat.jpg\",\"width\":563,\"height\":279},{\"@type\":\"BreadcrumbList\",\"@id\":\"https:\\\/\\\/wp.kristdemokraterna.se\\\/vaggeryd\\\/425\\\/#breadcrumb\",\"itemListElement\":[{\"@type\":\"ListItem\",\"position\":1,\"name\":\"Hem\",\"item\":\"https:\\\/\\\/wp.kristdemokraterna.se\\\/vaggeryd\\\/\"},{\"@type\":\"ListItem\",\"position\":2,\"name\":\"KD \u00f6kar 20%\"}]},{\"@type\":\"WebSite\",\"@id\":\"https:\\\/\\\/wp.kristdemokraterna.se\\\/vaggeryd\\\/#website\",\"url\":\"https:\\\/\\\/wp.kristdemokraterna.se\\\/vaggeryd\\\/\",\"name\":\"Vaggeryd\",\"description\":\"Kristdemokraterna Familjens r\u00f6st\",\"inLanguage\":\"sv-SE\"},{\"@type\":\"Person\",\"@id\":\"https:\\\/\\\/wp.kristdemokraterna.se\\\/vaggeryd\\\/#\\\/schema\\\/person\\\/9221a7e301cc383ae8e2c8105c80f6a4\",\"name\":\"vaggeryd\",\"image\":{\"@type\":\"ImageObject\",\"inLanguage\":\"sv-SE\",\"@id\":\"https:\\\/\\\/secure.gravatar.com\\\/avatar\\\/6a58ba86a5775ca36f4b36f411a2104cda03e4781a735bd99e222ec69ecbae74?s=96&r=g\",\"url\":\"https:\\\/\\\/secure.gravatar.com\\\/avatar\\\/6a58ba86a5775ca36f4b36f411a2104cda03e4781a735bd99e222ec69ecbae74?s=96&r=g\",\"contentUrl\":\"https:\\\/\\\/secure.gravatar.com\\\/avatar\\\/6a58ba86a5775ca36f4b36f411a2104cda03e4781a735bd99e222ec69ecbae74?s=96&r=g\",\"caption\":\"vaggeryd\"},\"url\":\"https:\\\/\\\/wp.kristdemokraterna.se\\\/vaggeryd\\\/author\\\/vaggeryd\\\/\"}]}<\/script>\n<!-- \/ Yoast SEO plugin. -->","yoast_head_json":{"title":"KD \u00f6kar 20% - Vaggeryd","robots":{"index":"index","follow":"follow","max-snippet":"max-snippet:-1","max-image-preview":"max-image-preview:large","max-video-preview":"max-video-preview:-1"},"canonical":"https:\/\/wp.kristdemokraterna.se\/vaggeryd\/425\/","og_locale":"sv_SE","og_type":"article","og_title":"KD \u00f6kar 20% - Vaggeryd","og_description":"Kristdemokraterna \u00f6kar i Vaggeryds kommun! 20% fler r\u00f6ster nu j\u00e4mf\u00f6rt med f\u00f6rra EU-valet. S och V minskar. En f\u00f6raning om valet i h\u00f6st? Tack alla ni som r\u00f6stat f\u00f6r en politik med fokus p\u00e5 m\u00e4nniskov\u00e4rde, barn och unga.","og_url":"https:\/\/wp.kristdemokraterna.se\/vaggeryd\/425\/","og_site_name":"Vaggeryd","article_published_time":"2014-05-25T22:01:16+00:00","article_modified_time":"2018-08-26T17:34:11+00:00","og_image":[{"url":"http:\/\/wp.kristdemokraterna.se\/vaggeryd\/files\/2014\/05\/eu-valresultat-300x148.jpg","type":"","width":"","height":""}],"author":"vaggeryd","twitter_card":"summary_large_image","twitter_misc":{"Skriven av":"vaggeryd"},"schema":{"@context":"https:\/\/schema.org","@graph":[{"@type":"Article","@id":"https:\/\/wp.kristdemokraterna.se\/vaggeryd\/425\/#article","isPartOf":{"@id":"https:\/\/wp.kristdemokraterna.se\/vaggeryd\/425\/"},"author":{"name":"vaggeryd","@id":"https:\/\/wp.kristdemokraterna.se\/vaggeryd\/#\/schema\/person\/9221a7e301cc383ae8e2c8105c80f6a4"},"headline":"KD \u00f6kar 20%","datePublished":"2014-05-25T22:01:16+00:00","dateModified":"2018-08-26T17:34:11+00:00","mainEntityOfPage":{"@id":"https:\/\/wp.kristdemokraterna.se\/vaggeryd\/425\/"},"wordCount":49,"image":{"@id":"https:\/\/wp.kristdemokraterna.se\/vaggeryd\/425\/#primaryimage"},"thumbnailUrl":"http:\/\/wp.kristdemokraterna.se\/vaggeryd\/files\/2014\/05\/eu-valresultat-300x148.jpg","articleSection":["Arkiv"],"inLanguage":"sv-SE"},{"@type":"WebPage","@id":"https:\/\/wp.kristdemokraterna.se\/vaggeryd\/425\/","url":"https:\/\/wp.kristdemokraterna.se\/vaggeryd\/425\/","name":"KD \u00f6kar 20% - Vaggeryd","isPartOf":{"@id":"https:\/\/wp.kristdemokraterna.se\/vaggeryd\/#website"},"primaryImageOfPage":{"@id":"https:\/\/wp.kristdemokraterna.se\/vaggeryd\/425\/#primaryimage"},"image":{"@id":"https:\/\/wp.kristdemokraterna.se\/vaggeryd\/425\/#primaryimage"},"thumbnailUrl":"http:\/\/wp.kristdemokraterna.se\/vaggeryd\/files\/2014\/05\/eu-valresultat-300x148.jpg","datePublished":"2014-05-25T22:01:16+00:00","dateModified":"2018-08-26T17:34:11+00:00","author":{"@id":"https:\/\/wp.kristdemokraterna.se\/vaggeryd\/#\/schema\/person\/9221a7e301cc383ae8e2c8105c80f6a4"},"breadcrumb":{"@id":"https:\/\/wp.kristdemokraterna.se\/vaggeryd\/425\/#breadcrumb"},"inLanguage":"sv-SE","potentialAction":[{"@type":"ReadAction","target":["https:\/\/wp.kristdemokraterna.se\/vaggeryd\/425\/"]}]},{"@type":"ImageObject","inLanguage":"sv-SE","@id":"https:\/\/wp.kristdemokraterna.se\/vaggeryd\/425\/#primaryimage","url":"https:\/\/wp.kristdemokraterna.se\/vaggeryd\/files\/2014\/05\/eu-valresultat.jpg","contentUrl":"https:\/\/wp.kristdemokraterna.se\/vaggeryd\/files\/2014\/05\/eu-valresultat.jpg","width":563,"height":279},{"@type":"BreadcrumbList","@id":"https:\/\/wp.kristdemokraterna.se\/vaggeryd\/425\/#breadcrumb","itemListElement":[{"@type":"ListItem","position":1,"name":"Hem","item":"https:\/\/wp.kristdemokraterna.se\/vaggeryd\/"},{"@type":"ListItem","position":2,"name":"KD \u00f6kar 20%"}]},{"@type":"WebSite","@id":"https:\/\/wp.kristdemokraterna.se\/vaggeryd\/#website","url":"https:\/\/wp.kristdemokraterna.se\/vaggeryd\/","name":"Vaggeryd","description":"Kristdemokraterna Familjens r\u00f6st","inLanguage":"sv-SE"},{"@type":"Person","@id":"https:\/\/wp.kristdemokraterna.se\/vaggeryd\/#\/schema\/person\/9221a7e301cc383ae8e2c8105c80f6a4","name":"vaggeryd","image":{"@type":"ImageObject","inLanguage":"sv-SE","@id":"https:\/\/secure.gravatar.com\/avatar\/6a58ba86a5775ca36f4b36f411a2104cda03e4781a735bd99e222ec69ecbae74?s=96&r=g","url":"https:\/\/secure.gravatar.com\/avatar\/6a58ba86a5775ca36f4b36f411a2104cda03e4781a735bd99e222ec69ecbae74?s=96&r=g","contentUrl":"https:\/\/secure.gravatar.com\/avatar\/6a58ba86a5775ca36f4b36f411a2104cda03e4781a735bd99e222ec69ecbae74?s=96&r=g","caption":"vaggeryd"},"url":"https:\/\/wp.kristdemokraterna.se\/vaggeryd\/author\/vaggeryd\/"}]}},"_links":{"self":[{"href":"https:\/\/wp.kristdemokraterna.se\/vaggeryd\/wp-json\/wp\/v2\/posts\/425","targetHints":{"allow":["GET"]}}],"collection":[{"href":"https:\/\/wp.kristdemokraterna.se\/vaggeryd\/wp-json\/wp\/v2\/posts"}],"about":[{"href":"https:\/\/wp.kristdemokraterna.se\/vaggeryd\/wp-json\/wp\/v2\/types\/post"}],"author":[{"embeddable":true,"href":"https:\/\/wp.kristdemokraterna.se\/vaggeryd\/wp-json\/wp\/v2\/users\/431"}],"replies":[{"embeddable":true,"href":"https:\/\/wp.kristdemokraterna.se\/vaggeryd\/wp-json\/wp\/v2\/comments?post=425"}],"version-history":[{"count":3,"href":"https:\/\/wp.kristdemokraterna.se\/vaggeryd\/wp-json\/wp\/v2\/posts\/425\/revisions"}],"predecessor-version":[{"id":439,"href":"https:\/\/wp.kristdemokraterna.se\/vaggeryd\/wp-json\/wp\/v2\/posts\/425\/revisions\/439"}],"wp:attachment":[{"href":"https:\/\/wp.kristdemokraterna.se\/vaggeryd\/wp-json\/wp\/v2\/media?parent=425"}],"wp:term":[{"taxonomy":"category","embeddable":true,"href":"https:\/\/wp.kristdemokraterna.se\/vaggeryd\/wp-json\/wp\/v2\/categories?post=425"},{"taxonomy":"post_tag","embeddable":true,"href":"https:\/\/wp.kristdemokraterna.se\/vaggeryd\/wp-json\/wp\/v2\/tags?post=425"}],"curies":[{"name":"wp","href":"https:\/\/api.w.org\/{rel}","templated":true}]}}