{"id":429,"date":"2014-08-01T10:12:58","date_gmt":"2014-08-01T08:12:58","guid":{"rendered":"http:\/\/wp.kristdemokraterna.se\/vaggeryd\/?p=429"},"modified":"2018-08-26T19:14:38","modified_gmt":"2018-08-26T17:14:38","slug":"en-trygg-uppvaxt-for-alla","status":"publish","type":"post","link":"https:\/\/wp.kristdemokraterna.se\/vaggeryd\/en-trygg-uppvaxt-for-alla\/","title":{"rendered":"Ett tryggt liv &#8211; hela livet!"},"content":{"rendered":"<p><a href=\"http:\/\/wp.kristdemokraterna.se\/vaggeryd\/files\/2014\/08\/kf_ganget.jpg\"><img loading=\"lazy\" decoding=\"async\" class=\"alignnone wp-image-430 size-large\" src=\"http:\/\/wp.kristdemokraterna.se\/vaggeryd\/files\/2014\/08\/kf_ganget-540x407.jpg\" alt=\"KF_g\u00e4nget\" width=\"540\" height=\"407\" srcset=\"https:\/\/wp.kristdemokraterna.se\/vaggeryd\/files\/2014\/08\/kf_ganget-540x407.jpg 540w, https:\/\/wp.kristdemokraterna.se\/vaggeryd\/files\/2014\/08\/kf_ganget-300x226.jpg 300w, https:\/\/wp.kristdemokraterna.se\/vaggeryd\/files\/2014\/08\/kf_ganget-459x346.jpg 459w, https:\/\/wp.kristdemokraterna.se\/vaggeryd\/files\/2014\/08\/kf_ganget-148x112.jpg 148w, https:\/\/wp.kristdemokraterna.se\/vaggeryd\/files\/2014\/08\/kf_ganget.jpg 800w\" sizes=\"auto, (max-width: 540px) 100vw, 540px\" \/><\/a>Christer Sand\u00e9n, Kurt Enell, Viktoria \u00d6nneby, Lars Ljungkvist, Sofia Isaksson, Stefan Ottosson, Maritha Bengtsson och Jenny Larsen vill forts\u00e4tta arbeta med\u00a0att utveckla v\u00e5r kommun.\u00a0Vi vill att alla barn och unga skall ha b\u00e4sta m\u00f6jliga uppv\u00e4xtvillkor.<\/p>\n<p><a href=\"http:\/\/wp.kristdemokraterna.se\/vaggeryd\/files\/2014\/08\/imgp3079-e1406880034460.jpg\"><img loading=\"lazy\" decoding=\"async\" class=\"alignnone size-medium wp-image-436\" src=\"http:\/\/wp.kristdemokraterna.se\/vaggeryd\/files\/2014\/08\/imgp3079-300x199.jpg\" alt=\"IMGP3079\" width=\"300\" height=\"199\" \/><br \/>\n<\/a>Marianne Anderson v\u00e5r landstingskandidat.\u00a0Marianne\u00a0har under sedan 2010 varit vice ordf\u00f6rande i landstingsfullm\u00e4ktige och i H\u00e4lso- och sjukv\u00e5rdsutskottet V\u00e4rnamo. Marianne vill att v\u00e5r region ska forts\u00e4tta utvecklas f\u00f6r att vara en bra plats att leva p\u00e5 &#8211; speciellt f\u00f6r v\u00e5ra barn och unga.<\/p>\n<p>Hur vi vill utveckla v\u00e5r kommun och region ber\u00e4ttar vi mer om under <strong>Politik, Val 2014<\/strong>.<\/p>\n","protected":false},"excerpt":{"rendered":"<p>Christer Sand\u00e9n, Kurt Enell, Viktoria \u00d6nneby, Lars Ljungkvist, Sofia Isaksson, Stefan Ottosson, Maritha Bengtsson och Jenny Larsen vill forts\u00e4tta arbeta med\u00a0att utveckla v\u00e5r kommun.\u00a0Vi vill att alla barn och unga skall ha b\u00e4sta m\u00f6jliga uppv\u00e4xtvillkor. Marianne Anderson v\u00e5r landstingskandidat.\u00a0Marianne\u00a0har under sedan 2010 varit vice ordf\u00f6rande i landstingsfullm\u00e4ktige och i H\u00e4lso- och sjukv\u00e5rdsutskottet V\u00e4rnamo. Marianne vill <a class=\"read-more-link\" href=\"https:\/\/wp.kristdemokraterna.se\/vaggeryd\/en-trygg-uppvaxt-for-alla\/\">Read More<\/a><\/p>\n","protected":false},"author":447,"featured_media":0,"comment_status":"closed","ping_status":"closed","sticky":false,"template":"","format":"standard","meta":{"_acf_changed":false,"footnotes":""},"categories":[1],"tags":[],"class_list":["post-429","post","type-post","status-publish","format-standard","hentry","category-arkiv"],"acf":[],"yoast_head":"<!-- This site is optimized with the Yoast SEO plugin v27.4 - https:\/\/yoast.com\/product\/yoast-seo-wordpress\/ -->\n<title>Ett tryggt liv - hela livet! - Vaggeryd<\/title>\n<meta name=\"robots\" content=\"index, follow, max-snippet:-1, max-image-preview:large, max-video-preview:-1\" \/>\n<link rel=\"canonical\" href=\"https:\/\/wp.kristdemokraterna.se\/vaggeryd\/en-trygg-uppvaxt-for-alla\/\" \/>\n<meta property=\"og:locale\" content=\"sv_SE\" \/>\n<meta property=\"og:type\" content=\"article\" \/>\n<meta property=\"og:title\" content=\"Ett tryggt liv - hela livet! - Vaggeryd\" \/>\n<meta property=\"og:description\" content=\"Christer Sand\u00e9n, Kurt Enell, Viktoria \u00d6nneby, Lars Ljungkvist, Sofia Isaksson, Stefan Ottosson, Maritha Bengtsson och Jenny Larsen vill forts\u00e4tta arbeta med\u00a0att utveckla v\u00e5r kommun.\u00a0Vi vill att alla barn och unga skall ha b\u00e4sta m\u00f6jliga uppv\u00e4xtvillkor. Marianne Anderson v\u00e5r landstingskandidat.\u00a0Marianne\u00a0har under sedan 2010 varit vice ordf\u00f6rande i landstingsfullm\u00e4ktige och i H\u00e4lso- och sjukv\u00e5rdsutskottet V\u00e4rnamo. Marianne vill Read More\" \/>\n<meta property=\"og:url\" content=\"https:\/\/wp.kristdemokraterna.se\/vaggeryd\/en-trygg-uppvaxt-for-alla\/\" \/>\n<meta property=\"og:site_name\" content=\"Vaggeryd\" \/>\n<meta property=\"article:published_time\" content=\"2014-08-01T08:12:58+00:00\" \/>\n<meta property=\"article:modified_time\" content=\"2018-08-26T17:14:38+00:00\" \/>\n<meta property=\"og:image\" content=\"http:\/\/wp.kristdemokraterna.se\/vaggeryd\/files\/2014\/08\/kf_ganget-540x407.jpg\" \/>\n<meta name=\"author\" content=\"jenny\" \/>\n<meta name=\"twitter:card\" content=\"summary_large_image\" \/>\n<meta name=\"twitter:label1\" content=\"Skriven av\" \/>\n\t<meta name=\"twitter:data1\" content=\"jenny\" \/>\n\t<meta name=\"twitter:label2\" content=\"Ber\u00e4knad l\u00e4stid\" \/>\n\t<meta name=\"twitter:data2\" content=\"1 minut\" \/>\n<script type=\"application\/ld+json\" class=\"yoast-schema-graph\">{\"@context\":\"https:\\\/\\\/schema.org\",\"@graph\":[{\"@type\":\"Article\",\"@id\":\"https:\\\/\\\/wp.kristdemokraterna.se\\\/vaggeryd\\\/en-trygg-uppvaxt-for-alla\\\/#article\",\"isPartOf\":{\"@id\":\"https:\\\/\\\/wp.kristdemokraterna.se\\\/vaggeryd\\\/en-trygg-uppvaxt-for-alla\\\/\"},\"author\":{\"name\":\"jenny\",\"@id\":\"https:\\\/\\\/wp.kristdemokraterna.se\\\/vaggeryd\\\/#\\\/schema\\\/person\\\/0af524ca60b38954726ae26be3744902\"},\"headline\":\"Ett tryggt liv &#8211; hela livet!\",\"datePublished\":\"2014-08-01T08:12:58+00:00\",\"dateModified\":\"2018-08-26T17:14:38+00:00\",\"mainEntityOfPage\":{\"@id\":\"https:\\\/\\\/wp.kristdemokraterna.se\\\/vaggeryd\\\/en-trygg-uppvaxt-for-alla\\\/\"},\"wordCount\":120,\"image\":{\"@id\":\"https:\\\/\\\/wp.kristdemokraterna.se\\\/vaggeryd\\\/en-trygg-uppvaxt-for-alla\\\/#primaryimage\"},\"thumbnailUrl\":\"http:\\\/\\\/wp.kristdemokraterna.se\\\/vaggeryd\\\/files\\\/2014\\\/08\\\/kf_ganget-540x407.jpg\",\"articleSection\":[\"Arkiv\"],\"inLanguage\":\"sv-SE\"},{\"@type\":\"WebPage\",\"@id\":\"https:\\\/\\\/wp.kristdemokraterna.se\\\/vaggeryd\\\/en-trygg-uppvaxt-for-alla\\\/\",\"url\":\"https:\\\/\\\/wp.kristdemokraterna.se\\\/vaggeryd\\\/en-trygg-uppvaxt-for-alla\\\/\",\"name\":\"Ett tryggt liv - hela livet! - Vaggeryd\",\"isPartOf\":{\"@id\":\"https:\\\/\\\/wp.kristdemokraterna.se\\\/vaggeryd\\\/#website\"},\"primaryImageOfPage\":{\"@id\":\"https:\\\/\\\/wp.kristdemokraterna.se\\\/vaggeryd\\\/en-trygg-uppvaxt-for-alla\\\/#primaryimage\"},\"image\":{\"@id\":\"https:\\\/\\\/wp.kristdemokraterna.se\\\/vaggeryd\\\/en-trygg-uppvaxt-for-alla\\\/#primaryimage\"},\"thumbnailUrl\":\"http:\\\/\\\/wp.kristdemokraterna.se\\\/vaggeryd\\\/files\\\/2014\\\/08\\\/kf_ganget-540x407.jpg\",\"datePublished\":\"2014-08-01T08:12:58+00:00\",\"dateModified\":\"2018-08-26T17:14:38+00:00\",\"author\":{\"@id\":\"https:\\\/\\\/wp.kristdemokraterna.se\\\/vaggeryd\\\/#\\\/schema\\\/person\\\/0af524ca60b38954726ae26be3744902\"},\"breadcrumb\":{\"@id\":\"https:\\\/\\\/wp.kristdemokraterna.se\\\/vaggeryd\\\/en-trygg-uppvaxt-for-alla\\\/#breadcrumb\"},\"inLanguage\":\"sv-SE\",\"potentialAction\":[{\"@type\":\"ReadAction\",\"target\":[\"https:\\\/\\\/wp.kristdemokraterna.se\\\/vaggeryd\\\/en-trygg-uppvaxt-for-alla\\\/\"]}]},{\"@type\":\"ImageObject\",\"inLanguage\":\"sv-SE\",\"@id\":\"https:\\\/\\\/wp.kristdemokraterna.se\\\/vaggeryd\\\/en-trygg-uppvaxt-for-alla\\\/#primaryimage\",\"url\":\"https:\\\/\\\/wp.kristdemokraterna.se\\\/vaggeryd\\\/files\\\/2014\\\/08\\\/kf_ganget.jpg\",\"contentUrl\":\"https:\\\/\\\/wp.kristdemokraterna.se\\\/vaggeryd\\\/files\\\/2014\\\/08\\\/kf_ganget.jpg\",\"width\":800,\"height\":603,\"caption\":\"KD politiker!\"},{\"@type\":\"BreadcrumbList\",\"@id\":\"https:\\\/\\\/wp.kristdemokraterna.se\\\/vaggeryd\\\/en-trygg-uppvaxt-for-alla\\\/#breadcrumb\",\"itemListElement\":[{\"@type\":\"ListItem\",\"position\":1,\"name\":\"Hem\",\"item\":\"https:\\\/\\\/wp.kristdemokraterna.se\\\/vaggeryd\\\/\"},{\"@type\":\"ListItem\",\"position\":2,\"name\":\"Ett tryggt liv &#8211; hela livet!\"}]},{\"@type\":\"WebSite\",\"@id\":\"https:\\\/\\\/wp.kristdemokraterna.se\\\/vaggeryd\\\/#website\",\"url\":\"https:\\\/\\\/wp.kristdemokraterna.se\\\/vaggeryd\\\/\",\"name\":\"Vaggeryd\",\"description\":\"Kristdemokraterna Familjens r\u00f6st\",\"inLanguage\":\"sv-SE\"},{\"@type\":\"Person\",\"@id\":\"https:\\\/\\\/wp.kristdemokraterna.se\\\/vaggeryd\\\/#\\\/schema\\\/person\\\/0af524ca60b38954726ae26be3744902\",\"name\":\"jenny\",\"image\":{\"@type\":\"ImageObject\",\"inLanguage\":\"sv-SE\",\"@id\":\"https:\\\/\\\/secure.gravatar.com\\\/avatar\\\/656c66c6ccff223a7b53f0e00cd7661619d16e1acc9fd417c92bdf03499b6c4b?s=96&r=g\",\"url\":\"https:\\\/\\\/secure.gravatar.com\\\/avatar\\\/656c66c6ccff223a7b53f0e00cd7661619d16e1acc9fd417c92bdf03499b6c4b?s=96&r=g\",\"contentUrl\":\"https:\\\/\\\/secure.gravatar.com\\\/avatar\\\/656c66c6ccff223a7b53f0e00cd7661619d16e1acc9fd417c92bdf03499b6c4b?s=96&r=g\",\"caption\":\"jenny\"},\"url\":\"https:\\\/\\\/wp.kristdemokraterna.se\\\/vaggeryd\\\/author\\\/jenny\\\/\"}]}<\/script>\n<!-- \/ Yoast SEO plugin. -->","yoast_head_json":{"title":"Ett tryggt liv - hela livet! - Vaggeryd","robots":{"index":"index","follow":"follow","max-snippet":"max-snippet:-1","max-image-preview":"max-image-preview:large","max-video-preview":"max-video-preview:-1"},"canonical":"https:\/\/wp.kristdemokraterna.se\/vaggeryd\/en-trygg-uppvaxt-for-alla\/","og_locale":"sv_SE","og_type":"article","og_title":"Ett tryggt liv - hela livet! - Vaggeryd","og_description":"Christer Sand\u00e9n, Kurt Enell, Viktoria \u00d6nneby, Lars Ljungkvist, Sofia Isaksson, Stefan Ottosson, Maritha Bengtsson och Jenny Larsen vill forts\u00e4tta arbeta med\u00a0att utveckla v\u00e5r kommun.\u00a0Vi vill att alla barn och unga skall ha b\u00e4sta m\u00f6jliga uppv\u00e4xtvillkor. Marianne Anderson v\u00e5r landstingskandidat.\u00a0Marianne\u00a0har under sedan 2010 varit vice ordf\u00f6rande i landstingsfullm\u00e4ktige och i H\u00e4lso- och sjukv\u00e5rdsutskottet V\u00e4rnamo. Marianne vill Read More","og_url":"https:\/\/wp.kristdemokraterna.se\/vaggeryd\/en-trygg-uppvaxt-for-alla\/","og_site_name":"Vaggeryd","article_published_time":"2014-08-01T08:12:58+00:00","article_modified_time":"2018-08-26T17:14:38+00:00","og_image":[{"url":"http:\/\/wp.kristdemokraterna.se\/vaggeryd\/files\/2014\/08\/kf_ganget-540x407.jpg","type":"","width":"","height":""}],"author":"jenny","twitter_card":"summary_large_image","twitter_misc":{"Skriven av":"jenny","Ber\u00e4knad l\u00e4stid":"1 minut"},"schema":{"@context":"https:\/\/schema.org","@graph":[{"@type":"Article","@id":"https:\/\/wp.kristdemokraterna.se\/vaggeryd\/en-trygg-uppvaxt-for-alla\/#article","isPartOf":{"@id":"https:\/\/wp.kristdemokraterna.se\/vaggeryd\/en-trygg-uppvaxt-for-alla\/"},"author":{"name":"jenny","@id":"https:\/\/wp.kristdemokraterna.se\/vaggeryd\/#\/schema\/person\/0af524ca60b38954726ae26be3744902"},"headline":"Ett tryggt liv &#8211; hela livet!","datePublished":"2014-08-01T08:12:58+00:00","dateModified":"2018-08-26T17:14:38+00:00","mainEntityOfPage":{"@id":"https:\/\/wp.kristdemokraterna.se\/vaggeryd\/en-trygg-uppvaxt-for-alla\/"},"wordCount":120,"image":{"@id":"https:\/\/wp.kristdemokraterna.se\/vaggeryd\/en-trygg-uppvaxt-for-alla\/#primaryimage"},"thumbnailUrl":"http:\/\/wp.kristdemokraterna.se\/vaggeryd\/files\/2014\/08\/kf_ganget-540x407.jpg","articleSection":["Arkiv"],"inLanguage":"sv-SE"},{"@type":"WebPage","@id":"https:\/\/wp.kristdemokraterna.se\/vaggeryd\/en-trygg-uppvaxt-for-alla\/","url":"https:\/\/wp.kristdemokraterna.se\/vaggeryd\/en-trygg-uppvaxt-for-alla\/","name":"Ett tryggt liv - hela livet! - Vaggeryd","isPartOf":{"@id":"https:\/\/wp.kristdemokraterna.se\/vaggeryd\/#website"},"primaryImageOfPage":{"@id":"https:\/\/wp.kristdemokraterna.se\/vaggeryd\/en-trygg-uppvaxt-for-alla\/#primaryimage"},"image":{"@id":"https:\/\/wp.kristdemokraterna.se\/vaggeryd\/en-trygg-uppvaxt-for-alla\/#primaryimage"},"thumbnailUrl":"http:\/\/wp.kristdemokraterna.se\/vaggeryd\/files\/2014\/08\/kf_ganget-540x407.jpg","datePublished":"2014-08-01T08:12:58+00:00","dateModified":"2018-08-26T17:14:38+00:00","author":{"@id":"https:\/\/wp.kristdemokraterna.se\/vaggeryd\/#\/schema\/person\/0af524ca60b38954726ae26be3744902"},"breadcrumb":{"@id":"https:\/\/wp.kristdemokraterna.se\/vaggeryd\/en-trygg-uppvaxt-for-alla\/#breadcrumb"},"inLanguage":"sv-SE","potentialAction":[{"@type":"ReadAction","target":["https:\/\/wp.kristdemokraterna.se\/vaggeryd\/en-trygg-uppvaxt-for-alla\/"]}]},{"@type":"ImageObject","inLanguage":"sv-SE","@id":"https:\/\/wp.kristdemokraterna.se\/vaggeryd\/en-trygg-uppvaxt-for-alla\/#primaryimage","url":"https:\/\/wp.kristdemokraterna.se\/vaggeryd\/files\/2014\/08\/kf_ganget.jpg","contentUrl":"https:\/\/wp.kristdemokraterna.se\/vaggeryd\/files\/2014\/08\/kf_ganget.jpg","width":800,"height":603,"caption":"KD politiker!"},{"@type":"BreadcrumbList","@id":"https:\/\/wp.kristdemokraterna.se\/vaggeryd\/en-trygg-uppvaxt-for-alla\/#breadcrumb","itemListElement":[{"@type":"ListItem","position":1,"name":"Hem","item":"https:\/\/wp.kristdemokraterna.se\/vaggeryd\/"},{"@type":"ListItem","position":2,"name":"Ett tryggt liv &#8211; hela livet!"}]},{"@type":"WebSite","@id":"https:\/\/wp.kristdemokraterna.se\/vaggeryd\/#website","url":"https:\/\/wp.kristdemokraterna.se\/vaggeryd\/","name":"Vaggeryd","description":"Kristdemokraterna Familjens r\u00f6st","inLanguage":"sv-SE"},{"@type":"Person","@id":"https:\/\/wp.kristdemokraterna.se\/vaggeryd\/#\/schema\/person\/0af524ca60b38954726ae26be3744902","name":"jenny","image":{"@type":"ImageObject","inLanguage":"sv-SE","@id":"https:\/\/secure.gravatar.com\/avatar\/656c66c6ccff223a7b53f0e00cd7661619d16e1acc9fd417c92bdf03499b6c4b?s=96&r=g","url":"https:\/\/secure.gravatar.com\/avatar\/656c66c6ccff223a7b53f0e00cd7661619d16e1acc9fd417c92bdf03499b6c4b?s=96&r=g","contentUrl":"https:\/\/secure.gravatar.com\/avatar\/656c66c6ccff223a7b53f0e00cd7661619d16e1acc9fd417c92bdf03499b6c4b?s=96&r=g","caption":"jenny"},"url":"https:\/\/wp.kristdemokraterna.se\/vaggeryd\/author\/jenny\/"}]}},"_links":{"self":[{"href":"https:\/\/wp.kristdemokraterna.se\/vaggeryd\/wp-json\/wp\/v2\/posts\/429","targetHints":{"allow":["GET"]}}],"collection":[{"href":"https:\/\/wp.kristdemokraterna.se\/vaggeryd\/wp-json\/wp\/v2\/posts"}],"about":[{"href":"https:\/\/wp.kristdemokraterna.se\/vaggeryd\/wp-json\/wp\/v2\/types\/post"}],"author":[{"embeddable":true,"href":"https:\/\/wp.kristdemokraterna.se\/vaggeryd\/wp-json\/wp\/v2\/users\/447"}],"replies":[{"embeddable":true,"href":"https:\/\/wp.kristdemokraterna.se\/vaggeryd\/wp-json\/wp\/v2\/comments?post=429"}],"version-history":[{"count":10,"href":"https:\/\/wp.kristdemokraterna.se\/vaggeryd\/wp-json\/wp\/v2\/posts\/429\/revisions"}],"predecessor-version":[{"id":467,"href":"https:\/\/wp.kristdemokraterna.se\/vaggeryd\/wp-json\/wp\/v2\/posts\/429\/revisions\/467"}],"wp:attachment":[{"href":"https:\/\/wp.kristdemokraterna.se\/vaggeryd\/wp-json\/wp\/v2\/media?parent=429"}],"wp:term":[{"taxonomy":"category","embeddable":true,"href":"https:\/\/wp.kristdemokraterna.se\/vaggeryd\/wp-json\/wp\/v2\/categories?post=429"},{"taxonomy":"post_tag","embeddable":true,"href":"https:\/\/wp.kristdemokraterna.se\/vaggeryd\/wp-json\/wp\/v2\/tags?post=429"}],"curies":[{"name":"wp","href":"https:\/\/api.w.org\/{rel}","templated":true}]}}