{"id":457,"date":"2014-08-17T22:24:17","date_gmt":"2014-08-17T20:24:17","guid":{"rendered":"http:\/\/wp.kristdemokraterna.se\/vaggeryd\/?p=457"},"modified":"2018-08-26T19:14:29","modified_gmt":"2018-08-26T17:14:29","slug":"valplattform-2014","status":"publish","type":"post","link":"https:\/\/wp.kristdemokraterna.se\/vaggeryd\/valplattform-2014\/","title":{"rendered":"Valplattform 2014"},"content":{"rendered":"<p><strong><img loading=\"lazy\" decoding=\"async\" class=\"alignnone size-medium wp-image-373\" src=\"http:\/\/wp.kristdemokraterna.se\/vaggeryd\/files\/2014\/01\/Val2014-300x111.jpg\" alt=\"Val2014\" width=\"300\" height=\"111\" srcset=\"https:\/\/wp.kristdemokraterna.se\/vaggeryd\/files\/2014\/01\/Val2014-300x111.jpg 300w, https:\/\/wp.kristdemokraterna.se\/vaggeryd\/files\/2014\/01\/Val2014-186x68.jpg 186w, https:\/\/wp.kristdemokraterna.se\/vaggeryd\/files\/2014\/01\/Val2014.jpg 316w\" sizes=\"auto, (max-width: 300px) 100vw, 300px\" \/><br \/>\nEn trygg uppv\u00e4xt<span style=\"color: #0000ff\"> \u2013 f\u00f6r alla!<\/span><\/strong><\/p>\n<p>Vi Kristdemokrater vill att alla barn och unga skall ha b\u00e4sta m\u00f6jliga uppv\u00e4xtvillkor. F\u00f6r\u00e4ldrar \u00e4r och f\u00f6rblir de viktigaste personerna i sina barns liv! Genom att st\u00f6dja f\u00f6r\u00e4ldrarna ger vi barnen en bra start i livet. Skolan ska ge kunskap f\u00f6r hela livet. Varje elev ska f\u00e5 m\u00f6jlighet att utvecklas utifr\u00e5n sina egna f\u00f6ruts\u00e4ttningar. Barn som beh\u00f6ver st\u00f6d skall f\u00e5 det. B\u00e5de f\u00f6r\u00e4ldrar och barn beh\u00f6ver tid med varandra.<!--more--><\/p>\n<p>Detta vill Kristdemokraterna g\u00f6ra i Vaggeryds kommun under n\u00e4sta mandatperiod:<\/p>\n<ul>\n<li>Erbjuda professionell f\u00f6r\u00e4ldrautbildning till alla barnf\u00f6r\u00e4ldrar<\/li>\n<li>Ge tidigt st\u00f6d till elever med s\u00e4rskilda behov<\/li>\n<li>Starta en Familjecentral i Skillingaryd<\/li>\n<li>Ha god personalt\u00e4thet inom f\u00f6rskola och skola<\/li>\n<li>\u00d6ka antalet elever med godk\u00e4nda betyg<\/li>\n<li>Ge \u00f6kad valfrihet inom barnomsorgen<\/li>\n<li>\u00d6ka st\u00f6det till f\u00f6reningar som driver ungdomsverksamhet<\/li>\n<li>F\u00e5 fler ungdomar i arbete<\/li>\n<\/ul>\n<p>&nbsp;<\/p>\n<p><strong>Ett tryggt liv <span style=\"color: #0000ff\">\u2013 hela livet!<\/span><\/strong><\/p>\n<p>N\u00e4r vi blir \u00e4ldre blir kr\u00e4mporna kanske fler men vi \u00e4r fortfarande dem vi \u00e4r, oavsett \u00e5lder. Och vi har r\u00e4tt att best\u00e4mma \u00f6ver v\u00e5ra egna liv. Vi kristdemokrater vill att de \u00e4ldre skall f\u00e5 st\u00f6rre inflytande \u00f6ver hemtj\u00e4nstinsatserna. Hur de ska vara utformade och n\u00e4r de ska ges.<\/p>\n<p>Detta vill Kristdemokraterna g\u00f6ra i Vaggeryds kommun under n\u00e4sta mandatperiod:<\/p>\n<ul>\n<li>Ge alla \u00f6ver 85 \u00e5r tillg\u00e5ng till \u00e4ldreboende utan behovspr\u00f6vning<\/li>\n<li>\u00d6ka antalet platser f\u00f6r korttidsboende och rehabilitering<\/li>\n<li>Erbjuda \u00e5rliga hembes\u00f6k till alla \u00f6ver 80 \u00e5r<\/li>\n<li>Erbjuda Fixartj\u00e4nst till alla \u00f6ver 80\u00e5r<\/li>\n<li>Bygga fler trygghetsboenden, v\u00e4l spridda i kommunen.<\/li>\n<\/ul>\n<p>&nbsp;<\/p>\n<p><strong>En levande kommun<span style=\"color: #0000ff\"> \u2013 f\u00f6r dig!<\/span><\/strong><\/p>\n<p>Arbete, fritid och boende \u00e4r viktiga delar i v\u00e5ra liv. Kommunens roll \u00e4r att skapa f\u00f6ruts\u00e4ttningar f\u00f6r ett meningsfullt liv. Detta g\u00e4ller v\u00e5ra t\u00e4torter s\u00e5v\u00e4l som v\u00e5r vackra landsbygd.<\/p>\n<p>Detta vill Kristdemokraterna g\u00f6ra i Vaggeryds kommun under n\u00e4sta mandatperiod:<\/p>\n<ul>\n<li>St\u00f6dja och utveckla skolor och service p\u00e5 landsbygden<\/li>\n<li>Verka f\u00f6r bredband i hela kommunen<\/li>\n<li>Gratis WIFI i t\u00e4tortscentrum.<\/li>\n<li>Utveckla attraktiva boenden i hela kommunen<\/li>\n<li>St\u00f6dja befintliga f\u00f6retag och attrahera nya.<\/li>\n<li>Bygga ett hopptorn p\u00e5 Hjortsj\u00f6ns badplats<\/li>\n<\/ul>\n<div id=\"attachment_430\" style=\"width: 310px\" class=\"wp-caption alignnone\"><a href=\"http:\/\/wp.kristdemokraterna.se\/vaggeryd\/files\/2014\/08\/kf_ganget.jpg\"><img loading=\"lazy\" decoding=\"async\" aria-describedby=\"caption-attachment-430\" class=\"size-medium wp-image-430\" src=\"http:\/\/wp.kristdemokraterna.se\/vaggeryd\/files\/2014\/08\/kf_ganget-300x226.jpg\" alt=\"KD politiker!\" width=\"300\" height=\"226\" srcset=\"https:\/\/wp.kristdemokraterna.se\/vaggeryd\/files\/2014\/08\/kf_ganget-300x226.jpg 300w, https:\/\/wp.kristdemokraterna.se\/vaggeryd\/files\/2014\/08\/kf_ganget-540x407.jpg 540w, https:\/\/wp.kristdemokraterna.se\/vaggeryd\/files\/2014\/08\/kf_ganget-459x346.jpg 459w, https:\/\/wp.kristdemokraterna.se\/vaggeryd\/files\/2014\/08\/kf_ganget-148x112.jpg 148w, https:\/\/wp.kristdemokraterna.se\/vaggeryd\/files\/2014\/08\/kf_ganget.jpg 800w\" sizes=\"auto, (max-width: 300px) 100vw, 300px\" \/><\/a><p id=\"caption-attachment-430\" class=\"wp-caption-text\">Dina Kristdemokratiska toppolitiker! Christer Sand\u00e9n, Kurt Enell, Viktoria \u00d6nneby, Lars Ljungqvist, Sofia Isaksson, Stefan Ottosson, Maritha Bengtsson, Jenny Larsen<\/p><\/div>\n<p><a href=\"http:\/\/wp.kristdemokraterna.se\/vaggeryd\/files\/2014\/08\/valplattform-2014.pdf\">Valplattform 2014 (som pdf)<\/a><\/p>\n","protected":false},"excerpt":{"rendered":"<p>En trygg uppv\u00e4xt \u2013 f\u00f6r alla! Vi Kristdemokrater vill att alla barn och unga skall ha b\u00e4sta m\u00f6jliga uppv\u00e4xtvillkor. F\u00f6r\u00e4ldrar \u00e4r och f\u00f6rblir de viktigaste personerna i sina barns liv! Genom att st\u00f6dja f\u00f6r\u00e4ldrarna ger vi barnen en bra start i livet. Skolan ska ge kunskap f\u00f6r hela livet. Varje elev ska f\u00e5 m\u00f6jlighet att <a class=\"read-more-link\" href=\"https:\/\/wp.kristdemokraterna.se\/vaggeryd\/valplattform-2014\/\">Read More<\/a><\/p>\n","protected":false},"author":431,"featured_media":0,"comment_status":"closed","ping_status":"closed","sticky":false,"template":"","format":"standard","meta":{"_acf_changed":false,"footnotes":""},"categories":[1],"tags":[],"class_list":["post-457","post","type-post","status-publish","format-standard","hentry","category-arkiv"],"acf":[],"yoast_head":"<!-- This site is optimized with the Yoast SEO plugin v27.4 - https:\/\/yoast.com\/product\/yoast-seo-wordpress\/ -->\n<title>Valplattform 2014 - Vaggeryd<\/title>\n<meta name=\"robots\" content=\"index, follow, max-snippet:-1, max-image-preview:large, max-video-preview:-1\" \/>\n<link rel=\"canonical\" href=\"https:\/\/wp.kristdemokraterna.se\/vaggeryd\/valplattform-2014\/\" \/>\n<meta property=\"og:locale\" content=\"sv_SE\" \/>\n<meta property=\"og:type\" content=\"article\" \/>\n<meta property=\"og:title\" content=\"Valplattform 2014 - Vaggeryd\" \/>\n<meta property=\"og:description\" content=\"En trygg uppv\u00e4xt \u2013 f\u00f6r alla! Vi Kristdemokrater vill att alla barn och unga skall ha b\u00e4sta m\u00f6jliga uppv\u00e4xtvillkor. F\u00f6r\u00e4ldrar \u00e4r och f\u00f6rblir de viktigaste personerna i sina barns liv! Genom att st\u00f6dja f\u00f6r\u00e4ldrarna ger vi barnen en bra start i livet. Skolan ska ge kunskap f\u00f6r hela livet. Varje elev ska f\u00e5 m\u00f6jlighet att Read More\" \/>\n<meta property=\"og:url\" content=\"https:\/\/wp.kristdemokraterna.se\/vaggeryd\/valplattform-2014\/\" \/>\n<meta property=\"og:site_name\" content=\"Vaggeryd\" \/>\n<meta property=\"article:published_time\" content=\"2014-08-17T20:24:17+00:00\" \/>\n<meta property=\"article:modified_time\" content=\"2018-08-26T17:14:29+00:00\" \/>\n<meta property=\"og:image\" content=\"http:\/\/wp.kristdemokraterna.se\/vaggeryd\/files\/2014\/01\/Val2014-300x111.jpg\" \/>\n<meta name=\"author\" content=\"vaggeryd\" \/>\n<meta name=\"twitter:card\" content=\"summary_large_image\" \/>\n<meta name=\"twitter:label1\" content=\"Skriven av\" \/>\n\t<meta name=\"twitter:data1\" content=\"vaggeryd\" \/>\n\t<meta name=\"twitter:label2\" content=\"Ber\u00e4knad l\u00e4stid\" \/>\n\t<meta name=\"twitter:data2\" content=\"2 minuter\" \/>\n<script type=\"application\/ld+json\" class=\"yoast-schema-graph\">{\"@context\":\"https:\\\/\\\/schema.org\",\"@graph\":[{\"@type\":\"Article\",\"@id\":\"https:\\\/\\\/wp.kristdemokraterna.se\\\/vaggeryd\\\/valplattform-2014\\\/#article\",\"isPartOf\":{\"@id\":\"https:\\\/\\\/wp.kristdemokraterna.se\\\/vaggeryd\\\/valplattform-2014\\\/\"},\"author\":{\"name\":\"vaggeryd\",\"@id\":\"https:\\\/\\\/wp.kristdemokraterna.se\\\/vaggeryd\\\/#\\\/schema\\\/person\\\/9221a7e301cc383ae8e2c8105c80f6a4\"},\"headline\":\"Valplattform 2014\",\"datePublished\":\"2014-08-17T20:24:17+00:00\",\"dateModified\":\"2018-08-26T17:14:29+00:00\",\"mainEntityOfPage\":{\"@id\":\"https:\\\/\\\/wp.kristdemokraterna.se\\\/vaggeryd\\\/valplattform-2014\\\/\"},\"wordCount\":416,\"image\":{\"@id\":\"https:\\\/\\\/wp.kristdemokraterna.se\\\/vaggeryd\\\/valplattform-2014\\\/#primaryimage\"},\"thumbnailUrl\":\"http:\\\/\\\/wp.kristdemokraterna.se\\\/vaggeryd\\\/files\\\/2014\\\/01\\\/Val2014-300x111.jpg\",\"articleSection\":[\"Arkiv\"],\"inLanguage\":\"sv-SE\"},{\"@type\":\"WebPage\",\"@id\":\"https:\\\/\\\/wp.kristdemokraterna.se\\\/vaggeryd\\\/valplattform-2014\\\/\",\"url\":\"https:\\\/\\\/wp.kristdemokraterna.se\\\/vaggeryd\\\/valplattform-2014\\\/\",\"name\":\"Valplattform 2014 - Vaggeryd\",\"isPartOf\":{\"@id\":\"https:\\\/\\\/wp.kristdemokraterna.se\\\/vaggeryd\\\/#website\"},\"primaryImageOfPage\":{\"@id\":\"https:\\\/\\\/wp.kristdemokraterna.se\\\/vaggeryd\\\/valplattform-2014\\\/#primaryimage\"},\"image\":{\"@id\":\"https:\\\/\\\/wp.kristdemokraterna.se\\\/vaggeryd\\\/valplattform-2014\\\/#primaryimage\"},\"thumbnailUrl\":\"http:\\\/\\\/wp.kristdemokraterna.se\\\/vaggeryd\\\/files\\\/2014\\\/01\\\/Val2014-300x111.jpg\",\"datePublished\":\"2014-08-17T20:24:17+00:00\",\"dateModified\":\"2018-08-26T17:14:29+00:00\",\"author\":{\"@id\":\"https:\\\/\\\/wp.kristdemokraterna.se\\\/vaggeryd\\\/#\\\/schema\\\/person\\\/9221a7e301cc383ae8e2c8105c80f6a4\"},\"breadcrumb\":{\"@id\":\"https:\\\/\\\/wp.kristdemokraterna.se\\\/vaggeryd\\\/valplattform-2014\\\/#breadcrumb\"},\"inLanguage\":\"sv-SE\",\"potentialAction\":[{\"@type\":\"ReadAction\",\"target\":[\"https:\\\/\\\/wp.kristdemokraterna.se\\\/vaggeryd\\\/valplattform-2014\\\/\"]}]},{\"@type\":\"ImageObject\",\"inLanguage\":\"sv-SE\",\"@id\":\"https:\\\/\\\/wp.kristdemokraterna.se\\\/vaggeryd\\\/valplattform-2014\\\/#primaryimage\",\"url\":\"https:\\\/\\\/wp.kristdemokraterna.se\\\/vaggeryd\\\/files\\\/2014\\\/01\\\/Val2014.jpg\",\"contentUrl\":\"https:\\\/\\\/wp.kristdemokraterna.se\\\/vaggeryd\\\/files\\\/2014\\\/01\\\/Val2014.jpg\",\"width\":316,\"height\":117},{\"@type\":\"BreadcrumbList\",\"@id\":\"https:\\\/\\\/wp.kristdemokraterna.se\\\/vaggeryd\\\/valplattform-2014\\\/#breadcrumb\",\"itemListElement\":[{\"@type\":\"ListItem\",\"position\":1,\"name\":\"Hem\",\"item\":\"https:\\\/\\\/wp.kristdemokraterna.se\\\/vaggeryd\\\/\"},{\"@type\":\"ListItem\",\"position\":2,\"name\":\"Valplattform 2014\"}]},{\"@type\":\"WebSite\",\"@id\":\"https:\\\/\\\/wp.kristdemokraterna.se\\\/vaggeryd\\\/#website\",\"url\":\"https:\\\/\\\/wp.kristdemokraterna.se\\\/vaggeryd\\\/\",\"name\":\"Vaggeryd\",\"description\":\"Kristdemokraterna Familjens r\u00f6st\",\"inLanguage\":\"sv-SE\"},{\"@type\":\"Person\",\"@id\":\"https:\\\/\\\/wp.kristdemokraterna.se\\\/vaggeryd\\\/#\\\/schema\\\/person\\\/9221a7e301cc383ae8e2c8105c80f6a4\",\"name\":\"vaggeryd\",\"image\":{\"@type\":\"ImageObject\",\"inLanguage\":\"sv-SE\",\"@id\":\"https:\\\/\\\/secure.gravatar.com\\\/avatar\\\/6a58ba86a5775ca36f4b36f411a2104cda03e4781a735bd99e222ec69ecbae74?s=96&r=g\",\"url\":\"https:\\\/\\\/secure.gravatar.com\\\/avatar\\\/6a58ba86a5775ca36f4b36f411a2104cda03e4781a735bd99e222ec69ecbae74?s=96&r=g\",\"contentUrl\":\"https:\\\/\\\/secure.gravatar.com\\\/avatar\\\/6a58ba86a5775ca36f4b36f411a2104cda03e4781a735bd99e222ec69ecbae74?s=96&r=g\",\"caption\":\"vaggeryd\"},\"url\":\"https:\\\/\\\/wp.kristdemokraterna.se\\\/vaggeryd\\\/author\\\/vaggeryd\\\/\"}]}<\/script>\n<!-- \/ Yoast SEO plugin. -->","yoast_head_json":{"title":"Valplattform 2014 - Vaggeryd","robots":{"index":"index","follow":"follow","max-snippet":"max-snippet:-1","max-image-preview":"max-image-preview:large","max-video-preview":"max-video-preview:-1"},"canonical":"https:\/\/wp.kristdemokraterna.se\/vaggeryd\/valplattform-2014\/","og_locale":"sv_SE","og_type":"article","og_title":"Valplattform 2014 - Vaggeryd","og_description":"En trygg uppv\u00e4xt \u2013 f\u00f6r alla! Vi Kristdemokrater vill att alla barn och unga skall ha b\u00e4sta m\u00f6jliga uppv\u00e4xtvillkor. F\u00f6r\u00e4ldrar \u00e4r och f\u00f6rblir de viktigaste personerna i sina barns liv! Genom att st\u00f6dja f\u00f6r\u00e4ldrarna ger vi barnen en bra start i livet. Skolan ska ge kunskap f\u00f6r hela livet. Varje elev ska f\u00e5 m\u00f6jlighet att Read More","og_url":"https:\/\/wp.kristdemokraterna.se\/vaggeryd\/valplattform-2014\/","og_site_name":"Vaggeryd","article_published_time":"2014-08-17T20:24:17+00:00","article_modified_time":"2018-08-26T17:14:29+00:00","og_image":[{"url":"http:\/\/wp.kristdemokraterna.se\/vaggeryd\/files\/2014\/01\/Val2014-300x111.jpg","type":"","width":"","height":""}],"author":"vaggeryd","twitter_card":"summary_large_image","twitter_misc":{"Skriven av":"vaggeryd","Ber\u00e4knad l\u00e4stid":"2 minuter"},"schema":{"@context":"https:\/\/schema.org","@graph":[{"@type":"Article","@id":"https:\/\/wp.kristdemokraterna.se\/vaggeryd\/valplattform-2014\/#article","isPartOf":{"@id":"https:\/\/wp.kristdemokraterna.se\/vaggeryd\/valplattform-2014\/"},"author":{"name":"vaggeryd","@id":"https:\/\/wp.kristdemokraterna.se\/vaggeryd\/#\/schema\/person\/9221a7e301cc383ae8e2c8105c80f6a4"},"headline":"Valplattform 2014","datePublished":"2014-08-17T20:24:17+00:00","dateModified":"2018-08-26T17:14:29+00:00","mainEntityOfPage":{"@id":"https:\/\/wp.kristdemokraterna.se\/vaggeryd\/valplattform-2014\/"},"wordCount":416,"image":{"@id":"https:\/\/wp.kristdemokraterna.se\/vaggeryd\/valplattform-2014\/#primaryimage"},"thumbnailUrl":"http:\/\/wp.kristdemokraterna.se\/vaggeryd\/files\/2014\/01\/Val2014-300x111.jpg","articleSection":["Arkiv"],"inLanguage":"sv-SE"},{"@type":"WebPage","@id":"https:\/\/wp.kristdemokraterna.se\/vaggeryd\/valplattform-2014\/","url":"https:\/\/wp.kristdemokraterna.se\/vaggeryd\/valplattform-2014\/","name":"Valplattform 2014 - Vaggeryd","isPartOf":{"@id":"https:\/\/wp.kristdemokraterna.se\/vaggeryd\/#website"},"primaryImageOfPage":{"@id":"https:\/\/wp.kristdemokraterna.se\/vaggeryd\/valplattform-2014\/#primaryimage"},"image":{"@id":"https:\/\/wp.kristdemokraterna.se\/vaggeryd\/valplattform-2014\/#primaryimage"},"thumbnailUrl":"http:\/\/wp.kristdemokraterna.se\/vaggeryd\/files\/2014\/01\/Val2014-300x111.jpg","datePublished":"2014-08-17T20:24:17+00:00","dateModified":"2018-08-26T17:14:29+00:00","author":{"@id":"https:\/\/wp.kristdemokraterna.se\/vaggeryd\/#\/schema\/person\/9221a7e301cc383ae8e2c8105c80f6a4"},"breadcrumb":{"@id":"https:\/\/wp.kristdemokraterna.se\/vaggeryd\/valplattform-2014\/#breadcrumb"},"inLanguage":"sv-SE","potentialAction":[{"@type":"ReadAction","target":["https:\/\/wp.kristdemokraterna.se\/vaggeryd\/valplattform-2014\/"]}]},{"@type":"ImageObject","inLanguage":"sv-SE","@id":"https:\/\/wp.kristdemokraterna.se\/vaggeryd\/valplattform-2014\/#primaryimage","url":"https:\/\/wp.kristdemokraterna.se\/vaggeryd\/files\/2014\/01\/Val2014.jpg","contentUrl":"https:\/\/wp.kristdemokraterna.se\/vaggeryd\/files\/2014\/01\/Val2014.jpg","width":316,"height":117},{"@type":"BreadcrumbList","@id":"https:\/\/wp.kristdemokraterna.se\/vaggeryd\/valplattform-2014\/#breadcrumb","itemListElement":[{"@type":"ListItem","position":1,"name":"Hem","item":"https:\/\/wp.kristdemokraterna.se\/vaggeryd\/"},{"@type":"ListItem","position":2,"name":"Valplattform 2014"}]},{"@type":"WebSite","@id":"https:\/\/wp.kristdemokraterna.se\/vaggeryd\/#website","url":"https:\/\/wp.kristdemokraterna.se\/vaggeryd\/","name":"Vaggeryd","description":"Kristdemokraterna Familjens r\u00f6st","inLanguage":"sv-SE"},{"@type":"Person","@id":"https:\/\/wp.kristdemokraterna.se\/vaggeryd\/#\/schema\/person\/9221a7e301cc383ae8e2c8105c80f6a4","name":"vaggeryd","image":{"@type":"ImageObject","inLanguage":"sv-SE","@id":"https:\/\/secure.gravatar.com\/avatar\/6a58ba86a5775ca36f4b36f411a2104cda03e4781a735bd99e222ec69ecbae74?s=96&r=g","url":"https:\/\/secure.gravatar.com\/avatar\/6a58ba86a5775ca36f4b36f411a2104cda03e4781a735bd99e222ec69ecbae74?s=96&r=g","contentUrl":"https:\/\/secure.gravatar.com\/avatar\/6a58ba86a5775ca36f4b36f411a2104cda03e4781a735bd99e222ec69ecbae74?s=96&r=g","caption":"vaggeryd"},"url":"https:\/\/wp.kristdemokraterna.se\/vaggeryd\/author\/vaggeryd\/"}]}},"_links":{"self":[{"href":"https:\/\/wp.kristdemokraterna.se\/vaggeryd\/wp-json\/wp\/v2\/posts\/457","targetHints":{"allow":["GET"]}}],"collection":[{"href":"https:\/\/wp.kristdemokraterna.se\/vaggeryd\/wp-json\/wp\/v2\/posts"}],"about":[{"href":"https:\/\/wp.kristdemokraterna.se\/vaggeryd\/wp-json\/wp\/v2\/types\/post"}],"author":[{"embeddable":true,"href":"https:\/\/wp.kristdemokraterna.se\/vaggeryd\/wp-json\/wp\/v2\/users\/431"}],"replies":[{"embeddable":true,"href":"https:\/\/wp.kristdemokraterna.se\/vaggeryd\/wp-json\/wp\/v2\/comments?post=457"}],"version-history":[{"count":8,"href":"https:\/\/wp.kristdemokraterna.se\/vaggeryd\/wp-json\/wp\/v2\/posts\/457\/revisions"}],"predecessor-version":[{"id":466,"href":"https:\/\/wp.kristdemokraterna.se\/vaggeryd\/wp-json\/wp\/v2\/posts\/457\/revisions\/466"}],"wp:attachment":[{"href":"https:\/\/wp.kristdemokraterna.se\/vaggeryd\/wp-json\/wp\/v2\/media?parent=457"}],"wp:term":[{"taxonomy":"category","embeddable":true,"href":"https:\/\/wp.kristdemokraterna.se\/vaggeryd\/wp-json\/wp\/v2\/categories?post=457"},{"taxonomy":"post_tag","embeddable":true,"href":"https:\/\/wp.kristdemokraterna.se\/vaggeryd\/wp-json\/wp\/v2\/tags?post=457"}],"curies":[{"name":"wp","href":"https:\/\/api.w.org\/{rel}","templated":true}]}}