{"id":506,"date":"2014-08-31T21:44:26","date_gmt":"2014-08-31T19:44:26","guid":{"rendered":"http:\/\/wp.kristdemokraterna.se\/vaggeryd\/?p=506"},"modified":"2018-08-26T19:14:18","modified_gmt":"2018-08-26T17:14:18","slug":"bygg-ett-hopptorn-vid-hjortsjons-badplats","status":"publish","type":"post","link":"https:\/\/wp.kristdemokraterna.se\/vaggeryd\/bygg-ett-hopptorn-vid-hjortsjons-badplats\/","title":{"rendered":"Bygg ett hopptorn vid Hjortsj\u00f6ns badplats!"},"content":{"rendered":"<p><span class=\"userContent\">Kristdemokraterna motionerar om att kommunen bygger ett hopptorn vid Hjortsj\u00f6ns badplats!<img loading=\"lazy\" decoding=\"async\" class=\"alignright wp-image-512 size-full\" src=\"http:\/\/wp.kristdemokraterna.se\/vaggeryd\/files\/2014\/08\/hopptorn.jpg\" alt=\"hopptorn\" width=\"219\" height=\"246\" srcset=\"https:\/\/wp.kristdemokraterna.se\/vaggeryd\/files\/2014\/08\/hopptorn.jpg 219w, https:\/\/wp.kristdemokraterna.se\/vaggeryd\/files\/2014\/08\/hopptorn-99x112.jpg 99w\" sizes=\"auto, (max-width: 219px) 100vw, 219px\" \/><\/span><\/p>\n<p>Under \u00e5ren 1958 till 1982 fanns det ett tio meter h\u00f6gt hopptorn vid Hjortsj\u00f6ns badplats. Hopptornet var en \u201dlek- och tummelplats av s\u00e4llan sk\u00e5dat slag och bidrog till att g\u00f6ra generationer av Vaggerydsbarn till riktiga vattendjur\u201d. Tornet var en symbol f\u00f6r ett fram\u00e5tstr\u00e4vande samh\u00e4lle.<\/p>\n<p>Ett hopptorn \u00e4r \u00e4n idag en eftertraktad attraktion bland barn och unga i och runt Vaggeryd och en m\u00f6jlighet att ytterligare utveckla v\u00e5r fina badplats och camping vid Hjortsj\u00f6n.<\/p>\n","protected":false},"excerpt":{"rendered":"<p>Kristdemokraterna motionerar om att kommunen bygger ett hopptorn vid Hjortsj\u00f6ns badplats! Under \u00e5ren 1958 till 1982 fanns det ett tio meter h\u00f6gt hopptorn vid Hjortsj\u00f6ns badplats. Hopptornet var en \u201dlek- och tummelplats av s\u00e4llan sk\u00e5dat slag och bidrog till att g\u00f6ra generationer av Vaggerydsbarn till riktiga vattendjur\u201d. Tornet var en symbol f\u00f6r ett fram\u00e5tstr\u00e4vande samh\u00e4lle. <a class=\"read-more-link\" href=\"https:\/\/wp.kristdemokraterna.se\/vaggeryd\/bygg-ett-hopptorn-vid-hjortsjons-badplats\/\">Read More<\/a><\/p>\n","protected":false},"author":431,"featured_media":0,"comment_status":"closed","ping_status":"closed","sticky":false,"template":"","format":"standard","meta":{"_acf_changed":false,"footnotes":""},"categories":[1],"tags":[],"class_list":["post-506","post","type-post","status-publish","format-standard","hentry","category-arkiv"],"acf":[],"yoast_head":"<!-- This site is optimized with the Yoast SEO plugin v27.4 - https:\/\/yoast.com\/product\/yoast-seo-wordpress\/ -->\n<title>Bygg ett hopptorn vid Hjortsj\u00f6ns badplats! - Vaggeryd<\/title>\n<meta name=\"robots\" content=\"index, follow, max-snippet:-1, max-image-preview:large, max-video-preview:-1\" \/>\n<link rel=\"canonical\" href=\"https:\/\/wp.kristdemokraterna.se\/vaggeryd\/bygg-ett-hopptorn-vid-hjortsjons-badplats\/\" \/>\n<meta property=\"og:locale\" content=\"sv_SE\" \/>\n<meta property=\"og:type\" content=\"article\" \/>\n<meta property=\"og:title\" content=\"Bygg ett hopptorn vid Hjortsj\u00f6ns badplats! - Vaggeryd\" \/>\n<meta property=\"og:description\" content=\"Kristdemokraterna motionerar om att kommunen bygger ett hopptorn vid Hjortsj\u00f6ns badplats! Under \u00e5ren 1958 till 1982 fanns det ett tio meter h\u00f6gt hopptorn vid Hjortsj\u00f6ns badplats. Hopptornet var en \u201dlek- och tummelplats av s\u00e4llan sk\u00e5dat slag och bidrog till att g\u00f6ra generationer av Vaggerydsbarn till riktiga vattendjur\u201d. Tornet var en symbol f\u00f6r ett fram\u00e5tstr\u00e4vande samh\u00e4lle. Read More\" \/>\n<meta property=\"og:url\" content=\"https:\/\/wp.kristdemokraterna.se\/vaggeryd\/bygg-ett-hopptorn-vid-hjortsjons-badplats\/\" \/>\n<meta property=\"og:site_name\" content=\"Vaggeryd\" \/>\n<meta property=\"article:published_time\" content=\"2014-08-31T19:44:26+00:00\" \/>\n<meta property=\"article:modified_time\" content=\"2018-08-26T17:14:18+00:00\" \/>\n<meta property=\"og:image\" content=\"http:\/\/wp.kristdemokraterna.se\/vaggeryd\/files\/2014\/08\/hopptorn.jpg\" \/>\n<meta name=\"author\" content=\"vaggeryd\" \/>\n<meta name=\"twitter:card\" content=\"summary_large_image\" \/>\n<meta name=\"twitter:label1\" content=\"Skriven av\" \/>\n\t<meta name=\"twitter:data1\" content=\"vaggeryd\" \/>\n<script type=\"application\/ld+json\" class=\"yoast-schema-graph\">{\"@context\":\"https:\\\/\\\/schema.org\",\"@graph\":[{\"@type\":\"Article\",\"@id\":\"https:\\\/\\\/wp.kristdemokraterna.se\\\/vaggeryd\\\/bygg-ett-hopptorn-vid-hjortsjons-badplats\\\/#article\",\"isPartOf\":{\"@id\":\"https:\\\/\\\/wp.kristdemokraterna.se\\\/vaggeryd\\\/bygg-ett-hopptorn-vid-hjortsjons-badplats\\\/\"},\"author\":{\"name\":\"vaggeryd\",\"@id\":\"https:\\\/\\\/wp.kristdemokraterna.se\\\/vaggeryd\\\/#\\\/schema\\\/person\\\/9221a7e301cc383ae8e2c8105c80f6a4\"},\"headline\":\"Bygg ett hopptorn vid Hjortsj\u00f6ns badplats!\",\"datePublished\":\"2014-08-31T19:44:26+00:00\",\"dateModified\":\"2018-08-26T17:14:18+00:00\",\"mainEntityOfPage\":{\"@id\":\"https:\\\/\\\/wp.kristdemokraterna.se\\\/vaggeryd\\\/bygg-ett-hopptorn-vid-hjortsjons-badplats\\\/\"},\"wordCount\":102,\"image\":{\"@id\":\"https:\\\/\\\/wp.kristdemokraterna.se\\\/vaggeryd\\\/bygg-ett-hopptorn-vid-hjortsjons-badplats\\\/#primaryimage\"},\"thumbnailUrl\":\"http:\\\/\\\/wp.kristdemokraterna.se\\\/vaggeryd\\\/files\\\/2014\\\/08\\\/hopptorn.jpg\",\"articleSection\":[\"Arkiv\"],\"inLanguage\":\"sv-SE\"},{\"@type\":\"WebPage\",\"@id\":\"https:\\\/\\\/wp.kristdemokraterna.se\\\/vaggeryd\\\/bygg-ett-hopptorn-vid-hjortsjons-badplats\\\/\",\"url\":\"https:\\\/\\\/wp.kristdemokraterna.se\\\/vaggeryd\\\/bygg-ett-hopptorn-vid-hjortsjons-badplats\\\/\",\"name\":\"Bygg ett hopptorn vid Hjortsj\u00f6ns badplats! - Vaggeryd\",\"isPartOf\":{\"@id\":\"https:\\\/\\\/wp.kristdemokraterna.se\\\/vaggeryd\\\/#website\"},\"primaryImageOfPage\":{\"@id\":\"https:\\\/\\\/wp.kristdemokraterna.se\\\/vaggeryd\\\/bygg-ett-hopptorn-vid-hjortsjons-badplats\\\/#primaryimage\"},\"image\":{\"@id\":\"https:\\\/\\\/wp.kristdemokraterna.se\\\/vaggeryd\\\/bygg-ett-hopptorn-vid-hjortsjons-badplats\\\/#primaryimage\"},\"thumbnailUrl\":\"http:\\\/\\\/wp.kristdemokraterna.se\\\/vaggeryd\\\/files\\\/2014\\\/08\\\/hopptorn.jpg\",\"datePublished\":\"2014-08-31T19:44:26+00:00\",\"dateModified\":\"2018-08-26T17:14:18+00:00\",\"author\":{\"@id\":\"https:\\\/\\\/wp.kristdemokraterna.se\\\/vaggeryd\\\/#\\\/schema\\\/person\\\/9221a7e301cc383ae8e2c8105c80f6a4\"},\"breadcrumb\":{\"@id\":\"https:\\\/\\\/wp.kristdemokraterna.se\\\/vaggeryd\\\/bygg-ett-hopptorn-vid-hjortsjons-badplats\\\/#breadcrumb\"},\"inLanguage\":\"sv-SE\",\"potentialAction\":[{\"@type\":\"ReadAction\",\"target\":[\"https:\\\/\\\/wp.kristdemokraterna.se\\\/vaggeryd\\\/bygg-ett-hopptorn-vid-hjortsjons-badplats\\\/\"]}]},{\"@type\":\"ImageObject\",\"inLanguage\":\"sv-SE\",\"@id\":\"https:\\\/\\\/wp.kristdemokraterna.se\\\/vaggeryd\\\/bygg-ett-hopptorn-vid-hjortsjons-badplats\\\/#primaryimage\",\"url\":\"https:\\\/\\\/wp.kristdemokraterna.se\\\/vaggeryd\\\/files\\\/2014\\\/08\\\/hopptorn.jpg\",\"contentUrl\":\"https:\\\/\\\/wp.kristdemokraterna.se\\\/vaggeryd\\\/files\\\/2014\\\/08\\\/hopptorn.jpg\",\"width\":219,\"height\":246},{\"@type\":\"BreadcrumbList\",\"@id\":\"https:\\\/\\\/wp.kristdemokraterna.se\\\/vaggeryd\\\/bygg-ett-hopptorn-vid-hjortsjons-badplats\\\/#breadcrumb\",\"itemListElement\":[{\"@type\":\"ListItem\",\"position\":1,\"name\":\"Hem\",\"item\":\"https:\\\/\\\/wp.kristdemokraterna.se\\\/vaggeryd\\\/\"},{\"@type\":\"ListItem\",\"position\":2,\"name\":\"Bygg ett hopptorn vid Hjortsj\u00f6ns badplats!\"}]},{\"@type\":\"WebSite\",\"@id\":\"https:\\\/\\\/wp.kristdemokraterna.se\\\/vaggeryd\\\/#website\",\"url\":\"https:\\\/\\\/wp.kristdemokraterna.se\\\/vaggeryd\\\/\",\"name\":\"Vaggeryd\",\"description\":\"Kristdemokraterna Familjens r\u00f6st\",\"inLanguage\":\"sv-SE\"},{\"@type\":\"Person\",\"@id\":\"https:\\\/\\\/wp.kristdemokraterna.se\\\/vaggeryd\\\/#\\\/schema\\\/person\\\/9221a7e301cc383ae8e2c8105c80f6a4\",\"name\":\"vaggeryd\",\"image\":{\"@type\":\"ImageObject\",\"inLanguage\":\"sv-SE\",\"@id\":\"https:\\\/\\\/secure.gravatar.com\\\/avatar\\\/6a58ba86a5775ca36f4b36f411a2104cda03e4781a735bd99e222ec69ecbae74?s=96&r=g\",\"url\":\"https:\\\/\\\/secure.gravatar.com\\\/avatar\\\/6a58ba86a5775ca36f4b36f411a2104cda03e4781a735bd99e222ec69ecbae74?s=96&r=g\",\"contentUrl\":\"https:\\\/\\\/secure.gravatar.com\\\/avatar\\\/6a58ba86a5775ca36f4b36f411a2104cda03e4781a735bd99e222ec69ecbae74?s=96&r=g\",\"caption\":\"vaggeryd\"},\"url\":\"https:\\\/\\\/wp.kristdemokraterna.se\\\/vaggeryd\\\/author\\\/vaggeryd\\\/\"}]}<\/script>\n<!-- \/ Yoast SEO plugin. -->","yoast_head_json":{"title":"Bygg ett hopptorn vid Hjortsj\u00f6ns badplats! - Vaggeryd","robots":{"index":"index","follow":"follow","max-snippet":"max-snippet:-1","max-image-preview":"max-image-preview:large","max-video-preview":"max-video-preview:-1"},"canonical":"https:\/\/wp.kristdemokraterna.se\/vaggeryd\/bygg-ett-hopptorn-vid-hjortsjons-badplats\/","og_locale":"sv_SE","og_type":"article","og_title":"Bygg ett hopptorn vid Hjortsj\u00f6ns badplats! - Vaggeryd","og_description":"Kristdemokraterna motionerar om att kommunen bygger ett hopptorn vid Hjortsj\u00f6ns badplats! Under \u00e5ren 1958 till 1982 fanns det ett tio meter h\u00f6gt hopptorn vid Hjortsj\u00f6ns badplats. Hopptornet var en \u201dlek- och tummelplats av s\u00e4llan sk\u00e5dat slag och bidrog till att g\u00f6ra generationer av Vaggerydsbarn till riktiga vattendjur\u201d. Tornet var en symbol f\u00f6r ett fram\u00e5tstr\u00e4vande samh\u00e4lle. Read More","og_url":"https:\/\/wp.kristdemokraterna.se\/vaggeryd\/bygg-ett-hopptorn-vid-hjortsjons-badplats\/","og_site_name":"Vaggeryd","article_published_time":"2014-08-31T19:44:26+00:00","article_modified_time":"2018-08-26T17:14:18+00:00","og_image":[{"url":"http:\/\/wp.kristdemokraterna.se\/vaggeryd\/files\/2014\/08\/hopptorn.jpg","type":"","width":"","height":""}],"author":"vaggeryd","twitter_card":"summary_large_image","twitter_misc":{"Skriven av":"vaggeryd"},"schema":{"@context":"https:\/\/schema.org","@graph":[{"@type":"Article","@id":"https:\/\/wp.kristdemokraterna.se\/vaggeryd\/bygg-ett-hopptorn-vid-hjortsjons-badplats\/#article","isPartOf":{"@id":"https:\/\/wp.kristdemokraterna.se\/vaggeryd\/bygg-ett-hopptorn-vid-hjortsjons-badplats\/"},"author":{"name":"vaggeryd","@id":"https:\/\/wp.kristdemokraterna.se\/vaggeryd\/#\/schema\/person\/9221a7e301cc383ae8e2c8105c80f6a4"},"headline":"Bygg ett hopptorn vid Hjortsj\u00f6ns badplats!","datePublished":"2014-08-31T19:44:26+00:00","dateModified":"2018-08-26T17:14:18+00:00","mainEntityOfPage":{"@id":"https:\/\/wp.kristdemokraterna.se\/vaggeryd\/bygg-ett-hopptorn-vid-hjortsjons-badplats\/"},"wordCount":102,"image":{"@id":"https:\/\/wp.kristdemokraterna.se\/vaggeryd\/bygg-ett-hopptorn-vid-hjortsjons-badplats\/#primaryimage"},"thumbnailUrl":"http:\/\/wp.kristdemokraterna.se\/vaggeryd\/files\/2014\/08\/hopptorn.jpg","articleSection":["Arkiv"],"inLanguage":"sv-SE"},{"@type":"WebPage","@id":"https:\/\/wp.kristdemokraterna.se\/vaggeryd\/bygg-ett-hopptorn-vid-hjortsjons-badplats\/","url":"https:\/\/wp.kristdemokraterna.se\/vaggeryd\/bygg-ett-hopptorn-vid-hjortsjons-badplats\/","name":"Bygg ett hopptorn vid Hjortsj\u00f6ns badplats! - Vaggeryd","isPartOf":{"@id":"https:\/\/wp.kristdemokraterna.se\/vaggeryd\/#website"},"primaryImageOfPage":{"@id":"https:\/\/wp.kristdemokraterna.se\/vaggeryd\/bygg-ett-hopptorn-vid-hjortsjons-badplats\/#primaryimage"},"image":{"@id":"https:\/\/wp.kristdemokraterna.se\/vaggeryd\/bygg-ett-hopptorn-vid-hjortsjons-badplats\/#primaryimage"},"thumbnailUrl":"http:\/\/wp.kristdemokraterna.se\/vaggeryd\/files\/2014\/08\/hopptorn.jpg","datePublished":"2014-08-31T19:44:26+00:00","dateModified":"2018-08-26T17:14:18+00:00","author":{"@id":"https:\/\/wp.kristdemokraterna.se\/vaggeryd\/#\/schema\/person\/9221a7e301cc383ae8e2c8105c80f6a4"},"breadcrumb":{"@id":"https:\/\/wp.kristdemokraterna.se\/vaggeryd\/bygg-ett-hopptorn-vid-hjortsjons-badplats\/#breadcrumb"},"inLanguage":"sv-SE","potentialAction":[{"@type":"ReadAction","target":["https:\/\/wp.kristdemokraterna.se\/vaggeryd\/bygg-ett-hopptorn-vid-hjortsjons-badplats\/"]}]},{"@type":"ImageObject","inLanguage":"sv-SE","@id":"https:\/\/wp.kristdemokraterna.se\/vaggeryd\/bygg-ett-hopptorn-vid-hjortsjons-badplats\/#primaryimage","url":"https:\/\/wp.kristdemokraterna.se\/vaggeryd\/files\/2014\/08\/hopptorn.jpg","contentUrl":"https:\/\/wp.kristdemokraterna.se\/vaggeryd\/files\/2014\/08\/hopptorn.jpg","width":219,"height":246},{"@type":"BreadcrumbList","@id":"https:\/\/wp.kristdemokraterna.se\/vaggeryd\/bygg-ett-hopptorn-vid-hjortsjons-badplats\/#breadcrumb","itemListElement":[{"@type":"ListItem","position":1,"name":"Hem","item":"https:\/\/wp.kristdemokraterna.se\/vaggeryd\/"},{"@type":"ListItem","position":2,"name":"Bygg ett hopptorn vid Hjortsj\u00f6ns badplats!"}]},{"@type":"WebSite","@id":"https:\/\/wp.kristdemokraterna.se\/vaggeryd\/#website","url":"https:\/\/wp.kristdemokraterna.se\/vaggeryd\/","name":"Vaggeryd","description":"Kristdemokraterna Familjens r\u00f6st","inLanguage":"sv-SE"},{"@type":"Person","@id":"https:\/\/wp.kristdemokraterna.se\/vaggeryd\/#\/schema\/person\/9221a7e301cc383ae8e2c8105c80f6a4","name":"vaggeryd","image":{"@type":"ImageObject","inLanguage":"sv-SE","@id":"https:\/\/secure.gravatar.com\/avatar\/6a58ba86a5775ca36f4b36f411a2104cda03e4781a735bd99e222ec69ecbae74?s=96&r=g","url":"https:\/\/secure.gravatar.com\/avatar\/6a58ba86a5775ca36f4b36f411a2104cda03e4781a735bd99e222ec69ecbae74?s=96&r=g","contentUrl":"https:\/\/secure.gravatar.com\/avatar\/6a58ba86a5775ca36f4b36f411a2104cda03e4781a735bd99e222ec69ecbae74?s=96&r=g","caption":"vaggeryd"},"url":"https:\/\/wp.kristdemokraterna.se\/vaggeryd\/author\/vaggeryd\/"}]}},"_links":{"self":[{"href":"https:\/\/wp.kristdemokraterna.se\/vaggeryd\/wp-json\/wp\/v2\/posts\/506","targetHints":{"allow":["GET"]}}],"collection":[{"href":"https:\/\/wp.kristdemokraterna.se\/vaggeryd\/wp-json\/wp\/v2\/posts"}],"about":[{"href":"https:\/\/wp.kristdemokraterna.se\/vaggeryd\/wp-json\/wp\/v2\/types\/post"}],"author":[{"embeddable":true,"href":"https:\/\/wp.kristdemokraterna.se\/vaggeryd\/wp-json\/wp\/v2\/users\/431"}],"replies":[{"embeddable":true,"href":"https:\/\/wp.kristdemokraterna.se\/vaggeryd\/wp-json\/wp\/v2\/comments?post=506"}],"version-history":[{"count":8,"href":"https:\/\/wp.kristdemokraterna.se\/vaggeryd\/wp-json\/wp\/v2\/posts\/506\/revisions"}],"predecessor-version":[{"id":515,"href":"https:\/\/wp.kristdemokraterna.se\/vaggeryd\/wp-json\/wp\/v2\/posts\/506\/revisions\/515"}],"wp:attachment":[{"href":"https:\/\/wp.kristdemokraterna.se\/vaggeryd\/wp-json\/wp\/v2\/media?parent=506"}],"wp:term":[{"taxonomy":"category","embeddable":true,"href":"https:\/\/wp.kristdemokraterna.se\/vaggeryd\/wp-json\/wp\/v2\/categories?post=506"},{"taxonomy":"post_tag","embeddable":true,"href":"https:\/\/wp.kristdemokraterna.se\/vaggeryd\/wp-json\/wp\/v2\/tags?post=506"}],"curies":[{"name":"wp","href":"https:\/\/api.w.org\/{rel}","templated":true}]}}