{"id":998,"date":"2018-08-26T17:42:14","date_gmt":"2018-08-26T15:42:14","guid":{"rendered":"http:\/\/wp.kristdemokraterna.se\/vaggeryd\/?p=998"},"modified":"2018-08-26T19:29:16","modified_gmt":"2018-08-26T17:29:16","slug":"att-aldras-ska-vara-nagot-man-ska-kunna-se-fram-emot","status":"publish","type":"post","link":"https:\/\/wp.kristdemokraterna.se\/vaggeryd\/att-aldras-ska-vara-nagot-man-ska-kunna-se-fram-emot\/","title":{"rendered":"Att \u00e5ldras ska vara n\u00e5got man ska kunna se fram emot"},"content":{"rendered":"<section id=\"block-1\" class=\"block-text-image\">\n<section class=\"block-text-image__content\">\n<section class=\"block-text-image__text block-text-image__text\">\n<p class=\"p1\"><span class=\"s1\">Vi \u00e4r stolta efter fyra \u00e5r i kommunalhuset, att se att v\u00e5ra satsningar inom \u00e4ldre omsorgen och boende\u00a0 h\u00e5ller p\u00e5 att\u00a0 bli verklighet i hela kommunen. Nu kommer vi f\u00e5 ett nytt s\u00e4rskilt boende i Skillingaryd (Mejeriet) och ett nytt trygghetsboende i Vaggeryd (Tor).<\/span><\/p>\n<p class=\"p1\"><span class=\"s1\">Under de kommande mandatperioderna f\u00f6rv\u00e4ntas behovet av antalet platser p\u00e5 s\u00e4rskilda boenden \u00f6ka. Med Kristdemokraternas f\u00f6rslag kommer behovet vara \u00e4nnu st\u00f6rre. Det kommer beh\u00f6vas olika former av boende i v\u00e5r kommun. P\u00e5 sikt tycker vi att Talludden, Gullvivan\u00a0 eller andra platser skulle vara ypperliga lokaler f\u00f6r \u00e4ldreboende. Det kan vara t.ex. trygghetsboenden. Om andra boende skall vara aktuella kr\u00e4vs st\u00f6rre investeringar. Vi ser \u00e4ven att vi skapar boende f\u00f6r v\u00e5ra \u00e4ldre p\u00e5 v\u00e5ra mindre orter s\u00e5som Hok eller Klevshult.<\/span><\/p>\n<p class=\"p1\"><span class=\"s1\">\u00a0<\/span><span class=\"s1\">Att \u00e5ldras ska vara n\u00e5got man ska kunna se fram emot, att n\u00e4r man arbetat ett helt arbetsliv ska kunna njuta av friheten och k\u00e4nna sig trygg. \u00c4ldre \u00f6ver 65 utg\u00f6r snart 20% av befolkningen vilket g\u00f6r att vi som samh\u00e4lle har stora utmaningar framf\u00f6r oss, men \u00e4ven stora m\u00f6jligheter. L\u00e4nge har \u00e4ldre behandlats som en homogen grupp, d\u00e4r man tror att alla \u00e4r i behov av samma l\u00f6sningar oavsett vem man \u00e4r. Detta m\u00e5ste sluta, vi m\u00e5ste b\u00f6rja se individuella l\u00f6sningar och \u00e4ven lyssna p\u00e5 vad de \u00e4ldre faktiskt vill.<\/span><\/p>\n<p class=\"p1\"><span class=\"s1\"><b>Vi vill erbjuda anpassade boenden utan bist\u00e5ndsbed\u00f6mning<br \/>\n<\/b><\/span><span class=\"s1\">Vi Kristdemokrater vet att m\u00e4nniskor (\u00e4ven \u00e4ldre) \u00e4r i behov av gemenskaper f\u00f6r att kunna utvecklas som m\u00e4nniskor, d\u00e4rf\u00f6r ser vi det positivt att kommunen bygger ut platser p\u00e5 s\u00e4rskilt boende och fler trygghetsboende. Vi Kristdemokrater vill d\u00e4rf\u00f6r erbjuda alla \u00f6ver 85 \u00e5r att bo p\u00e5 ett anpassat boende, utan att beh\u00f6va bist\u00e5ndsbed\u00f6mmas.<\/span><\/p>\n<p class=\"p1\"><span class=\"s1\"><b>Ta psykisk oh\u00e4lsa p\u00e5 allvar<br \/>\n<\/b><\/span><span class=\"s1\">Enligt Socialstyrelsen s\u00e5 lider ca 20% av \u00e4ldre av psykisk oh\u00e4lsa. Vi Kristdemokrater anser att detta \u00e4r ett problem som m\u00e5ste tas p\u00e5 allvar. D\u00e4rf\u00f6r vill vi Kristdemokrater tillsammans med civilsamh\u00e4llet bygga ut m\u00f6tesplatser f\u00f6r \u00e4ldre, f\u00f6r att p\u00e5 s\u00e5 s\u00e4tt kunna f\u00f6rebygga denna gl\u00f6mda psykiska oh\u00e4lsan. Vi Kristdemokrater \u00f6nskar se en \u00f6kad kunskap inom \u00e4ldres psykiska oh\u00e4lsa b\u00e5de lokalt, regionalt och nationellt, allt f\u00f6r att minska den enskildes lidande.<\/span><\/p>\n<\/section>\n<\/section>\n<\/section>\n<section id=\"block-2\" class=\"block-text-image\">\n<section class=\"block-text-image__content\">\n<section class=\"block-text-image__text block-text-image__text\">\n<p class=\"p1\"><span class=\"s1\"><b>Personalkontinuitet i hemtj\u00e4nsten<br \/>\n<\/b><\/span><span class=\"s2\">T<\/span><span class=\"s1\">ryggheten ska \u00e4ven g\u00e4lla f\u00f6r de som v\u00e4ljer att bo kvar i sitt eget hem, som man under \u00e5rtionden byggt upp. Att f\u00f6rst erk\u00e4nna sitt behov av hj\u00e4lp, och sen \u00f6ppna sitt hem f\u00f6r ok\u00e4nda personer kan upplevas som en otrygg situation. Vi Kristdemokrater vill begr\u00e4nsa antalet personer som kommer hem till den som har hemtj\u00e4nst. Detta f\u00f6r att skapa trygghet f\u00f6r den som \u00e4r i behov av hj\u00e4lp, men \u00e4ven f\u00f6r anh\u00f6riga.<\/span><\/p>\n<p class=\"p1\"><span class=\"s1\"><b>Privata &amp; ideella akt\u00f6rer inom v\u00e5rd &amp; omsorg<br \/>\n<\/b><\/span><span class=\"s1\">Privata akt\u00f6rer professionaliserar v\u00e4lf\u00e4rden, och ligger bakom den goda utvecklingen f\u00f6r v\u00e4lf\u00e4rdstj\u00e4nster just nu. Oseri\u00f6sa akt\u00f6rer har sanerats ut. Vi Kristdemokrater i Vaggeryds kommun anser att det \u00e4r dags att utv\u00e4rdera och upphandla privata v\u00e5rdtj\u00e4nster, p\u00e5 b\u00e5de befintlig och ny verksamhet.\u00a0 Kvaliteten p\u00e5 v\u00e5rden \u00e4r viktigast, och oavsett om den drivs i privat eller kommunal regi, m\u00e5ste\u00a0 man erbjuda b\u00e4sta m\u00f6jliga kvalitet. Vi anser inte att kommuner och landsting per automatik erbjuder de b\u00e4sta alternativen, utan privata akt\u00f6rer kan ibland erbjuda en b\u00e4ttre v\u00e5rd och omsorg \u2013 och vice versa. Det v\u00e4sentliga \u00e4r att det \u00e4r den enskilda personen, och dennes anh\u00f6riga, som ska kunna avg\u00f6ra vilken utf\u00f6rare som \u00e4r b\u00e4st f\u00f6r den enskilde.\u00a0\u00a0<\/span><\/p>\n<p class=\"p1\"><span class=\"s1\"><b>V\u00e5rt v\u00e4lf\u00e4rdsl\u00f6fte<br \/>\n<\/b><\/span><span class=\"s1\">En r\u00f6st p\u00e5 Kristdemokraterna \u00e4r en r\u00f6st p\u00e5 en politik d\u00e4r man kan \u00e5ldras i trygghet och v\u00e4rdighet. \u00c4ldre ska kunna leva ett aktivt liv och ha inflytande \u00f6ver sin vardag med bibeh\u00e5llet oberoende, bem\u00f6tas med respekt och ha tillg\u00e5ng till god v\u00e5rd och omsorg.<\/span><\/p>\n<p class=\"p1\"><span class=\"s1\">V\u00e5r vackra kommun m\u00e5ste vara en levande kommun med attraktiva boenden. N\u00e4r andra g\u00e4rna pratar resurser och pengar vill vi leverera konkreta f\u00f6rslag som ger f\u00f6r\u00e4ndringar f\u00f6r den enskilde<\/span><\/p>\n<p class=\"p1\"><span class=\"s1\"><strong>Sofia Isaksson<\/strong>, Hok, Ledamot i Socialn\u00e4mnden och\u00a0<\/span><span class=\"s2\">kandidat f\u00f6r KD i kommunvalet<br \/>\n<\/span><span class=\"s1\"><strong>Thomas Axelsson<\/strong>, Vaggeryd\u00a0 Ordf\u00f6rande (KD), Ledamot i Kommunstyrelse och VSBO och kandidat f\u00f6r KD i kommunvalet.<\/span><\/p>\n<\/section>\n<\/section>\n<\/section>\n","protected":false},"excerpt":{"rendered":"<p>Vi \u00e4r stolta efter fyra \u00e5r i kommunalhuset, att se att v\u00e5ra satsningar inom \u00e4ldre omsorgen och boende\u00a0 h\u00e5ller p\u00e5 att\u00a0 bli verklighet i hela kommunen. Nu kommer vi f\u00e5 ett nytt s\u00e4rskilt boende i Skillingaryd (Mejeriet) och ett nytt trygghetsboende i Vaggeryd (Tor). Under de kommande mandatperioderna f\u00f6rv\u00e4ntas behovet av antalet platser p\u00e5 s\u00e4rskilda <a class=\"read-more-link\" href=\"https:\/\/wp.kristdemokraterna.se\/vaggeryd\/att-aldras-ska-vara-nagot-man-ska-kunna-se-fram-emot\/\">Read More<\/a><\/p>\n","protected":false},"author":447,"featured_media":0,"comment_status":"closed","ping_status":"closed","sticky":false,"template":"","format":"standard","meta":{"_acf_changed":false,"footnotes":""},"categories":[8,9],"tags":[],"class_list":["post-998","post","type-post","status-publish","format-standard","hentry","category-nyheter","category-var-politik"],"acf":[],"yoast_head":"<!-- This site is optimized with the Yoast SEO plugin v27.4 - https:\/\/yoast.com\/product\/yoast-seo-wordpress\/ -->\n<title>Att \u00e5ldras ska vara n\u00e5got man ska kunna se fram emot - Vaggeryd<\/title>\n<meta name=\"robots\" content=\"index, follow, max-snippet:-1, max-image-preview:large, max-video-preview:-1\" \/>\n<link rel=\"canonical\" href=\"https:\/\/wp.kristdemokraterna.se\/vaggeryd\/att-aldras-ska-vara-nagot-man-ska-kunna-se-fram-emot\/\" \/>\n<meta property=\"og:locale\" content=\"sv_SE\" \/>\n<meta property=\"og:type\" content=\"article\" \/>\n<meta property=\"og:title\" content=\"Att \u00e5ldras ska vara n\u00e5got man ska kunna se fram emot - Vaggeryd\" \/>\n<meta property=\"og:description\" content=\"Vi \u00e4r stolta efter fyra \u00e5r i kommunalhuset, att se att v\u00e5ra satsningar inom \u00e4ldre omsorgen och boende\u00a0 h\u00e5ller p\u00e5 att\u00a0 bli verklighet i hela kommunen. Nu kommer vi f\u00e5 ett nytt s\u00e4rskilt boende i Skillingaryd (Mejeriet) och ett nytt trygghetsboende i Vaggeryd (Tor). Under de kommande mandatperioderna f\u00f6rv\u00e4ntas behovet av antalet platser p\u00e5 s\u00e4rskilda Read More\" \/>\n<meta property=\"og:url\" content=\"https:\/\/wp.kristdemokraterna.se\/vaggeryd\/att-aldras-ska-vara-nagot-man-ska-kunna-se-fram-emot\/\" \/>\n<meta property=\"og:site_name\" content=\"Vaggeryd\" \/>\n<meta property=\"article:published_time\" content=\"2018-08-26T15:42:14+00:00\" \/>\n<meta property=\"article:modified_time\" content=\"2018-08-26T17:29:16+00:00\" \/>\n<meta name=\"author\" content=\"jenny\" \/>\n<meta name=\"twitter:card\" content=\"summary_large_image\" \/>\n<meta name=\"twitter:label1\" content=\"Skriven av\" \/>\n\t<meta name=\"twitter:data1\" content=\"jenny\" \/>\n\t<meta name=\"twitter:label2\" content=\"Ber\u00e4knad l\u00e4stid\" \/>\n\t<meta name=\"twitter:data2\" content=\"4 minuter\" \/>\n<script type=\"application\/ld+json\" class=\"yoast-schema-graph\">{\"@context\":\"https:\\\/\\\/schema.org\",\"@graph\":[{\"@type\":\"Article\",\"@id\":\"https:\\\/\\\/wp.kristdemokraterna.se\\\/vaggeryd\\\/att-aldras-ska-vara-nagot-man-ska-kunna-se-fram-emot\\\/#article\",\"isPartOf\":{\"@id\":\"https:\\\/\\\/wp.kristdemokraterna.se\\\/vaggeryd\\\/att-aldras-ska-vara-nagot-man-ska-kunna-se-fram-emot\\\/\"},\"author\":{\"name\":\"jenny\",\"@id\":\"https:\\\/\\\/wp.kristdemokraterna.se\\\/vaggeryd\\\/#\\\/schema\\\/person\\\/0af524ca60b38954726ae26be3744902\"},\"headline\":\"Att \u00e5ldras ska vara n\u00e5got man ska kunna se fram emot\",\"datePublished\":\"2018-08-26T15:42:14+00:00\",\"dateModified\":\"2018-08-26T17:29:16+00:00\",\"mainEntityOfPage\":{\"@id\":\"https:\\\/\\\/wp.kristdemokraterna.se\\\/vaggeryd\\\/att-aldras-ska-vara-nagot-man-ska-kunna-se-fram-emot\\\/\"},\"wordCount\":790,\"articleSection\":[\"Nyheter\",\"V\u00e5r politik\"],\"inLanguage\":\"sv-SE\"},{\"@type\":\"WebPage\",\"@id\":\"https:\\\/\\\/wp.kristdemokraterna.se\\\/vaggeryd\\\/att-aldras-ska-vara-nagot-man-ska-kunna-se-fram-emot\\\/\",\"url\":\"https:\\\/\\\/wp.kristdemokraterna.se\\\/vaggeryd\\\/att-aldras-ska-vara-nagot-man-ska-kunna-se-fram-emot\\\/\",\"name\":\"Att \u00e5ldras ska vara n\u00e5got man ska kunna se fram emot - Vaggeryd\",\"isPartOf\":{\"@id\":\"https:\\\/\\\/wp.kristdemokraterna.se\\\/vaggeryd\\\/#website\"},\"datePublished\":\"2018-08-26T15:42:14+00:00\",\"dateModified\":\"2018-08-26T17:29:16+00:00\",\"author\":{\"@id\":\"https:\\\/\\\/wp.kristdemokraterna.se\\\/vaggeryd\\\/#\\\/schema\\\/person\\\/0af524ca60b38954726ae26be3744902\"},\"breadcrumb\":{\"@id\":\"https:\\\/\\\/wp.kristdemokraterna.se\\\/vaggeryd\\\/att-aldras-ska-vara-nagot-man-ska-kunna-se-fram-emot\\\/#breadcrumb\"},\"inLanguage\":\"sv-SE\",\"potentialAction\":[{\"@type\":\"ReadAction\",\"target\":[\"https:\\\/\\\/wp.kristdemokraterna.se\\\/vaggeryd\\\/att-aldras-ska-vara-nagot-man-ska-kunna-se-fram-emot\\\/\"]}]},{\"@type\":\"BreadcrumbList\",\"@id\":\"https:\\\/\\\/wp.kristdemokraterna.se\\\/vaggeryd\\\/att-aldras-ska-vara-nagot-man-ska-kunna-se-fram-emot\\\/#breadcrumb\",\"itemListElement\":[{\"@type\":\"ListItem\",\"position\":1,\"name\":\"Hem\",\"item\":\"https:\\\/\\\/wp.kristdemokraterna.se\\\/vaggeryd\\\/\"},{\"@type\":\"ListItem\",\"position\":2,\"name\":\"Att \u00e5ldras ska vara n\u00e5got man ska kunna se fram emot\"}]},{\"@type\":\"WebSite\",\"@id\":\"https:\\\/\\\/wp.kristdemokraterna.se\\\/vaggeryd\\\/#website\",\"url\":\"https:\\\/\\\/wp.kristdemokraterna.se\\\/vaggeryd\\\/\",\"name\":\"Vaggeryd\",\"description\":\"Kristdemokraterna Familjens r\u00f6st\",\"inLanguage\":\"sv-SE\"},{\"@type\":\"Person\",\"@id\":\"https:\\\/\\\/wp.kristdemokraterna.se\\\/vaggeryd\\\/#\\\/schema\\\/person\\\/0af524ca60b38954726ae26be3744902\",\"name\":\"jenny\",\"image\":{\"@type\":\"ImageObject\",\"inLanguage\":\"sv-SE\",\"@id\":\"https:\\\/\\\/secure.gravatar.com\\\/avatar\\\/656c66c6ccff223a7b53f0e00cd7661619d16e1acc9fd417c92bdf03499b6c4b?s=96&r=g\",\"url\":\"https:\\\/\\\/secure.gravatar.com\\\/avatar\\\/656c66c6ccff223a7b53f0e00cd7661619d16e1acc9fd417c92bdf03499b6c4b?s=96&r=g\",\"contentUrl\":\"https:\\\/\\\/secure.gravatar.com\\\/avatar\\\/656c66c6ccff223a7b53f0e00cd7661619d16e1acc9fd417c92bdf03499b6c4b?s=96&r=g\",\"caption\":\"jenny\"},\"url\":\"https:\\\/\\\/wp.kristdemokraterna.se\\\/vaggeryd\\\/author\\\/jenny\\\/\"}]}<\/script>\n<!-- \/ Yoast SEO plugin. -->","yoast_head_json":{"title":"Att \u00e5ldras ska vara n\u00e5got man ska kunna se fram emot - Vaggeryd","robots":{"index":"index","follow":"follow","max-snippet":"max-snippet:-1","max-image-preview":"max-image-preview:large","max-video-preview":"max-video-preview:-1"},"canonical":"https:\/\/wp.kristdemokraterna.se\/vaggeryd\/att-aldras-ska-vara-nagot-man-ska-kunna-se-fram-emot\/","og_locale":"sv_SE","og_type":"article","og_title":"Att \u00e5ldras ska vara n\u00e5got man ska kunna se fram emot - Vaggeryd","og_description":"Vi \u00e4r stolta efter fyra \u00e5r i kommunalhuset, att se att v\u00e5ra satsningar inom \u00e4ldre omsorgen och boende\u00a0 h\u00e5ller p\u00e5 att\u00a0 bli verklighet i hela kommunen. Nu kommer vi f\u00e5 ett nytt s\u00e4rskilt boende i Skillingaryd (Mejeriet) och ett nytt trygghetsboende i Vaggeryd (Tor). Under de kommande mandatperioderna f\u00f6rv\u00e4ntas behovet av antalet platser p\u00e5 s\u00e4rskilda Read More","og_url":"https:\/\/wp.kristdemokraterna.se\/vaggeryd\/att-aldras-ska-vara-nagot-man-ska-kunna-se-fram-emot\/","og_site_name":"Vaggeryd","article_published_time":"2018-08-26T15:42:14+00:00","article_modified_time":"2018-08-26T17:29:16+00:00","author":"jenny","twitter_card":"summary_large_image","twitter_misc":{"Skriven av":"jenny","Ber\u00e4knad l\u00e4stid":"4 minuter"},"schema":{"@context":"https:\/\/schema.org","@graph":[{"@type":"Article","@id":"https:\/\/wp.kristdemokraterna.se\/vaggeryd\/att-aldras-ska-vara-nagot-man-ska-kunna-se-fram-emot\/#article","isPartOf":{"@id":"https:\/\/wp.kristdemokraterna.se\/vaggeryd\/att-aldras-ska-vara-nagot-man-ska-kunna-se-fram-emot\/"},"author":{"name":"jenny","@id":"https:\/\/wp.kristdemokraterna.se\/vaggeryd\/#\/schema\/person\/0af524ca60b38954726ae26be3744902"},"headline":"Att \u00e5ldras ska vara n\u00e5got man ska kunna se fram emot","datePublished":"2018-08-26T15:42:14+00:00","dateModified":"2018-08-26T17:29:16+00:00","mainEntityOfPage":{"@id":"https:\/\/wp.kristdemokraterna.se\/vaggeryd\/att-aldras-ska-vara-nagot-man-ska-kunna-se-fram-emot\/"},"wordCount":790,"articleSection":["Nyheter","V\u00e5r politik"],"inLanguage":"sv-SE"},{"@type":"WebPage","@id":"https:\/\/wp.kristdemokraterna.se\/vaggeryd\/att-aldras-ska-vara-nagot-man-ska-kunna-se-fram-emot\/","url":"https:\/\/wp.kristdemokraterna.se\/vaggeryd\/att-aldras-ska-vara-nagot-man-ska-kunna-se-fram-emot\/","name":"Att \u00e5ldras ska vara n\u00e5got man ska kunna se fram emot - Vaggeryd","isPartOf":{"@id":"https:\/\/wp.kristdemokraterna.se\/vaggeryd\/#website"},"datePublished":"2018-08-26T15:42:14+00:00","dateModified":"2018-08-26T17:29:16+00:00","author":{"@id":"https:\/\/wp.kristdemokraterna.se\/vaggeryd\/#\/schema\/person\/0af524ca60b38954726ae26be3744902"},"breadcrumb":{"@id":"https:\/\/wp.kristdemokraterna.se\/vaggeryd\/att-aldras-ska-vara-nagot-man-ska-kunna-se-fram-emot\/#breadcrumb"},"inLanguage":"sv-SE","potentialAction":[{"@type":"ReadAction","target":["https:\/\/wp.kristdemokraterna.se\/vaggeryd\/att-aldras-ska-vara-nagot-man-ska-kunna-se-fram-emot\/"]}]},{"@type":"BreadcrumbList","@id":"https:\/\/wp.kristdemokraterna.se\/vaggeryd\/att-aldras-ska-vara-nagot-man-ska-kunna-se-fram-emot\/#breadcrumb","itemListElement":[{"@type":"ListItem","position":1,"name":"Hem","item":"https:\/\/wp.kristdemokraterna.se\/vaggeryd\/"},{"@type":"ListItem","position":2,"name":"Att \u00e5ldras ska vara n\u00e5got man ska kunna se fram emot"}]},{"@type":"WebSite","@id":"https:\/\/wp.kristdemokraterna.se\/vaggeryd\/#website","url":"https:\/\/wp.kristdemokraterna.se\/vaggeryd\/","name":"Vaggeryd","description":"Kristdemokraterna Familjens r\u00f6st","inLanguage":"sv-SE"},{"@type":"Person","@id":"https:\/\/wp.kristdemokraterna.se\/vaggeryd\/#\/schema\/person\/0af524ca60b38954726ae26be3744902","name":"jenny","image":{"@type":"ImageObject","inLanguage":"sv-SE","@id":"https:\/\/secure.gravatar.com\/avatar\/656c66c6ccff223a7b53f0e00cd7661619d16e1acc9fd417c92bdf03499b6c4b?s=96&r=g","url":"https:\/\/secure.gravatar.com\/avatar\/656c66c6ccff223a7b53f0e00cd7661619d16e1acc9fd417c92bdf03499b6c4b?s=96&r=g","contentUrl":"https:\/\/secure.gravatar.com\/avatar\/656c66c6ccff223a7b53f0e00cd7661619d16e1acc9fd417c92bdf03499b6c4b?s=96&r=g","caption":"jenny"},"url":"https:\/\/wp.kristdemokraterna.se\/vaggeryd\/author\/jenny\/"}]}},"_links":{"self":[{"href":"https:\/\/wp.kristdemokraterna.se\/vaggeryd\/wp-json\/wp\/v2\/posts\/998","targetHints":{"allow":["GET"]}}],"collection":[{"href":"https:\/\/wp.kristdemokraterna.se\/vaggeryd\/wp-json\/wp\/v2\/posts"}],"about":[{"href":"https:\/\/wp.kristdemokraterna.se\/vaggeryd\/wp-json\/wp\/v2\/types\/post"}],"author":[{"embeddable":true,"href":"https:\/\/wp.kristdemokraterna.se\/vaggeryd\/wp-json\/wp\/v2\/users\/447"}],"replies":[{"embeddable":true,"href":"https:\/\/wp.kristdemokraterna.se\/vaggeryd\/wp-json\/wp\/v2\/comments?post=998"}],"version-history":[{"count":1,"href":"https:\/\/wp.kristdemokraterna.se\/vaggeryd\/wp-json\/wp\/v2\/posts\/998\/revisions"}],"predecessor-version":[{"id":999,"href":"https:\/\/wp.kristdemokraterna.se\/vaggeryd\/wp-json\/wp\/v2\/posts\/998\/revisions\/999"}],"wp:attachment":[{"href":"https:\/\/wp.kristdemokraterna.se\/vaggeryd\/wp-json\/wp\/v2\/media?parent=998"}],"wp:term":[{"taxonomy":"category","embeddable":true,"href":"https:\/\/wp.kristdemokraterna.se\/vaggeryd\/wp-json\/wp\/v2\/categories?post=998"},{"taxonomy":"post_tag","embeddable":true,"href":"https:\/\/wp.kristdemokraterna.se\/vaggeryd\/wp-json\/wp\/v2\/tags?post=998"}],"curies":[{"name":"wp","href":"https:\/\/api.w.org\/{rel}","templated":true}]}}