{"id":1034,"date":"2022-04-14T13:00:02","date_gmt":"2022-04-14T11:00:02","guid":{"rendered":"https:\/\/wp.kristdemokraterna.se\/varmdo\/?p=1034"},"modified":"2022-04-14T13:00:02","modified_gmt":"2022-04-14T11:00:02","slug":"varmdo-erbjuder-flyktninger-fran-ukraina-boendeplatser","status":"publish","type":"post","link":"https:\/\/wp.kristdemokraterna.se\/varmdo\/varmdo-erbjuder-flyktninger-fran-ukraina-boendeplatser\/","title":{"rendered":"V\u00e4rmd\u00f6 erbjuder flyktninger fr\u00e5n Ukraina boendeplatser"},"content":{"rendered":"<div class=\"kvgmc6g5 cxmmr5t8 oygrvhab hcukyx3x c1et5uql ii04i59q\">\n<div dir=\"auto\"><img loading=\"lazy\" decoding=\"async\" class=\"alignnone size-medium wp-image-1035\" src=\"http:\/\/wp.kristdemokraterna.se\/varmdo\/files\/2022\/04\/9bdbfe06-9ac0-4e76-9267-1d55ec098999-225x300.jpeg\" alt=\"\" width=\"225\" height=\"300\" srcset=\"https:\/\/wp.kristdemokraterna.se\/varmdo\/files\/2022\/04\/9bdbfe06-9ac0-4e76-9267-1d55ec098999-225x300.jpeg 225w, https:\/\/wp.kristdemokraterna.se\/varmdo\/files\/2022\/04\/9bdbfe06-9ac0-4e76-9267-1d55ec098999-768x1024.jpeg 768w, https:\/\/wp.kristdemokraterna.se\/varmdo\/files\/2022\/04\/9bdbfe06-9ac0-4e76-9267-1d55ec098999-1152x1536.jpeg 1152w, https:\/\/wp.kristdemokraterna.se\/varmdo\/files\/2022\/04\/9bdbfe06-9ac0-4e76-9267-1d55ec098999-150x200.jpeg 150w, https:\/\/wp.kristdemokraterna.se\/varmdo\/files\/2022\/04\/9bdbfe06-9ac0-4e76-9267-1d55ec098999-370x493.jpeg 370w, https:\/\/wp.kristdemokraterna.se\/varmdo\/files\/2022\/04\/9bdbfe06-9ac0-4e76-9267-1d55ec098999-770x1027.jpeg 770w, https:\/\/wp.kristdemokraterna.se\/varmdo\/files\/2022\/04\/9bdbfe06-9ac0-4e76-9267-1d55ec098999-450x600.jpeg 450w, https:\/\/wp.kristdemokraterna.se\/varmdo\/files\/2022\/04\/9bdbfe06-9ac0-4e76-9267-1d55ec098999-280x373.jpeg 280w, https:\/\/wp.kristdemokraterna.se\/varmdo\/files\/2022\/04\/9bdbfe06-9ac0-4e76-9267-1d55ec098999-340x453.jpeg 340w, https:\/\/wp.kristdemokraterna.se\/varmdo\/files\/2022\/04\/9bdbfe06-9ac0-4e76-9267-1d55ec098999-42x56.jpeg 42w, https:\/\/wp.kristdemokraterna.se\/varmdo\/files\/2022\/04\/9bdbfe06-9ac0-4e76-9267-1d55ec098999.jpeg 1170w\" sizes=\"auto, (max-width: 225px) 100vw, 225px\" \/><\/div>\n<div dir=\"auto\">Till f\u00f6ljd av krisen har antalet flyktingar fr\u00e5n Ukraina som kommer till Sverige \u00f6kat. Migrationsverket har beg\u00e4rt att kommunerna svarar skyndsamt om m\u00f6jligheterna att ta emot flyktingar. P\u00e5 senaste kommunfullm\u00e4ktige har vi beslutat om att V\u00e4rmd\u00f6 kan erbjuda 50 platser.<\/div>\n<\/div>\n<div class=\"cxmmr5t8 oygrvhab hcukyx3x c1et5uql o9v6fnle ii04i59q\">\n<div dir=\"auto\">&#8211; En m\u00e5nad har g\u00e5tt sedan Ukraina attackerades brutalt av Ryssland. En m\u00e5nad av att familjer har splittrats. Givetvis m\u00e5ste vi i V\u00e4rmd\u00f6 hitta m\u00f6jligheter till boendet f\u00f6r flyktingar, s\u00e4ger Anna Lipinska (KD), kommunalr\u00e5d<\/div>\n<\/div>\n","protected":false},"excerpt":{"rendered":"<p>Till f\u00f6ljd av krisen har antalet flyktingar fr\u00e5n Ukraina som kommer till Sverige \u00f6kat. Migrationsverket har beg\u00e4rt att kommunerna svarar skyndsamt om m\u00f6jligheterna att ta emot flyktingar. P\u00e5 senaste kommunfullm\u00e4ktige har vi beslutat om att V\u00e4rmd\u00f6 kan erbjuda 50 platser. &#8211; En m\u00e5nad har g\u00e5tt sedan Ukraina attackerades brutalt av Ryssland. En m\u00e5nad av att <a class=\"read-more-link\" href=\"https:\/\/wp.kristdemokraterna.se\/varmdo\/varmdo-erbjuder-flyktninger-fran-ukraina-boendeplatser\/\">Read More<\/a><\/p>\n","protected":false},"author":771,"featured_media":0,"comment_status":"closed","ping_status":"closed","sticky":false,"template":"","format":"standard","meta":{"_acf_changed":false,"footnotes":""},"categories":[4],"tags":[],"class_list":["post-1034","post","type-post","status-publish","format-standard","hentry","category-i-kommunen"],"acf":[],"yoast_head":"<!-- This site is optimized with the Yoast SEO plugin v27.5 - https:\/\/yoast.com\/product\/yoast-seo-wordpress\/ -->\n<title>V\u00e4rmd\u00f6 erbjuder flyktninger fr\u00e5n Ukraina boendeplatser - Kristdemokraterna i V\u00e4rmd\u00f6<\/title>\n<meta name=\"robots\" content=\"index, follow, max-snippet:-1, max-image-preview:large, max-video-preview:-1\" \/>\n<link rel=\"canonical\" href=\"https:\/\/wp.kristdemokraterna.se\/varmdo\/varmdo-erbjuder-flyktninger-fran-ukraina-boendeplatser\/\" \/>\n<meta property=\"og:locale\" content=\"sv_SE\" \/>\n<meta property=\"og:type\" content=\"article\" \/>\n<meta property=\"og:title\" content=\"V\u00e4rmd\u00f6 erbjuder flyktninger fr\u00e5n Ukraina boendeplatser - Kristdemokraterna i V\u00e4rmd\u00f6\" \/>\n<meta property=\"og:description\" content=\"Till f\u00f6ljd av krisen har antalet flyktingar fr\u00e5n Ukraina som kommer till Sverige \u00f6kat. Migrationsverket har beg\u00e4rt att kommunerna svarar skyndsamt om m\u00f6jligheterna att ta emot flyktingar. P\u00e5 senaste kommunfullm\u00e4ktige har vi beslutat om att V\u00e4rmd\u00f6 kan erbjuda 50 platser. &#8211; En m\u00e5nad har g\u00e5tt sedan Ukraina attackerades brutalt av Ryssland. En m\u00e5nad av att Read More\" \/>\n<meta property=\"og:url\" content=\"https:\/\/wp.kristdemokraterna.se\/varmdo\/varmdo-erbjuder-flyktninger-fran-ukraina-boendeplatser\/\" \/>\n<meta property=\"og:site_name\" content=\"Kristdemokraterna i V\u00e4rmd\u00f6\" \/>\n<meta property=\"article:published_time\" content=\"2022-04-14T11:00:02+00:00\" \/>\n<meta property=\"og:image\" content=\"http:\/\/wp.kristdemokraterna.se\/varmdo\/files\/2022\/04\/9bdbfe06-9ac0-4e76-9267-1d55ec098999-225x300.jpeg\" \/>\n<meta name=\"author\" content=\"varmdo2\" \/>\n<meta name=\"twitter:card\" content=\"summary_large_image\" \/>\n<meta name=\"twitter:label1\" content=\"Skriven av\" \/>\n\t<meta name=\"twitter:data1\" content=\"varmdo2\" \/>\n\t<meta name=\"twitter:label2\" content=\"Ber\u00e4knad l\u00e4stid\" \/>\n\t<meta name=\"twitter:data2\" content=\"1 minut\" \/>\n<script type=\"application\/ld+json\" class=\"yoast-schema-graph\">{\"@context\":\"https:\\\/\\\/schema.org\",\"@graph\":[{\"@type\":\"Article\",\"@id\":\"https:\\\/\\\/wp.kristdemokraterna.se\\\/varmdo\\\/varmdo-erbjuder-flyktninger-fran-ukraina-boendeplatser\\\/#article\",\"isPartOf\":{\"@id\":\"https:\\\/\\\/wp.kristdemokraterna.se\\\/varmdo\\\/varmdo-erbjuder-flyktninger-fran-ukraina-boendeplatser\\\/\"},\"author\":{\"name\":\"varmdo2\",\"@id\":\"https:\\\/\\\/wp.kristdemokraterna.se\\\/varmdo\\\/#\\\/schema\\\/person\\\/5d91fdc9241ce697cd2d61884eaa3629\"},\"headline\":\"V\u00e4rmd\u00f6 erbjuder flyktninger fr\u00e5n Ukraina boendeplatser\",\"datePublished\":\"2022-04-14T11:00:02+00:00\",\"mainEntityOfPage\":{\"@id\":\"https:\\\/\\\/wp.kristdemokraterna.se\\\/varmdo\\\/varmdo-erbjuder-flyktninger-fran-ukraina-boendeplatser\\\/\"},\"wordCount\":96,\"image\":{\"@id\":\"https:\\\/\\\/wp.kristdemokraterna.se\\\/varmdo\\\/varmdo-erbjuder-flyktninger-fran-ukraina-boendeplatser\\\/#primaryimage\"},\"thumbnailUrl\":\"http:\\\/\\\/wp.kristdemokraterna.se\\\/varmdo\\\/files\\\/2022\\\/04\\\/9bdbfe06-9ac0-4e76-9267-1d55ec098999-225x300.jpeg\",\"articleSection\":[\"I Kommunen\"],\"inLanguage\":\"sv-SE\"},{\"@type\":\"WebPage\",\"@id\":\"https:\\\/\\\/wp.kristdemokraterna.se\\\/varmdo\\\/varmdo-erbjuder-flyktninger-fran-ukraina-boendeplatser\\\/\",\"url\":\"https:\\\/\\\/wp.kristdemokraterna.se\\\/varmdo\\\/varmdo-erbjuder-flyktninger-fran-ukraina-boendeplatser\\\/\",\"name\":\"V\u00e4rmd\u00f6 erbjuder flyktninger fr\u00e5n Ukraina boendeplatser - Kristdemokraterna i V\u00e4rmd\u00f6\",\"isPartOf\":{\"@id\":\"https:\\\/\\\/wp.kristdemokraterna.se\\\/varmdo\\\/#website\"},\"primaryImageOfPage\":{\"@id\":\"https:\\\/\\\/wp.kristdemokraterna.se\\\/varmdo\\\/varmdo-erbjuder-flyktninger-fran-ukraina-boendeplatser\\\/#primaryimage\"},\"image\":{\"@id\":\"https:\\\/\\\/wp.kristdemokraterna.se\\\/varmdo\\\/varmdo-erbjuder-flyktninger-fran-ukraina-boendeplatser\\\/#primaryimage\"},\"thumbnailUrl\":\"http:\\\/\\\/wp.kristdemokraterna.se\\\/varmdo\\\/files\\\/2022\\\/04\\\/9bdbfe06-9ac0-4e76-9267-1d55ec098999-225x300.jpeg\",\"datePublished\":\"2022-04-14T11:00:02+00:00\",\"author\":{\"@id\":\"https:\\\/\\\/wp.kristdemokraterna.se\\\/varmdo\\\/#\\\/schema\\\/person\\\/5d91fdc9241ce697cd2d61884eaa3629\"},\"breadcrumb\":{\"@id\":\"https:\\\/\\\/wp.kristdemokraterna.se\\\/varmdo\\\/varmdo-erbjuder-flyktninger-fran-ukraina-boendeplatser\\\/#breadcrumb\"},\"inLanguage\":\"sv-SE\",\"potentialAction\":[{\"@type\":\"ReadAction\",\"target\":[\"https:\\\/\\\/wp.kristdemokraterna.se\\\/varmdo\\\/varmdo-erbjuder-flyktninger-fran-ukraina-boendeplatser\\\/\"]}]},{\"@type\":\"ImageObject\",\"inLanguage\":\"sv-SE\",\"@id\":\"https:\\\/\\\/wp.kristdemokraterna.se\\\/varmdo\\\/varmdo-erbjuder-flyktninger-fran-ukraina-boendeplatser\\\/#primaryimage\",\"url\":\"http:\\\/\\\/wp.kristdemokraterna.se\\\/varmdo\\\/files\\\/2022\\\/04\\\/9bdbfe06-9ac0-4e76-9267-1d55ec098999-225x300.jpeg\",\"contentUrl\":\"http:\\\/\\\/wp.kristdemokraterna.se\\\/varmdo\\\/files\\\/2022\\\/04\\\/9bdbfe06-9ac0-4e76-9267-1d55ec098999-225x300.jpeg\"},{\"@type\":\"BreadcrumbList\",\"@id\":\"https:\\\/\\\/wp.kristdemokraterna.se\\\/varmdo\\\/varmdo-erbjuder-flyktninger-fran-ukraina-boendeplatser\\\/#breadcrumb\",\"itemListElement\":[{\"@type\":\"ListItem\",\"position\":1,\"name\":\"Hem\",\"item\":\"https:\\\/\\\/wp.kristdemokraterna.se\\\/varmdo\\\/\"},{\"@type\":\"ListItem\",\"position\":2,\"name\":\"V\u00e4rmd\u00f6 erbjuder flyktninger fr\u00e5n Ukraina boendeplatser\"}]},{\"@type\":\"WebSite\",\"@id\":\"https:\\\/\\\/wp.kristdemokraterna.se\\\/varmdo\\\/#website\",\"url\":\"https:\\\/\\\/wp.kristdemokraterna.se\\\/varmdo\\\/\",\"name\":\"Kristdemokraterna i V\u00e4rmd\u00f6\",\"description\":\"En till Kristdemokraterna webbplats\",\"inLanguage\":\"sv-SE\"},{\"@type\":\"Person\",\"@id\":\"https:\\\/\\\/wp.kristdemokraterna.se\\\/varmdo\\\/#\\\/schema\\\/person\\\/5d91fdc9241ce697cd2d61884eaa3629\",\"name\":\"varmdo2\",\"image\":{\"@type\":\"ImageObject\",\"inLanguage\":\"sv-SE\",\"@id\":\"https:\\\/\\\/secure.gravatar.com\\\/avatar\\\/1bafbd8e305be4e2283d46a8fff54cb985609dc6aa7d411732b0aa27164930c7?s=96&d=mm&r=g\",\"url\":\"https:\\\/\\\/secure.gravatar.com\\\/avatar\\\/1bafbd8e305be4e2283d46a8fff54cb985609dc6aa7d411732b0aa27164930c7?s=96&d=mm&r=g\",\"contentUrl\":\"https:\\\/\\\/secure.gravatar.com\\\/avatar\\\/1bafbd8e305be4e2283d46a8fff54cb985609dc6aa7d411732b0aa27164930c7?s=96&d=mm&r=g\",\"caption\":\"varmdo2\"},\"url\":\"https:\\\/\\\/wp.kristdemokraterna.se\\\/varmdo\\\/author\\\/varmdo2\\\/\"}]}<\/script>\n<!-- \/ Yoast SEO plugin. -->","yoast_head_json":{"title":"V\u00e4rmd\u00f6 erbjuder flyktninger fr\u00e5n Ukraina boendeplatser - Kristdemokraterna i V\u00e4rmd\u00f6","robots":{"index":"index","follow":"follow","max-snippet":"max-snippet:-1","max-image-preview":"max-image-preview:large","max-video-preview":"max-video-preview:-1"},"canonical":"https:\/\/wp.kristdemokraterna.se\/varmdo\/varmdo-erbjuder-flyktninger-fran-ukraina-boendeplatser\/","og_locale":"sv_SE","og_type":"article","og_title":"V\u00e4rmd\u00f6 erbjuder flyktninger fr\u00e5n Ukraina boendeplatser - Kristdemokraterna i V\u00e4rmd\u00f6","og_description":"Till f\u00f6ljd av krisen har antalet flyktingar fr\u00e5n Ukraina som kommer till Sverige \u00f6kat. Migrationsverket har beg\u00e4rt att kommunerna svarar skyndsamt om m\u00f6jligheterna att ta emot flyktingar. P\u00e5 senaste kommunfullm\u00e4ktige har vi beslutat om att V\u00e4rmd\u00f6 kan erbjuda 50 platser. &#8211; En m\u00e5nad har g\u00e5tt sedan Ukraina attackerades brutalt av Ryssland. En m\u00e5nad av att Read More","og_url":"https:\/\/wp.kristdemokraterna.se\/varmdo\/varmdo-erbjuder-flyktninger-fran-ukraina-boendeplatser\/","og_site_name":"Kristdemokraterna i V\u00e4rmd\u00f6","article_published_time":"2022-04-14T11:00:02+00:00","og_image":[{"url":"http:\/\/wp.kristdemokraterna.se\/varmdo\/files\/2022\/04\/9bdbfe06-9ac0-4e76-9267-1d55ec098999-225x300.jpeg","type":"","width":"","height":""}],"author":"varmdo2","twitter_card":"summary_large_image","twitter_misc":{"Skriven av":"varmdo2","Ber\u00e4knad l\u00e4stid":"1 minut"},"schema":{"@context":"https:\/\/schema.org","@graph":[{"@type":"Article","@id":"https:\/\/wp.kristdemokraterna.se\/varmdo\/varmdo-erbjuder-flyktninger-fran-ukraina-boendeplatser\/#article","isPartOf":{"@id":"https:\/\/wp.kristdemokraterna.se\/varmdo\/varmdo-erbjuder-flyktninger-fran-ukraina-boendeplatser\/"},"author":{"name":"varmdo2","@id":"https:\/\/wp.kristdemokraterna.se\/varmdo\/#\/schema\/person\/5d91fdc9241ce697cd2d61884eaa3629"},"headline":"V\u00e4rmd\u00f6 erbjuder flyktninger fr\u00e5n Ukraina boendeplatser","datePublished":"2022-04-14T11:00:02+00:00","mainEntityOfPage":{"@id":"https:\/\/wp.kristdemokraterna.se\/varmdo\/varmdo-erbjuder-flyktninger-fran-ukraina-boendeplatser\/"},"wordCount":96,"image":{"@id":"https:\/\/wp.kristdemokraterna.se\/varmdo\/varmdo-erbjuder-flyktninger-fran-ukraina-boendeplatser\/#primaryimage"},"thumbnailUrl":"http:\/\/wp.kristdemokraterna.se\/varmdo\/files\/2022\/04\/9bdbfe06-9ac0-4e76-9267-1d55ec098999-225x300.jpeg","articleSection":["I Kommunen"],"inLanguage":"sv-SE"},{"@type":"WebPage","@id":"https:\/\/wp.kristdemokraterna.se\/varmdo\/varmdo-erbjuder-flyktninger-fran-ukraina-boendeplatser\/","url":"https:\/\/wp.kristdemokraterna.se\/varmdo\/varmdo-erbjuder-flyktninger-fran-ukraina-boendeplatser\/","name":"V\u00e4rmd\u00f6 erbjuder flyktninger fr\u00e5n Ukraina boendeplatser - Kristdemokraterna i V\u00e4rmd\u00f6","isPartOf":{"@id":"https:\/\/wp.kristdemokraterna.se\/varmdo\/#website"},"primaryImageOfPage":{"@id":"https:\/\/wp.kristdemokraterna.se\/varmdo\/varmdo-erbjuder-flyktninger-fran-ukraina-boendeplatser\/#primaryimage"},"image":{"@id":"https:\/\/wp.kristdemokraterna.se\/varmdo\/varmdo-erbjuder-flyktninger-fran-ukraina-boendeplatser\/#primaryimage"},"thumbnailUrl":"http:\/\/wp.kristdemokraterna.se\/varmdo\/files\/2022\/04\/9bdbfe06-9ac0-4e76-9267-1d55ec098999-225x300.jpeg","datePublished":"2022-04-14T11:00:02+00:00","author":{"@id":"https:\/\/wp.kristdemokraterna.se\/varmdo\/#\/schema\/person\/5d91fdc9241ce697cd2d61884eaa3629"},"breadcrumb":{"@id":"https:\/\/wp.kristdemokraterna.se\/varmdo\/varmdo-erbjuder-flyktninger-fran-ukraina-boendeplatser\/#breadcrumb"},"inLanguage":"sv-SE","potentialAction":[{"@type":"ReadAction","target":["https:\/\/wp.kristdemokraterna.se\/varmdo\/varmdo-erbjuder-flyktninger-fran-ukraina-boendeplatser\/"]}]},{"@type":"ImageObject","inLanguage":"sv-SE","@id":"https:\/\/wp.kristdemokraterna.se\/varmdo\/varmdo-erbjuder-flyktninger-fran-ukraina-boendeplatser\/#primaryimage","url":"http:\/\/wp.kristdemokraterna.se\/varmdo\/files\/2022\/04\/9bdbfe06-9ac0-4e76-9267-1d55ec098999-225x300.jpeg","contentUrl":"http:\/\/wp.kristdemokraterna.se\/varmdo\/files\/2022\/04\/9bdbfe06-9ac0-4e76-9267-1d55ec098999-225x300.jpeg"},{"@type":"BreadcrumbList","@id":"https:\/\/wp.kristdemokraterna.se\/varmdo\/varmdo-erbjuder-flyktninger-fran-ukraina-boendeplatser\/#breadcrumb","itemListElement":[{"@type":"ListItem","position":1,"name":"Hem","item":"https:\/\/wp.kristdemokraterna.se\/varmdo\/"},{"@type":"ListItem","position":2,"name":"V\u00e4rmd\u00f6 erbjuder flyktninger fr\u00e5n Ukraina boendeplatser"}]},{"@type":"WebSite","@id":"https:\/\/wp.kristdemokraterna.se\/varmdo\/#website","url":"https:\/\/wp.kristdemokraterna.se\/varmdo\/","name":"Kristdemokraterna i V\u00e4rmd\u00f6","description":"En till Kristdemokraterna webbplats","inLanguage":"sv-SE"},{"@type":"Person","@id":"https:\/\/wp.kristdemokraterna.se\/varmdo\/#\/schema\/person\/5d91fdc9241ce697cd2d61884eaa3629","name":"varmdo2","image":{"@type":"ImageObject","inLanguage":"sv-SE","@id":"https:\/\/secure.gravatar.com\/avatar\/1bafbd8e305be4e2283d46a8fff54cb985609dc6aa7d411732b0aa27164930c7?s=96&d=mm&r=g","url":"https:\/\/secure.gravatar.com\/avatar\/1bafbd8e305be4e2283d46a8fff54cb985609dc6aa7d411732b0aa27164930c7?s=96&d=mm&r=g","contentUrl":"https:\/\/secure.gravatar.com\/avatar\/1bafbd8e305be4e2283d46a8fff54cb985609dc6aa7d411732b0aa27164930c7?s=96&d=mm&r=g","caption":"varmdo2"},"url":"https:\/\/wp.kristdemokraterna.se\/varmdo\/author\/varmdo2\/"}]}},"_links":{"self":[{"href":"https:\/\/wp.kristdemokraterna.se\/varmdo\/wp-json\/wp\/v2\/posts\/1034","targetHints":{"allow":["GET"]}}],"collection":[{"href":"https:\/\/wp.kristdemokraterna.se\/varmdo\/wp-json\/wp\/v2\/posts"}],"about":[{"href":"https:\/\/wp.kristdemokraterna.se\/varmdo\/wp-json\/wp\/v2\/types\/post"}],"author":[{"embeddable":true,"href":"https:\/\/wp.kristdemokraterna.se\/varmdo\/wp-json\/wp\/v2\/users\/771"}],"replies":[{"embeddable":true,"href":"https:\/\/wp.kristdemokraterna.se\/varmdo\/wp-json\/wp\/v2\/comments?post=1034"}],"version-history":[{"count":1,"href":"https:\/\/wp.kristdemokraterna.se\/varmdo\/wp-json\/wp\/v2\/posts\/1034\/revisions"}],"predecessor-version":[{"id":1036,"href":"https:\/\/wp.kristdemokraterna.se\/varmdo\/wp-json\/wp\/v2\/posts\/1034\/revisions\/1036"}],"wp:attachment":[{"href":"https:\/\/wp.kristdemokraterna.se\/varmdo\/wp-json\/wp\/v2\/media?parent=1034"}],"wp:term":[{"taxonomy":"category","embeddable":true,"href":"https:\/\/wp.kristdemokraterna.se\/varmdo\/wp-json\/wp\/v2\/categories?post=1034"},{"taxonomy":"post_tag","embeddable":true,"href":"https:\/\/wp.kristdemokraterna.se\/varmdo\/wp-json\/wp\/v2\/tags?post=1034"}],"curies":[{"name":"wp","href":"https:\/\/api.w.org\/{rel}","templated":true}]}}