{"id":1177,"date":"2022-07-15T10:11:42","date_gmt":"2022-07-15T08:11:42","guid":{"rendered":"https:\/\/wp.kristdemokraterna.se\/varmdo\/?p=1177"},"modified":"2022-07-15T10:38:07","modified_gmt":"2022-07-15T08:38:07","slug":"debatt-i-mitt-i-mp-s-elbilszon-ar-en-spark-mot-kranskommunernas-invanare","status":"publish","type":"post","link":"https:\/\/wp.kristdemokraterna.se\/varmdo\/debatt-i-mitt-i-mp-s-elbilszon-ar-en-spark-mot-kranskommunernas-invanare\/","title":{"rendered":"Debatt i Mitt-i: MP:s elbilszon \u00e4r en spark mot kranskommunernas inv\u00e5nare"},"content":{"rendered":"<p>Vi har reagerat mot Milj\u00f6partiet i Stockholms stad f\u00f6rslag att endast till\u00e5ta elbilar i Stockholms innerstadsk\u00e4rna fr\u00e5n 2026.<\/p>\n<p><a href=\"https:\/\/www.mitti.se\/debatt\/debatt-mps-elbilszon-ar-en-spark-mot-kranskommunernas-invanare\/repvft!PlIKp7pMghL8k1efPESOQQ\/?fbclid=IwAR1jTgiZcaHYn9ZGWlDdmrRhNMMKmVK-O0X8QXEngTSQzmaKfw97zyJCaMo\">L\u00e4s Anders Josephssons och Ulf Perbos debattartikel i Mitt-i.\u00a0<\/a><\/p>\n<p>&nbsp;<\/p>\n","protected":false},"excerpt":{"rendered":"<p>Vi har reagerat mot Milj\u00f6partiet i Stockholms stad f\u00f6rslag att endast till\u00e5ta elbilar i Stockholms innerstadsk\u00e4rna fr\u00e5n 2026. L\u00e4s Anders Josephssons och Ulf Perbos debattartikel i Mitt-i.\u00a0 &nbsp;<\/p>\n","protected":false},"author":771,"featured_media":0,"comment_status":"closed","ping_status":"closed","sticky":false,"template":"","format":"standard","meta":{"_acf_changed":false,"footnotes":""},"categories":[1],"tags":[],"class_list":["post-1177","post","type-post","status-publish","format-standard","hentry","category-okategoriserade"],"acf":[],"yoast_head":"<!-- This site is optimized with the Yoast SEO plugin v27.4 - https:\/\/yoast.com\/product\/yoast-seo-wordpress\/ -->\n<title>Debatt i Mitt-i: MP:s elbilszon \u00e4r en spark mot kranskommunernas inv\u00e5nare - Kristdemokraterna i V\u00e4rmd\u00f6<\/title>\n<meta name=\"robots\" content=\"index, follow, max-snippet:-1, max-image-preview:large, max-video-preview:-1\" \/>\n<link rel=\"canonical\" href=\"https:\/\/wp.kristdemokraterna.se\/varmdo\/debatt-i-mitt-i-mp-s-elbilszon-ar-en-spark-mot-kranskommunernas-invanare\/\" \/>\n<meta property=\"og:locale\" content=\"sv_SE\" \/>\n<meta property=\"og:type\" content=\"article\" \/>\n<meta property=\"og:title\" content=\"Debatt i Mitt-i: MP:s elbilszon \u00e4r en spark mot kranskommunernas inv\u00e5nare - Kristdemokraterna i V\u00e4rmd\u00f6\" \/>\n<meta property=\"og:description\" content=\"Vi har reagerat mot Milj\u00f6partiet i Stockholms stad f\u00f6rslag att endast till\u00e5ta elbilar i Stockholms innerstadsk\u00e4rna fr\u00e5n 2026. L\u00e4s Anders Josephssons och Ulf Perbos debattartikel i Mitt-i.\u00a0 &nbsp;\" \/>\n<meta property=\"og:url\" content=\"https:\/\/wp.kristdemokraterna.se\/varmdo\/debatt-i-mitt-i-mp-s-elbilszon-ar-en-spark-mot-kranskommunernas-invanare\/\" \/>\n<meta property=\"og:site_name\" content=\"Kristdemokraterna i V\u00e4rmd\u00f6\" \/>\n<meta property=\"article:published_time\" content=\"2022-07-15T08:11:42+00:00\" \/>\n<meta property=\"article:modified_time\" content=\"2022-07-15T08:38:07+00:00\" \/>\n<meta name=\"author\" content=\"varmdo2\" \/>\n<meta name=\"twitter:card\" content=\"summary_large_image\" \/>\n<meta name=\"twitter:label1\" content=\"Skriven av\" \/>\n\t<meta name=\"twitter:data1\" content=\"varmdo2\" \/>\n<script type=\"application\/ld+json\" class=\"yoast-schema-graph\">{\"@context\":\"https:\\\/\\\/schema.org\",\"@graph\":[{\"@type\":\"Article\",\"@id\":\"https:\\\/\\\/wp.kristdemokraterna.se\\\/varmdo\\\/debatt-i-mitt-i-mp-s-elbilszon-ar-en-spark-mot-kranskommunernas-invanare\\\/#article\",\"isPartOf\":{\"@id\":\"https:\\\/\\\/wp.kristdemokraterna.se\\\/varmdo\\\/debatt-i-mitt-i-mp-s-elbilszon-ar-en-spark-mot-kranskommunernas-invanare\\\/\"},\"author\":{\"name\":\"varmdo2\",\"@id\":\"https:\\\/\\\/wp.kristdemokraterna.se\\\/varmdo\\\/#\\\/schema\\\/person\\\/5d91fdc9241ce697cd2d61884eaa3629\"},\"headline\":\"Debatt i Mitt-i: MP:s elbilszon \u00e4r en spark mot kranskommunernas inv\u00e5nare\",\"datePublished\":\"2022-07-15T08:11:42+00:00\",\"dateModified\":\"2022-07-15T08:38:07+00:00\",\"mainEntityOfPage\":{\"@id\":\"https:\\\/\\\/wp.kristdemokraterna.se\\\/varmdo\\\/debatt-i-mitt-i-mp-s-elbilszon-ar-en-spark-mot-kranskommunernas-invanare\\\/\"},\"wordCount\":46,\"inLanguage\":\"sv-SE\"},{\"@type\":\"WebPage\",\"@id\":\"https:\\\/\\\/wp.kristdemokraterna.se\\\/varmdo\\\/debatt-i-mitt-i-mp-s-elbilszon-ar-en-spark-mot-kranskommunernas-invanare\\\/\",\"url\":\"https:\\\/\\\/wp.kristdemokraterna.se\\\/varmdo\\\/debatt-i-mitt-i-mp-s-elbilszon-ar-en-spark-mot-kranskommunernas-invanare\\\/\",\"name\":\"Debatt i Mitt-i: MP:s elbilszon \u00e4r en spark mot kranskommunernas inv\u00e5nare - Kristdemokraterna i V\u00e4rmd\u00f6\",\"isPartOf\":{\"@id\":\"https:\\\/\\\/wp.kristdemokraterna.se\\\/varmdo\\\/#website\"},\"datePublished\":\"2022-07-15T08:11:42+00:00\",\"dateModified\":\"2022-07-15T08:38:07+00:00\",\"author\":{\"@id\":\"https:\\\/\\\/wp.kristdemokraterna.se\\\/varmdo\\\/#\\\/schema\\\/person\\\/5d91fdc9241ce697cd2d61884eaa3629\"},\"breadcrumb\":{\"@id\":\"https:\\\/\\\/wp.kristdemokraterna.se\\\/varmdo\\\/debatt-i-mitt-i-mp-s-elbilszon-ar-en-spark-mot-kranskommunernas-invanare\\\/#breadcrumb\"},\"inLanguage\":\"sv-SE\",\"potentialAction\":[{\"@type\":\"ReadAction\",\"target\":[\"https:\\\/\\\/wp.kristdemokraterna.se\\\/varmdo\\\/debatt-i-mitt-i-mp-s-elbilszon-ar-en-spark-mot-kranskommunernas-invanare\\\/\"]}]},{\"@type\":\"BreadcrumbList\",\"@id\":\"https:\\\/\\\/wp.kristdemokraterna.se\\\/varmdo\\\/debatt-i-mitt-i-mp-s-elbilszon-ar-en-spark-mot-kranskommunernas-invanare\\\/#breadcrumb\",\"itemListElement\":[{\"@type\":\"ListItem\",\"position\":1,\"name\":\"Hem\",\"item\":\"https:\\\/\\\/wp.kristdemokraterna.se\\\/varmdo\\\/\"},{\"@type\":\"ListItem\",\"position\":2,\"name\":\"Debatt i Mitt-i: MP:s elbilszon \u00e4r en spark mot kranskommunernas inv\u00e5nare\"}]},{\"@type\":\"WebSite\",\"@id\":\"https:\\\/\\\/wp.kristdemokraterna.se\\\/varmdo\\\/#website\",\"url\":\"https:\\\/\\\/wp.kristdemokraterna.se\\\/varmdo\\\/\",\"name\":\"Kristdemokraterna i V\u00e4rmd\u00f6\",\"description\":\"En till Kristdemokraterna webbplats\",\"inLanguage\":\"sv-SE\"},{\"@type\":\"Person\",\"@id\":\"https:\\\/\\\/wp.kristdemokraterna.se\\\/varmdo\\\/#\\\/schema\\\/person\\\/5d91fdc9241ce697cd2d61884eaa3629\",\"name\":\"varmdo2\",\"image\":{\"@type\":\"ImageObject\",\"inLanguage\":\"sv-SE\",\"@id\":\"https:\\\/\\\/secure.gravatar.com\\\/avatar\\\/1bafbd8e305be4e2283d46a8fff54cb985609dc6aa7d411732b0aa27164930c7?s=96&d=mm&r=g\",\"url\":\"https:\\\/\\\/secure.gravatar.com\\\/avatar\\\/1bafbd8e305be4e2283d46a8fff54cb985609dc6aa7d411732b0aa27164930c7?s=96&d=mm&r=g\",\"contentUrl\":\"https:\\\/\\\/secure.gravatar.com\\\/avatar\\\/1bafbd8e305be4e2283d46a8fff54cb985609dc6aa7d411732b0aa27164930c7?s=96&d=mm&r=g\",\"caption\":\"varmdo2\"},\"url\":\"https:\\\/\\\/wp.kristdemokraterna.se\\\/varmdo\\\/author\\\/varmdo2\\\/\"}]}<\/script>\n<!-- \/ Yoast SEO plugin. -->","yoast_head_json":{"title":"Debatt i Mitt-i: MP:s elbilszon \u00e4r en spark mot kranskommunernas inv\u00e5nare - Kristdemokraterna i V\u00e4rmd\u00f6","robots":{"index":"index","follow":"follow","max-snippet":"max-snippet:-1","max-image-preview":"max-image-preview:large","max-video-preview":"max-video-preview:-1"},"canonical":"https:\/\/wp.kristdemokraterna.se\/varmdo\/debatt-i-mitt-i-mp-s-elbilszon-ar-en-spark-mot-kranskommunernas-invanare\/","og_locale":"sv_SE","og_type":"article","og_title":"Debatt i Mitt-i: MP:s elbilszon \u00e4r en spark mot kranskommunernas inv\u00e5nare - Kristdemokraterna i V\u00e4rmd\u00f6","og_description":"Vi har reagerat mot Milj\u00f6partiet i Stockholms stad f\u00f6rslag att endast till\u00e5ta elbilar i Stockholms innerstadsk\u00e4rna fr\u00e5n 2026. L\u00e4s Anders Josephssons och Ulf Perbos debattartikel i Mitt-i.\u00a0 &nbsp;","og_url":"https:\/\/wp.kristdemokraterna.se\/varmdo\/debatt-i-mitt-i-mp-s-elbilszon-ar-en-spark-mot-kranskommunernas-invanare\/","og_site_name":"Kristdemokraterna i V\u00e4rmd\u00f6","article_published_time":"2022-07-15T08:11:42+00:00","article_modified_time":"2022-07-15T08:38:07+00:00","author":"varmdo2","twitter_card":"summary_large_image","twitter_misc":{"Skriven av":"varmdo2"},"schema":{"@context":"https:\/\/schema.org","@graph":[{"@type":"Article","@id":"https:\/\/wp.kristdemokraterna.se\/varmdo\/debatt-i-mitt-i-mp-s-elbilszon-ar-en-spark-mot-kranskommunernas-invanare\/#article","isPartOf":{"@id":"https:\/\/wp.kristdemokraterna.se\/varmdo\/debatt-i-mitt-i-mp-s-elbilszon-ar-en-spark-mot-kranskommunernas-invanare\/"},"author":{"name":"varmdo2","@id":"https:\/\/wp.kristdemokraterna.se\/varmdo\/#\/schema\/person\/5d91fdc9241ce697cd2d61884eaa3629"},"headline":"Debatt i Mitt-i: MP:s elbilszon \u00e4r en spark mot kranskommunernas inv\u00e5nare","datePublished":"2022-07-15T08:11:42+00:00","dateModified":"2022-07-15T08:38:07+00:00","mainEntityOfPage":{"@id":"https:\/\/wp.kristdemokraterna.se\/varmdo\/debatt-i-mitt-i-mp-s-elbilszon-ar-en-spark-mot-kranskommunernas-invanare\/"},"wordCount":46,"inLanguage":"sv-SE"},{"@type":"WebPage","@id":"https:\/\/wp.kristdemokraterna.se\/varmdo\/debatt-i-mitt-i-mp-s-elbilszon-ar-en-spark-mot-kranskommunernas-invanare\/","url":"https:\/\/wp.kristdemokraterna.se\/varmdo\/debatt-i-mitt-i-mp-s-elbilszon-ar-en-spark-mot-kranskommunernas-invanare\/","name":"Debatt i Mitt-i: MP:s elbilszon \u00e4r en spark mot kranskommunernas inv\u00e5nare - Kristdemokraterna i V\u00e4rmd\u00f6","isPartOf":{"@id":"https:\/\/wp.kristdemokraterna.se\/varmdo\/#website"},"datePublished":"2022-07-15T08:11:42+00:00","dateModified":"2022-07-15T08:38:07+00:00","author":{"@id":"https:\/\/wp.kristdemokraterna.se\/varmdo\/#\/schema\/person\/5d91fdc9241ce697cd2d61884eaa3629"},"breadcrumb":{"@id":"https:\/\/wp.kristdemokraterna.se\/varmdo\/debatt-i-mitt-i-mp-s-elbilszon-ar-en-spark-mot-kranskommunernas-invanare\/#breadcrumb"},"inLanguage":"sv-SE","potentialAction":[{"@type":"ReadAction","target":["https:\/\/wp.kristdemokraterna.se\/varmdo\/debatt-i-mitt-i-mp-s-elbilszon-ar-en-spark-mot-kranskommunernas-invanare\/"]}]},{"@type":"BreadcrumbList","@id":"https:\/\/wp.kristdemokraterna.se\/varmdo\/debatt-i-mitt-i-mp-s-elbilszon-ar-en-spark-mot-kranskommunernas-invanare\/#breadcrumb","itemListElement":[{"@type":"ListItem","position":1,"name":"Hem","item":"https:\/\/wp.kristdemokraterna.se\/varmdo\/"},{"@type":"ListItem","position":2,"name":"Debatt i Mitt-i: MP:s elbilszon \u00e4r en spark mot kranskommunernas inv\u00e5nare"}]},{"@type":"WebSite","@id":"https:\/\/wp.kristdemokraterna.se\/varmdo\/#website","url":"https:\/\/wp.kristdemokraterna.se\/varmdo\/","name":"Kristdemokraterna i V\u00e4rmd\u00f6","description":"En till Kristdemokraterna webbplats","inLanguage":"sv-SE"},{"@type":"Person","@id":"https:\/\/wp.kristdemokraterna.se\/varmdo\/#\/schema\/person\/5d91fdc9241ce697cd2d61884eaa3629","name":"varmdo2","image":{"@type":"ImageObject","inLanguage":"sv-SE","@id":"https:\/\/secure.gravatar.com\/avatar\/1bafbd8e305be4e2283d46a8fff54cb985609dc6aa7d411732b0aa27164930c7?s=96&d=mm&r=g","url":"https:\/\/secure.gravatar.com\/avatar\/1bafbd8e305be4e2283d46a8fff54cb985609dc6aa7d411732b0aa27164930c7?s=96&d=mm&r=g","contentUrl":"https:\/\/secure.gravatar.com\/avatar\/1bafbd8e305be4e2283d46a8fff54cb985609dc6aa7d411732b0aa27164930c7?s=96&d=mm&r=g","caption":"varmdo2"},"url":"https:\/\/wp.kristdemokraterna.se\/varmdo\/author\/varmdo2\/"}]}},"_links":{"self":[{"href":"https:\/\/wp.kristdemokraterna.se\/varmdo\/wp-json\/wp\/v2\/posts\/1177","targetHints":{"allow":["GET"]}}],"collection":[{"href":"https:\/\/wp.kristdemokraterna.se\/varmdo\/wp-json\/wp\/v2\/posts"}],"about":[{"href":"https:\/\/wp.kristdemokraterna.se\/varmdo\/wp-json\/wp\/v2\/types\/post"}],"author":[{"embeddable":true,"href":"https:\/\/wp.kristdemokraterna.se\/varmdo\/wp-json\/wp\/v2\/users\/771"}],"replies":[{"embeddable":true,"href":"https:\/\/wp.kristdemokraterna.se\/varmdo\/wp-json\/wp\/v2\/comments?post=1177"}],"version-history":[{"count":3,"href":"https:\/\/wp.kristdemokraterna.se\/varmdo\/wp-json\/wp\/v2\/posts\/1177\/revisions"}],"predecessor-version":[{"id":1190,"href":"https:\/\/wp.kristdemokraterna.se\/varmdo\/wp-json\/wp\/v2\/posts\/1177\/revisions\/1190"}],"wp:attachment":[{"href":"https:\/\/wp.kristdemokraterna.se\/varmdo\/wp-json\/wp\/v2\/media?parent=1177"}],"wp:term":[{"taxonomy":"category","embeddable":true,"href":"https:\/\/wp.kristdemokraterna.se\/varmdo\/wp-json\/wp\/v2\/categories?post=1177"},{"taxonomy":"post_tag","embeddable":true,"href":"https:\/\/wp.kristdemokraterna.se\/varmdo\/wp-json\/wp\/v2\/tags?post=1177"}],"curies":[{"name":"wp","href":"https:\/\/api.w.org\/{rel}","templated":true}]}}