{"id":420,"date":"2018-01-12T12:31:34","date_gmt":"2018-01-12T11:31:34","guid":{"rendered":"http:\/\/wp.kristdemokraterna.se\/varmdo2\/?p=420"},"modified":"2022-04-14T18:23:13","modified_gmt":"2022-04-14T16:23:13","slug":"trafikborgarradet-daniel-hellden-ar-ute-och-cyklar","status":"publish","type":"post","link":"https:\/\/wp.kristdemokraterna.se\/varmdo\/trafikborgarradet-daniel-hellden-ar-ute-och-cyklar\/","title":{"rendered":"Trafikborgarr\u00e5det \u00e4r ute och cyklar"},"content":{"rendered":"<p>-Trafikborgarr\u00e5det i Stockholm \u00e4r ute och cyklar i vanlig ordning. F\u00f6rslaget att ta bort ytterligare ett bilk\u00f6rf\u00e4lt vid Slussen \u00e4r verklighetsfr\u00e5nv\u00e4nt. Det s\u00e4ger Anders Josephsson, ordf\u00f6rande f\u00f6r Kristdemokraterna i V\u00e4rmd\u00f6, med anledning av\u00a0att trafikborgarr\u00e5det i Stockholm, Daniel Hellden, MP,\u00a0 redan till v\u00e5ren 2018 vill\u00a0ta bort ett k\u00f6rf\u00e4lt f\u00f6r bilarna vid Stadsg\u00e5rdsleden f\u00f6r att maka plats \u00e5t cyklister.<\/p>\n<p>-Redan sitter bilisterna i o\u00e4ndliga k\u00f6er vid Slussen. Att g\u00f6ra situationen \u00e4nnu v\u00e4rre tidigare \u00e4n n\u00f6dv\u00e4ndigt \u00e4r of\u00f6rsk\u00e4mt.Visst finns det tr\u00e4ngsel p\u00e5 cykelbanorna, framf\u00f6rallt mellan cyklister som k\u00f6r som om varje dag vore den sista, och cyklister som k\u00f6r saktare men l\u00f6sningen \u00e4r inte att ta bort ett k\u00f6rf\u00e4lt f\u00f6r bilarna.<\/p>\n<p>-Daniel Hellden och hans partikamrater bedriver prickskytte mot allt vad bilar heter. Men vi kan inte r\u00e4kna bort bilarna. De\u00a0finns d\u00e4r och de kommer att finnas d\u00e4r hur mycket Daniel Hellden \u00e4n m\u00e5 ogilla dem.<\/p>\n<p>-Det finns ett liv utanf\u00f6r tullarna och varje dag tvingas hundratals V\u00e4rmd\u00f6bor sitta i k\u00f6er vid Slussen. Inte f\u00f6r att de \u00e4lskar k\u00f6er eller bilen, utan f\u00f6r att flertalet av dem \u00e4r beroende av sin bil under arbetet. Sl\u00e4ng f\u00f6rslaget i papperskorgen d\u00e4r det h\u00f6r hemma och sedan hoppas jag att Stockholmarna r\u00f6star fram en annan majoritet efter valet 2018!<\/p>\n<p><a href=\"http:\/\/wp.kristdemokraterna.se\/varmdo2\/files\/2018\/01\/skgsportnov241-200x300.jpg\"><img loading=\"lazy\" decoding=\"async\" class=\"size-full wp-image-421 alignleft\" src=\"http:\/\/wp.kristdemokraterna.se\/varmdo2\/files\/2018\/01\/skgsportnov241-200x300.jpg\" alt=\"\" width=\"200\" height=\"300\" srcset=\"https:\/\/wp.kristdemokraterna.se\/varmdo\/files\/2018\/01\/skgsportnov241-200x300.jpg 200w, https:\/\/wp.kristdemokraterna.se\/varmdo\/files\/2018\/01\/skgsportnov241-200x300-133x200.jpg 133w, https:\/\/wp.kristdemokraterna.se\/varmdo\/files\/2018\/01\/skgsportnov241-200x300-37x56.jpg 37w\" sizes=\"auto, (max-width: 200px) 100vw, 200px\" \/><\/a><\/p>\n<p>&nbsp;<\/p>\n<p>&nbsp;<\/p>\n","protected":false},"excerpt":{"rendered":"<p>-Trafikborgarr\u00e5det i Stockholm \u00e4r ute och cyklar i vanlig ordning. F\u00f6rslaget att ta bort ytterligare ett bilk\u00f6rf\u00e4lt vid Slussen \u00e4r verklighetsfr\u00e5nv\u00e4nt. Det s\u00e4ger Anders Josephsson, ordf\u00f6rande f\u00f6r Kristdemokraterna i V\u00e4rmd\u00f6, med anledning av\u00a0att trafikborgarr\u00e5det i Stockholm, Daniel Hellden, MP,\u00a0 redan till v\u00e5ren 2018 vill\u00a0ta bort ett k\u00f6rf\u00e4lt f\u00f6r bilarna vid Stadsg\u00e5rdsleden f\u00f6r att maka plats <a class=\"read-more-link\" href=\"https:\/\/wp.kristdemokraterna.se\/varmdo\/trafikborgarradet-daniel-hellden-ar-ute-och-cyklar\/\">Read More<\/a><\/p>\n","protected":false},"author":444,"featured_media":0,"comment_status":"closed","ping_status":"closed","sticky":false,"template":"","format":"standard","meta":{"_acf_changed":false,"footnotes":""},"categories":[13],"tags":[],"class_list":["post-420","post","type-post","status-publish","format-standard","hentry","category-arkiv"],"acf":[],"yoast_head":"<!-- This site is optimized with the Yoast SEO plugin v27.4 - https:\/\/yoast.com\/product\/yoast-seo-wordpress\/ -->\n<title>Trafikborgarr\u00e5det \u00e4r ute och cyklar - Kristdemokraterna i V\u00e4rmd\u00f6<\/title>\n<meta name=\"robots\" content=\"index, follow, max-snippet:-1, max-image-preview:large, max-video-preview:-1\" \/>\n<link rel=\"canonical\" href=\"https:\/\/wp.kristdemokraterna.se\/varmdo\/trafikborgarradet-daniel-hellden-ar-ute-och-cyklar\/\" \/>\n<meta property=\"og:locale\" content=\"sv_SE\" \/>\n<meta property=\"og:type\" content=\"article\" \/>\n<meta property=\"og:title\" content=\"Trafikborgarr\u00e5det \u00e4r ute och cyklar - Kristdemokraterna i V\u00e4rmd\u00f6\" \/>\n<meta property=\"og:description\" content=\"-Trafikborgarr\u00e5det i Stockholm \u00e4r ute och cyklar i vanlig ordning. F\u00f6rslaget att ta bort ytterligare ett bilk\u00f6rf\u00e4lt vid Slussen \u00e4r verklighetsfr\u00e5nv\u00e4nt. Det s\u00e4ger Anders Josephsson, ordf\u00f6rande f\u00f6r Kristdemokraterna i V\u00e4rmd\u00f6, med anledning av\u00a0att trafikborgarr\u00e5det i Stockholm, Daniel Hellden, MP,\u00a0 redan till v\u00e5ren 2018 vill\u00a0ta bort ett k\u00f6rf\u00e4lt f\u00f6r bilarna vid Stadsg\u00e5rdsleden f\u00f6r att maka plats Read More\" \/>\n<meta property=\"og:url\" content=\"https:\/\/wp.kristdemokraterna.se\/varmdo\/trafikborgarradet-daniel-hellden-ar-ute-och-cyklar\/\" \/>\n<meta property=\"og:site_name\" content=\"Kristdemokraterna i V\u00e4rmd\u00f6\" \/>\n<meta property=\"article:published_time\" content=\"2018-01-12T11:31:34+00:00\" \/>\n<meta property=\"article:modified_time\" content=\"2022-04-14T16:23:13+00:00\" \/>\n<meta property=\"og:image\" content=\"http:\/\/wp.kristdemokraterna.se\/varmdo2\/files\/2018\/01\/skgsportnov241-200x300.jpg\" \/>\n<meta name=\"author\" content=\"helpdesk\" \/>\n<meta name=\"twitter:card\" content=\"summary_large_image\" \/>\n<meta name=\"twitter:label1\" content=\"Skriven av\" \/>\n\t<meta name=\"twitter:data1\" content=\"helpdesk\" \/>\n\t<meta name=\"twitter:label2\" content=\"Ber\u00e4knad l\u00e4stid\" \/>\n\t<meta name=\"twitter:data2\" content=\"1 minut\" \/>\n<script type=\"application\/ld+json\" class=\"yoast-schema-graph\">{\"@context\":\"https:\\\/\\\/schema.org\",\"@graph\":[{\"@type\":\"Article\",\"@id\":\"https:\\\/\\\/wp.kristdemokraterna.se\\\/varmdo\\\/trafikborgarradet-daniel-hellden-ar-ute-och-cyklar\\\/#article\",\"isPartOf\":{\"@id\":\"https:\\\/\\\/wp.kristdemokraterna.se\\\/varmdo\\\/trafikborgarradet-daniel-hellden-ar-ute-och-cyklar\\\/\"},\"author\":{\"name\":\"helpdesk\",\"@id\":\"https:\\\/\\\/wp.kristdemokraterna.se\\\/varmdo\\\/#\\\/schema\\\/person\\\/98d27838d17178471da5e8a56aa604a4\"},\"headline\":\"Trafikborgarr\u00e5det \u00e4r ute och cyklar\",\"datePublished\":\"2018-01-12T11:31:34+00:00\",\"dateModified\":\"2022-04-14T16:23:13+00:00\",\"mainEntityOfPage\":{\"@id\":\"https:\\\/\\\/wp.kristdemokraterna.se\\\/varmdo\\\/trafikborgarradet-daniel-hellden-ar-ute-och-cyklar\\\/\"},\"wordCount\":261,\"image\":{\"@id\":\"https:\\\/\\\/wp.kristdemokraterna.se\\\/varmdo\\\/trafikborgarradet-daniel-hellden-ar-ute-och-cyklar\\\/#primaryimage\"},\"thumbnailUrl\":\"http:\\\/\\\/wp.kristdemokraterna.se\\\/varmdo2\\\/files\\\/2018\\\/01\\\/skgsportnov241-200x300.jpg\",\"articleSection\":[\"Arkiv\"],\"inLanguage\":\"sv-SE\"},{\"@type\":\"WebPage\",\"@id\":\"https:\\\/\\\/wp.kristdemokraterna.se\\\/varmdo\\\/trafikborgarradet-daniel-hellden-ar-ute-och-cyklar\\\/\",\"url\":\"https:\\\/\\\/wp.kristdemokraterna.se\\\/varmdo\\\/trafikborgarradet-daniel-hellden-ar-ute-och-cyklar\\\/\",\"name\":\"Trafikborgarr\u00e5det \u00e4r ute och cyklar - Kristdemokraterna i V\u00e4rmd\u00f6\",\"isPartOf\":{\"@id\":\"https:\\\/\\\/wp.kristdemokraterna.se\\\/varmdo\\\/#website\"},\"primaryImageOfPage\":{\"@id\":\"https:\\\/\\\/wp.kristdemokraterna.se\\\/varmdo\\\/trafikborgarradet-daniel-hellden-ar-ute-och-cyklar\\\/#primaryimage\"},\"image\":{\"@id\":\"https:\\\/\\\/wp.kristdemokraterna.se\\\/varmdo\\\/trafikborgarradet-daniel-hellden-ar-ute-och-cyklar\\\/#primaryimage\"},\"thumbnailUrl\":\"http:\\\/\\\/wp.kristdemokraterna.se\\\/varmdo2\\\/files\\\/2018\\\/01\\\/skgsportnov241-200x300.jpg\",\"datePublished\":\"2018-01-12T11:31:34+00:00\",\"dateModified\":\"2022-04-14T16:23:13+00:00\",\"author\":{\"@id\":\"https:\\\/\\\/wp.kristdemokraterna.se\\\/varmdo\\\/#\\\/schema\\\/person\\\/98d27838d17178471da5e8a56aa604a4\"},\"breadcrumb\":{\"@id\":\"https:\\\/\\\/wp.kristdemokraterna.se\\\/varmdo\\\/trafikborgarradet-daniel-hellden-ar-ute-och-cyklar\\\/#breadcrumb\"},\"inLanguage\":\"sv-SE\",\"potentialAction\":[{\"@type\":\"ReadAction\",\"target\":[\"https:\\\/\\\/wp.kristdemokraterna.se\\\/varmdo\\\/trafikborgarradet-daniel-hellden-ar-ute-och-cyklar\\\/\"]}]},{\"@type\":\"ImageObject\",\"inLanguage\":\"sv-SE\",\"@id\":\"https:\\\/\\\/wp.kristdemokraterna.se\\\/varmdo\\\/trafikborgarradet-daniel-hellden-ar-ute-och-cyklar\\\/#primaryimage\",\"url\":\"http:\\\/\\\/wp.kristdemokraterna.se\\\/varmdo2\\\/files\\\/2018\\\/01\\\/skgsportnov241-200x300.jpg\",\"contentUrl\":\"http:\\\/\\\/wp.kristdemokraterna.se\\\/varmdo2\\\/files\\\/2018\\\/01\\\/skgsportnov241-200x300.jpg\"},{\"@type\":\"BreadcrumbList\",\"@id\":\"https:\\\/\\\/wp.kristdemokraterna.se\\\/varmdo\\\/trafikborgarradet-daniel-hellden-ar-ute-och-cyklar\\\/#breadcrumb\",\"itemListElement\":[{\"@type\":\"ListItem\",\"position\":1,\"name\":\"Hem\",\"item\":\"https:\\\/\\\/wp.kristdemokraterna.se\\\/varmdo\\\/\"},{\"@type\":\"ListItem\",\"position\":2,\"name\":\"Trafikborgarr\u00e5det \u00e4r ute och cyklar\"}]},{\"@type\":\"WebSite\",\"@id\":\"https:\\\/\\\/wp.kristdemokraterna.se\\\/varmdo\\\/#website\",\"url\":\"https:\\\/\\\/wp.kristdemokraterna.se\\\/varmdo\\\/\",\"name\":\"Kristdemokraterna i V\u00e4rmd\u00f6\",\"description\":\"En till Kristdemokraterna webbplats\",\"inLanguage\":\"sv-SE\"},{\"@type\":\"Person\",\"@id\":\"https:\\\/\\\/wp.kristdemokraterna.se\\\/varmdo\\\/#\\\/schema\\\/person\\\/98d27838d17178471da5e8a56aa604a4\",\"name\":\"helpdesk\",\"image\":{\"@type\":\"ImageObject\",\"inLanguage\":\"sv-SE\",\"@id\":\"https:\\\/\\\/secure.gravatar.com\\\/avatar\\\/2e747bc9a7d4e5a6ecca7d851e4175129f995f3f6d9ef18734d1ff623abe4a88?s=96&d=mm&r=g\",\"url\":\"https:\\\/\\\/secure.gravatar.com\\\/avatar\\\/2e747bc9a7d4e5a6ecca7d851e4175129f995f3f6d9ef18734d1ff623abe4a88?s=96&d=mm&r=g\",\"contentUrl\":\"https:\\\/\\\/secure.gravatar.com\\\/avatar\\\/2e747bc9a7d4e5a6ecca7d851e4175129f995f3f6d9ef18734d1ff623abe4a88?s=96&d=mm&r=g\",\"caption\":\"helpdesk\"},\"url\":\"https:\\\/\\\/wp.kristdemokraterna.se\\\/varmdo\\\/author\\\/helpdesk\\\/\"}]}<\/script>\n<!-- \/ Yoast SEO plugin. -->","yoast_head_json":{"title":"Trafikborgarr\u00e5det \u00e4r ute och cyklar - Kristdemokraterna i V\u00e4rmd\u00f6","robots":{"index":"index","follow":"follow","max-snippet":"max-snippet:-1","max-image-preview":"max-image-preview:large","max-video-preview":"max-video-preview:-1"},"canonical":"https:\/\/wp.kristdemokraterna.se\/varmdo\/trafikborgarradet-daniel-hellden-ar-ute-och-cyklar\/","og_locale":"sv_SE","og_type":"article","og_title":"Trafikborgarr\u00e5det \u00e4r ute och cyklar - Kristdemokraterna i V\u00e4rmd\u00f6","og_description":"-Trafikborgarr\u00e5det i Stockholm \u00e4r ute och cyklar i vanlig ordning. F\u00f6rslaget att ta bort ytterligare ett bilk\u00f6rf\u00e4lt vid Slussen \u00e4r verklighetsfr\u00e5nv\u00e4nt. Det s\u00e4ger Anders Josephsson, ordf\u00f6rande f\u00f6r Kristdemokraterna i V\u00e4rmd\u00f6, med anledning av\u00a0att trafikborgarr\u00e5det i Stockholm, Daniel Hellden, MP,\u00a0 redan till v\u00e5ren 2018 vill\u00a0ta bort ett k\u00f6rf\u00e4lt f\u00f6r bilarna vid Stadsg\u00e5rdsleden f\u00f6r att maka plats Read More","og_url":"https:\/\/wp.kristdemokraterna.se\/varmdo\/trafikborgarradet-daniel-hellden-ar-ute-och-cyklar\/","og_site_name":"Kristdemokraterna i V\u00e4rmd\u00f6","article_published_time":"2018-01-12T11:31:34+00:00","article_modified_time":"2022-04-14T16:23:13+00:00","og_image":[{"url":"http:\/\/wp.kristdemokraterna.se\/varmdo2\/files\/2018\/01\/skgsportnov241-200x300.jpg","type":"","width":"","height":""}],"author":"helpdesk","twitter_card":"summary_large_image","twitter_misc":{"Skriven av":"helpdesk","Ber\u00e4knad l\u00e4stid":"1 minut"},"schema":{"@context":"https:\/\/schema.org","@graph":[{"@type":"Article","@id":"https:\/\/wp.kristdemokraterna.se\/varmdo\/trafikborgarradet-daniel-hellden-ar-ute-och-cyklar\/#article","isPartOf":{"@id":"https:\/\/wp.kristdemokraterna.se\/varmdo\/trafikborgarradet-daniel-hellden-ar-ute-och-cyklar\/"},"author":{"name":"helpdesk","@id":"https:\/\/wp.kristdemokraterna.se\/varmdo\/#\/schema\/person\/98d27838d17178471da5e8a56aa604a4"},"headline":"Trafikborgarr\u00e5det \u00e4r ute och cyklar","datePublished":"2018-01-12T11:31:34+00:00","dateModified":"2022-04-14T16:23:13+00:00","mainEntityOfPage":{"@id":"https:\/\/wp.kristdemokraterna.se\/varmdo\/trafikborgarradet-daniel-hellden-ar-ute-och-cyklar\/"},"wordCount":261,"image":{"@id":"https:\/\/wp.kristdemokraterna.se\/varmdo\/trafikborgarradet-daniel-hellden-ar-ute-och-cyklar\/#primaryimage"},"thumbnailUrl":"http:\/\/wp.kristdemokraterna.se\/varmdo2\/files\/2018\/01\/skgsportnov241-200x300.jpg","articleSection":["Arkiv"],"inLanguage":"sv-SE"},{"@type":"WebPage","@id":"https:\/\/wp.kristdemokraterna.se\/varmdo\/trafikborgarradet-daniel-hellden-ar-ute-och-cyklar\/","url":"https:\/\/wp.kristdemokraterna.se\/varmdo\/trafikborgarradet-daniel-hellden-ar-ute-och-cyklar\/","name":"Trafikborgarr\u00e5det \u00e4r ute och cyklar - Kristdemokraterna i V\u00e4rmd\u00f6","isPartOf":{"@id":"https:\/\/wp.kristdemokraterna.se\/varmdo\/#website"},"primaryImageOfPage":{"@id":"https:\/\/wp.kristdemokraterna.se\/varmdo\/trafikborgarradet-daniel-hellden-ar-ute-och-cyklar\/#primaryimage"},"image":{"@id":"https:\/\/wp.kristdemokraterna.se\/varmdo\/trafikborgarradet-daniel-hellden-ar-ute-och-cyklar\/#primaryimage"},"thumbnailUrl":"http:\/\/wp.kristdemokraterna.se\/varmdo2\/files\/2018\/01\/skgsportnov241-200x300.jpg","datePublished":"2018-01-12T11:31:34+00:00","dateModified":"2022-04-14T16:23:13+00:00","author":{"@id":"https:\/\/wp.kristdemokraterna.se\/varmdo\/#\/schema\/person\/98d27838d17178471da5e8a56aa604a4"},"breadcrumb":{"@id":"https:\/\/wp.kristdemokraterna.se\/varmdo\/trafikborgarradet-daniel-hellden-ar-ute-och-cyklar\/#breadcrumb"},"inLanguage":"sv-SE","potentialAction":[{"@type":"ReadAction","target":["https:\/\/wp.kristdemokraterna.se\/varmdo\/trafikborgarradet-daniel-hellden-ar-ute-och-cyklar\/"]}]},{"@type":"ImageObject","inLanguage":"sv-SE","@id":"https:\/\/wp.kristdemokraterna.se\/varmdo\/trafikborgarradet-daniel-hellden-ar-ute-och-cyklar\/#primaryimage","url":"http:\/\/wp.kristdemokraterna.se\/varmdo2\/files\/2018\/01\/skgsportnov241-200x300.jpg","contentUrl":"http:\/\/wp.kristdemokraterna.se\/varmdo2\/files\/2018\/01\/skgsportnov241-200x300.jpg"},{"@type":"BreadcrumbList","@id":"https:\/\/wp.kristdemokraterna.se\/varmdo\/trafikborgarradet-daniel-hellden-ar-ute-och-cyklar\/#breadcrumb","itemListElement":[{"@type":"ListItem","position":1,"name":"Hem","item":"https:\/\/wp.kristdemokraterna.se\/varmdo\/"},{"@type":"ListItem","position":2,"name":"Trafikborgarr\u00e5det \u00e4r ute och cyklar"}]},{"@type":"WebSite","@id":"https:\/\/wp.kristdemokraterna.se\/varmdo\/#website","url":"https:\/\/wp.kristdemokraterna.se\/varmdo\/","name":"Kristdemokraterna i V\u00e4rmd\u00f6","description":"En till Kristdemokraterna webbplats","inLanguage":"sv-SE"},{"@type":"Person","@id":"https:\/\/wp.kristdemokraterna.se\/varmdo\/#\/schema\/person\/98d27838d17178471da5e8a56aa604a4","name":"helpdesk","image":{"@type":"ImageObject","inLanguage":"sv-SE","@id":"https:\/\/secure.gravatar.com\/avatar\/2e747bc9a7d4e5a6ecca7d851e4175129f995f3f6d9ef18734d1ff623abe4a88?s=96&d=mm&r=g","url":"https:\/\/secure.gravatar.com\/avatar\/2e747bc9a7d4e5a6ecca7d851e4175129f995f3f6d9ef18734d1ff623abe4a88?s=96&d=mm&r=g","contentUrl":"https:\/\/secure.gravatar.com\/avatar\/2e747bc9a7d4e5a6ecca7d851e4175129f995f3f6d9ef18734d1ff623abe4a88?s=96&d=mm&r=g","caption":"helpdesk"},"url":"https:\/\/wp.kristdemokraterna.se\/varmdo\/author\/helpdesk\/"}]}},"_links":{"self":[{"href":"https:\/\/wp.kristdemokraterna.se\/varmdo\/wp-json\/wp\/v2\/posts\/420","targetHints":{"allow":["GET"]}}],"collection":[{"href":"https:\/\/wp.kristdemokraterna.se\/varmdo\/wp-json\/wp\/v2\/posts"}],"about":[{"href":"https:\/\/wp.kristdemokraterna.se\/varmdo\/wp-json\/wp\/v2\/types\/post"}],"author":[{"embeddable":true,"href":"https:\/\/wp.kristdemokraterna.se\/varmdo\/wp-json\/wp\/v2\/users\/444"}],"replies":[{"embeddable":true,"href":"https:\/\/wp.kristdemokraterna.se\/varmdo\/wp-json\/wp\/v2\/comments?post=420"}],"version-history":[{"count":5,"href":"https:\/\/wp.kristdemokraterna.se\/varmdo\/wp-json\/wp\/v2\/posts\/420\/revisions"}],"predecessor-version":[{"id":427,"href":"https:\/\/wp.kristdemokraterna.se\/varmdo\/wp-json\/wp\/v2\/posts\/420\/revisions\/427"}],"wp:attachment":[{"href":"https:\/\/wp.kristdemokraterna.se\/varmdo\/wp-json\/wp\/v2\/media?parent=420"}],"wp:term":[{"taxonomy":"category","embeddable":true,"href":"https:\/\/wp.kristdemokraterna.se\/varmdo\/wp-json\/wp\/v2\/categories?post=420"},{"taxonomy":"post_tag","embeddable":true,"href":"https:\/\/wp.kristdemokraterna.se\/varmdo\/wp-json\/wp\/v2\/tags?post=420"}],"curies":[{"name":"wp","href":"https:\/\/api.w.org\/{rel}","templated":true}]}}