{"id":456,"date":"2018-02-15T22:31:39","date_gmt":"2018-02-15T21:31:39","guid":{"rendered":"http:\/\/wp.kristdemokraterna.se\/varmdo\/?p=456"},"modified":"2022-04-14T18:11:11","modified_gmt":"2022-04-14T16:11:11","slug":"varmdo-partiavdelnings-arsmote-2018","status":"publish","type":"post","link":"https:\/\/wp.kristdemokraterna.se\/varmdo\/varmdo-partiavdelnings-arsmote-2018\/","title":{"rendered":"V\u00e4rmd\u00f6 partiavdelnings \u00e5rsm\u00f6te 2018"},"content":{"rendered":"<p>Den 12 februari h\u00f6ll Kristdemokraterna i V\u00e4rmd\u00f6 sitt \u00e5rsm\u00f6te. Under kv\u00e4llen har man bl a fastst\u00e4llt valmanifestet och valsedel till kommunvalet 2018.Kristdemokraterna V\u00e4rmd\u00f6 g\u00e5r till val p\u00e5 en lista med n\u00e4stan j\u00e4mn f\u00f6rdelning mellan kvinnor och m\u00e4n och med bakgrunder fr\u00e5n b\u00e5de n\u00e4ringsliv, media och offentlig sektor. Med m\u00e5nga kompetenta personer siktar vi p\u00e5 att \u00f6ka sina mandat i h\u00f6st.Listan toppas av Anna Lipinska, f\u00f6ljd av P-O Fransson och Ulf Kjelsson.<\/p>\n<p><img loading=\"lazy\" decoding=\"async\" class=\"alignnone size-medium wp-image-474\" src=\"http:\/\/wp.kristdemokraterna.se\/varmdo\/files\/2018\/02\/tre-forsta-pa-listan-300x225.jpg\" alt=\"\" width=\"300\" height=\"225\" \/><\/p>\n<p>Anders Josephsson som blev omvald till posten som ordf\u00f6rande i Kristdemokraterna V\u00e4rmd\u00f6 ser p\u00e5 det g\u00e5ngna \u00e5ret som ett h\u00e4ndelserik och intensiv period och konstaterar att man har lyckats b\u00e5de p\u00e5verka politiken och synas i lokalmedia.<\/p>\n<p>&nbsp;<\/p>\n<p><strong>Nu samlar vi krafter och rustar f\u00f6r val\u00e5ret 2018!<\/strong><\/p>\n<p>V\u00e5rt m\u00e5l \u00e4r skapa f\u00f6ruts\u00e4ttningar f\u00f6r ett samh\u00e4lle d\u00e4r friheten att forma sitt eget liv g\u00e5r hand i hand med ansvaret f\u00f6r sin medm\u00e4nniska.<\/p>\n","protected":false},"excerpt":{"rendered":"<p>Den 12 februari h\u00f6ll Kristdemokraterna i V\u00e4rmd\u00f6 sitt \u00e5rsm\u00f6te. Under kv\u00e4llen har man bl a fastst\u00e4llt valmanifestet och valsedel till kommunvalet 2018.Kristdemokraterna V\u00e4rmd\u00f6 g\u00e5r till val p\u00e5 en lista med n\u00e4stan j\u00e4mn f\u00f6rdelning mellan kvinnor och m\u00e4n och med bakgrunder fr\u00e5n b\u00e5de n\u00e4ringsliv, media och offentlig sektor. Med m\u00e5nga kompetenta personer siktar vi p\u00e5 att <a class=\"read-more-link\" href=\"https:\/\/wp.kristdemokraterna.se\/varmdo\/varmdo-partiavdelnings-arsmote-2018\/\">Read More<\/a><\/p>\n","protected":false},"author":771,"featured_media":0,"comment_status":"closed","ping_status":"closed","sticky":false,"template":"","format":"standard","meta":{"_acf_changed":false,"footnotes":""},"categories":[13],"tags":[],"class_list":["post-456","post","type-post","status-publish","format-standard","hentry","category-arkiv"],"acf":[],"yoast_head":"<!-- This site is optimized with the Yoast SEO plugin v27.4 - https:\/\/yoast.com\/product\/yoast-seo-wordpress\/ -->\n<title>V\u00e4rmd\u00f6 partiavdelnings \u00e5rsm\u00f6te 2018 - Kristdemokraterna i V\u00e4rmd\u00f6<\/title>\n<meta name=\"robots\" content=\"index, follow, max-snippet:-1, max-image-preview:large, max-video-preview:-1\" \/>\n<link rel=\"canonical\" href=\"https:\/\/wp.kristdemokraterna.se\/varmdo\/varmdo-partiavdelnings-arsmote-2018\/\" \/>\n<meta property=\"og:locale\" content=\"sv_SE\" \/>\n<meta property=\"og:type\" content=\"article\" \/>\n<meta property=\"og:title\" content=\"V\u00e4rmd\u00f6 partiavdelnings \u00e5rsm\u00f6te 2018 - Kristdemokraterna i V\u00e4rmd\u00f6\" \/>\n<meta property=\"og:description\" content=\"Den 12 februari h\u00f6ll Kristdemokraterna i V\u00e4rmd\u00f6 sitt \u00e5rsm\u00f6te. Under kv\u00e4llen har man bl a fastst\u00e4llt valmanifestet och valsedel till kommunvalet 2018.Kristdemokraterna V\u00e4rmd\u00f6 g\u00e5r till val p\u00e5 en lista med n\u00e4stan j\u00e4mn f\u00f6rdelning mellan kvinnor och m\u00e4n och med bakgrunder fr\u00e5n b\u00e5de n\u00e4ringsliv, media och offentlig sektor. Med m\u00e5nga kompetenta personer siktar vi p\u00e5 att Read More\" \/>\n<meta property=\"og:url\" content=\"https:\/\/wp.kristdemokraterna.se\/varmdo\/varmdo-partiavdelnings-arsmote-2018\/\" \/>\n<meta property=\"og:site_name\" content=\"Kristdemokraterna i V\u00e4rmd\u00f6\" \/>\n<meta property=\"article:published_time\" content=\"2018-02-15T21:31:39+00:00\" \/>\n<meta property=\"article:modified_time\" content=\"2022-04-14T16:11:11+00:00\" \/>\n<meta property=\"og:image\" content=\"http:\/\/wp.kristdemokraterna.se\/varmdo\/files\/2018\/02\/tre-forsta-pa-listan-300x225.jpg\" \/>\n<meta name=\"author\" content=\"varmdo2\" \/>\n<meta name=\"twitter:card\" content=\"summary_large_image\" \/>\n<meta name=\"twitter:label1\" content=\"Skriven av\" \/>\n\t<meta name=\"twitter:data1\" content=\"varmdo2\" \/>\n\t<meta name=\"twitter:label2\" content=\"Ber\u00e4knad l\u00e4stid\" \/>\n\t<meta name=\"twitter:data2\" content=\"1 minut\" \/>\n<script type=\"application\/ld+json\" class=\"yoast-schema-graph\">{\"@context\":\"https:\\\/\\\/schema.org\",\"@graph\":[{\"@type\":\"Article\",\"@id\":\"https:\\\/\\\/wp.kristdemokraterna.se\\\/varmdo\\\/varmdo-partiavdelnings-arsmote-2018\\\/#article\",\"isPartOf\":{\"@id\":\"https:\\\/\\\/wp.kristdemokraterna.se\\\/varmdo\\\/varmdo-partiavdelnings-arsmote-2018\\\/\"},\"author\":{\"name\":\"varmdo2\",\"@id\":\"https:\\\/\\\/wp.kristdemokraterna.se\\\/varmdo\\\/#\\\/schema\\\/person\\\/5d91fdc9241ce697cd2d61884eaa3629\"},\"headline\":\"V\u00e4rmd\u00f6 partiavdelnings \u00e5rsm\u00f6te 2018\",\"datePublished\":\"2018-02-15T21:31:39+00:00\",\"dateModified\":\"2022-04-14T16:11:11+00:00\",\"mainEntityOfPage\":{\"@id\":\"https:\\\/\\\/wp.kristdemokraterna.se\\\/varmdo\\\/varmdo-partiavdelnings-arsmote-2018\\\/\"},\"wordCount\":180,\"image\":{\"@id\":\"https:\\\/\\\/wp.kristdemokraterna.se\\\/varmdo\\\/varmdo-partiavdelnings-arsmote-2018\\\/#primaryimage\"},\"thumbnailUrl\":\"http:\\\/\\\/wp.kristdemokraterna.se\\\/varmdo\\\/files\\\/2018\\\/02\\\/tre-forsta-pa-listan-300x225.jpg\",\"articleSection\":[\"Arkiv\"],\"inLanguage\":\"sv-SE\"},{\"@type\":\"WebPage\",\"@id\":\"https:\\\/\\\/wp.kristdemokraterna.se\\\/varmdo\\\/varmdo-partiavdelnings-arsmote-2018\\\/\",\"url\":\"https:\\\/\\\/wp.kristdemokraterna.se\\\/varmdo\\\/varmdo-partiavdelnings-arsmote-2018\\\/\",\"name\":\"V\u00e4rmd\u00f6 partiavdelnings \u00e5rsm\u00f6te 2018 - Kristdemokraterna i V\u00e4rmd\u00f6\",\"isPartOf\":{\"@id\":\"https:\\\/\\\/wp.kristdemokraterna.se\\\/varmdo\\\/#website\"},\"primaryImageOfPage\":{\"@id\":\"https:\\\/\\\/wp.kristdemokraterna.se\\\/varmdo\\\/varmdo-partiavdelnings-arsmote-2018\\\/#primaryimage\"},\"image\":{\"@id\":\"https:\\\/\\\/wp.kristdemokraterna.se\\\/varmdo\\\/varmdo-partiavdelnings-arsmote-2018\\\/#primaryimage\"},\"thumbnailUrl\":\"http:\\\/\\\/wp.kristdemokraterna.se\\\/varmdo\\\/files\\\/2018\\\/02\\\/tre-forsta-pa-listan-300x225.jpg\",\"datePublished\":\"2018-02-15T21:31:39+00:00\",\"dateModified\":\"2022-04-14T16:11:11+00:00\",\"author\":{\"@id\":\"https:\\\/\\\/wp.kristdemokraterna.se\\\/varmdo\\\/#\\\/schema\\\/person\\\/5d91fdc9241ce697cd2d61884eaa3629\"},\"breadcrumb\":{\"@id\":\"https:\\\/\\\/wp.kristdemokraterna.se\\\/varmdo\\\/varmdo-partiavdelnings-arsmote-2018\\\/#breadcrumb\"},\"inLanguage\":\"sv-SE\",\"potentialAction\":[{\"@type\":\"ReadAction\",\"target\":[\"https:\\\/\\\/wp.kristdemokraterna.se\\\/varmdo\\\/varmdo-partiavdelnings-arsmote-2018\\\/\"]}]},{\"@type\":\"ImageObject\",\"inLanguage\":\"sv-SE\",\"@id\":\"https:\\\/\\\/wp.kristdemokraterna.se\\\/varmdo\\\/varmdo-partiavdelnings-arsmote-2018\\\/#primaryimage\",\"url\":\"http:\\\/\\\/wp.kristdemokraterna.se\\\/varmdo\\\/files\\\/2018\\\/02\\\/tre-forsta-pa-listan-300x225.jpg\",\"contentUrl\":\"http:\\\/\\\/wp.kristdemokraterna.se\\\/varmdo\\\/files\\\/2018\\\/02\\\/tre-forsta-pa-listan-300x225.jpg\"},{\"@type\":\"BreadcrumbList\",\"@id\":\"https:\\\/\\\/wp.kristdemokraterna.se\\\/varmdo\\\/varmdo-partiavdelnings-arsmote-2018\\\/#breadcrumb\",\"itemListElement\":[{\"@type\":\"ListItem\",\"position\":1,\"name\":\"Hem\",\"item\":\"https:\\\/\\\/wp.kristdemokraterna.se\\\/varmdo\\\/\"},{\"@type\":\"ListItem\",\"position\":2,\"name\":\"V\u00e4rmd\u00f6 partiavdelnings \u00e5rsm\u00f6te 2018\"}]},{\"@type\":\"WebSite\",\"@id\":\"https:\\\/\\\/wp.kristdemokraterna.se\\\/varmdo\\\/#website\",\"url\":\"https:\\\/\\\/wp.kristdemokraterna.se\\\/varmdo\\\/\",\"name\":\"Kristdemokraterna i V\u00e4rmd\u00f6\",\"description\":\"En till Kristdemokraterna webbplats\",\"inLanguage\":\"sv-SE\"},{\"@type\":\"Person\",\"@id\":\"https:\\\/\\\/wp.kristdemokraterna.se\\\/varmdo\\\/#\\\/schema\\\/person\\\/5d91fdc9241ce697cd2d61884eaa3629\",\"name\":\"varmdo2\",\"image\":{\"@type\":\"ImageObject\",\"inLanguage\":\"sv-SE\",\"@id\":\"https:\\\/\\\/secure.gravatar.com\\\/avatar\\\/1bafbd8e305be4e2283d46a8fff54cb985609dc6aa7d411732b0aa27164930c7?s=96&d=mm&r=g\",\"url\":\"https:\\\/\\\/secure.gravatar.com\\\/avatar\\\/1bafbd8e305be4e2283d46a8fff54cb985609dc6aa7d411732b0aa27164930c7?s=96&d=mm&r=g\",\"contentUrl\":\"https:\\\/\\\/secure.gravatar.com\\\/avatar\\\/1bafbd8e305be4e2283d46a8fff54cb985609dc6aa7d411732b0aa27164930c7?s=96&d=mm&r=g\",\"caption\":\"varmdo2\"},\"url\":\"https:\\\/\\\/wp.kristdemokraterna.se\\\/varmdo\\\/author\\\/varmdo2\\\/\"}]}<\/script>\n<!-- \/ Yoast SEO plugin. -->","yoast_head_json":{"title":"V\u00e4rmd\u00f6 partiavdelnings \u00e5rsm\u00f6te 2018 - Kristdemokraterna i V\u00e4rmd\u00f6","robots":{"index":"index","follow":"follow","max-snippet":"max-snippet:-1","max-image-preview":"max-image-preview:large","max-video-preview":"max-video-preview:-1"},"canonical":"https:\/\/wp.kristdemokraterna.se\/varmdo\/varmdo-partiavdelnings-arsmote-2018\/","og_locale":"sv_SE","og_type":"article","og_title":"V\u00e4rmd\u00f6 partiavdelnings \u00e5rsm\u00f6te 2018 - Kristdemokraterna i V\u00e4rmd\u00f6","og_description":"Den 12 februari h\u00f6ll Kristdemokraterna i V\u00e4rmd\u00f6 sitt \u00e5rsm\u00f6te. Under kv\u00e4llen har man bl a fastst\u00e4llt valmanifestet och valsedel till kommunvalet 2018.Kristdemokraterna V\u00e4rmd\u00f6 g\u00e5r till val p\u00e5 en lista med n\u00e4stan j\u00e4mn f\u00f6rdelning mellan kvinnor och m\u00e4n och med bakgrunder fr\u00e5n b\u00e5de n\u00e4ringsliv, media och offentlig sektor. Med m\u00e5nga kompetenta personer siktar vi p\u00e5 att Read More","og_url":"https:\/\/wp.kristdemokraterna.se\/varmdo\/varmdo-partiavdelnings-arsmote-2018\/","og_site_name":"Kristdemokraterna i V\u00e4rmd\u00f6","article_published_time":"2018-02-15T21:31:39+00:00","article_modified_time":"2022-04-14T16:11:11+00:00","og_image":[{"url":"http:\/\/wp.kristdemokraterna.se\/varmdo\/files\/2018\/02\/tre-forsta-pa-listan-300x225.jpg","type":"","width":"","height":""}],"author":"varmdo2","twitter_card":"summary_large_image","twitter_misc":{"Skriven av":"varmdo2","Ber\u00e4knad l\u00e4stid":"1 minut"},"schema":{"@context":"https:\/\/schema.org","@graph":[{"@type":"Article","@id":"https:\/\/wp.kristdemokraterna.se\/varmdo\/varmdo-partiavdelnings-arsmote-2018\/#article","isPartOf":{"@id":"https:\/\/wp.kristdemokraterna.se\/varmdo\/varmdo-partiavdelnings-arsmote-2018\/"},"author":{"name":"varmdo2","@id":"https:\/\/wp.kristdemokraterna.se\/varmdo\/#\/schema\/person\/5d91fdc9241ce697cd2d61884eaa3629"},"headline":"V\u00e4rmd\u00f6 partiavdelnings \u00e5rsm\u00f6te 2018","datePublished":"2018-02-15T21:31:39+00:00","dateModified":"2022-04-14T16:11:11+00:00","mainEntityOfPage":{"@id":"https:\/\/wp.kristdemokraterna.se\/varmdo\/varmdo-partiavdelnings-arsmote-2018\/"},"wordCount":180,"image":{"@id":"https:\/\/wp.kristdemokraterna.se\/varmdo\/varmdo-partiavdelnings-arsmote-2018\/#primaryimage"},"thumbnailUrl":"http:\/\/wp.kristdemokraterna.se\/varmdo\/files\/2018\/02\/tre-forsta-pa-listan-300x225.jpg","articleSection":["Arkiv"],"inLanguage":"sv-SE"},{"@type":"WebPage","@id":"https:\/\/wp.kristdemokraterna.se\/varmdo\/varmdo-partiavdelnings-arsmote-2018\/","url":"https:\/\/wp.kristdemokraterna.se\/varmdo\/varmdo-partiavdelnings-arsmote-2018\/","name":"V\u00e4rmd\u00f6 partiavdelnings \u00e5rsm\u00f6te 2018 - Kristdemokraterna i V\u00e4rmd\u00f6","isPartOf":{"@id":"https:\/\/wp.kristdemokraterna.se\/varmdo\/#website"},"primaryImageOfPage":{"@id":"https:\/\/wp.kristdemokraterna.se\/varmdo\/varmdo-partiavdelnings-arsmote-2018\/#primaryimage"},"image":{"@id":"https:\/\/wp.kristdemokraterna.se\/varmdo\/varmdo-partiavdelnings-arsmote-2018\/#primaryimage"},"thumbnailUrl":"http:\/\/wp.kristdemokraterna.se\/varmdo\/files\/2018\/02\/tre-forsta-pa-listan-300x225.jpg","datePublished":"2018-02-15T21:31:39+00:00","dateModified":"2022-04-14T16:11:11+00:00","author":{"@id":"https:\/\/wp.kristdemokraterna.se\/varmdo\/#\/schema\/person\/5d91fdc9241ce697cd2d61884eaa3629"},"breadcrumb":{"@id":"https:\/\/wp.kristdemokraterna.se\/varmdo\/varmdo-partiavdelnings-arsmote-2018\/#breadcrumb"},"inLanguage":"sv-SE","potentialAction":[{"@type":"ReadAction","target":["https:\/\/wp.kristdemokraterna.se\/varmdo\/varmdo-partiavdelnings-arsmote-2018\/"]}]},{"@type":"ImageObject","inLanguage":"sv-SE","@id":"https:\/\/wp.kristdemokraterna.se\/varmdo\/varmdo-partiavdelnings-arsmote-2018\/#primaryimage","url":"http:\/\/wp.kristdemokraterna.se\/varmdo\/files\/2018\/02\/tre-forsta-pa-listan-300x225.jpg","contentUrl":"http:\/\/wp.kristdemokraterna.se\/varmdo\/files\/2018\/02\/tre-forsta-pa-listan-300x225.jpg"},{"@type":"BreadcrumbList","@id":"https:\/\/wp.kristdemokraterna.se\/varmdo\/varmdo-partiavdelnings-arsmote-2018\/#breadcrumb","itemListElement":[{"@type":"ListItem","position":1,"name":"Hem","item":"https:\/\/wp.kristdemokraterna.se\/varmdo\/"},{"@type":"ListItem","position":2,"name":"V\u00e4rmd\u00f6 partiavdelnings \u00e5rsm\u00f6te 2018"}]},{"@type":"WebSite","@id":"https:\/\/wp.kristdemokraterna.se\/varmdo\/#website","url":"https:\/\/wp.kristdemokraterna.se\/varmdo\/","name":"Kristdemokraterna i V\u00e4rmd\u00f6","description":"En till Kristdemokraterna webbplats","inLanguage":"sv-SE"},{"@type":"Person","@id":"https:\/\/wp.kristdemokraterna.se\/varmdo\/#\/schema\/person\/5d91fdc9241ce697cd2d61884eaa3629","name":"varmdo2","image":{"@type":"ImageObject","inLanguage":"sv-SE","@id":"https:\/\/secure.gravatar.com\/avatar\/1bafbd8e305be4e2283d46a8fff54cb985609dc6aa7d411732b0aa27164930c7?s=96&d=mm&r=g","url":"https:\/\/secure.gravatar.com\/avatar\/1bafbd8e305be4e2283d46a8fff54cb985609dc6aa7d411732b0aa27164930c7?s=96&d=mm&r=g","contentUrl":"https:\/\/secure.gravatar.com\/avatar\/1bafbd8e305be4e2283d46a8fff54cb985609dc6aa7d411732b0aa27164930c7?s=96&d=mm&r=g","caption":"varmdo2"},"url":"https:\/\/wp.kristdemokraterna.se\/varmdo\/author\/varmdo2\/"}]}},"_links":{"self":[{"href":"https:\/\/wp.kristdemokraterna.se\/varmdo\/wp-json\/wp\/v2\/posts\/456","targetHints":{"allow":["GET"]}}],"collection":[{"href":"https:\/\/wp.kristdemokraterna.se\/varmdo\/wp-json\/wp\/v2\/posts"}],"about":[{"href":"https:\/\/wp.kristdemokraterna.se\/varmdo\/wp-json\/wp\/v2\/types\/post"}],"author":[{"embeddable":true,"href":"https:\/\/wp.kristdemokraterna.se\/varmdo\/wp-json\/wp\/v2\/users\/771"}],"replies":[{"embeddable":true,"href":"https:\/\/wp.kristdemokraterna.se\/varmdo\/wp-json\/wp\/v2\/comments?post=456"}],"version-history":[{"count":11,"href":"https:\/\/wp.kristdemokraterna.se\/varmdo\/wp-json\/wp\/v2\/posts\/456\/revisions"}],"predecessor-version":[{"id":550,"href":"https:\/\/wp.kristdemokraterna.se\/varmdo\/wp-json\/wp\/v2\/posts\/456\/revisions\/550"}],"wp:attachment":[{"href":"https:\/\/wp.kristdemokraterna.se\/varmdo\/wp-json\/wp\/v2\/media?parent=456"}],"wp:term":[{"taxonomy":"category","embeddable":true,"href":"https:\/\/wp.kristdemokraterna.se\/varmdo\/wp-json\/wp\/v2\/categories?post=456"},{"taxonomy":"post_tag","embeddable":true,"href":"https:\/\/wp.kristdemokraterna.se\/varmdo\/wp-json\/wp\/v2\/tags?post=456"}],"curies":[{"name":"wp","href":"https:\/\/api.w.org\/{rel}","templated":true}]}}