{"id":490,"date":"2018-02-28T11:24:02","date_gmt":"2018-02-28T10:24:02","guid":{"rendered":"http:\/\/wp.kristdemokraterna.se\/varmdo\/?p=490"},"modified":"2022-04-14T18:11:02","modified_gmt":"2022-04-14T16:11:02","slug":"kandidater-till-kommunfullmaktigevalet-den-9-september","status":"publish","type":"post","link":"https:\/\/wp.kristdemokraterna.se\/varmdo\/kandidater-till-kommunfullmaktigevalet-den-9-september\/","title":{"rendered":"Kandidater till kommunfullm\u00e4ktige 9\/9"},"content":{"rendered":"<div>P\u00e5 v\u00e5rt \u00e5rsm\u00f6te den 12 februari fastst\u00e4llde vi valsedeln till kommunvalet i h\u00f6st.<\/div>\n<div><\/div>\n<div>-Vi m\u00f6nstrar ett starkt g\u00e4ng med en bra blandning av &#8221;nytt och gammalt&#8221;, m\u00e4n och kvinnor, och med blandade erfarenheter fr\u00e5n b\u00e5de n\u00e4ringsliv och offentlig sektor\u00a0, s\u00e4ger ordf\u00f6rande Anders Josephsson, tillika sammankallande i nomineringskommitt\u00e9n.<\/div>\n<div class=\"yj6qo\">\n<p>&nbsp;<\/p>\n<p><strong>Kandidater kommunfullm\u00e4ktige , <\/strong><strong>Kristdemokraterna V\u00e4rmd\u00f6 2018<\/strong><\/p>\n<ol>\n<li><strong>Anna Lipinska<\/strong>, 46, aff\u00e4rsutvecklingschef, Gustavsberg<\/li>\n<li><strong>Per-Olof Fransson<\/strong>, 73, ingenj\u00f6r, Ingar\u00f6<\/li>\n<li><strong>Ulf Kjellson<\/strong>, 71, f d anstaltsdirekt\u00f6r, Grills Udde<\/li>\n<li><strong>Madeleine Stjernstr\u00f6m<\/strong>, 27, kommunikat\u00f6r, Stavsn\u00e4s<\/li>\n<li><strong>Peter Br\u00e4nnstr\u00f6m<\/strong>, 63, managementkonsult, L\u00f6jvik<\/li>\n<li><strong>Cecilia Nilsson<\/strong>, 49, chefssjuksk\u00f6terska, V\u00e4rmd\u00f6<\/li>\n<li><strong>Stefan Dozzi<\/strong>, 52, generalsekreterare, Gustavsberg<\/li>\n<li><strong>Helene Reduthe<\/strong>, 55, kyrkomusiker, Ingar\u00f6<\/li>\n<li><strong>Ulrik Lindgren<\/strong>, 62, leg sjuksk\u00f6terska, Ingar\u00f6<\/li>\n<li><strong>Yvonne Edenholm<\/strong>, 47, PR-konsult, Ljung<\/li>\n<li><strong>Tomas Roovete<\/strong>, 57, civilekonom, Hagaberg<\/li>\n<li><strong>Cecilia Bergstrand<\/strong>, 45, friskv\u00e5rdskonsulent, Ingar\u00f6<\/li>\n<li><strong>Jan Dolk<\/strong>, 76, f d financial management, Hemmesta<\/li>\n<li><strong>Monica Fransson<\/strong>, 67, \u00e4ldreomsorgschef, Ingar\u00f6<\/li>\n<li><strong>Marie Nystr\u00f6m<\/strong>, 40, undersk\u00f6terska, Gustavsberg<\/li>\n<li><strong>Anders Josephsson<\/strong>, 51, n\u00e4ringspolitisk expert, Hagaberg<\/li>\n<li><strong>Marianne Essen<\/strong>, 79, f d reklamf\u00f6retagare, Skevik<\/li>\n<li><strong>Martti Hietikko<\/strong>, 55, IT-ansvarig, Munkmora<\/li>\n<li><strong>S\u00f6ren Bj\u00f6rlin<\/strong>, 76, f d f\u00f6rsamlingskass\u00f6r, Djurhamn<\/li>\n<\/ol>\n<\/div>\n<div class=\"adL\"><\/div>\n","protected":false},"excerpt":{"rendered":"<p>P\u00e5 v\u00e5rt \u00e5rsm\u00f6te den 12 februari fastst\u00e4llde vi valsedeln till kommunvalet i h\u00f6st. -Vi m\u00f6nstrar ett starkt g\u00e4ng med en bra blandning av &#8221;nytt och gammalt&#8221;, m\u00e4n och kvinnor, och med blandade erfarenheter fr\u00e5n b\u00e5de n\u00e4ringsliv och offentlig sektor\u00a0, s\u00e4ger ordf\u00f6rande Anders Josephsson, tillika sammankallande i nomineringskommitt\u00e9n. &nbsp; Kandidater kommunfullm\u00e4ktige , Kristdemokraterna V\u00e4rmd\u00f6 2018 Anna <a class=\"read-more-link\" href=\"https:\/\/wp.kristdemokraterna.se\/varmdo\/kandidater-till-kommunfullmaktigevalet-den-9-september\/\">Read More<\/a><\/p>\n","protected":false},"author":771,"featured_media":0,"comment_status":"closed","ping_status":"closed","sticky":false,"template":"","format":"standard","meta":{"_acf_changed":false,"footnotes":""},"categories":[13],"tags":[],"class_list":["post-490","post","type-post","status-publish","format-standard","hentry","category-arkiv"],"acf":[],"yoast_head":"<!-- This site is optimized with the Yoast SEO plugin v27.4 - https:\/\/yoast.com\/product\/yoast-seo-wordpress\/ -->\n<title>Kandidater till kommunfullm\u00e4ktige 9\/9 - Kristdemokraterna i V\u00e4rmd\u00f6<\/title>\n<meta name=\"robots\" content=\"index, follow, max-snippet:-1, max-image-preview:large, max-video-preview:-1\" \/>\n<link rel=\"canonical\" href=\"https:\/\/wp.kristdemokraterna.se\/varmdo\/kandidater-till-kommunfullmaktigevalet-den-9-september\/\" \/>\n<meta property=\"og:locale\" content=\"sv_SE\" \/>\n<meta property=\"og:type\" content=\"article\" \/>\n<meta property=\"og:title\" content=\"Kandidater till kommunfullm\u00e4ktige 9\/9 - Kristdemokraterna i V\u00e4rmd\u00f6\" \/>\n<meta property=\"og:description\" content=\"P\u00e5 v\u00e5rt \u00e5rsm\u00f6te den 12 februari fastst\u00e4llde vi valsedeln till kommunvalet i h\u00f6st. -Vi m\u00f6nstrar ett starkt g\u00e4ng med en bra blandning av &#8221;nytt och gammalt&#8221;, m\u00e4n och kvinnor, och med blandade erfarenheter fr\u00e5n b\u00e5de n\u00e4ringsliv och offentlig sektor\u00a0, s\u00e4ger ordf\u00f6rande Anders Josephsson, tillika sammankallande i nomineringskommitt\u00e9n. &nbsp; Kandidater kommunfullm\u00e4ktige , Kristdemokraterna V\u00e4rmd\u00f6 2018 Anna Read More\" \/>\n<meta property=\"og:url\" content=\"https:\/\/wp.kristdemokraterna.se\/varmdo\/kandidater-till-kommunfullmaktigevalet-den-9-september\/\" \/>\n<meta property=\"og:site_name\" content=\"Kristdemokraterna i V\u00e4rmd\u00f6\" \/>\n<meta property=\"article:published_time\" content=\"2018-02-28T10:24:02+00:00\" \/>\n<meta property=\"article:modified_time\" content=\"2022-04-14T16:11:02+00:00\" \/>\n<meta name=\"author\" content=\"varmdo2\" \/>\n<meta name=\"twitter:card\" content=\"summary_large_image\" \/>\n<meta name=\"twitter:label1\" content=\"Skriven av\" \/>\n\t<meta name=\"twitter:data1\" content=\"varmdo2\" \/>\n\t<meta name=\"twitter:label2\" content=\"Ber\u00e4knad l\u00e4stid\" \/>\n\t<meta name=\"twitter:data2\" content=\"1 minut\" \/>\n<script type=\"application\/ld+json\" class=\"yoast-schema-graph\">{\"@context\":\"https:\\\/\\\/schema.org\",\"@graph\":[{\"@type\":\"Article\",\"@id\":\"https:\\\/\\\/wp.kristdemokraterna.se\\\/varmdo\\\/kandidater-till-kommunfullmaktigevalet-den-9-september\\\/#article\",\"isPartOf\":{\"@id\":\"https:\\\/\\\/wp.kristdemokraterna.se\\\/varmdo\\\/kandidater-till-kommunfullmaktigevalet-den-9-september\\\/\"},\"author\":{\"name\":\"varmdo2\",\"@id\":\"https:\\\/\\\/wp.kristdemokraterna.se\\\/varmdo\\\/#\\\/schema\\\/person\\\/5d91fdc9241ce697cd2d61884eaa3629\"},\"headline\":\"Kandidater till kommunfullm\u00e4ktige 9\\\/9\",\"datePublished\":\"2018-02-28T10:24:02+00:00\",\"dateModified\":\"2022-04-14T16:11:02+00:00\",\"mainEntityOfPage\":{\"@id\":\"https:\\\/\\\/wp.kristdemokraterna.se\\\/varmdo\\\/kandidater-till-kommunfullmaktigevalet-den-9-september\\\/\"},\"wordCount\":179,\"articleSection\":[\"Arkiv\"],\"inLanguage\":\"sv-SE\"},{\"@type\":\"WebPage\",\"@id\":\"https:\\\/\\\/wp.kristdemokraterna.se\\\/varmdo\\\/kandidater-till-kommunfullmaktigevalet-den-9-september\\\/\",\"url\":\"https:\\\/\\\/wp.kristdemokraterna.se\\\/varmdo\\\/kandidater-till-kommunfullmaktigevalet-den-9-september\\\/\",\"name\":\"Kandidater till kommunfullm\u00e4ktige 9\\\/9 - Kristdemokraterna i V\u00e4rmd\u00f6\",\"isPartOf\":{\"@id\":\"https:\\\/\\\/wp.kristdemokraterna.se\\\/varmdo\\\/#website\"},\"datePublished\":\"2018-02-28T10:24:02+00:00\",\"dateModified\":\"2022-04-14T16:11:02+00:00\",\"author\":{\"@id\":\"https:\\\/\\\/wp.kristdemokraterna.se\\\/varmdo\\\/#\\\/schema\\\/person\\\/5d91fdc9241ce697cd2d61884eaa3629\"},\"breadcrumb\":{\"@id\":\"https:\\\/\\\/wp.kristdemokraterna.se\\\/varmdo\\\/kandidater-till-kommunfullmaktigevalet-den-9-september\\\/#breadcrumb\"},\"inLanguage\":\"sv-SE\",\"potentialAction\":[{\"@type\":\"ReadAction\",\"target\":[\"https:\\\/\\\/wp.kristdemokraterna.se\\\/varmdo\\\/kandidater-till-kommunfullmaktigevalet-den-9-september\\\/\"]}]},{\"@type\":\"BreadcrumbList\",\"@id\":\"https:\\\/\\\/wp.kristdemokraterna.se\\\/varmdo\\\/kandidater-till-kommunfullmaktigevalet-den-9-september\\\/#breadcrumb\",\"itemListElement\":[{\"@type\":\"ListItem\",\"position\":1,\"name\":\"Hem\",\"item\":\"https:\\\/\\\/wp.kristdemokraterna.se\\\/varmdo\\\/\"},{\"@type\":\"ListItem\",\"position\":2,\"name\":\"Kandidater till kommunfullm\u00e4ktige 9\\\/9\"}]},{\"@type\":\"WebSite\",\"@id\":\"https:\\\/\\\/wp.kristdemokraterna.se\\\/varmdo\\\/#website\",\"url\":\"https:\\\/\\\/wp.kristdemokraterna.se\\\/varmdo\\\/\",\"name\":\"Kristdemokraterna i V\u00e4rmd\u00f6\",\"description\":\"En till Kristdemokraterna webbplats\",\"inLanguage\":\"sv-SE\"},{\"@type\":\"Person\",\"@id\":\"https:\\\/\\\/wp.kristdemokraterna.se\\\/varmdo\\\/#\\\/schema\\\/person\\\/5d91fdc9241ce697cd2d61884eaa3629\",\"name\":\"varmdo2\",\"image\":{\"@type\":\"ImageObject\",\"inLanguage\":\"sv-SE\",\"@id\":\"https:\\\/\\\/secure.gravatar.com\\\/avatar\\\/1bafbd8e305be4e2283d46a8fff54cb985609dc6aa7d411732b0aa27164930c7?s=96&d=mm&r=g\",\"url\":\"https:\\\/\\\/secure.gravatar.com\\\/avatar\\\/1bafbd8e305be4e2283d46a8fff54cb985609dc6aa7d411732b0aa27164930c7?s=96&d=mm&r=g\",\"contentUrl\":\"https:\\\/\\\/secure.gravatar.com\\\/avatar\\\/1bafbd8e305be4e2283d46a8fff54cb985609dc6aa7d411732b0aa27164930c7?s=96&d=mm&r=g\",\"caption\":\"varmdo2\"},\"url\":\"https:\\\/\\\/wp.kristdemokraterna.se\\\/varmdo\\\/author\\\/varmdo2\\\/\"}]}<\/script>\n<!-- \/ Yoast SEO plugin. -->","yoast_head_json":{"title":"Kandidater till kommunfullm\u00e4ktige 9\/9 - Kristdemokraterna i V\u00e4rmd\u00f6","robots":{"index":"index","follow":"follow","max-snippet":"max-snippet:-1","max-image-preview":"max-image-preview:large","max-video-preview":"max-video-preview:-1"},"canonical":"https:\/\/wp.kristdemokraterna.se\/varmdo\/kandidater-till-kommunfullmaktigevalet-den-9-september\/","og_locale":"sv_SE","og_type":"article","og_title":"Kandidater till kommunfullm\u00e4ktige 9\/9 - Kristdemokraterna i V\u00e4rmd\u00f6","og_description":"P\u00e5 v\u00e5rt \u00e5rsm\u00f6te den 12 februari fastst\u00e4llde vi valsedeln till kommunvalet i h\u00f6st. -Vi m\u00f6nstrar ett starkt g\u00e4ng med en bra blandning av &#8221;nytt och gammalt&#8221;, m\u00e4n och kvinnor, och med blandade erfarenheter fr\u00e5n b\u00e5de n\u00e4ringsliv och offentlig sektor\u00a0, s\u00e4ger ordf\u00f6rande Anders Josephsson, tillika sammankallande i nomineringskommitt\u00e9n. &nbsp; Kandidater kommunfullm\u00e4ktige , Kristdemokraterna V\u00e4rmd\u00f6 2018 Anna Read More","og_url":"https:\/\/wp.kristdemokraterna.se\/varmdo\/kandidater-till-kommunfullmaktigevalet-den-9-september\/","og_site_name":"Kristdemokraterna i V\u00e4rmd\u00f6","article_published_time":"2018-02-28T10:24:02+00:00","article_modified_time":"2022-04-14T16:11:02+00:00","author":"varmdo2","twitter_card":"summary_large_image","twitter_misc":{"Skriven av":"varmdo2","Ber\u00e4knad l\u00e4stid":"1 minut"},"schema":{"@context":"https:\/\/schema.org","@graph":[{"@type":"Article","@id":"https:\/\/wp.kristdemokraterna.se\/varmdo\/kandidater-till-kommunfullmaktigevalet-den-9-september\/#article","isPartOf":{"@id":"https:\/\/wp.kristdemokraterna.se\/varmdo\/kandidater-till-kommunfullmaktigevalet-den-9-september\/"},"author":{"name":"varmdo2","@id":"https:\/\/wp.kristdemokraterna.se\/varmdo\/#\/schema\/person\/5d91fdc9241ce697cd2d61884eaa3629"},"headline":"Kandidater till kommunfullm\u00e4ktige 9\/9","datePublished":"2018-02-28T10:24:02+00:00","dateModified":"2022-04-14T16:11:02+00:00","mainEntityOfPage":{"@id":"https:\/\/wp.kristdemokraterna.se\/varmdo\/kandidater-till-kommunfullmaktigevalet-den-9-september\/"},"wordCount":179,"articleSection":["Arkiv"],"inLanguage":"sv-SE"},{"@type":"WebPage","@id":"https:\/\/wp.kristdemokraterna.se\/varmdo\/kandidater-till-kommunfullmaktigevalet-den-9-september\/","url":"https:\/\/wp.kristdemokraterna.se\/varmdo\/kandidater-till-kommunfullmaktigevalet-den-9-september\/","name":"Kandidater till kommunfullm\u00e4ktige 9\/9 - Kristdemokraterna i V\u00e4rmd\u00f6","isPartOf":{"@id":"https:\/\/wp.kristdemokraterna.se\/varmdo\/#website"},"datePublished":"2018-02-28T10:24:02+00:00","dateModified":"2022-04-14T16:11:02+00:00","author":{"@id":"https:\/\/wp.kristdemokraterna.se\/varmdo\/#\/schema\/person\/5d91fdc9241ce697cd2d61884eaa3629"},"breadcrumb":{"@id":"https:\/\/wp.kristdemokraterna.se\/varmdo\/kandidater-till-kommunfullmaktigevalet-den-9-september\/#breadcrumb"},"inLanguage":"sv-SE","potentialAction":[{"@type":"ReadAction","target":["https:\/\/wp.kristdemokraterna.se\/varmdo\/kandidater-till-kommunfullmaktigevalet-den-9-september\/"]}]},{"@type":"BreadcrumbList","@id":"https:\/\/wp.kristdemokraterna.se\/varmdo\/kandidater-till-kommunfullmaktigevalet-den-9-september\/#breadcrumb","itemListElement":[{"@type":"ListItem","position":1,"name":"Hem","item":"https:\/\/wp.kristdemokraterna.se\/varmdo\/"},{"@type":"ListItem","position":2,"name":"Kandidater till kommunfullm\u00e4ktige 9\/9"}]},{"@type":"WebSite","@id":"https:\/\/wp.kristdemokraterna.se\/varmdo\/#website","url":"https:\/\/wp.kristdemokraterna.se\/varmdo\/","name":"Kristdemokraterna i V\u00e4rmd\u00f6","description":"En till Kristdemokraterna webbplats","inLanguage":"sv-SE"},{"@type":"Person","@id":"https:\/\/wp.kristdemokraterna.se\/varmdo\/#\/schema\/person\/5d91fdc9241ce697cd2d61884eaa3629","name":"varmdo2","image":{"@type":"ImageObject","inLanguage":"sv-SE","@id":"https:\/\/secure.gravatar.com\/avatar\/1bafbd8e305be4e2283d46a8fff54cb985609dc6aa7d411732b0aa27164930c7?s=96&d=mm&r=g","url":"https:\/\/secure.gravatar.com\/avatar\/1bafbd8e305be4e2283d46a8fff54cb985609dc6aa7d411732b0aa27164930c7?s=96&d=mm&r=g","contentUrl":"https:\/\/secure.gravatar.com\/avatar\/1bafbd8e305be4e2283d46a8fff54cb985609dc6aa7d411732b0aa27164930c7?s=96&d=mm&r=g","caption":"varmdo2"},"url":"https:\/\/wp.kristdemokraterna.se\/varmdo\/author\/varmdo2\/"}]}},"_links":{"self":[{"href":"https:\/\/wp.kristdemokraterna.se\/varmdo\/wp-json\/wp\/v2\/posts\/490","targetHints":{"allow":["GET"]}}],"collection":[{"href":"https:\/\/wp.kristdemokraterna.se\/varmdo\/wp-json\/wp\/v2\/posts"}],"about":[{"href":"https:\/\/wp.kristdemokraterna.se\/varmdo\/wp-json\/wp\/v2\/types\/post"}],"author":[{"embeddable":true,"href":"https:\/\/wp.kristdemokraterna.se\/varmdo\/wp-json\/wp\/v2\/users\/771"}],"replies":[{"embeddable":true,"href":"https:\/\/wp.kristdemokraterna.se\/varmdo\/wp-json\/wp\/v2\/comments?post=490"}],"version-history":[{"count":9,"href":"https:\/\/wp.kristdemokraterna.se\/varmdo\/wp-json\/wp\/v2\/posts\/490\/revisions"}],"predecessor-version":[{"id":500,"href":"https:\/\/wp.kristdemokraterna.se\/varmdo\/wp-json\/wp\/v2\/posts\/490\/revisions\/500"}],"wp:attachment":[{"href":"https:\/\/wp.kristdemokraterna.se\/varmdo\/wp-json\/wp\/v2\/media?parent=490"}],"wp:term":[{"taxonomy":"category","embeddable":true,"href":"https:\/\/wp.kristdemokraterna.se\/varmdo\/wp-json\/wp\/v2\/categories?post=490"},{"taxonomy":"post_tag","embeddable":true,"href":"https:\/\/wp.kristdemokraterna.se\/varmdo\/wp-json\/wp\/v2\/tags?post=490"}],"curies":[{"name":"wp","href":"https:\/\/api.w.org\/{rel}","templated":true}]}}