{"id":504,"date":"2018-03-11T21:30:03","date_gmt":"2018-03-11T20:30:03","guid":{"rendered":"http:\/\/wp.kristdemokraterna.se\/varmdo\/?p=504"},"modified":"2022-04-14T18:10:41","modified_gmt":"2022-04-14T16:10:41","slug":"kd-dagar-i-jonkoping","status":"publish","type":"post","link":"https:\/\/wp.kristdemokraterna.se\/varmdo\/kd-dagar-i-jonkoping\/","title":{"rendered":"KD dagar i J\u00f6nk\u00f6ping"},"content":{"rendered":"<p>I slutet av f\u00f6rra veckan hade vi v\u00e5ra Kommun &#8211; och Landstingsdagar . \u00d6ver 1000 kristdemokrater fr\u00e5n hela Sverige samlades f\u00f6r att ladda upp inf\u00f6r valr\u00f6relsen. Ebba Busch Thor h\u00f6ll ett fantastiskt tal om behovet av f\u00f6r\u00e4ndringar. Hon lyfte fr\u00e4mst den of\u00f6rsvarbara sjukv\u00e5rdskrisen och presenterade en rad \u00e5tg\u00e4rder. Den enade Alliansen samlades p\u00e5 scenen\u00a0, Jan Bj\u00f6rklund konstaterade &#8221; N\u00e4r vi samlas s\u00e5 stiger st\u00f6det f\u00f6r Alliansen. N\u00e4r de r\u00f6dgr\u00f6na samlas &#8230;s\u00e5 stiger st\u00f6det f\u00f6r Alliansen&#8221;<\/p>\n<p>&nbsp;<\/p>\n<p>&nbsp;<\/p>\n","protected":false},"excerpt":{"rendered":"<p>I slutet av f\u00f6rra veckan hade vi v\u00e5ra Kommun &#8211; och Landstingsdagar . \u00d6ver 1000 kristdemokrater fr\u00e5n hela Sverige samlades f\u00f6r att ladda upp inf\u00f6r valr\u00f6relsen. Ebba Busch Thor h\u00f6ll ett fantastiskt tal om behovet av f\u00f6r\u00e4ndringar. Hon lyfte fr\u00e4mst den of\u00f6rsvarbara sjukv\u00e5rdskrisen och presenterade en rad \u00e5tg\u00e4rder. Den enade Alliansen samlades p\u00e5 scenen\u00a0, Jan <a class=\"read-more-link\" href=\"https:\/\/wp.kristdemokraterna.se\/varmdo\/kd-dagar-i-jonkoping\/\">Read More<\/a><\/p>\n","protected":false},"author":771,"featured_media":0,"comment_status":"closed","ping_status":"closed","sticky":false,"template":"","format":"standard","meta":{"_acf_changed":false,"footnotes":""},"categories":[13],"tags":[],"class_list":["post-504","post","type-post","status-publish","format-standard","hentry","category-arkiv"],"acf":[],"yoast_head":"<!-- This site is optimized with the Yoast SEO plugin v27.4 - https:\/\/yoast.com\/product\/yoast-seo-wordpress\/ -->\n<title>KD dagar i J\u00f6nk\u00f6ping - Kristdemokraterna i V\u00e4rmd\u00f6<\/title>\n<meta name=\"robots\" content=\"index, follow, max-snippet:-1, max-image-preview:large, max-video-preview:-1\" \/>\n<link rel=\"canonical\" href=\"https:\/\/wp.kristdemokraterna.se\/varmdo\/kd-dagar-i-jonkoping\/\" \/>\n<meta property=\"og:locale\" content=\"sv_SE\" \/>\n<meta property=\"og:type\" content=\"article\" \/>\n<meta property=\"og:title\" content=\"KD dagar i J\u00f6nk\u00f6ping - Kristdemokraterna i V\u00e4rmd\u00f6\" \/>\n<meta property=\"og:description\" content=\"I slutet av f\u00f6rra veckan hade vi v\u00e5ra Kommun &#8211; och Landstingsdagar . \u00d6ver 1000 kristdemokrater fr\u00e5n hela Sverige samlades f\u00f6r att ladda upp inf\u00f6r valr\u00f6relsen. Ebba Busch Thor h\u00f6ll ett fantastiskt tal om behovet av f\u00f6r\u00e4ndringar. Hon lyfte fr\u00e4mst den of\u00f6rsvarbara sjukv\u00e5rdskrisen och presenterade en rad \u00e5tg\u00e4rder. Den enade Alliansen samlades p\u00e5 scenen\u00a0, Jan Read More\" \/>\n<meta property=\"og:url\" content=\"https:\/\/wp.kristdemokraterna.se\/varmdo\/kd-dagar-i-jonkoping\/\" \/>\n<meta property=\"og:site_name\" content=\"Kristdemokraterna i V\u00e4rmd\u00f6\" \/>\n<meta property=\"article:published_time\" content=\"2018-03-11T20:30:03+00:00\" \/>\n<meta property=\"article:modified_time\" content=\"2022-04-14T16:10:41+00:00\" \/>\n<meta name=\"author\" content=\"varmdo2\" \/>\n<meta name=\"twitter:card\" content=\"summary_large_image\" \/>\n<meta name=\"twitter:label1\" content=\"Skriven av\" \/>\n\t<meta name=\"twitter:data1\" content=\"varmdo2\" \/>\n<script type=\"application\/ld+json\" class=\"yoast-schema-graph\">{\"@context\":\"https:\\\/\\\/schema.org\",\"@graph\":[{\"@type\":\"Article\",\"@id\":\"https:\\\/\\\/wp.kristdemokraterna.se\\\/varmdo\\\/kd-dagar-i-jonkoping\\\/#article\",\"isPartOf\":{\"@id\":\"https:\\\/\\\/wp.kristdemokraterna.se\\\/varmdo\\\/kd-dagar-i-jonkoping\\\/\"},\"author\":{\"name\":\"varmdo2\",\"@id\":\"https:\\\/\\\/wp.kristdemokraterna.se\\\/varmdo\\\/#\\\/schema\\\/person\\\/5d91fdc9241ce697cd2d61884eaa3629\"},\"headline\":\"KD dagar i J\u00f6nk\u00f6ping\",\"datePublished\":\"2018-03-11T20:30:03+00:00\",\"dateModified\":\"2022-04-14T16:10:41+00:00\",\"mainEntityOfPage\":{\"@id\":\"https:\\\/\\\/wp.kristdemokraterna.se\\\/varmdo\\\/kd-dagar-i-jonkoping\\\/\"},\"wordCount\":102,\"articleSection\":[\"Arkiv\"],\"inLanguage\":\"sv-SE\"},{\"@type\":\"WebPage\",\"@id\":\"https:\\\/\\\/wp.kristdemokraterna.se\\\/varmdo\\\/kd-dagar-i-jonkoping\\\/\",\"url\":\"https:\\\/\\\/wp.kristdemokraterna.se\\\/varmdo\\\/kd-dagar-i-jonkoping\\\/\",\"name\":\"KD dagar i J\u00f6nk\u00f6ping - Kristdemokraterna i V\u00e4rmd\u00f6\",\"isPartOf\":{\"@id\":\"https:\\\/\\\/wp.kristdemokraterna.se\\\/varmdo\\\/#website\"},\"datePublished\":\"2018-03-11T20:30:03+00:00\",\"dateModified\":\"2022-04-14T16:10:41+00:00\",\"author\":{\"@id\":\"https:\\\/\\\/wp.kristdemokraterna.se\\\/varmdo\\\/#\\\/schema\\\/person\\\/5d91fdc9241ce697cd2d61884eaa3629\"},\"breadcrumb\":{\"@id\":\"https:\\\/\\\/wp.kristdemokraterna.se\\\/varmdo\\\/kd-dagar-i-jonkoping\\\/#breadcrumb\"},\"inLanguage\":\"sv-SE\",\"potentialAction\":[{\"@type\":\"ReadAction\",\"target\":[\"https:\\\/\\\/wp.kristdemokraterna.se\\\/varmdo\\\/kd-dagar-i-jonkoping\\\/\"]}]},{\"@type\":\"BreadcrumbList\",\"@id\":\"https:\\\/\\\/wp.kristdemokraterna.se\\\/varmdo\\\/kd-dagar-i-jonkoping\\\/#breadcrumb\",\"itemListElement\":[{\"@type\":\"ListItem\",\"position\":1,\"name\":\"Hem\",\"item\":\"https:\\\/\\\/wp.kristdemokraterna.se\\\/varmdo\\\/\"},{\"@type\":\"ListItem\",\"position\":2,\"name\":\"KD dagar i J\u00f6nk\u00f6ping\"}]},{\"@type\":\"WebSite\",\"@id\":\"https:\\\/\\\/wp.kristdemokraterna.se\\\/varmdo\\\/#website\",\"url\":\"https:\\\/\\\/wp.kristdemokraterna.se\\\/varmdo\\\/\",\"name\":\"Kristdemokraterna i V\u00e4rmd\u00f6\",\"description\":\"En till Kristdemokraterna webbplats\",\"inLanguage\":\"sv-SE\"},{\"@type\":\"Person\",\"@id\":\"https:\\\/\\\/wp.kristdemokraterna.se\\\/varmdo\\\/#\\\/schema\\\/person\\\/5d91fdc9241ce697cd2d61884eaa3629\",\"name\":\"varmdo2\",\"image\":{\"@type\":\"ImageObject\",\"inLanguage\":\"sv-SE\",\"@id\":\"https:\\\/\\\/secure.gravatar.com\\\/avatar\\\/1bafbd8e305be4e2283d46a8fff54cb985609dc6aa7d411732b0aa27164930c7?s=96&d=mm&r=g\",\"url\":\"https:\\\/\\\/secure.gravatar.com\\\/avatar\\\/1bafbd8e305be4e2283d46a8fff54cb985609dc6aa7d411732b0aa27164930c7?s=96&d=mm&r=g\",\"contentUrl\":\"https:\\\/\\\/secure.gravatar.com\\\/avatar\\\/1bafbd8e305be4e2283d46a8fff54cb985609dc6aa7d411732b0aa27164930c7?s=96&d=mm&r=g\",\"caption\":\"varmdo2\"},\"url\":\"https:\\\/\\\/wp.kristdemokraterna.se\\\/varmdo\\\/author\\\/varmdo2\\\/\"}]}<\/script>\n<!-- \/ Yoast SEO plugin. -->","yoast_head_json":{"title":"KD dagar i J\u00f6nk\u00f6ping - Kristdemokraterna i V\u00e4rmd\u00f6","robots":{"index":"index","follow":"follow","max-snippet":"max-snippet:-1","max-image-preview":"max-image-preview:large","max-video-preview":"max-video-preview:-1"},"canonical":"https:\/\/wp.kristdemokraterna.se\/varmdo\/kd-dagar-i-jonkoping\/","og_locale":"sv_SE","og_type":"article","og_title":"KD dagar i J\u00f6nk\u00f6ping - Kristdemokraterna i V\u00e4rmd\u00f6","og_description":"I slutet av f\u00f6rra veckan hade vi v\u00e5ra Kommun &#8211; och Landstingsdagar . \u00d6ver 1000 kristdemokrater fr\u00e5n hela Sverige samlades f\u00f6r att ladda upp inf\u00f6r valr\u00f6relsen. Ebba Busch Thor h\u00f6ll ett fantastiskt tal om behovet av f\u00f6r\u00e4ndringar. Hon lyfte fr\u00e4mst den of\u00f6rsvarbara sjukv\u00e5rdskrisen och presenterade en rad \u00e5tg\u00e4rder. Den enade Alliansen samlades p\u00e5 scenen\u00a0, Jan Read More","og_url":"https:\/\/wp.kristdemokraterna.se\/varmdo\/kd-dagar-i-jonkoping\/","og_site_name":"Kristdemokraterna i V\u00e4rmd\u00f6","article_published_time":"2018-03-11T20:30:03+00:00","article_modified_time":"2022-04-14T16:10:41+00:00","author":"varmdo2","twitter_card":"summary_large_image","twitter_misc":{"Skriven av":"varmdo2"},"schema":{"@context":"https:\/\/schema.org","@graph":[{"@type":"Article","@id":"https:\/\/wp.kristdemokraterna.se\/varmdo\/kd-dagar-i-jonkoping\/#article","isPartOf":{"@id":"https:\/\/wp.kristdemokraterna.se\/varmdo\/kd-dagar-i-jonkoping\/"},"author":{"name":"varmdo2","@id":"https:\/\/wp.kristdemokraterna.se\/varmdo\/#\/schema\/person\/5d91fdc9241ce697cd2d61884eaa3629"},"headline":"KD dagar i J\u00f6nk\u00f6ping","datePublished":"2018-03-11T20:30:03+00:00","dateModified":"2022-04-14T16:10:41+00:00","mainEntityOfPage":{"@id":"https:\/\/wp.kristdemokraterna.se\/varmdo\/kd-dagar-i-jonkoping\/"},"wordCount":102,"articleSection":["Arkiv"],"inLanguage":"sv-SE"},{"@type":"WebPage","@id":"https:\/\/wp.kristdemokraterna.se\/varmdo\/kd-dagar-i-jonkoping\/","url":"https:\/\/wp.kristdemokraterna.se\/varmdo\/kd-dagar-i-jonkoping\/","name":"KD dagar i J\u00f6nk\u00f6ping - Kristdemokraterna i V\u00e4rmd\u00f6","isPartOf":{"@id":"https:\/\/wp.kristdemokraterna.se\/varmdo\/#website"},"datePublished":"2018-03-11T20:30:03+00:00","dateModified":"2022-04-14T16:10:41+00:00","author":{"@id":"https:\/\/wp.kristdemokraterna.se\/varmdo\/#\/schema\/person\/5d91fdc9241ce697cd2d61884eaa3629"},"breadcrumb":{"@id":"https:\/\/wp.kristdemokraterna.se\/varmdo\/kd-dagar-i-jonkoping\/#breadcrumb"},"inLanguage":"sv-SE","potentialAction":[{"@type":"ReadAction","target":["https:\/\/wp.kristdemokraterna.se\/varmdo\/kd-dagar-i-jonkoping\/"]}]},{"@type":"BreadcrumbList","@id":"https:\/\/wp.kristdemokraterna.se\/varmdo\/kd-dagar-i-jonkoping\/#breadcrumb","itemListElement":[{"@type":"ListItem","position":1,"name":"Hem","item":"https:\/\/wp.kristdemokraterna.se\/varmdo\/"},{"@type":"ListItem","position":2,"name":"KD dagar i J\u00f6nk\u00f6ping"}]},{"@type":"WebSite","@id":"https:\/\/wp.kristdemokraterna.se\/varmdo\/#website","url":"https:\/\/wp.kristdemokraterna.se\/varmdo\/","name":"Kristdemokraterna i V\u00e4rmd\u00f6","description":"En till Kristdemokraterna webbplats","inLanguage":"sv-SE"},{"@type":"Person","@id":"https:\/\/wp.kristdemokraterna.se\/varmdo\/#\/schema\/person\/5d91fdc9241ce697cd2d61884eaa3629","name":"varmdo2","image":{"@type":"ImageObject","inLanguage":"sv-SE","@id":"https:\/\/secure.gravatar.com\/avatar\/1bafbd8e305be4e2283d46a8fff54cb985609dc6aa7d411732b0aa27164930c7?s=96&d=mm&r=g","url":"https:\/\/secure.gravatar.com\/avatar\/1bafbd8e305be4e2283d46a8fff54cb985609dc6aa7d411732b0aa27164930c7?s=96&d=mm&r=g","contentUrl":"https:\/\/secure.gravatar.com\/avatar\/1bafbd8e305be4e2283d46a8fff54cb985609dc6aa7d411732b0aa27164930c7?s=96&d=mm&r=g","caption":"varmdo2"},"url":"https:\/\/wp.kristdemokraterna.se\/varmdo\/author\/varmdo2\/"}]}},"_links":{"self":[{"href":"https:\/\/wp.kristdemokraterna.se\/varmdo\/wp-json\/wp\/v2\/posts\/504","targetHints":{"allow":["GET"]}}],"collection":[{"href":"https:\/\/wp.kristdemokraterna.se\/varmdo\/wp-json\/wp\/v2\/posts"}],"about":[{"href":"https:\/\/wp.kristdemokraterna.se\/varmdo\/wp-json\/wp\/v2\/types\/post"}],"author":[{"embeddable":true,"href":"https:\/\/wp.kristdemokraterna.se\/varmdo\/wp-json\/wp\/v2\/users\/771"}],"replies":[{"embeddable":true,"href":"https:\/\/wp.kristdemokraterna.se\/varmdo\/wp-json\/wp\/v2\/comments?post=504"}],"version-history":[{"count":12,"href":"https:\/\/wp.kristdemokraterna.se\/varmdo\/wp-json\/wp\/v2\/posts\/504\/revisions"}],"predecessor-version":[{"id":527,"href":"https:\/\/wp.kristdemokraterna.se\/varmdo\/wp-json\/wp\/v2\/posts\/504\/revisions\/527"}],"wp:attachment":[{"href":"https:\/\/wp.kristdemokraterna.se\/varmdo\/wp-json\/wp\/v2\/media?parent=504"}],"wp:term":[{"taxonomy":"category","embeddable":true,"href":"https:\/\/wp.kristdemokraterna.se\/varmdo\/wp-json\/wp\/v2\/categories?post=504"},{"taxonomy":"post_tag","embeddable":true,"href":"https:\/\/wp.kristdemokraterna.se\/varmdo\/wp-json\/wp\/v2\/tags?post=504"}],"curies":[{"name":"wp","href":"https:\/\/api.w.org\/{rel}","templated":true}]}}