{"id":529,"date":"2018-03-18T22:39:20","date_gmt":"2018-03-18T21:39:20","guid":{"rendered":"http:\/\/wp.kristdemokraterna.se\/varmdo\/?p=529"},"modified":"2022-04-14T18:19:05","modified_gmt":"2022-04-14T16:19:05","slug":"vi-har-blivit-varmdos-nya-ungdomsgard","status":"publish","type":"post","link":"https:\/\/wp.kristdemokraterna.se\/varmdo\/vi-har-blivit-varmdos-nya-ungdomsgard\/","title":{"rendered":"\u201dVi har blivit V\u00e4rmd\u00f6s nya ungdomsg\u00e5rd\u201d"},"content":{"rendered":"<h3>Johannes Sulo var fram till alldeles nyligen arbetsledare p\u00e5 McDonalds i M\u00f6lnvik, en restaurang som under senare \u00e5r allt oftare drabbats av st\u00f6k och oro p\u00e5 grund av ungdomsg\u00e4ng.<\/h3>\n<p>-Vi blev V\u00e4rmd\u00f6s nya ungdomsg\u00e5rd m\u00e5nga sena kv\u00e4llar, s\u00e4ger Johannes Sulo som menar att lite av arbetsgl\u00e4djen gick f\u00f6rlorad p\u00e5 grund av oron sena helgkv\u00e4llar.<\/p>\n<p>Johannes Sulo har arbetat p\u00e5 McDonald\u00b4s i M\u00f6lnvik i tv\u00e5 \u00e5r, de senaste sex m\u00e5naderna som arbetsledare. Han har n\u00e4r detta skrivs en vecka kvar p\u00e5 arbetet, han har f\u00e5tt nytt jobb som f\u00f6rs\u00e4kringsf\u00f6rmedlare. Han s\u00e4ger att problemen med st\u00f6kiga ungdomar har \u00f6kat under senaste \u00e5ret:<\/p>\n<p>-I b\u00f6rjan var det ungdomar som kom till restaurangen och bara satte sig och h\u00e4ngde utan att k\u00f6pa n\u00e5got, ber\u00e4ttar Johannes.<\/p>\n<p>Det strider mot restaurangernas regler. Alla som utnyttjar lokalerna m\u00e5ste k\u00f6pa n\u00e5got. Den regeln \u00e4r till f\u00f6r att undvika att restaurangen blir en samlingslokal.<\/p>\n<p>&#8211; Om det \u00e4r en enkel cheeseburgare eller en hel meny spelar ingen roll.<\/p>\n<p>Till en b\u00f6rjan var det inga st\u00f6rre problem att respektfullt upplysa ungdomarna om att de m\u00e5ste k\u00f6pa n\u00e5got eller l\u00e4mna restaurangen men med tiden blev det allt sv\u00e5rare.<\/p>\n<p>-Under sommaren \u00f6kade b\u00e5de problemen och antalet ungdomar. En del sk\u00f6tte sig n\u00e4r vi sa till men andra b\u00f6rjade bli mer och mer &#8221;uppk\u00e4ftiga&#8221;, det m\u00e4rktes \u00e4ven att en del av ungdomarna var p\u00e5verkade av alkohol eller andra substanser.<\/p>\n<p>Johannes Sulo ber\u00e4ttar att ungdomarnas beteende ledde till \u00f6kade klagom\u00e5l fr\u00e5n andra g\u00e4ster och ocks\u00e5 f\u00f6rs\u00e4ljningen p\u00e5verkades negativt.<\/p>\n<p>-Det blev \u00e4ven en k\u00e4nsla bland personalen att ingen ville jobba efter 19 p\u00e5 fredagar och l\u00f6rdagar d\u00e5 det var som v\u00e4rst.<\/p>\n<p>Johannes Sulo k\u00e4nde inte sj\u00e4lv n\u00e5gon direkt r\u00e4dsla, men han blev irriterad p\u00e5 att inga vuxna kunde ta hand om ungdomarna.<\/p>\n<p>-Jag upplevde att vi p\u00e5 McDonald\u00b4s hade blivit V\u00e4rmd\u00f6s nya ungdomsg\u00e5rd m\u00e5nga sena kv\u00e4llar.<\/p>\n<p>Hans arbete p\u00e5verkades ocks\u00e5:<\/p>\n<p>-Vissa kv\u00e4llar var jag och kollegan tvungna att ta hand om ungdomarna ist\u00e4llet f\u00f6r g\u00e4sterna vilket s\u00e5klart leder till irritation p\u00e5 m\u00e5nga h\u00e5ll. Stressen av att hela tiden beh\u00f6va kolla ut i matsalen och ha koll p\u00e5 ungdomarna som ansvarig efter klockan 19 blev ett on\u00f6digt moment som stal min fokus fr\u00e5n g\u00e4sten i kassan, vi ville ju alltid garantera alla g\u00e4sters s\u00e4kerhet och matro.<\/p>\n<p>Enligt reglerna f\u00e5r personalen p\u00e5 McDonald\u00b4s bara s\u00e4ga till ungdomarna att de m\u00e5ste l\u00e4mna lokalen. Om ungdomarna v\u00e4grar m\u00e5ste vakter och polis tillkallas.<\/p>\n<p>-Vi har tvingats ringa dit vakter och polis som fick ta hand om ungdomarna och eskortera bort dem allt oftare, m\u00e5nga g\u00e5nger 2-3 g\u00e5nger i veckan.<\/p>\n<p>Johannes Sulo ber\u00f6mmer polisen.<\/p>\n<p>-Ja, jag har personligen stor respekt f\u00f6r deras jobb och tycker sj\u00e4lv inte att de ska beh\u00f6va l\u00e4gga ner tid p\u00e5 att ta hand om st\u00f6riga ungdomar utan har viktigare saker. N\u00e4r de har kommit har det alltid blivit lugnt. De har haft en \u00f6ppen dialog med oss i personalen och uppmuntrat oss att ringa n\u00e4r det \u00e4r st\u00f6rande beteende. Vakterna har jag d\u00e4remot inte sett r\u00f6ken av, vilket \u00e4r en besvikelse.<\/p>\n<p>St\u00f6ket och oron har lett till att kollegor b\u00f6rjat fundera p\u00e5 andra karri\u00e4rer, trots att de egentligen trivs med b\u00e5de arbetsgivaren och arbetsuppgifterna:<\/p>\n<p>-Men vem vill jobba p\u00e5 ett st\u00e4lle d\u00e4r man hela tiden m\u00e5ste ha \u00f6gon i nacken f\u00f6r att garantera sin och kollegorna s\u00e4kerhet, fr\u00e5gar Johannes Sulo.<\/p>\n<p><img loading=\"lazy\" decoding=\"async\" class=\"alignnone size-medium wp-image-530\" src=\"http:\/\/wp.kristdemokraterna.se\/varmdo\/files\/2018\/03\/sulo-225x300.jpg\" alt=\"\" width=\"225\" height=\"300\" srcset=\"https:\/\/wp.kristdemokraterna.se\/varmdo\/files\/2018\/03\/sulo-225x300.jpg 225w, https:\/\/wp.kristdemokraterna.se\/varmdo\/files\/2018\/03\/sulo-768x1024.jpg 768w, https:\/\/wp.kristdemokraterna.se\/varmdo\/files\/2018\/03\/sulo-150x200.jpg 150w, https:\/\/wp.kristdemokraterna.se\/varmdo\/files\/2018\/03\/sulo-370x493.jpg 370w, https:\/\/wp.kristdemokraterna.se\/varmdo\/files\/2018\/03\/sulo-770x1027.jpg 770w, https:\/\/wp.kristdemokraterna.se\/varmdo\/files\/2018\/03\/sulo-450x600.jpg 450w, https:\/\/wp.kristdemokraterna.se\/varmdo\/files\/2018\/03\/sulo-280x373.jpg 280w, https:\/\/wp.kristdemokraterna.se\/varmdo\/files\/2018\/03\/sulo-340x453.jpg 340w, https:\/\/wp.kristdemokraterna.se\/varmdo\/files\/2018\/03\/sulo-42x56.jpg 42w, https:\/\/wp.kristdemokraterna.se\/varmdo\/files\/2018\/03\/sulo.jpg 1920w\" sizes=\"auto, (max-width: 225px) 100vw, 225px\" \/><\/p>\n<p><strong>Namn: Johannes Sulo<\/strong><\/p>\n<p><strong>\u00c5lder: 23<\/strong><\/p>\n<p><strong>Bor: Har hela livet bott i Gustavsberg<\/strong><\/p>\n<p><strong>Arbetar: Nyligen f\u00e5tt nytt arbete som f\u00f6rs\u00e4kringsf\u00f6rmedlare. Har arbetat p\u00e5 McDonald\u00b4s de tv\u00e5 senaste \u00e5ren. Har tidigare suttit i styrelsen f\u00f6r Kristdemokraterna i V\u00e4rmd\u00f6 och haft n\u00e4mnduppdrag. St\u00e5r p\u00e5 Kristdemokraternas lista inf\u00f6r kommunvalet i h\u00f6st.<\/strong><\/p>\n","protected":false},"excerpt":{"rendered":"<p>Johannes Sulo var fram till alldeles nyligen arbetsledare p\u00e5 McDonalds i M\u00f6lnvik, en restaurang som under senare \u00e5r allt oftare drabbats av st\u00f6k och oro p\u00e5 grund av ungdomsg\u00e4ng. -Vi blev V\u00e4rmd\u00f6s nya ungdomsg\u00e5rd m\u00e5nga sena kv\u00e4llar, s\u00e4ger Johannes Sulo som menar att lite av arbetsgl\u00e4djen gick f\u00f6rlorad p\u00e5 grund av oron sena helgkv\u00e4llar. Johannes <a class=\"read-more-link\" href=\"https:\/\/wp.kristdemokraterna.se\/varmdo\/vi-har-blivit-varmdos-nya-ungdomsgard\/\">Read More<\/a><\/p>\n","protected":false},"author":771,"featured_media":0,"comment_status":"closed","ping_status":"closed","sticky":false,"template":"","format":"standard","meta":{"_acf_changed":false,"footnotes":""},"categories":[13],"tags":[],"class_list":["post-529","post","type-post","status-publish","format-standard","hentry","category-arkiv"],"acf":[],"yoast_head":"<!-- This site is optimized with the Yoast SEO plugin v27.4 - https:\/\/yoast.com\/product\/yoast-seo-wordpress\/ -->\n<title>\u201dVi har blivit V\u00e4rmd\u00f6s nya ungdomsg\u00e5rd\u201d - Kristdemokraterna i V\u00e4rmd\u00f6<\/title>\n<meta name=\"robots\" content=\"index, follow, max-snippet:-1, max-image-preview:large, max-video-preview:-1\" \/>\n<link rel=\"canonical\" href=\"https:\/\/wp.kristdemokraterna.se\/varmdo\/vi-har-blivit-varmdos-nya-ungdomsgard\/\" \/>\n<meta property=\"og:locale\" content=\"sv_SE\" \/>\n<meta property=\"og:type\" content=\"article\" \/>\n<meta property=\"og:title\" content=\"\u201dVi har blivit V\u00e4rmd\u00f6s nya ungdomsg\u00e5rd\u201d - Kristdemokraterna i V\u00e4rmd\u00f6\" \/>\n<meta property=\"og:description\" content=\"Johannes Sulo var fram till alldeles nyligen arbetsledare p\u00e5 McDonalds i M\u00f6lnvik, en restaurang som under senare \u00e5r allt oftare drabbats av st\u00f6k och oro p\u00e5 grund av ungdomsg\u00e4ng. -Vi blev V\u00e4rmd\u00f6s nya ungdomsg\u00e5rd m\u00e5nga sena kv\u00e4llar, s\u00e4ger Johannes Sulo som menar att lite av arbetsgl\u00e4djen gick f\u00f6rlorad p\u00e5 grund av oron sena helgkv\u00e4llar. Johannes Read More\" \/>\n<meta property=\"og:url\" content=\"https:\/\/wp.kristdemokraterna.se\/varmdo\/vi-har-blivit-varmdos-nya-ungdomsgard\/\" \/>\n<meta property=\"og:site_name\" content=\"Kristdemokraterna i V\u00e4rmd\u00f6\" \/>\n<meta property=\"article:published_time\" content=\"2018-03-18T21:39:20+00:00\" \/>\n<meta property=\"article:modified_time\" content=\"2022-04-14T16:19:05+00:00\" \/>\n<meta property=\"og:image\" content=\"http:\/\/wp.kristdemokraterna.se\/varmdo\/files\/2018\/03\/sulo-225x300.jpg\" \/>\n<meta name=\"author\" content=\"varmdo2\" \/>\n<meta name=\"twitter:card\" content=\"summary_large_image\" \/>\n<meta name=\"twitter:label1\" content=\"Skriven av\" \/>\n\t<meta name=\"twitter:data1\" content=\"varmdo2\" \/>\n\t<meta name=\"twitter:label2\" content=\"Ber\u00e4knad l\u00e4stid\" \/>\n\t<meta name=\"twitter:data2\" content=\"4 minuter\" \/>\n<script type=\"application\/ld+json\" class=\"yoast-schema-graph\">{\"@context\":\"https:\\\/\\\/schema.org\",\"@graph\":[{\"@type\":\"Article\",\"@id\":\"https:\\\/\\\/wp.kristdemokraterna.se\\\/varmdo\\\/vi-har-blivit-varmdos-nya-ungdomsgard\\\/#article\",\"isPartOf\":{\"@id\":\"https:\\\/\\\/wp.kristdemokraterna.se\\\/varmdo\\\/vi-har-blivit-varmdos-nya-ungdomsgard\\\/\"},\"author\":{\"name\":\"varmdo2\",\"@id\":\"https:\\\/\\\/wp.kristdemokraterna.se\\\/varmdo\\\/#\\\/schema\\\/person\\\/5d91fdc9241ce697cd2d61884eaa3629\"},\"headline\":\"\u201dVi har blivit V\u00e4rmd\u00f6s nya ungdomsg\u00e5rd\u201d\",\"datePublished\":\"2018-03-18T21:39:20+00:00\",\"dateModified\":\"2022-04-14T16:19:05+00:00\",\"mainEntityOfPage\":{\"@id\":\"https:\\\/\\\/wp.kristdemokraterna.se\\\/varmdo\\\/vi-har-blivit-varmdos-nya-ungdomsgard\\\/\"},\"wordCount\":718,\"image\":{\"@id\":\"https:\\\/\\\/wp.kristdemokraterna.se\\\/varmdo\\\/vi-har-blivit-varmdos-nya-ungdomsgard\\\/#primaryimage\"},\"thumbnailUrl\":\"http:\\\/\\\/wp.kristdemokraterna.se\\\/varmdo\\\/files\\\/2018\\\/03\\\/sulo-225x300.jpg\",\"articleSection\":[\"Arkiv\"],\"inLanguage\":\"sv-SE\"},{\"@type\":\"WebPage\",\"@id\":\"https:\\\/\\\/wp.kristdemokraterna.se\\\/varmdo\\\/vi-har-blivit-varmdos-nya-ungdomsgard\\\/\",\"url\":\"https:\\\/\\\/wp.kristdemokraterna.se\\\/varmdo\\\/vi-har-blivit-varmdos-nya-ungdomsgard\\\/\",\"name\":\"\u201dVi har blivit V\u00e4rmd\u00f6s nya ungdomsg\u00e5rd\u201d - Kristdemokraterna i V\u00e4rmd\u00f6\",\"isPartOf\":{\"@id\":\"https:\\\/\\\/wp.kristdemokraterna.se\\\/varmdo\\\/#website\"},\"primaryImageOfPage\":{\"@id\":\"https:\\\/\\\/wp.kristdemokraterna.se\\\/varmdo\\\/vi-har-blivit-varmdos-nya-ungdomsgard\\\/#primaryimage\"},\"image\":{\"@id\":\"https:\\\/\\\/wp.kristdemokraterna.se\\\/varmdo\\\/vi-har-blivit-varmdos-nya-ungdomsgard\\\/#primaryimage\"},\"thumbnailUrl\":\"http:\\\/\\\/wp.kristdemokraterna.se\\\/varmdo\\\/files\\\/2018\\\/03\\\/sulo-225x300.jpg\",\"datePublished\":\"2018-03-18T21:39:20+00:00\",\"dateModified\":\"2022-04-14T16:19:05+00:00\",\"author\":{\"@id\":\"https:\\\/\\\/wp.kristdemokraterna.se\\\/varmdo\\\/#\\\/schema\\\/person\\\/5d91fdc9241ce697cd2d61884eaa3629\"},\"breadcrumb\":{\"@id\":\"https:\\\/\\\/wp.kristdemokraterna.se\\\/varmdo\\\/vi-har-blivit-varmdos-nya-ungdomsgard\\\/#breadcrumb\"},\"inLanguage\":\"sv-SE\",\"potentialAction\":[{\"@type\":\"ReadAction\",\"target\":[\"https:\\\/\\\/wp.kristdemokraterna.se\\\/varmdo\\\/vi-har-blivit-varmdos-nya-ungdomsgard\\\/\"]}]},{\"@type\":\"ImageObject\",\"inLanguage\":\"sv-SE\",\"@id\":\"https:\\\/\\\/wp.kristdemokraterna.se\\\/varmdo\\\/vi-har-blivit-varmdos-nya-ungdomsgard\\\/#primaryimage\",\"url\":\"http:\\\/\\\/wp.kristdemokraterna.se\\\/varmdo\\\/files\\\/2018\\\/03\\\/sulo-225x300.jpg\",\"contentUrl\":\"http:\\\/\\\/wp.kristdemokraterna.se\\\/varmdo\\\/files\\\/2018\\\/03\\\/sulo-225x300.jpg\"},{\"@type\":\"BreadcrumbList\",\"@id\":\"https:\\\/\\\/wp.kristdemokraterna.se\\\/varmdo\\\/vi-har-blivit-varmdos-nya-ungdomsgard\\\/#breadcrumb\",\"itemListElement\":[{\"@type\":\"ListItem\",\"position\":1,\"name\":\"Hem\",\"item\":\"https:\\\/\\\/wp.kristdemokraterna.se\\\/varmdo\\\/\"},{\"@type\":\"ListItem\",\"position\":2,\"name\":\"\u201dVi har blivit V\u00e4rmd\u00f6s nya ungdomsg\u00e5rd\u201d\"}]},{\"@type\":\"WebSite\",\"@id\":\"https:\\\/\\\/wp.kristdemokraterna.se\\\/varmdo\\\/#website\",\"url\":\"https:\\\/\\\/wp.kristdemokraterna.se\\\/varmdo\\\/\",\"name\":\"Kristdemokraterna i V\u00e4rmd\u00f6\",\"description\":\"En till Kristdemokraterna webbplats\",\"inLanguage\":\"sv-SE\"},{\"@type\":\"Person\",\"@id\":\"https:\\\/\\\/wp.kristdemokraterna.se\\\/varmdo\\\/#\\\/schema\\\/person\\\/5d91fdc9241ce697cd2d61884eaa3629\",\"name\":\"varmdo2\",\"image\":{\"@type\":\"ImageObject\",\"inLanguage\":\"sv-SE\",\"@id\":\"https:\\\/\\\/secure.gravatar.com\\\/avatar\\\/1bafbd8e305be4e2283d46a8fff54cb985609dc6aa7d411732b0aa27164930c7?s=96&d=mm&r=g\",\"url\":\"https:\\\/\\\/secure.gravatar.com\\\/avatar\\\/1bafbd8e305be4e2283d46a8fff54cb985609dc6aa7d411732b0aa27164930c7?s=96&d=mm&r=g\",\"contentUrl\":\"https:\\\/\\\/secure.gravatar.com\\\/avatar\\\/1bafbd8e305be4e2283d46a8fff54cb985609dc6aa7d411732b0aa27164930c7?s=96&d=mm&r=g\",\"caption\":\"varmdo2\"},\"url\":\"https:\\\/\\\/wp.kristdemokraterna.se\\\/varmdo\\\/author\\\/varmdo2\\\/\"}]}<\/script>\n<!-- \/ Yoast SEO plugin. -->","yoast_head_json":{"title":"\u201dVi har blivit V\u00e4rmd\u00f6s nya ungdomsg\u00e5rd\u201d - Kristdemokraterna i V\u00e4rmd\u00f6","robots":{"index":"index","follow":"follow","max-snippet":"max-snippet:-1","max-image-preview":"max-image-preview:large","max-video-preview":"max-video-preview:-1"},"canonical":"https:\/\/wp.kristdemokraterna.se\/varmdo\/vi-har-blivit-varmdos-nya-ungdomsgard\/","og_locale":"sv_SE","og_type":"article","og_title":"\u201dVi har blivit V\u00e4rmd\u00f6s nya ungdomsg\u00e5rd\u201d - Kristdemokraterna i V\u00e4rmd\u00f6","og_description":"Johannes Sulo var fram till alldeles nyligen arbetsledare p\u00e5 McDonalds i M\u00f6lnvik, en restaurang som under senare \u00e5r allt oftare drabbats av st\u00f6k och oro p\u00e5 grund av ungdomsg\u00e4ng. -Vi blev V\u00e4rmd\u00f6s nya ungdomsg\u00e5rd m\u00e5nga sena kv\u00e4llar, s\u00e4ger Johannes Sulo som menar att lite av arbetsgl\u00e4djen gick f\u00f6rlorad p\u00e5 grund av oron sena helgkv\u00e4llar. Johannes Read More","og_url":"https:\/\/wp.kristdemokraterna.se\/varmdo\/vi-har-blivit-varmdos-nya-ungdomsgard\/","og_site_name":"Kristdemokraterna i V\u00e4rmd\u00f6","article_published_time":"2018-03-18T21:39:20+00:00","article_modified_time":"2022-04-14T16:19:05+00:00","og_image":[{"url":"http:\/\/wp.kristdemokraterna.se\/varmdo\/files\/2018\/03\/sulo-225x300.jpg","type":"","width":"","height":""}],"author":"varmdo2","twitter_card":"summary_large_image","twitter_misc":{"Skriven av":"varmdo2","Ber\u00e4knad l\u00e4stid":"4 minuter"},"schema":{"@context":"https:\/\/schema.org","@graph":[{"@type":"Article","@id":"https:\/\/wp.kristdemokraterna.se\/varmdo\/vi-har-blivit-varmdos-nya-ungdomsgard\/#article","isPartOf":{"@id":"https:\/\/wp.kristdemokraterna.se\/varmdo\/vi-har-blivit-varmdos-nya-ungdomsgard\/"},"author":{"name":"varmdo2","@id":"https:\/\/wp.kristdemokraterna.se\/varmdo\/#\/schema\/person\/5d91fdc9241ce697cd2d61884eaa3629"},"headline":"\u201dVi har blivit V\u00e4rmd\u00f6s nya ungdomsg\u00e5rd\u201d","datePublished":"2018-03-18T21:39:20+00:00","dateModified":"2022-04-14T16:19:05+00:00","mainEntityOfPage":{"@id":"https:\/\/wp.kristdemokraterna.se\/varmdo\/vi-har-blivit-varmdos-nya-ungdomsgard\/"},"wordCount":718,"image":{"@id":"https:\/\/wp.kristdemokraterna.se\/varmdo\/vi-har-blivit-varmdos-nya-ungdomsgard\/#primaryimage"},"thumbnailUrl":"http:\/\/wp.kristdemokraterna.se\/varmdo\/files\/2018\/03\/sulo-225x300.jpg","articleSection":["Arkiv"],"inLanguage":"sv-SE"},{"@type":"WebPage","@id":"https:\/\/wp.kristdemokraterna.se\/varmdo\/vi-har-blivit-varmdos-nya-ungdomsgard\/","url":"https:\/\/wp.kristdemokraterna.se\/varmdo\/vi-har-blivit-varmdos-nya-ungdomsgard\/","name":"\u201dVi har blivit V\u00e4rmd\u00f6s nya ungdomsg\u00e5rd\u201d - Kristdemokraterna i V\u00e4rmd\u00f6","isPartOf":{"@id":"https:\/\/wp.kristdemokraterna.se\/varmdo\/#website"},"primaryImageOfPage":{"@id":"https:\/\/wp.kristdemokraterna.se\/varmdo\/vi-har-blivit-varmdos-nya-ungdomsgard\/#primaryimage"},"image":{"@id":"https:\/\/wp.kristdemokraterna.se\/varmdo\/vi-har-blivit-varmdos-nya-ungdomsgard\/#primaryimage"},"thumbnailUrl":"http:\/\/wp.kristdemokraterna.se\/varmdo\/files\/2018\/03\/sulo-225x300.jpg","datePublished":"2018-03-18T21:39:20+00:00","dateModified":"2022-04-14T16:19:05+00:00","author":{"@id":"https:\/\/wp.kristdemokraterna.se\/varmdo\/#\/schema\/person\/5d91fdc9241ce697cd2d61884eaa3629"},"breadcrumb":{"@id":"https:\/\/wp.kristdemokraterna.se\/varmdo\/vi-har-blivit-varmdos-nya-ungdomsgard\/#breadcrumb"},"inLanguage":"sv-SE","potentialAction":[{"@type":"ReadAction","target":["https:\/\/wp.kristdemokraterna.se\/varmdo\/vi-har-blivit-varmdos-nya-ungdomsgard\/"]}]},{"@type":"ImageObject","inLanguage":"sv-SE","@id":"https:\/\/wp.kristdemokraterna.se\/varmdo\/vi-har-blivit-varmdos-nya-ungdomsgard\/#primaryimage","url":"http:\/\/wp.kristdemokraterna.se\/varmdo\/files\/2018\/03\/sulo-225x300.jpg","contentUrl":"http:\/\/wp.kristdemokraterna.se\/varmdo\/files\/2018\/03\/sulo-225x300.jpg"},{"@type":"BreadcrumbList","@id":"https:\/\/wp.kristdemokraterna.se\/varmdo\/vi-har-blivit-varmdos-nya-ungdomsgard\/#breadcrumb","itemListElement":[{"@type":"ListItem","position":1,"name":"Hem","item":"https:\/\/wp.kristdemokraterna.se\/varmdo\/"},{"@type":"ListItem","position":2,"name":"\u201dVi har blivit V\u00e4rmd\u00f6s nya ungdomsg\u00e5rd\u201d"}]},{"@type":"WebSite","@id":"https:\/\/wp.kristdemokraterna.se\/varmdo\/#website","url":"https:\/\/wp.kristdemokraterna.se\/varmdo\/","name":"Kristdemokraterna i V\u00e4rmd\u00f6","description":"En till Kristdemokraterna webbplats","inLanguage":"sv-SE"},{"@type":"Person","@id":"https:\/\/wp.kristdemokraterna.se\/varmdo\/#\/schema\/person\/5d91fdc9241ce697cd2d61884eaa3629","name":"varmdo2","image":{"@type":"ImageObject","inLanguage":"sv-SE","@id":"https:\/\/secure.gravatar.com\/avatar\/1bafbd8e305be4e2283d46a8fff54cb985609dc6aa7d411732b0aa27164930c7?s=96&d=mm&r=g","url":"https:\/\/secure.gravatar.com\/avatar\/1bafbd8e305be4e2283d46a8fff54cb985609dc6aa7d411732b0aa27164930c7?s=96&d=mm&r=g","contentUrl":"https:\/\/secure.gravatar.com\/avatar\/1bafbd8e305be4e2283d46a8fff54cb985609dc6aa7d411732b0aa27164930c7?s=96&d=mm&r=g","caption":"varmdo2"},"url":"https:\/\/wp.kristdemokraterna.se\/varmdo\/author\/varmdo2\/"}]}},"_links":{"self":[{"href":"https:\/\/wp.kristdemokraterna.se\/varmdo\/wp-json\/wp\/v2\/posts\/529","targetHints":{"allow":["GET"]}}],"collection":[{"href":"https:\/\/wp.kristdemokraterna.se\/varmdo\/wp-json\/wp\/v2\/posts"}],"about":[{"href":"https:\/\/wp.kristdemokraterna.se\/varmdo\/wp-json\/wp\/v2\/types\/post"}],"author":[{"embeddable":true,"href":"https:\/\/wp.kristdemokraterna.se\/varmdo\/wp-json\/wp\/v2\/users\/771"}],"replies":[{"embeddable":true,"href":"https:\/\/wp.kristdemokraterna.se\/varmdo\/wp-json\/wp\/v2\/comments?post=529"}],"version-history":[{"count":7,"href":"https:\/\/wp.kristdemokraterna.se\/varmdo\/wp-json\/wp\/v2\/posts\/529\/revisions"}],"predecessor-version":[{"id":539,"href":"https:\/\/wp.kristdemokraterna.se\/varmdo\/wp-json\/wp\/v2\/posts\/529\/revisions\/539"}],"wp:attachment":[{"href":"https:\/\/wp.kristdemokraterna.se\/varmdo\/wp-json\/wp\/v2\/media?parent=529"}],"wp:term":[{"taxonomy":"category","embeddable":true,"href":"https:\/\/wp.kristdemokraterna.se\/varmdo\/wp-json\/wp\/v2\/categories?post=529"},{"taxonomy":"post_tag","embeddable":true,"href":"https:\/\/wp.kristdemokraterna.se\/varmdo\/wp-json\/wp\/v2\/tags?post=529"}],"curies":[{"name":"wp","href":"https:\/\/api.w.org\/{rel}","templated":true}]}}