{"id":540,"date":"2018-03-20T09:05:02","date_gmt":"2018-03-20T08:05:02","guid":{"rendered":"http:\/\/wp.kristdemokraterna.se\/varmdo\/?p=540"},"modified":"2022-04-14T18:10:17","modified_gmt":"2022-04-14T16:10:17","slug":"bjuder-till-seminarium","status":"publish","type":"post","link":"https:\/\/wp.kristdemokraterna.se\/varmdo\/bjuder-till-seminarium\/","title":{"rendered":"Seminarium: Stadsplanering, handel, arkitektur- vad borde och vad kan politiken ta f\u00f6r initiativ?&#8230;och vad borde den inte g\u00f6ra?"},"content":{"rendered":"<h2>V\u00e4lkommen till en kv\u00e4ll d\u00e4r vi diskuterar arkitektur, stadsplanering och moderna tr\u00e4dg\u00e5rdsst\u00e4der. M\u00e5nga tycker att det som byggs i dag saknar variation, allt ser likadant ut. P\u00e5 Facebook v\u00e4xer Arkitektupproret och har i dag \u00f6ver 30 000 f\u00f6ljare.<\/h2>\n<p>Hur bygger vi levande st\u00e4der och planerar f\u00f6r attraktiva bostadsomr\u00e5den? Vad var det de gjorde r\u00e4tt n\u00e4r stadsdelar s\u00e5som Vasastan, \u00d6stermalm, Nockeby, \u00c5lsten med flera planerades? \u00c4r det r\u00e4tt v\u00e4g att f\u00f6rbjuda biltrafik i stadsk\u00e4rnorna om man vill skapa levande stadsk\u00e4rnor \u2013 egentligen?<\/p>\n<p>Och alla pratar f\u00f6rt\u00e4tning men \u00e4r h\u00f6ga hus svaret p\u00e5 allas \u00f6nskem\u00e5l n\u00e4r unders\u00f6kning efter unders\u00f6kning visar att 6 av 10 vill bo i egen villa?<\/p>\n<p>Om Jerker S\u00f6derlind:<\/p>\n<p>Jerker S\u00f6derlind \u00e4r arkitekt och driver f\u00f6retaget Stadsliv AB som hj\u00e4lper s\u00e5v\u00e4l kommuner som privata f\u00f6retag med planering av s\u00e5v\u00e4l stadsk\u00e4rnor som nya blandade stadsdelar. Jerker S\u00f6derlinds vision \u00e4r att nya stadsdelar ska vara lika levande, genuina, popul\u00e4ra och attraktiva som stadsdelar som byggdes f\u00f6r l\u00e4nge sedan. P\u00e5 hans kontor h\u00e4nger en tavla d\u00e4r det st\u00e5r: \u201dGod arkitektur g\u00f6r m\u00e4nniskor positiva till att det byggs nytt, lockar turister och \u00f6kar gl\u00e4djen i samh\u00e4llet\u201d<\/p>\n<h3><\/h3>\n<h3>\u201dGod arkitektur g\u00f6r m\u00e4nniskor positiva till att det byggs nytt, lockar turister och \u00f6kar gl\u00e4djen i samh\u00e4llet\u201d<\/h3>\n<h5>V\u00e4lkomna den 26 april kl. 18.30-20.00. Vi bjuder p\u00e5 fika fr\u00e5n kl. 18.00<\/h5>\n<h5>Plats: Kommunhuset, Skogsbo<\/h5>\n<h5>Anm\u00e4l dig senast den 19 april till\u00a0 anna.lipinska@varmdo.se<\/h5>\n<h5>Seminariet \u00e4r kostnadsfritt.<\/h5>\n<h2><a href=\"http:\/\/wp.kristdemokraterna.se\/varmdo\/files\/2018\/03\/inbjudan-jerker-soderlind.pdf\">Inbjudan Jerker S\u00f6derlind<\/a><\/h2>\n<h4><\/h4>\n<h4><\/h4>\n","protected":false},"excerpt":{"rendered":"<p>V\u00e4lkommen till en kv\u00e4ll d\u00e4r vi diskuterar arkitektur, stadsplanering och moderna tr\u00e4dg\u00e5rdsst\u00e4der. M\u00e5nga tycker att det som byggs i dag saknar variation, allt ser likadant ut. P\u00e5 Facebook v\u00e4xer Arkitektupproret och har i dag \u00f6ver 30 000 f\u00f6ljare. Hur bygger vi levande st\u00e4der och planerar f\u00f6r attraktiva bostadsomr\u00e5den? Vad var det de gjorde r\u00e4tt n\u00e4r <a class=\"read-more-link\" href=\"https:\/\/wp.kristdemokraterna.se\/varmdo\/bjuder-till-seminarium\/\">Read More<\/a><\/p>\n","protected":false},"author":771,"featured_media":0,"comment_status":"closed","ping_status":"closed","sticky":false,"template":"","format":"standard","meta":{"_acf_changed":false,"footnotes":""},"categories":[13],"tags":[],"class_list":["post-540","post","type-post","status-publish","format-standard","hentry","category-arkiv"],"acf":[],"yoast_head":"<!-- This site is optimized with the Yoast SEO plugin v27.4 - https:\/\/yoast.com\/product\/yoast-seo-wordpress\/ -->\n<title>Seminarium: Stadsplanering, handel, arkitektur- vad borde och vad kan politiken ta f\u00f6r initiativ?...och vad borde den inte g\u00f6ra? - Kristdemokraterna i V\u00e4rmd\u00f6<\/title>\n<meta name=\"robots\" content=\"index, follow, max-snippet:-1, max-image-preview:large, max-video-preview:-1\" \/>\n<link rel=\"canonical\" href=\"https:\/\/wp.kristdemokraterna.se\/varmdo\/bjuder-till-seminarium\/\" \/>\n<meta property=\"og:locale\" content=\"sv_SE\" \/>\n<meta property=\"og:type\" content=\"article\" \/>\n<meta property=\"og:title\" content=\"Seminarium: Stadsplanering, handel, arkitektur- vad borde och vad kan politiken ta f\u00f6r initiativ?...och vad borde den inte g\u00f6ra? - Kristdemokraterna i V\u00e4rmd\u00f6\" \/>\n<meta property=\"og:description\" content=\"V\u00e4lkommen till en kv\u00e4ll d\u00e4r vi diskuterar arkitektur, stadsplanering och moderna tr\u00e4dg\u00e5rdsst\u00e4der. M\u00e5nga tycker att det som byggs i dag saknar variation, allt ser likadant ut. P\u00e5 Facebook v\u00e4xer Arkitektupproret och har i dag \u00f6ver 30 000 f\u00f6ljare. Hur bygger vi levande st\u00e4der och planerar f\u00f6r attraktiva bostadsomr\u00e5den? Vad var det de gjorde r\u00e4tt n\u00e4r Read More\" \/>\n<meta property=\"og:url\" content=\"https:\/\/wp.kristdemokraterna.se\/varmdo\/bjuder-till-seminarium\/\" \/>\n<meta property=\"og:site_name\" content=\"Kristdemokraterna i V\u00e4rmd\u00f6\" \/>\n<meta property=\"article:published_time\" content=\"2018-03-20T08:05:02+00:00\" \/>\n<meta property=\"article:modified_time\" content=\"2022-04-14T16:10:17+00:00\" \/>\n<meta name=\"author\" content=\"varmdo2\" \/>\n<meta name=\"twitter:card\" content=\"summary_large_image\" \/>\n<meta name=\"twitter:label1\" content=\"Skriven av\" \/>\n\t<meta name=\"twitter:data1\" content=\"varmdo2\" \/>\n\t<meta name=\"twitter:label2\" content=\"Ber\u00e4knad l\u00e4stid\" \/>\n\t<meta name=\"twitter:data2\" content=\"1 minut\" \/>\n<script type=\"application\/ld+json\" class=\"yoast-schema-graph\">{\"@context\":\"https:\\\/\\\/schema.org\",\"@graph\":[{\"@type\":\"Article\",\"@id\":\"https:\\\/\\\/wp.kristdemokraterna.se\\\/varmdo\\\/bjuder-till-seminarium\\\/#article\",\"isPartOf\":{\"@id\":\"https:\\\/\\\/wp.kristdemokraterna.se\\\/varmdo\\\/bjuder-till-seminarium\\\/\"},\"author\":{\"name\":\"varmdo2\",\"@id\":\"https:\\\/\\\/wp.kristdemokraterna.se\\\/varmdo\\\/#\\\/schema\\\/person\\\/5d91fdc9241ce697cd2d61884eaa3629\"},\"headline\":\"Seminarium: Stadsplanering, handel, arkitektur- vad borde och vad kan politiken ta f\u00f6r initiativ?&#8230;och vad borde den inte g\u00f6ra?\",\"datePublished\":\"2018-03-20T08:05:02+00:00\",\"dateModified\":\"2022-04-14T16:10:17+00:00\",\"mainEntityOfPage\":{\"@id\":\"https:\\\/\\\/wp.kristdemokraterna.se\\\/varmdo\\\/bjuder-till-seminarium\\\/\"},\"wordCount\":302,\"articleSection\":[\"Arkiv\"],\"inLanguage\":\"sv-SE\"},{\"@type\":\"WebPage\",\"@id\":\"https:\\\/\\\/wp.kristdemokraterna.se\\\/varmdo\\\/bjuder-till-seminarium\\\/\",\"url\":\"https:\\\/\\\/wp.kristdemokraterna.se\\\/varmdo\\\/bjuder-till-seminarium\\\/\",\"name\":\"Seminarium: Stadsplanering, handel, arkitektur- vad borde och vad kan politiken ta f\u00f6r initiativ?...och vad borde den inte g\u00f6ra? - Kristdemokraterna i V\u00e4rmd\u00f6\",\"isPartOf\":{\"@id\":\"https:\\\/\\\/wp.kristdemokraterna.se\\\/varmdo\\\/#website\"},\"datePublished\":\"2018-03-20T08:05:02+00:00\",\"dateModified\":\"2022-04-14T16:10:17+00:00\",\"author\":{\"@id\":\"https:\\\/\\\/wp.kristdemokraterna.se\\\/varmdo\\\/#\\\/schema\\\/person\\\/5d91fdc9241ce697cd2d61884eaa3629\"},\"breadcrumb\":{\"@id\":\"https:\\\/\\\/wp.kristdemokraterna.se\\\/varmdo\\\/bjuder-till-seminarium\\\/#breadcrumb\"},\"inLanguage\":\"sv-SE\",\"potentialAction\":[{\"@type\":\"ReadAction\",\"target\":[\"https:\\\/\\\/wp.kristdemokraterna.se\\\/varmdo\\\/bjuder-till-seminarium\\\/\"]}]},{\"@type\":\"BreadcrumbList\",\"@id\":\"https:\\\/\\\/wp.kristdemokraterna.se\\\/varmdo\\\/bjuder-till-seminarium\\\/#breadcrumb\",\"itemListElement\":[{\"@type\":\"ListItem\",\"position\":1,\"name\":\"Hem\",\"item\":\"https:\\\/\\\/wp.kristdemokraterna.se\\\/varmdo\\\/\"},{\"@type\":\"ListItem\",\"position\":2,\"name\":\"Seminarium: Stadsplanering, handel, arkitektur- vad borde och vad kan politiken ta f\u00f6r initiativ?&#8230;och vad borde den inte g\u00f6ra?\"}]},{\"@type\":\"WebSite\",\"@id\":\"https:\\\/\\\/wp.kristdemokraterna.se\\\/varmdo\\\/#website\",\"url\":\"https:\\\/\\\/wp.kristdemokraterna.se\\\/varmdo\\\/\",\"name\":\"Kristdemokraterna i V\u00e4rmd\u00f6\",\"description\":\"En till Kristdemokraterna webbplats\",\"inLanguage\":\"sv-SE\"},{\"@type\":\"Person\",\"@id\":\"https:\\\/\\\/wp.kristdemokraterna.se\\\/varmdo\\\/#\\\/schema\\\/person\\\/5d91fdc9241ce697cd2d61884eaa3629\",\"name\":\"varmdo2\",\"image\":{\"@type\":\"ImageObject\",\"inLanguage\":\"sv-SE\",\"@id\":\"https:\\\/\\\/secure.gravatar.com\\\/avatar\\\/1bafbd8e305be4e2283d46a8fff54cb985609dc6aa7d411732b0aa27164930c7?s=96&d=mm&r=g\",\"url\":\"https:\\\/\\\/secure.gravatar.com\\\/avatar\\\/1bafbd8e305be4e2283d46a8fff54cb985609dc6aa7d411732b0aa27164930c7?s=96&d=mm&r=g\",\"contentUrl\":\"https:\\\/\\\/secure.gravatar.com\\\/avatar\\\/1bafbd8e305be4e2283d46a8fff54cb985609dc6aa7d411732b0aa27164930c7?s=96&d=mm&r=g\",\"caption\":\"varmdo2\"},\"url\":\"https:\\\/\\\/wp.kristdemokraterna.se\\\/varmdo\\\/author\\\/varmdo2\\\/\"}]}<\/script>\n<!-- \/ Yoast SEO plugin. -->","yoast_head_json":{"title":"Seminarium: Stadsplanering, handel, arkitektur- vad borde och vad kan politiken ta f\u00f6r initiativ?...och vad borde den inte g\u00f6ra? - Kristdemokraterna i V\u00e4rmd\u00f6","robots":{"index":"index","follow":"follow","max-snippet":"max-snippet:-1","max-image-preview":"max-image-preview:large","max-video-preview":"max-video-preview:-1"},"canonical":"https:\/\/wp.kristdemokraterna.se\/varmdo\/bjuder-till-seminarium\/","og_locale":"sv_SE","og_type":"article","og_title":"Seminarium: Stadsplanering, handel, arkitektur- vad borde och vad kan politiken ta f\u00f6r initiativ?...och vad borde den inte g\u00f6ra? - Kristdemokraterna i V\u00e4rmd\u00f6","og_description":"V\u00e4lkommen till en kv\u00e4ll d\u00e4r vi diskuterar arkitektur, stadsplanering och moderna tr\u00e4dg\u00e5rdsst\u00e4der. M\u00e5nga tycker att det som byggs i dag saknar variation, allt ser likadant ut. P\u00e5 Facebook v\u00e4xer Arkitektupproret och har i dag \u00f6ver 30 000 f\u00f6ljare. Hur bygger vi levande st\u00e4der och planerar f\u00f6r attraktiva bostadsomr\u00e5den? Vad var det de gjorde r\u00e4tt n\u00e4r Read More","og_url":"https:\/\/wp.kristdemokraterna.se\/varmdo\/bjuder-till-seminarium\/","og_site_name":"Kristdemokraterna i V\u00e4rmd\u00f6","article_published_time":"2018-03-20T08:05:02+00:00","article_modified_time":"2022-04-14T16:10:17+00:00","author":"varmdo2","twitter_card":"summary_large_image","twitter_misc":{"Skriven av":"varmdo2","Ber\u00e4knad l\u00e4stid":"1 minut"},"schema":{"@context":"https:\/\/schema.org","@graph":[{"@type":"Article","@id":"https:\/\/wp.kristdemokraterna.se\/varmdo\/bjuder-till-seminarium\/#article","isPartOf":{"@id":"https:\/\/wp.kristdemokraterna.se\/varmdo\/bjuder-till-seminarium\/"},"author":{"name":"varmdo2","@id":"https:\/\/wp.kristdemokraterna.se\/varmdo\/#\/schema\/person\/5d91fdc9241ce697cd2d61884eaa3629"},"headline":"Seminarium: Stadsplanering, handel, arkitektur- vad borde och vad kan politiken ta f\u00f6r initiativ?&#8230;och vad borde den inte g\u00f6ra?","datePublished":"2018-03-20T08:05:02+00:00","dateModified":"2022-04-14T16:10:17+00:00","mainEntityOfPage":{"@id":"https:\/\/wp.kristdemokraterna.se\/varmdo\/bjuder-till-seminarium\/"},"wordCount":302,"articleSection":["Arkiv"],"inLanguage":"sv-SE"},{"@type":"WebPage","@id":"https:\/\/wp.kristdemokraterna.se\/varmdo\/bjuder-till-seminarium\/","url":"https:\/\/wp.kristdemokraterna.se\/varmdo\/bjuder-till-seminarium\/","name":"Seminarium: Stadsplanering, handel, arkitektur- vad borde och vad kan politiken ta f\u00f6r initiativ?...och vad borde den inte g\u00f6ra? - Kristdemokraterna i V\u00e4rmd\u00f6","isPartOf":{"@id":"https:\/\/wp.kristdemokraterna.se\/varmdo\/#website"},"datePublished":"2018-03-20T08:05:02+00:00","dateModified":"2022-04-14T16:10:17+00:00","author":{"@id":"https:\/\/wp.kristdemokraterna.se\/varmdo\/#\/schema\/person\/5d91fdc9241ce697cd2d61884eaa3629"},"breadcrumb":{"@id":"https:\/\/wp.kristdemokraterna.se\/varmdo\/bjuder-till-seminarium\/#breadcrumb"},"inLanguage":"sv-SE","potentialAction":[{"@type":"ReadAction","target":["https:\/\/wp.kristdemokraterna.se\/varmdo\/bjuder-till-seminarium\/"]}]},{"@type":"BreadcrumbList","@id":"https:\/\/wp.kristdemokraterna.se\/varmdo\/bjuder-till-seminarium\/#breadcrumb","itemListElement":[{"@type":"ListItem","position":1,"name":"Hem","item":"https:\/\/wp.kristdemokraterna.se\/varmdo\/"},{"@type":"ListItem","position":2,"name":"Seminarium: Stadsplanering, handel, arkitektur- vad borde och vad kan politiken ta f\u00f6r initiativ?&#8230;och vad borde den inte g\u00f6ra?"}]},{"@type":"WebSite","@id":"https:\/\/wp.kristdemokraterna.se\/varmdo\/#website","url":"https:\/\/wp.kristdemokraterna.se\/varmdo\/","name":"Kristdemokraterna i V\u00e4rmd\u00f6","description":"En till Kristdemokraterna webbplats","inLanguage":"sv-SE"},{"@type":"Person","@id":"https:\/\/wp.kristdemokraterna.se\/varmdo\/#\/schema\/person\/5d91fdc9241ce697cd2d61884eaa3629","name":"varmdo2","image":{"@type":"ImageObject","inLanguage":"sv-SE","@id":"https:\/\/secure.gravatar.com\/avatar\/1bafbd8e305be4e2283d46a8fff54cb985609dc6aa7d411732b0aa27164930c7?s=96&d=mm&r=g","url":"https:\/\/secure.gravatar.com\/avatar\/1bafbd8e305be4e2283d46a8fff54cb985609dc6aa7d411732b0aa27164930c7?s=96&d=mm&r=g","contentUrl":"https:\/\/secure.gravatar.com\/avatar\/1bafbd8e305be4e2283d46a8fff54cb985609dc6aa7d411732b0aa27164930c7?s=96&d=mm&r=g","caption":"varmdo2"},"url":"https:\/\/wp.kristdemokraterna.se\/varmdo\/author\/varmdo2\/"}]}},"_links":{"self":[{"href":"https:\/\/wp.kristdemokraterna.se\/varmdo\/wp-json\/wp\/v2\/posts\/540","targetHints":{"allow":["GET"]}}],"collection":[{"href":"https:\/\/wp.kristdemokraterna.se\/varmdo\/wp-json\/wp\/v2\/posts"}],"about":[{"href":"https:\/\/wp.kristdemokraterna.se\/varmdo\/wp-json\/wp\/v2\/types\/post"}],"author":[{"embeddable":true,"href":"https:\/\/wp.kristdemokraterna.se\/varmdo\/wp-json\/wp\/v2\/users\/771"}],"replies":[{"embeddable":true,"href":"https:\/\/wp.kristdemokraterna.se\/varmdo\/wp-json\/wp\/v2\/comments?post=540"}],"version-history":[{"count":11,"href":"https:\/\/wp.kristdemokraterna.se\/varmdo\/wp-json\/wp\/v2\/posts\/540\/revisions"}],"predecessor-version":[{"id":576,"href":"https:\/\/wp.kristdemokraterna.se\/varmdo\/wp-json\/wp\/v2\/posts\/540\/revisions\/576"}],"wp:attachment":[{"href":"https:\/\/wp.kristdemokraterna.se\/varmdo\/wp-json\/wp\/v2\/media?parent=540"}],"wp:term":[{"taxonomy":"category","embeddable":true,"href":"https:\/\/wp.kristdemokraterna.se\/varmdo\/wp-json\/wp\/v2\/categories?post=540"},{"taxonomy":"post_tag","embeddable":true,"href":"https:\/\/wp.kristdemokraterna.se\/varmdo\/wp-json\/wp\/v2\/tags?post=540"}],"curies":[{"name":"wp","href":"https:\/\/api.w.org\/{rel}","templated":true}]}}